{"id":423,"date":"2011-12-22T21:44:00","date_gmt":"2011-12-22T21:44:00","guid":{"rendered":"https:\/\/blogsaverroes.juntadeandalucia.es\/eicruzdejuarez\/2011\/12\/22\/"},"modified":"2011-12-22T21:44:00","modified_gmt":"2011-12-22T21:44:00","slug":"423","status":"publish","type":"post","link":"https:\/\/blogsaverroes.juntadeandalucia.es\/eicruzdejuarez\/2011\/12\/22\/423\/","title":{"rendered":""},"content":{"rendered":"<div style=\"text-align: center\"><u>CONCIERTO DE NAVIDAD<\/u><\/div>\n<div style=\"text-align: justify\"><u><br \/><\/u><\/div>\n<div style=\"text-align: justify\">HOY TODOS\/AS LOS\/LAS NI\u00d1OS\/AS DEL COLE HEMOS DISFRUTADO DE UN CONCIERTO DE VILLANCICOS CANTADOS POR DOS MAM\u00c1S DEL COLE ACOMPA\u00d1ADAS POR UNA PIANISTA. ADEMAS DE CANTAR ELLAS&nbsp;TAMBI\u00c9N&nbsp;LAS HEMOS ACOMPA\u00d1ADO&nbsp;NOSOTROS\/AS.<\/div>\n<div style=\"text-align: justify\"><\/div>\n<p><embed type=\"application\/x-shockwave-flash\" src=\"https:\/\/picasaweb.google.com\/s\/c\/bin\/slideshow.swf\" width=\"600\" height=\"400\" flashvars=\"host=picasaweb.google.com&amp;hl=es&amp;feat=flashalbum&amp;RGB=0x000000&amp;feed=https%3A%2F%2Fpicasaweb.google.com%2Fdata%2Ffeed%2Fapi%2Fuser%2Fcolegiocj1%2Falbumid%2F5689071478408674097%3Falt%3Drss%26kind%3Dphoto%26authkey%3DGv1sRgCLjbuPLYxPimZg%26hl%3Des\" pluginspage=\"http:\/\/www.macromedia.com\/go\/getflashplayer\"><\/embed><\/p>\n","protected":false},"excerpt":{"rendered":"<p>CONCIERTO DE NAVIDAD HOY TODOS\/AS LOS\/LAS NI\u00d1OS\/AS DEL COLE HEMOS DISFRUTADO DE UN CONCIERTO DE VILLANCICOS CANTADOS POR DOS MAM\u00c1S DEL COLE ACOMPA\u00d1ADAS POR UNA PIANISTA. ADEMAS DE CANTAR ELLAS&nbsp;TAMBI\u00c9N&nbsp;LAS HEMOS ACOMPA\u00d1ADO&nbsp;NOSOTROS\/AS.<\/p>\n","protected":false},"author":1,"featured_media":0,"comment_status":"open","ping_status":"open","sticky":false,"template":"","format":"standard","meta":{"ngg_post_thumbnail":0,"footnotes":""},"categories":[11909],"tags":[],"aioseo_notices":[],"_links":{"self":[{"href":"https:\/\/blogsaverroes.juntadeandalucia.es\/eicruzdejuarez\/wp-json\/wp\/v2\/posts\/423"}],"collection":[{"href":"https:\/\/blogsaverroes.juntadeandalucia.es\/eicruzdejuarez\/wp-json\/wp\/v2\/posts"}],"about":[{"href":"https:\/\/blogsaverroes.juntadeandalucia.es\/eicruzdejuarez\/wp-json\/wp\/v2\/types\/post"}],"author":[{"embeddable":true,"href":"https:\/\/blogsaverroes.juntadeandalucia.es\/eicruzdejuarez\/wp-json\/wp\/v2\/users\/1"}],"replies":[{"embeddable":true,"href":"https:\/\/blogsaverroes.juntadeandalucia.es\/eicruzdejuarez\/wp-json\/wp\/v2\/comments?post=423"}],"version-history":[{"count":0,"href":"https:\/\/blogsaverroes.juntadeandalucia.es\/eicruzdejuarez\/wp-json\/wp\/v2\/posts\/423\/revisions"}],"wp:attachment":[{"href":"https:\/\/blogsaverroes.juntadeandalucia.es\/eicruzdejuarez\/wp-json\/wp\/v2\/media?parent=423"}],"wp:term":[{"taxonomy":"category","embeddable":true,"href":"https:\/\/blogsaverroes.juntadeandalucia.es\/eicruzdejuarez\/wp-json\/wp\/v2\/categories?post=423"},{"taxonomy":"post_tag","embeddable":true,"href":"https:\/\/blogsaverroes.juntadeandalucia.es\/eicruzdejuarez\/wp-json\/wp\/v2\/tags?post=423"}],"curies":[{"name":"wp","href":"https:\/\/api.w.org\/{rel}","templated":true}]}}