{"id":690,"date":"2019-04-11T17:06:00","date_gmt":"2019-04-11T17:06:00","guid":{"rendered":""},"modified":"2019-05-22T09:05:33","modified_gmt":"2019-05-22T09:05:33","slug":"690","status":"publish","type":"post","link":"https:\/\/blogsaverroes.juntadeandalucia.es\/eicruzdejuarez\/2019\/04\/11\/690\/","title":{"rendered":"Aventura en el espacio"},"content":{"rendered":"<div style=\"text-align: justify\"><span lang=\"ES-TRAD\" style=\"font-family: comic sans ms,sans-serif\">Los alumnos y alumnas de 5 a\u00f1os A han terminado una Unidad Did\u00e1ctica a la que hemos llamado \u201cAventura en el espacio.\u201d<\/span><\/div>\n<div style=\"text-align: justify\"><span lang=\"ES-TRAD\" style=\"font-family: comic sans ms,sans-serif\">El Universo, el Sol, la Luna, los Planetas,&#8230; despiertan una gran fascinaci\u00f3n en todos los ni\u00f1os\/as de estas edades. \u00bfHay vida en otros planetas? \u00bfC\u00f3mo se la imaginan? Son algunos de los interrogantes que les hemos planteado.<\/span><\/div>\n<p><!--more--><\/p>\n<div style=\"text-align: justify\"><span lang=\"ES-TRAD\" style=\"font-family: comic sans ms,sans-serif\">Con este peque\u00f1o proyecto pretendemos desarrollar su imaginaci\u00f3n y proponerles situaciones nuevas de aprendizaje, as\u00ed como estimular la curiosidad por realidades, para ellos y ellas, desconocidas hasta ahora. Hemos resaltado el papel de la mujer en la ciencia estudiando de forma paralela la vida de Jill Tarter, astr\u00f3noma ex-directora del Centro de investigaci\u00f3n SETI.<\/span><\/div>\n<div style=\"text-align: justify\"><span style=\"font-family: comic sans ms,sans-serif\">En este video ten\u00e9is un peque\u00f1o resumen de algunas de las actividades realizadas.<\/span><\/div>\n<div style=\"text-align: center\">&nbsp;<\/div>\n<div style=\"clear: both;text-align: center\"><iframe loading=\"lazy\" width=\"320\" height=\"266\" src=\"https:\/\/www.youtube.com\/embed\/b4nEHQka0pM?feature=player_embedded\" frameborder=\"0\"><\/iframe><\/div>\n<div style=\"text-align: center\">&nbsp;<\/div>\n","protected":false},"excerpt":{"rendered":"<p>Los alumnos y alumnas de 5 a\u00f1os A han terminado una Unidad Did\u00e1ctica a la que hemos llamado \u201cAventura en el espacio.\u201d El Universo, el Sol, la Luna, los Planetas,&#8230; despiertan una gran fascinaci\u00f3n en todos los ni\u00f1os\/as de estas edades. \u00bfHay vida en otros planetas? \u00bfC\u00f3mo se la imaginan? Son algunos de los interrogantes &hellip; <\/p>\n<p><a class=\"more-link btn\" href=\"https:\/\/blogsaverroes.juntadeandalucia.es\/eicruzdejuarez\/2019\/04\/11\/690\/\">Seguir leyendo<\/a><\/p>\n","protected":false},"author":7188,"featured_media":708,"comment_status":"open","ping_status":"open","sticky":false,"template":"","format":"standard","meta":{"ngg_post_thumbnail":0,"footnotes":""},"categories":[101],"tags":[],"aioseo_notices":[],"_links":{"self":[{"href":"https:\/\/blogsaverroes.juntadeandalucia.es\/eicruzdejuarez\/wp-json\/wp\/v2\/posts\/690"}],"collection":[{"href":"https:\/\/blogsaverroes.juntadeandalucia.es\/eicruzdejuarez\/wp-json\/wp\/v2\/posts"}],"about":[{"href":"https:\/\/blogsaverroes.juntadeandalucia.es\/eicruzdejuarez\/wp-json\/wp\/v2\/types\/post"}],"author":[{"embeddable":true,"href":"https:\/\/blogsaverroes.juntadeandalucia.es\/eicruzdejuarez\/wp-json\/wp\/v2\/users\/7188"}],"replies":[{"embeddable":true,"href":"https:\/\/blogsaverroes.juntadeandalucia.es\/eicruzdejuarez\/wp-json\/wp\/v2\/comments?post=690"}],"version-history":[{"count":4,"href":"https:\/\/blogsaverroes.juntadeandalucia.es\/eicruzdejuarez\/wp-json\/wp\/v2\/posts\/690\/revisions"}],"predecessor-version":[{"id":698,"href":"https:\/\/blogsaverroes.juntadeandalucia.es\/eicruzdejuarez\/wp-json\/wp\/v2\/posts\/690\/revisions\/698"}],"wp:featuredmedia":[{"embeddable":true,"href":"https:\/\/blogsaverroes.juntadeandalucia.es\/eicruzdejuarez\/wp-json\/wp\/v2\/media\/708"}],"wp:attachment":[{"href":"https:\/\/blogsaverroes.juntadeandalucia.es\/eicruzdejuarez\/wp-json\/wp\/v2\/media?parent=690"}],"wp:term":[{"taxonomy":"category","embeddable":true,"href":"https:\/\/blogsaverroes.juntadeandalucia.es\/eicruzdejuarez\/wp-json\/wp\/v2\/categories?post=690"},{"taxonomy":"post_tag","embeddable":true,"href":"https:\/\/blogsaverroes.juntadeandalucia.es\/eicruzdejuarez\/wp-json\/wp\/v2\/tags?post=690"}],"curies":[{"name":"wp","href":"https:\/\/api.w.org\/{rel}","templated":true}]}}