{"id":12606,"date":"2022-03-14T12:11:47","date_gmt":"2022-03-14T11:11:47","guid":{"rendered":"https:\/\/blogsaverroes.juntadeandalucia.es\/eielcastillo\/?p=12606"},"modified":"2022-03-14T17:41:22","modified_gmt":"2022-03-14T16:41:22","slug":"cuentacuentos-daniela-pirata","status":"publish","type":"post","link":"https:\/\/blogsaverroes.juntadeandalucia.es\/eielcastillo\/?p=12606","title":{"rendered":"Cuentacuentos, DANIELA PIRATA"},"content":{"rendered":"<p style=\"text-align: justify\"><a href=\"https:\/\/blogsaverroes.juntadeandalucia.es\/eielcastillo\/files\/2022\/03\/Imagen_post_DanielaPirata2022.jpg\"><img loading=\"lazy\" decoding=\"async\" class=\"wp-image-12610 alignleft\" src=\"https:\/\/blogsaverroes.juntadeandalucia.es\/eielcastillo\/files\/2022\/03\/Imagen_post_DanielaPirata2022-300x225.jpg\" alt=\"\" width=\"237\" height=\"178\" srcset=\"https:\/\/blogsaverroes.juntadeandalucia.es\/eielcastillo\/files\/2022\/03\/Imagen_post_DanielaPirata2022-300x225.jpg 300w, https:\/\/blogsaverroes.juntadeandalucia.es\/eielcastillo\/files\/2022\/03\/Imagen_post_DanielaPirata2022-1024x768.jpg 1024w, https:\/\/blogsaverroes.juntadeandalucia.es\/eielcastillo\/files\/2022\/03\/Imagen_post_DanielaPirata2022-768x576.jpg 768w, https:\/\/blogsaverroes.juntadeandalucia.es\/eielcastillo\/files\/2022\/03\/Imagen_post_DanielaPirata2022-1536x1152.jpg 1536w, https:\/\/blogsaverroes.juntadeandalucia.es\/eielcastillo\/files\/2022\/03\/Imagen_post_DanielaPirata2022.jpg 1600w\" sizes=\"(max-width: 237px) 100vw, 237px\" \/><\/a>Esta ma\u00f1ana se ha representado en el gimnasio del centro, en dos sesiones, el cuento DANIELA PIRATA, todo un cl\u00e1sico ya, que le encanta a nuestro alumnado y a trav\u00e9s del que se ensalzan valores como el de la IGUALDAD; est\u00e1 relacionado con el programa de Valores y Educaci\u00f3n Emocional&nbsp; (<a href=\"https:\/\/blogsaverroes.juntadeandalucia.es\/elcastilloigualdad\/\">ver en nuestro blog de Igualdad<\/a>). El cuento est\u00e1 disponible en nuestra biblioteca pero puede visualizarse p\u00e1gina a p\u00e1gina en nuestra plataforma moodle, visita el aula virtual que dedicamos a la biblioteca; es f\u00e1cil, entra en esta direcci\u00f3n:<\/p>\n<p style=\"text-align: justify\"><a href=\"https:\/\/educacionadistancia.juntadeandalucia.es\/centros\/jaen\">https:\/\/educacionadistancia.juntadeandalucia.es\/centros\/jaen<\/a><\/p>\n<p style=\"text-align: justify\">y escribe el usuario y contrase\u00f1a, si no lo recuerdas, ya sabes que cada vez que entres a Pasen te encontrar\u00e1s un mensaje que te los recuerda. Vamos, an\u00edmate y mejora tu competencia digital.<\/p>\n<p style=\"text-align: justify\"><strong><span style=\"color: #800000\">Os dejamos unas im\u00e1genes:<\/span><\/strong><\/p>\n<p><a href=\"https:\/\/blogsaverroes.juntadeandalucia.es\/eielcastillo\/files\/2022\/03\/Imagen_post_DanielaPirata2022.jpg\"><img loading=\"lazy\" decoding=\"async\" class=\"alignnone size-medium wp-image-12610\" src=\"https:\/\/blogsaverroes.juntadeandalucia.es\/eielcastillo\/files\/2022\/03\/Imagen_post_DanielaPirata2022-300x225.jpg\" alt=\"\" width=\"300\" height=\"225\" srcset=\"https:\/\/blogsaverroes.juntadeandalucia.es\/eielcastillo\/files\/2022\/03\/Imagen_post_DanielaPirata2022-300x225.jpg 300w, https:\/\/blogsaverroes.juntadeandalucia.es\/eielcastillo\/files\/2022\/03\/Imagen_post_DanielaPirata2022-1024x768.jpg 1024w, https:\/\/blogsaverroes.juntadeandalucia.es\/eielcastillo\/files\/2022\/03\/Imagen_post_DanielaPirata2022-768x576.jpg 768w, https:\/\/blogsaverroes.juntadeandalucia.es\/eielcastillo\/files\/2022\/03\/Imagen_post_DanielaPirata2022-1536x1152.jpg 1536w, https:\/\/blogsaverroes.juntadeandalucia.es\/eielcastillo\/files\/2022\/03\/Imagen_post_DanielaPirata2022.jpg 1600w\" sizes=\"(max-width: 300px) 100vw, 300px\" \/><\/a> <a href=\"https:\/\/blogsaverroes.juntadeandalucia.es\/eielcastillo\/files\/2022\/03\/Imagen_PAC21-22_mar_63.jpg\"><img loading=\"lazy\" decoding=\"async\" class=\"alignnone size-medium wp-image-12612\" src=\"https:\/\/blogsaverroes.juntadeandalucia.es\/eielcastillo\/files\/2022\/03\/Imagen_PAC21-22_mar_63-300x225.jpg\" alt=\"\" width=\"300\" height=\"225\" srcset=\"https:\/\/blogsaverroes.juntadeandalucia.es\/eielcastillo\/files\/2022\/03\/Imagen_PAC21-22_mar_63-300x225.jpg 300w, https:\/\/blogsaverroes.juntadeandalucia.es\/eielcastillo\/files\/2022\/03\/Imagen_PAC21-22_mar_63-768x576.jpg 768w, https:\/\/blogsaverroes.juntadeandalucia.es\/eielcastillo\/files\/2022\/03\/Imagen_PAC21-22_mar_63.jpg 962w\" sizes=\"(max-width: 300px) 100vw, 300px\" \/><\/a> <a href=\"https:\/\/blogsaverroes.juntadeandalucia.es\/eielcastillo\/files\/2022\/03\/Imagen_PAC21-22_mar_64.jpg\"><img loading=\"lazy\" decoding=\"async\" class=\"alignnone size-medium wp-image-12613\" src=\"https:\/\/blogsaverroes.juntadeandalucia.es\/eielcastillo\/files\/2022\/03\/Imagen_PAC21-22_mar_64-300x225.jpg\" alt=\"\" width=\"300\" height=\"225\" srcset=\"https:\/\/blogsaverroes.juntadeandalucia.es\/eielcastillo\/files\/2022\/03\/Imagen_PAC21-22_mar_64-300x225.jpg 300w, https:\/\/blogsaverroes.juntadeandalucia.es\/eielcastillo\/files\/2022\/03\/Imagen_PAC21-22_mar_64-768x576.jpg 768w, https:\/\/blogsaverroes.juntadeandalucia.es\/eielcastillo\/files\/2022\/03\/Imagen_PAC21-22_mar_64.jpg 932w\" sizes=\"(max-width: 300px) 100vw, 300px\" \/><\/a> <a href=\"https:\/\/blogsaverroes.juntadeandalucia.es\/eielcastillo\/files\/2022\/03\/Imagen_PAC21-22_mar_65.jpg\"><img loading=\"lazy\" decoding=\"async\" class=\"alignnone size-medium wp-image-12614\" src=\"https:\/\/blogsaverroes.juntadeandalucia.es\/eielcastillo\/files\/2022\/03\/Imagen_PAC21-22_mar_65-300x225.jpg\" alt=\"\" width=\"300\" height=\"225\" srcset=\"https:\/\/blogsaverroes.juntadeandalucia.es\/eielcastillo\/files\/2022\/03\/Imagen_PAC21-22_mar_65-300x225.jpg 300w, https:\/\/blogsaverroes.juntadeandalucia.es\/eielcastillo\/files\/2022\/03\/Imagen_PAC21-22_mar_65-768x576.jpg 768w, https:\/\/blogsaverroes.juntadeandalucia.es\/eielcastillo\/files\/2022\/03\/Imagen_PAC21-22_mar_65.jpg 938w\" sizes=\"(max-width: 300px) 100vw, 300px\" \/><\/a> <a href=\"https:\/\/blogsaverroes.juntadeandalucia.es\/eielcastillo\/files\/2022\/03\/Imagen_PAC21-22_mar_66.jpg\"><img loading=\"lazy\" decoding=\"async\" class=\"alignnone size-medium wp-image-12615\" src=\"https:\/\/blogsaverroes.juntadeandalucia.es\/eielcastillo\/files\/2022\/03\/Imagen_PAC21-22_mar_66-300x225.jpg\" alt=\"\" width=\"300\" height=\"225\" srcset=\"https:\/\/blogsaverroes.juntadeandalucia.es\/eielcastillo\/files\/2022\/03\/Imagen_PAC21-22_mar_66-300x225.jpg 300w, https:\/\/blogsaverroes.juntadeandalucia.es\/eielcastillo\/files\/2022\/03\/Imagen_PAC21-22_mar_66-768x576.jpg 768w, https:\/\/blogsaverroes.juntadeandalucia.es\/eielcastillo\/files\/2022\/03\/Imagen_PAC21-22_mar_66.jpg 922w\" sizes=\"(max-width: 300px) 100vw, 300px\" \/><\/a> <a href=\"https:\/\/blogsaverroes.juntadeandalucia.es\/eielcastillo\/files\/2022\/03\/Imagen_PAC21-22_mar_67.jpg\"><img loading=\"lazy\" decoding=\"async\" class=\"alignnone size-medium wp-image-12616\" src=\"https:\/\/blogsaverroes.juntadeandalucia.es\/eielcastillo\/files\/2022\/03\/Imagen_PAC21-22_mar_67-300x225.jpg\" alt=\"\" width=\"300\" height=\"225\" srcset=\"https:\/\/blogsaverroes.juntadeandalucia.es\/eielcastillo\/files\/2022\/03\/Imagen_PAC21-22_mar_67-300x225.jpg 300w, https:\/\/blogsaverroes.juntadeandalucia.es\/eielcastillo\/files\/2022\/03\/Imagen_PAC21-22_mar_67-1024x768.jpg 1024w, https:\/\/blogsaverroes.juntadeandalucia.es\/eielcastillo\/files\/2022\/03\/Imagen_PAC21-22_mar_67-768x576.jpg 768w, https:\/\/blogsaverroes.juntadeandalucia.es\/eielcastillo\/files\/2022\/03\/Imagen_PAC21-22_mar_67.jpg 1086w\" sizes=\"(max-width: 300px) 100vw, 300px\" \/><\/a> <a href=\"https:\/\/blogsaverroes.juntadeandalucia.es\/eielcastillo\/files\/2022\/03\/Imagen_PAC21-22_mar_68.jpg\"><img loading=\"lazy\" decoding=\"async\" class=\"alignnone size-medium wp-image-12617\" src=\"https:\/\/blogsaverroes.juntadeandalucia.es\/eielcastillo\/files\/2022\/03\/Imagen_PAC21-22_mar_68-300x225.jpg\" alt=\"\" width=\"300\" height=\"225\" srcset=\"https:\/\/blogsaverroes.juntadeandalucia.es\/eielcastillo\/files\/2022\/03\/Imagen_PAC21-22_mar_68-300x225.jpg 300w, https:\/\/blogsaverroes.juntadeandalucia.es\/eielcastillo\/files\/2022\/03\/Imagen_PAC21-22_mar_68-1024x769.jpg 1024w, https:\/\/blogsaverroes.juntadeandalucia.es\/eielcastillo\/files\/2022\/03\/Imagen_PAC21-22_mar_68-768x577.jpg 768w, https:\/\/blogsaverroes.juntadeandalucia.es\/eielcastillo\/files\/2022\/03\/Imagen_PAC21-22_mar_68.jpg 1032w\" sizes=\"(max-width: 300px) 100vw, 300px\" \/><\/a> <a href=\"https:\/\/blogsaverroes.juntadeandalucia.es\/eielcastillo\/files\/2022\/03\/Imagen_PAC21-22_mar_62.jpg\"><img loading=\"lazy\" decoding=\"async\" class=\"alignnone size-medium wp-image-12620\" src=\"https:\/\/blogsaverroes.juntadeandalucia.es\/eielcastillo\/files\/2022\/03\/Imagen_PAC21-22_mar_62-300x225.jpg\" alt=\"\" width=\"300\" height=\"225\" srcset=\"https:\/\/blogsaverroes.juntadeandalucia.es\/eielcastillo\/files\/2022\/03\/Imagen_PAC21-22_mar_62-300x225.jpg 300w, https:\/\/blogsaverroes.juntadeandalucia.es\/eielcastillo\/files\/2022\/03\/Imagen_PAC21-22_mar_62-1024x768.jpg 1024w, https:\/\/blogsaverroes.juntadeandalucia.es\/eielcastillo\/files\/2022\/03\/Imagen_PAC21-22_mar_62-768x576.jpg 768w, https:\/\/blogsaverroes.juntadeandalucia.es\/eielcastillo\/files\/2022\/03\/Imagen_PAC21-22_mar_62.jpg 1124w\" sizes=\"(max-width: 300px) 100vw, 300px\" \/><\/a><\/p>\n<p style=\"text-align: justify\"><strong><span style=\"color: #800000\">Y ahora un video del cuentacuentos:<\/span><\/strong><\/p>\n<p>[youtube https:\/\/www.youtube.com\/watch?v=wXwxwfdwBXo]&nbsp;<\/p>\n<p>&nbsp;<\/p>\n","protected":false},"excerpt":{"rendered":"<p>Esta ma\u00f1ana se ha representado en el gimnasio del centro, en dos sesiones, el cuento DANIELA PIRATA, todo un cl\u00e1sico ya, que le encanta a&hellip;<\/p>\n","protected":false},"author":3249,"featured_media":0,"comment_status":"closed","ping_status":"closed","sticky":false,"template":"","format":"standard","meta":{"ngg_post_thumbnail":0,"footnotes":""},"categories":[926],"tags":[],"aioseo_notices":[],"_links":{"self":[{"href":"https:\/\/blogsaverroes.juntadeandalucia.es\/eielcastillo\/index.php?rest_route=\/wp\/v2\/posts\/12606"}],"collection":[{"href":"https:\/\/blogsaverroes.juntadeandalucia.es\/eielcastillo\/index.php?rest_route=\/wp\/v2\/posts"}],"about":[{"href":"https:\/\/blogsaverroes.juntadeandalucia.es\/eielcastillo\/index.php?rest_route=\/wp\/v2\/types\/post"}],"author":[{"embeddable":true,"href":"https:\/\/blogsaverroes.juntadeandalucia.es\/eielcastillo\/index.php?rest_route=\/wp\/v2\/users\/3249"}],"replies":[{"embeddable":true,"href":"https:\/\/blogsaverroes.juntadeandalucia.es\/eielcastillo\/index.php?rest_route=%2Fwp%2Fv2%2Fcomments&post=12606"}],"version-history":[{"count":6,"href":"https:\/\/blogsaverroes.juntadeandalucia.es\/eielcastillo\/index.php?rest_route=\/wp\/v2\/posts\/12606\/revisions"}],"predecessor-version":[{"id":12623,"href":"https:\/\/blogsaverroes.juntadeandalucia.es\/eielcastillo\/index.php?rest_route=\/wp\/v2\/posts\/12606\/revisions\/12623"}],"wp:attachment":[{"href":"https:\/\/blogsaverroes.juntadeandalucia.es\/eielcastillo\/index.php?rest_route=%2Fwp%2Fv2%2Fmedia&parent=12606"}],"wp:term":[{"taxonomy":"category","embeddable":true,"href":"https:\/\/blogsaverroes.juntadeandalucia.es\/eielcastillo\/index.php?rest_route=%2Fwp%2Fv2%2Fcategories&post=12606"},{"taxonomy":"post_tag","embeddable":true,"href":"https:\/\/blogsaverroes.juntadeandalucia.es\/eielcastillo\/index.php?rest_route=%2Fwp%2Fv2%2Ftags&post=12606"}],"curies":[{"name":"wp","href":"https:\/\/api.w.org\/{rel}","templated":true}]}}