{"id":13768,"date":"2022-10-07T17:56:16","date_gmt":"2022-10-07T16:56:16","guid":{"rendered":"https:\/\/blogsaverroes.juntadeandalucia.es\/eielcastillo\/?p=13768"},"modified":"2022-10-07T17:56:16","modified_gmt":"2022-10-07T16:56:16","slug":"recreadores_batalla-de-bailen","status":"publish","type":"post","link":"https:\/\/blogsaverroes.juntadeandalucia.es\/eielcastillo\/?p=13768","title":{"rendered":"Recreadores_BATALLA DE BAILEN"},"content":{"rendered":"<p style=\"text-align: justify\">&nbsp; <a href=\"https:\/\/blogsaverroes.juntadeandalucia.es\/eielcastillo\/files\/2022\/09\/Imagen_Cartel-Recreaci\u00f3nBatalla2022.jpg\"><img loading=\"lazy\" decoding=\"async\" class=\"wp-image-13657 alignleft\" src=\"https:\/\/blogsaverroes.juntadeandalucia.es\/eielcastillo\/files\/2022\/09\/Imagen_Cartel-Recreaci\u00f3nBatalla2022-300x217.jpg\" alt=\"\" width=\"142\" height=\"103\" srcset=\"https:\/\/blogsaverroes.juntadeandalucia.es\/eielcastillo\/files\/2022\/09\/Imagen_Cartel-Recreaci\u00f3nBatalla2022-300x217.jpg 300w, https:\/\/blogsaverroes.juntadeandalucia.es\/eielcastillo\/files\/2022\/09\/Imagen_Cartel-Recreaci\u00f3nBatalla2022-768x556.jpg 768w, https:\/\/blogsaverroes.juntadeandalucia.es\/eielcastillo\/files\/2022\/09\/Imagen_Cartel-Recreaci\u00f3nBatalla2022.jpg 885w\" sizes=\"(max-width: 142px) 100vw, 142px\" \/><\/a><span style=\"color: #0000ff\"><strong> T<\/strong><\/span>al y como ten\u00edamos previsto, ayer jueves d\u00eda 6 de octubre, pr\u00f3xima la recreaci\u00f3n de la Batalla de Bail\u00e9n en nuestra localidad, nuestro alumnado recibi\u00f3 la visita de un peque\u00f1o grupo de recreadores que les acercaron a trav\u00e9s de un cuentacuentos a&nbsp; la historia de la Batalla de Bail\u00e9n.<\/p>\n<p>Los recibimos en el gimnasio de nuestro centro, as\u00ed lo vimos.<\/p>\n<p><a href=\"https:\/\/blogsaverroes.juntadeandalucia.es\/eielcastillo\/files\/2022\/10\/PAC_2022-23_oct_01.jpeg\"><img loading=\"lazy\" decoding=\"async\" class=\"alignnone size-medium wp-image-13689\" src=\"https:\/\/blogsaverroes.juntadeandalucia.es\/eielcastillo\/files\/2022\/10\/PAC_2022-23_oct_01-300x138.jpeg\" alt=\"\" width=\"300\" height=\"138\" srcset=\"https:\/\/blogsaverroes.juntadeandalucia.es\/eielcastillo\/files\/2022\/10\/PAC_2022-23_oct_01-300x138.jpeg 300w, https:\/\/blogsaverroes.juntadeandalucia.es\/eielcastillo\/files\/2022\/10\/PAC_2022-23_oct_01-1024x472.jpeg 1024w, https:\/\/blogsaverroes.juntadeandalucia.es\/eielcastillo\/files\/2022\/10\/PAC_2022-23_oct_01-768x354.jpeg 768w, https:\/\/blogsaverroes.juntadeandalucia.es\/eielcastillo\/files\/2022\/10\/PAC_2022-23_oct_01-1536x708.jpeg 1536w, https:\/\/blogsaverroes.juntadeandalucia.es\/eielcastillo\/files\/2022\/10\/PAC_2022-23_oct_01.jpeg 2000w\" sizes=\"(max-width: 300px) 100vw, 300px\" \/><\/a> <a href=\"https:\/\/blogsaverroes.juntadeandalucia.es\/eielcastillo\/files\/2022\/10\/PAC_2022-23_oct_02.jpeg\"><img loading=\"lazy\" decoding=\"async\" class=\"alignnone size-medium wp-image-13690\" src=\"https:\/\/blogsaverroes.juntadeandalucia.es\/eielcastillo\/files\/2022\/10\/PAC_2022-23_oct_02-300x138.jpeg\" alt=\"\" width=\"300\" height=\"138\" srcset=\"https:\/\/blogsaverroes.juntadeandalucia.es\/eielcastillo\/files\/2022\/10\/PAC_2022-23_oct_02-300x138.jpeg 300w, https:\/\/blogsaverroes.juntadeandalucia.es\/eielcastillo\/files\/2022\/10\/PAC_2022-23_oct_02-1024x472.jpeg 1024w, https:\/\/blogsaverroes.juntadeandalucia.es\/eielcastillo\/files\/2022\/10\/PAC_2022-23_oct_02-768x354.jpeg 768w, https:\/\/blogsaverroes.juntadeandalucia.es\/eielcastillo\/files\/2022\/10\/PAC_2022-23_oct_02-1536x708.jpeg 1536w, https:\/\/blogsaverroes.juntadeandalucia.es\/eielcastillo\/files\/2022\/10\/PAC_2022-23_oct_02.jpeg 2000w\" sizes=\"(max-width: 300px) 100vw, 300px\" \/><\/a> <a href=\"https:\/\/blogsaverroes.juntadeandalucia.es\/eielcastillo\/files\/2022\/10\/PAC_2022-23_oct_03.jpeg\"><img loading=\"lazy\" decoding=\"async\" class=\"alignnone size-medium wp-image-13691\" src=\"https:\/\/blogsaverroes.juntadeandalucia.es\/eielcastillo\/files\/2022\/10\/PAC_2022-23_oct_03-300x170.jpeg\" alt=\"\" width=\"300\" height=\"170\" srcset=\"https:\/\/blogsaverroes.juntadeandalucia.es\/eielcastillo\/files\/2022\/10\/PAC_2022-23_oct_03-300x170.jpeg 300w, https:\/\/blogsaverroes.juntadeandalucia.es\/eielcastillo\/files\/2022\/10\/PAC_2022-23_oct_03-768x436.jpeg 768w, https:\/\/blogsaverroes.juntadeandalucia.es\/eielcastillo\/files\/2022\/10\/PAC_2022-23_oct_03.jpeg 1023w\" sizes=\"(max-width: 300px) 100vw, 300px\" \/><\/a> <a href=\"https:\/\/blogsaverroes.juntadeandalucia.es\/eielcastillo\/files\/2022\/10\/PAC_2022-23_oct_04.jpeg\"><img loading=\"lazy\" decoding=\"async\" class=\"alignnone size-medium wp-image-13692\" src=\"https:\/\/blogsaverroes.juntadeandalucia.es\/eielcastillo\/files\/2022\/10\/PAC_2022-23_oct_04-300x138.jpeg\" alt=\"\" width=\"300\" height=\"138\" srcset=\"https:\/\/blogsaverroes.juntadeandalucia.es\/eielcastillo\/files\/2022\/10\/PAC_2022-23_oct_04-300x138.jpeg 300w, https:\/\/blogsaverroes.juntadeandalucia.es\/eielcastillo\/files\/2022\/10\/PAC_2022-23_oct_04-1024x472.jpeg 1024w, https:\/\/blogsaverroes.juntadeandalucia.es\/eielcastillo\/files\/2022\/10\/PAC_2022-23_oct_04-768x354.jpeg 768w, https:\/\/blogsaverroes.juntadeandalucia.es\/eielcastillo\/files\/2022\/10\/PAC_2022-23_oct_04-1536x708.jpeg 1536w, https:\/\/blogsaverroes.juntadeandalucia.es\/eielcastillo\/files\/2022\/10\/PAC_2022-23_oct_04.jpeg 2000w\" sizes=\"(max-width: 300px) 100vw, 300px\" \/><\/a> <a href=\"https:\/\/blogsaverroes.juntadeandalucia.es\/eielcastillo\/files\/2022\/10\/PAC_2022-23_oct_05.jpeg\"><img loading=\"lazy\" decoding=\"async\" class=\"alignnone size-medium wp-image-13693\" src=\"https:\/\/blogsaverroes.juntadeandalucia.es\/eielcastillo\/files\/2022\/10\/PAC_2022-23_oct_05-300x138.jpeg\" alt=\"\" width=\"300\" height=\"138\" srcset=\"https:\/\/blogsaverroes.juntadeandalucia.es\/eielcastillo\/files\/2022\/10\/PAC_2022-23_oct_05-300x138.jpeg 300w, https:\/\/blogsaverroes.juntadeandalucia.es\/eielcastillo\/files\/2022\/10\/PAC_2022-23_oct_05-1024x472.jpeg 1024w, https:\/\/blogsaverroes.juntadeandalucia.es\/eielcastillo\/files\/2022\/10\/PAC_2022-23_oct_05-768x354.jpeg 768w, https:\/\/blogsaverroes.juntadeandalucia.es\/eielcastillo\/files\/2022\/10\/PAC_2022-23_oct_05-1536x708.jpeg 1536w, https:\/\/blogsaverroes.juntadeandalucia.es\/eielcastillo\/files\/2022\/10\/PAC_2022-23_oct_05.jpeg 2000w\" sizes=\"(max-width: 300px) 100vw, 300px\" \/><\/a> <a href=\"https:\/\/blogsaverroes.juntadeandalucia.es\/eielcastillo\/files\/2022\/10\/PAC_2022-23_oct_06.jpeg\"><img loading=\"lazy\" decoding=\"async\" class=\"alignnone size-medium wp-image-13694\" src=\"https:\/\/blogsaverroes.juntadeandalucia.es\/eielcastillo\/files\/2022\/10\/PAC_2022-23_oct_06-300x225.jpeg\" alt=\"\" width=\"300\" height=\"225\" srcset=\"https:\/\/blogsaverroes.juntadeandalucia.es\/eielcastillo\/files\/2022\/10\/PAC_2022-23_oct_06-300x225.jpeg 300w, https:\/\/blogsaverroes.juntadeandalucia.es\/eielcastillo\/files\/2022\/10\/PAC_2022-23_oct_06-768x576.jpeg 768w, https:\/\/blogsaverroes.juntadeandalucia.es\/eielcastillo\/files\/2022\/10\/PAC_2022-23_oct_06.jpeg 1024w\" sizes=\"(max-width: 300px) 100vw, 300px\" \/><\/a> <a href=\"https:\/\/blogsaverroes.juntadeandalucia.es\/eielcastillo\/files\/2022\/10\/PAC_2022-23_oct_07.jpeg\"><img loading=\"lazy\" decoding=\"async\" class=\"alignnone size-medium wp-image-13695\" src=\"https:\/\/blogsaverroes.juntadeandalucia.es\/eielcastillo\/files\/2022\/10\/PAC_2022-23_oct_07-300x226.jpeg\" alt=\"\" width=\"300\" height=\"226\" srcset=\"https:\/\/blogsaverroes.juntadeandalucia.es\/eielcastillo\/files\/2022\/10\/PAC_2022-23_oct_07-300x226.jpeg 300w, https:\/\/blogsaverroes.juntadeandalucia.es\/eielcastillo\/files\/2022\/10\/PAC_2022-23_oct_07-768x578.jpeg 768w, https:\/\/blogsaverroes.juntadeandalucia.es\/eielcastillo\/files\/2022\/10\/PAC_2022-23_oct_07.jpeg 1024w\" sizes=\"(max-width: 300px) 100vw, 300px\" \/><\/a> <a href=\"https:\/\/blogsaverroes.juntadeandalucia.es\/eielcastillo\/files\/2022\/10\/PAC_2022-23_oct_08.jpeg\"><img loading=\"lazy\" decoding=\"async\" class=\"alignnone size-medium wp-image-13696\" src=\"https:\/\/blogsaverroes.juntadeandalucia.es\/eielcastillo\/files\/2022\/10\/PAC_2022-23_oct_08-300x225.jpeg\" alt=\"\" width=\"300\" height=\"225\" srcset=\"https:\/\/blogsaverroes.juntadeandalucia.es\/eielcastillo\/files\/2022\/10\/PAC_2022-23_oct_08-300x225.jpeg 300w, https:\/\/blogsaverroes.juntadeandalucia.es\/eielcastillo\/files\/2022\/10\/PAC_2022-23_oct_08-1024x768.jpeg 1024w, https:\/\/blogsaverroes.juntadeandalucia.es\/eielcastillo\/files\/2022\/10\/PAC_2022-23_oct_08-768x576.jpeg 768w, https:\/\/blogsaverroes.juntadeandalucia.es\/eielcastillo\/files\/2022\/10\/PAC_2022-23_oct_08-1536x1152.jpeg 1536w, https:\/\/blogsaverroes.juntadeandalucia.es\/eielcastillo\/files\/2022\/10\/PAC_2022-23_oct_08.jpeg 2048w\" sizes=\"(max-width: 300px) 100vw, 300px\" \/><\/a> <a href=\"https:\/\/blogsaverroes.juntadeandalucia.es\/eielcastillo\/files\/2022\/10\/PAC_2022-23_oct_09.jpeg\"><img loading=\"lazy\" decoding=\"async\" class=\"alignnone size-medium wp-image-13697\" src=\"https:\/\/blogsaverroes.juntadeandalucia.es\/eielcastillo\/files\/2022\/10\/PAC_2022-23_oct_09-266x300.jpeg\" alt=\"\" width=\"266\" height=\"300\" srcset=\"https:\/\/blogsaverroes.juntadeandalucia.es\/eielcastillo\/files\/2022\/10\/PAC_2022-23_oct_09-266x300.jpeg 266w, https:\/\/blogsaverroes.juntadeandalucia.es\/eielcastillo\/files\/2022\/10\/PAC_2022-23_oct_09.jpeg 767w\" sizes=\"(max-width: 266px) 100vw, 266px\" \/><\/a> <a href=\"https:\/\/blogsaverroes.juntadeandalucia.es\/eielcastillo\/files\/2022\/10\/PAC_2022-23_oct_10.jpeg\"><img loading=\"lazy\" decoding=\"async\" class=\"alignnone size-medium wp-image-13698\" src=\"https:\/\/blogsaverroes.juntadeandalucia.es\/eielcastillo\/files\/2022\/10\/PAC_2022-23_oct_10-297x300.jpeg\" alt=\"\" width=\"297\" height=\"300\" srcset=\"https:\/\/blogsaverroes.juntadeandalucia.es\/eielcastillo\/files\/2022\/10\/PAC_2022-23_oct_10-297x300.jpeg 297w, https:\/\/blogsaverroes.juntadeandalucia.es\/eielcastillo\/files\/2022\/10\/PAC_2022-23_oct_10.jpeg 768w\" sizes=\"(max-width: 297px) 100vw, 297px\" \/><\/a> <a href=\"https:\/\/blogsaverroes.juntadeandalucia.es\/eielcastillo\/files\/2022\/10\/PAC_2022-23_oct_11.jpeg\"><img loading=\"lazy\" decoding=\"async\" class=\"alignnone size-medium wp-image-13699\" src=\"https:\/\/blogsaverroes.juntadeandalucia.es\/eielcastillo\/files\/2022\/10\/PAC_2022-23_oct_11-300x186.jpeg\" alt=\"\" width=\"300\" height=\"186\" srcset=\"https:\/\/blogsaverroes.juntadeandalucia.es\/eielcastillo\/files\/2022\/10\/PAC_2022-23_oct_11-300x186.jpeg 300w, https:\/\/blogsaverroes.juntadeandalucia.es\/eielcastillo\/files\/2022\/10\/PAC_2022-23_oct_11-768x477.jpeg 768w, https:\/\/blogsaverroes.juntadeandalucia.es\/eielcastillo\/files\/2022\/10\/PAC_2022-23_oct_11.jpeg 1022w\" sizes=\"(max-width: 300px) 100vw, 300px\" \/><\/a> <a href=\"https:\/\/blogsaverroes.juntadeandalucia.es\/eielcastillo\/files\/2022\/10\/PAC_2022-23_oct_12.jpeg\"><img loading=\"lazy\" decoding=\"async\" class=\"alignnone size-medium wp-image-13700\" src=\"https:\/\/blogsaverroes.juntadeandalucia.es\/eielcastillo\/files\/2022\/10\/PAC_2022-23_oct_12-300x224.jpeg\" alt=\"\" width=\"300\" height=\"224\" srcset=\"https:\/\/blogsaverroes.juntadeandalucia.es\/eielcastillo\/files\/2022\/10\/PAC_2022-23_oct_12-300x224.jpeg 300w, https:\/\/blogsaverroes.juntadeandalucia.es\/eielcastillo\/files\/2022\/10\/PAC_2022-23_oct_12-1024x766.jpeg 1024w, https:\/\/blogsaverroes.juntadeandalucia.es\/eielcastillo\/files\/2022\/10\/PAC_2022-23_oct_12-768x574.jpeg 768w, https:\/\/blogsaverroes.juntadeandalucia.es\/eielcastillo\/files\/2022\/10\/PAC_2022-23_oct_12-1536x1149.jpeg 1536w, https:\/\/blogsaverroes.juntadeandalucia.es\/eielcastillo\/files\/2022\/10\/PAC_2022-23_oct_12.jpeg 2000w\" sizes=\"(max-width: 300px) 100vw, 300px\" \/><\/a> <a href=\"https:\/\/blogsaverroes.juntadeandalucia.es\/eielcastillo\/files\/2022\/10\/PAC_2022-23_oct_13.jpeg\"><img loading=\"lazy\" decoding=\"async\" class=\"alignnone size-medium wp-image-13701\" src=\"https:\/\/blogsaverroes.juntadeandalucia.es\/eielcastillo\/files\/2022\/10\/PAC_2022-23_oct_13-300x168.jpeg\" alt=\"\" width=\"300\" height=\"168\" srcset=\"https:\/\/blogsaverroes.juntadeandalucia.es\/eielcastillo\/files\/2022\/10\/PAC_2022-23_oct_13-300x168.jpeg 300w, https:\/\/blogsaverroes.juntadeandalucia.es\/eielcastillo\/files\/2022\/10\/PAC_2022-23_oct_13-1024x574.jpeg 1024w, https:\/\/blogsaverroes.juntadeandalucia.es\/eielcastillo\/files\/2022\/10\/PAC_2022-23_oct_13-768x431.jpeg 768w, https:\/\/blogsaverroes.juntadeandalucia.es\/eielcastillo\/files\/2022\/10\/PAC_2022-23_oct_13-1536x861.jpeg 1536w, https:\/\/blogsaverroes.juntadeandalucia.es\/eielcastillo\/files\/2022\/10\/PAC_2022-23_oct_13.jpeg 2048w\" sizes=\"(max-width: 300px) 100vw, 300px\" \/><\/a><\/p>\n","protected":false},"excerpt":{"rendered":"<p>&nbsp; Tal y como ten\u00edamos previsto, ayer jueves d\u00eda 6 de octubre, pr\u00f3xima la recreaci\u00f3n de la Batalla de Bail\u00e9n en nuestra localidad, nuestro alumnado&hellip;<\/p>\n","protected":false},"author":3249,"featured_media":0,"comment_status":"closed","ping_status":"closed","sticky":false,"template":"","format":"standard","meta":{"ngg_post_thumbnail":0,"footnotes":""},"categories":[926],"tags":[],"aioseo_notices":[],"_links":{"self":[{"href":"https:\/\/blogsaverroes.juntadeandalucia.es\/eielcastillo\/index.php?rest_route=\/wp\/v2\/posts\/13768"}],"collection":[{"href":"https:\/\/blogsaverroes.juntadeandalucia.es\/eielcastillo\/index.php?rest_route=\/wp\/v2\/posts"}],"about":[{"href":"https:\/\/blogsaverroes.juntadeandalucia.es\/eielcastillo\/index.php?rest_route=\/wp\/v2\/types\/post"}],"author":[{"embeddable":true,"href":"https:\/\/blogsaverroes.juntadeandalucia.es\/eielcastillo\/index.php?rest_route=\/wp\/v2\/users\/3249"}],"replies":[{"embeddable":true,"href":"https:\/\/blogsaverroes.juntadeandalucia.es\/eielcastillo\/index.php?rest_route=%2Fwp%2Fv2%2Fcomments&post=13768"}],"version-history":[{"count":1,"href":"https:\/\/blogsaverroes.juntadeandalucia.es\/eielcastillo\/index.php?rest_route=\/wp\/v2\/posts\/13768\/revisions"}],"predecessor-version":[{"id":13769,"href":"https:\/\/blogsaverroes.juntadeandalucia.es\/eielcastillo\/index.php?rest_route=\/wp\/v2\/posts\/13768\/revisions\/13769"}],"wp:attachment":[{"href":"https:\/\/blogsaverroes.juntadeandalucia.es\/eielcastillo\/index.php?rest_route=%2Fwp%2Fv2%2Fmedia&parent=13768"}],"wp:term":[{"taxonomy":"category","embeddable":true,"href":"https:\/\/blogsaverroes.juntadeandalucia.es\/eielcastillo\/index.php?rest_route=%2Fwp%2Fv2%2Fcategories&post=13768"},{"taxonomy":"post_tag","embeddable":true,"href":"https:\/\/blogsaverroes.juntadeandalucia.es\/eielcastillo\/index.php?rest_route=%2Fwp%2Fv2%2Ftags&post=13768"}],"curies":[{"name":"wp","href":"https:\/\/api.w.org\/{rel}","templated":true}]}}