{"id":14818,"date":"2023-01-30T17:02:35","date_gmt":"2023-01-30T16:02:35","guid":{"rendered":"https:\/\/blogsaverroes.juntadeandalucia.es\/eielcastillo\/?p=14818"},"modified":"2023-01-31T17:10:14","modified_gmt":"2023-01-31T16:10:14","slug":"corremos-por-la-paz","status":"publish","type":"post","link":"https:\/\/blogsaverroes.juntadeandalucia.es\/eielcastillo\/?p=14818","title":{"rendered":"Corremos POR LA PAZ"},"content":{"rendered":"<p style=\"text-align: justify\"><a href=\"https:\/\/blogsaverroes.juntadeandalucia.es\/eielcastillo\/files\/2023\/01\/Imagen_PAC2022-23_ene_01-scaled.jpg\"><img loading=\"lazy\" decoding=\"async\" class=\"size-medium wp-image-14797 alignleft\" src=\"https:\/\/blogsaverroes.juntadeandalucia.es\/eielcastillo\/files\/2023\/01\/Imagen_PAC2022-23_ene_01-300x169.jpg\" alt=\"\" width=\"300\" height=\"169\" srcset=\"https:\/\/blogsaverroes.juntadeandalucia.es\/eielcastillo\/files\/2023\/01\/Imagen_PAC2022-23_ene_01-300x169.jpg 300w, https:\/\/blogsaverroes.juntadeandalucia.es\/eielcastillo\/files\/2023\/01\/Imagen_PAC2022-23_ene_01-1024x576.jpg 1024w, https:\/\/blogsaverroes.juntadeandalucia.es\/eielcastillo\/files\/2023\/01\/Imagen_PAC2022-23_ene_01-768x432.jpg 768w, https:\/\/blogsaverroes.juntadeandalucia.es\/eielcastillo\/files\/2023\/01\/Imagen_PAC2022-23_ene_01-1536x864.jpg 1536w, https:\/\/blogsaverroes.juntadeandalucia.es\/eielcastillo\/files\/2023\/01\/Imagen_PAC2022-23_ene_01-2048x1152.jpg 2048w\" sizes=\"(max-width: 300px) 100vw, 300px\" \/><\/a><strong>E<\/strong>n la ma\u00f1ana de hoy 30 de enero, D\u00eda Escolar de la No Violencia y la Paz, hemos participado en la actividad organizada por el ayuntamiento de Bail\u00e9n bajo el t\u00edtulo CORREMOS POR LA PAZ.<\/p>\n<p style=\"text-align: justify\">Todo nuestro alumnado ha participado en las carreras organizadas para cada uno de los niveles, 3, 4 y 5 a\u00f1os.<\/p>\n<p style=\"text-align: justify\">Nuestro agradecimiento a las familias que han colaborado en el desplazamiento hasta el Paseo de las Palmeras y desarrollo de la actividad.<\/p>\n<p style=\"text-align: justify\">El acto se inici\u00f3 con la lectura de un manifiesto en el que participaron dos alumnos\/as por centro, Guillermo y Paula nos representaron, a continuaci\u00f3n se desarrollaron las carreras y por \u00faltimo, pudimos pegar nuestros dorsales en el mural que ten\u00edamos preparado para nuestro cole.<\/p>\n<p><iframe loading=\"lazy\" src=\"https:\/\/www.youtube.com\/embed\/Hu2HefolfcI\" width=\"640\" height=\"362\" frameborder=\"0\"><span style=\"width: 0px;overflow: hidden;line-height: 0\" data-mce-type=\"bookmark\" class=\"mce_SELRES_start\">\ufeff<\/span><\/iframe>&nbsp;<\/p>\n<p style=\"text-align: justify\">Las huchas solidarias, tal y como referimos en informaciones anteriores, han permanecido en el centro durante estos \u00faltimos d\u00edas. La recaudaci\u00f3n se destina a la ONG PROMETEUSZ, que colabora con Ucrania para cubrir las necesidades m\u00e1s b\u00e1sicas de ni\u00f1as y ni\u00f1os que han quedado en Ucrania, es el ayuntamiento quien se encarga de ello.<\/p>\n<p><a href=\"https:\/\/blogsaverroes.juntadeandalucia.es\/eielcastillo\/files\/2023\/01\/Imagen_PAC2022-23_ene_02.jpeg\"><img loading=\"lazy\" decoding=\"async\" class=\"alignnone size-medium wp-image-14798\" src=\"https:\/\/blogsaverroes.juntadeandalucia.es\/eielcastillo\/files\/2023\/01\/Imagen_PAC2022-23_ene_02-300x138.jpeg\" alt=\"\" width=\"300\" height=\"138\" srcset=\"https:\/\/blogsaverroes.juntadeandalucia.es\/eielcastillo\/files\/2023\/01\/Imagen_PAC2022-23_ene_02-300x138.jpeg 300w, https:\/\/blogsaverroes.juntadeandalucia.es\/eielcastillo\/files\/2023\/01\/Imagen_PAC2022-23_ene_02-768x354.jpeg 768w, https:\/\/blogsaverroes.juntadeandalucia.es\/eielcastillo\/files\/2023\/01\/Imagen_PAC2022-23_ene_02.jpeg 1024w\" sizes=\"(max-width: 300px) 100vw, 300px\" \/><\/a> <a href=\"https:\/\/blogsaverroes.juntadeandalucia.es\/eielcastillo\/files\/2023\/01\/Imagen_PAC2022-23_ene_03.jpg\"><img loading=\"lazy\" decoding=\"async\" class=\"alignnone size-medium wp-image-14799\" src=\"https:\/\/blogsaverroes.juntadeandalucia.es\/eielcastillo\/files\/2023\/01\/Imagen_PAC2022-23_ene_03-300x169.jpg\" alt=\"\" width=\"300\" height=\"169\" srcset=\"https:\/\/blogsaverroes.juntadeandalucia.es\/eielcastillo\/files\/2023\/01\/Imagen_PAC2022-23_ene_03-300x169.jpg 300w, https:\/\/blogsaverroes.juntadeandalucia.es\/eielcastillo\/files\/2023\/01\/Imagen_PAC2022-23_ene_03-1024x576.jpg 1024w, https:\/\/blogsaverroes.juntadeandalucia.es\/eielcastillo\/files\/2023\/01\/Imagen_PAC2022-23_ene_03-768x432.jpg 768w, https:\/\/blogsaverroes.juntadeandalucia.es\/eielcastillo\/files\/2023\/01\/Imagen_PAC2022-23_ene_03-1536x864.jpg 1536w, https:\/\/blogsaverroes.juntadeandalucia.es\/eielcastillo\/files\/2023\/01\/Imagen_PAC2022-23_ene_03.jpg 1600w\" sizes=\"(max-width: 300px) 100vw, 300px\" \/><\/a> <a href=\"https:\/\/blogsaverroes.juntadeandalucia.es\/eielcastillo\/files\/2023\/01\/Imagen_PAC2022-23_ene_04.jpg\"><img loading=\"lazy\" decoding=\"async\" class=\"alignnone size-medium wp-image-14800\" src=\"https:\/\/blogsaverroes.juntadeandalucia.es\/eielcastillo\/files\/2023\/01\/Imagen_PAC2022-23_ene_04-300x169.jpg\" alt=\"\" width=\"300\" height=\"169\" srcset=\"https:\/\/blogsaverroes.juntadeandalucia.es\/eielcastillo\/files\/2023\/01\/Imagen_PAC2022-23_ene_04-300x169.jpg 300w, https:\/\/blogsaverroes.juntadeandalucia.es\/eielcastillo\/files\/2023\/01\/Imagen_PAC2022-23_ene_04-1024x576.jpg 1024w, https:\/\/blogsaverroes.juntadeandalucia.es\/eielcastillo\/files\/2023\/01\/Imagen_PAC2022-23_ene_04-768x432.jpg 768w, https:\/\/blogsaverroes.juntadeandalucia.es\/eielcastillo\/files\/2023\/01\/Imagen_PAC2022-23_ene_04-1536x864.jpg 1536w, https:\/\/blogsaverroes.juntadeandalucia.es\/eielcastillo\/files\/2023\/01\/Imagen_PAC2022-23_ene_04.jpg 1600w\" sizes=\"(max-width: 300px) 100vw, 300px\" \/><\/a> <a href=\"https:\/\/blogsaverroes.juntadeandalucia.es\/eielcastillo\/files\/2023\/01\/Imagen_PAC2022-23_ene_05.jpg\"><img loading=\"lazy\" decoding=\"async\" class=\"alignnone size-medium wp-image-14801\" src=\"https:\/\/blogsaverroes.juntadeandalucia.es\/eielcastillo\/files\/2023\/01\/Imagen_PAC2022-23_ene_05-300x169.jpg\" alt=\"\" width=\"300\" height=\"169\" srcset=\"https:\/\/blogsaverroes.juntadeandalucia.es\/eielcastillo\/files\/2023\/01\/Imagen_PAC2022-23_ene_05-300x169.jpg 300w, https:\/\/blogsaverroes.juntadeandalucia.es\/eielcastillo\/files\/2023\/01\/Imagen_PAC2022-23_ene_05-1024x576.jpg 1024w, https:\/\/blogsaverroes.juntadeandalucia.es\/eielcastillo\/files\/2023\/01\/Imagen_PAC2022-23_ene_05-768x432.jpg 768w, https:\/\/blogsaverroes.juntadeandalucia.es\/eielcastillo\/files\/2023\/01\/Imagen_PAC2022-23_ene_05-1536x864.jpg 1536w, https:\/\/blogsaverroes.juntadeandalucia.es\/eielcastillo\/files\/2023\/01\/Imagen_PAC2022-23_ene_05.jpg 1600w\" sizes=\"(max-width: 300px) 100vw, 300px\" \/><\/a> <a href=\"https:\/\/blogsaverroes.juntadeandalucia.es\/eielcastillo\/files\/2023\/01\/Imagen_PAC2022-23_ene_06.jpg\"><img loading=\"lazy\" decoding=\"async\" class=\"alignnone size-medium wp-image-14802\" src=\"https:\/\/blogsaverroes.juntadeandalucia.es\/eielcastillo\/files\/2023\/01\/Imagen_PAC2022-23_ene_06-300x169.jpg\" alt=\"\" width=\"300\" height=\"169\" srcset=\"https:\/\/blogsaverroes.juntadeandalucia.es\/eielcastillo\/files\/2023\/01\/Imagen_PAC2022-23_ene_06-300x169.jpg 300w, https:\/\/blogsaverroes.juntadeandalucia.es\/eielcastillo\/files\/2023\/01\/Imagen_PAC2022-23_ene_06-1024x576.jpg 1024w, https:\/\/blogsaverroes.juntadeandalucia.es\/eielcastillo\/files\/2023\/01\/Imagen_PAC2022-23_ene_06-768x432.jpg 768w, https:\/\/blogsaverroes.juntadeandalucia.es\/eielcastillo\/files\/2023\/01\/Imagen_PAC2022-23_ene_06-1536x864.jpg 1536w, https:\/\/blogsaverroes.juntadeandalucia.es\/eielcastillo\/files\/2023\/01\/Imagen_PAC2022-23_ene_06.jpg 1600w\" sizes=\"(max-width: 300px) 100vw, 300px\" \/><\/a> <a href=\"https:\/\/blogsaverroes.juntadeandalucia.es\/eielcastillo\/files\/2023\/01\/Imagen_PAC2022-23_ene_07.jpg\"><img loading=\"lazy\" decoding=\"async\" class=\"alignnone size-medium wp-image-14803\" src=\"https:\/\/blogsaverroes.juntadeandalucia.es\/eielcastillo\/files\/2023\/01\/Imagen_PAC2022-23_ene_07-300x169.jpg\" alt=\"\" width=\"300\" height=\"169\" srcset=\"https:\/\/blogsaverroes.juntadeandalucia.es\/eielcastillo\/files\/2023\/01\/Imagen_PAC2022-23_ene_07-300x169.jpg 300w, https:\/\/blogsaverroes.juntadeandalucia.es\/eielcastillo\/files\/2023\/01\/Imagen_PAC2022-23_ene_07-1024x576.jpg 1024w, https:\/\/blogsaverroes.juntadeandalucia.es\/eielcastillo\/files\/2023\/01\/Imagen_PAC2022-23_ene_07-768x432.jpg 768w, https:\/\/blogsaverroes.juntadeandalucia.es\/eielcastillo\/files\/2023\/01\/Imagen_PAC2022-23_ene_07-1536x864.jpg 1536w, https:\/\/blogsaverroes.juntadeandalucia.es\/eielcastillo\/files\/2023\/01\/Imagen_PAC2022-23_ene_07.jpg 1600w\" sizes=\"(max-width: 300px) 100vw, 300px\" \/><\/a> <a href=\"https:\/\/blogsaverroes.juntadeandalucia.es\/eielcastillo\/files\/2023\/01\/Imagen_PAC2022-23_ene_08.jpeg\"><img loading=\"lazy\" decoding=\"async\" class=\"alignnone size-medium wp-image-14804\" src=\"https:\/\/blogsaverroes.juntadeandalucia.es\/eielcastillo\/files\/2023\/01\/Imagen_PAC2022-23_ene_08-300x138.jpeg\" alt=\"\" width=\"300\" height=\"138\" srcset=\"https:\/\/blogsaverroes.juntadeandalucia.es\/eielcastillo\/files\/2023\/01\/Imagen_PAC2022-23_ene_08-300x138.jpeg 300w, https:\/\/blogsaverroes.juntadeandalucia.es\/eielcastillo\/files\/2023\/01\/Imagen_PAC2022-23_ene_08-1024x472.jpeg 1024w, https:\/\/blogsaverroes.juntadeandalucia.es\/eielcastillo\/files\/2023\/01\/Imagen_PAC2022-23_ene_08-768x354.jpeg 768w, https:\/\/blogsaverroes.juntadeandalucia.es\/eielcastillo\/files\/2023\/01\/Imagen_PAC2022-23_ene_08-1536x708.jpeg 1536w, https:\/\/blogsaverroes.juntadeandalucia.es\/eielcastillo\/files\/2023\/01\/Imagen_PAC2022-23_ene_08.jpeg 1600w\" sizes=\"(max-width: 300px) 100vw, 300px\" \/><\/a> <a href=\"https:\/\/blogsaverroes.juntadeandalucia.es\/eielcastillo\/files\/2023\/01\/Imagen_PAC2022-23_ene_09.jpeg\"><img loading=\"lazy\" decoding=\"async\" class=\"alignnone size-medium wp-image-14811\" src=\"https:\/\/blogsaverroes.juntadeandalucia.es\/eielcastillo\/files\/2023\/01\/Imagen_PAC2022-23_ene_09-300x225.jpeg\" alt=\"\" width=\"300\" height=\"225\" srcset=\"https:\/\/blogsaverroes.juntadeandalucia.es\/eielcastillo\/files\/2023\/01\/Imagen_PAC2022-23_ene_09-300x225.jpeg 300w, https:\/\/blogsaverroes.juntadeandalucia.es\/eielcastillo\/files\/2023\/01\/Imagen_PAC2022-23_ene_09-768x576.jpeg 768w, https:\/\/blogsaverroes.juntadeandalucia.es\/eielcastillo\/files\/2023\/01\/Imagen_PAC2022-23_ene_09.jpeg 1024w\" sizes=\"(max-width: 300px) 100vw, 300px\" \/><\/a> <a href=\"https:\/\/blogsaverroes.juntadeandalucia.es\/eielcastillo\/files\/2023\/01\/Imagen_PAC2022-23_ene_10.jpeg\"><img loading=\"lazy\" decoding=\"async\" class=\"alignnone size-medium wp-image-14812\" src=\"https:\/\/blogsaverroes.juntadeandalucia.es\/eielcastillo\/files\/2023\/01\/Imagen_PAC2022-23_ene_10-300x150.jpeg\" alt=\"\" width=\"300\" height=\"150\" srcset=\"https:\/\/blogsaverroes.juntadeandalucia.es\/eielcastillo\/files\/2023\/01\/Imagen_PAC2022-23_ene_10-300x150.jpeg 300w, https:\/\/blogsaverroes.juntadeandalucia.es\/eielcastillo\/files\/2023\/01\/Imagen_PAC2022-23_ene_10-1024x511.jpeg 1024w, https:\/\/blogsaverroes.juntadeandalucia.es\/eielcastillo\/files\/2023\/01\/Imagen_PAC2022-23_ene_10-768x384.jpeg 768w, https:\/\/blogsaverroes.juntadeandalucia.es\/eielcastillo\/files\/2023\/01\/Imagen_PAC2022-23_ene_10-1536x767.jpeg 1536w, https:\/\/blogsaverroes.juntadeandalucia.es\/eielcastillo\/files\/2023\/01\/Imagen_PAC2022-23_ene_10.jpeg 1598w\" sizes=\"(max-width: 300px) 100vw, 300px\" \/><\/a> <a href=\"https:\/\/blogsaverroes.juntadeandalucia.es\/eielcastillo\/files\/2023\/01\/Imagen_PAC2022-23_ene_11.jpeg\"><img loading=\"lazy\" decoding=\"async\" class=\"alignnone size-medium wp-image-14813\" src=\"https:\/\/blogsaverroes.juntadeandalucia.es\/eielcastillo\/files\/2023\/01\/Imagen_PAC2022-23_ene_11-300x184.jpeg\" alt=\"\" width=\"300\" height=\"184\" srcset=\"https:\/\/blogsaverroes.juntadeandalucia.es\/eielcastillo\/files\/2023\/01\/Imagen_PAC2022-23_ene_11-300x184.jpeg 300w, https:\/\/blogsaverroes.juntadeandalucia.es\/eielcastillo\/files\/2023\/01\/Imagen_PAC2022-23_ene_11-768x470.jpeg 768w, https:\/\/blogsaverroes.juntadeandalucia.es\/eielcastillo\/files\/2023\/01\/Imagen_PAC2022-23_ene_11.jpeg 1023w\" sizes=\"(max-width: 300px) 100vw, 300px\" \/><\/a> <a href=\"https:\/\/blogsaverroes.juntadeandalucia.es\/eielcastillo\/files\/2023\/01\/Imagen_PAC2022-23_ene_13.jpeg\"><img loading=\"lazy\" decoding=\"async\" class=\"alignnone size-medium wp-image-14815\" src=\"https:\/\/blogsaverroes.juntadeandalucia.es\/eielcastillo\/files\/2023\/01\/Imagen_PAC2022-23_ene_13-300x138.jpeg\" alt=\"\" width=\"300\" height=\"138\" srcset=\"https:\/\/blogsaverroes.juntadeandalucia.es\/eielcastillo\/files\/2023\/01\/Imagen_PAC2022-23_ene_13-300x138.jpeg 300w, https:\/\/blogsaverroes.juntadeandalucia.es\/eielcastillo\/files\/2023\/01\/Imagen_PAC2022-23_ene_13-1024x472.jpeg 1024w, https:\/\/blogsaverroes.juntadeandalucia.es\/eielcastillo\/files\/2023\/01\/Imagen_PAC2022-23_ene_13-768x354.jpeg 768w, https:\/\/blogsaverroes.juntadeandalucia.es\/eielcastillo\/files\/2023\/01\/Imagen_PAC2022-23_ene_13-1536x708.jpeg 1536w, https:\/\/blogsaverroes.juntadeandalucia.es\/eielcastillo\/files\/2023\/01\/Imagen_PAC2022-23_ene_13.jpeg 1600w\" sizes=\"(max-width: 300px) 100vw, 300px\" \/><\/a> <a href=\"https:\/\/blogsaverroes.juntadeandalucia.es\/eielcastillo\/files\/2023\/01\/Imagen_PAC2022-23_ene_14.jpg\"><img loading=\"lazy\" decoding=\"async\" class=\"alignnone size-medium wp-image-14816\" src=\"https:\/\/blogsaverroes.juntadeandalucia.es\/eielcastillo\/files\/2023\/01\/Imagen_PAC2022-23_ene_14-300x169.jpg\" alt=\"\" width=\"300\" height=\"169\" srcset=\"https:\/\/blogsaverroes.juntadeandalucia.es\/eielcastillo\/files\/2023\/01\/Imagen_PAC2022-23_ene_14-300x169.jpg 300w, https:\/\/blogsaverroes.juntadeandalucia.es\/eielcastillo\/files\/2023\/01\/Imagen_PAC2022-23_ene_14-1024x576.jpg 1024w, https:\/\/blogsaverroes.juntadeandalucia.es\/eielcastillo\/files\/2023\/01\/Imagen_PAC2022-23_ene_14-768x432.jpg 768w, https:\/\/blogsaverroes.juntadeandalucia.es\/eielcastillo\/files\/2023\/01\/Imagen_PAC2022-23_ene_14-1536x864.jpg 1536w, https:\/\/blogsaverroes.juntadeandalucia.es\/eielcastillo\/files\/2023\/01\/Imagen_PAC2022-23_ene_14.jpg 1600w\" sizes=\"(max-width: 300px) 100vw, 300px\" \/><\/a> <a href=\"https:\/\/blogsaverroes.juntadeandalucia.es\/eielcastillo\/files\/2023\/01\/Imagen_PAC2022-23_ene_15.jpeg\"><img loading=\"lazy\" decoding=\"async\" class=\"alignnone size-medium wp-image-14817\" src=\"https:\/\/blogsaverroes.juntadeandalucia.es\/eielcastillo\/files\/2023\/01\/Imagen_PAC2022-23_ene_15-300x138.jpeg\" alt=\"\" width=\"300\" height=\"138\" srcset=\"https:\/\/blogsaverroes.juntadeandalucia.es\/eielcastillo\/files\/2023\/01\/Imagen_PAC2022-23_ene_15-300x138.jpeg 300w, https:\/\/blogsaverroes.juntadeandalucia.es\/eielcastillo\/files\/2023\/01\/Imagen_PAC2022-23_ene_15-1024x472.jpeg 1024w, https:\/\/blogsaverroes.juntadeandalucia.es\/eielcastillo\/files\/2023\/01\/Imagen_PAC2022-23_ene_15-768x354.jpeg 768w, https:\/\/blogsaverroes.juntadeandalucia.es\/eielcastillo\/files\/2023\/01\/Imagen_PAC2022-23_ene_15-1536x708.jpeg 1536w, https:\/\/blogsaverroes.juntadeandalucia.es\/eielcastillo\/files\/2023\/01\/Imagen_PAC2022-23_ene_15.jpeg 2000w\" sizes=\"(max-width: 300px) 100vw, 300px\" \/><\/a><\/p>\n<p>&nbsp;<\/p>\n","protected":false},"excerpt":{"rendered":"<p>En la ma\u00f1ana de hoy 30 de enero, D\u00eda Escolar de la No Violencia y la Paz, hemos participado en la actividad organizada por el&hellip;<\/p>\n","protected":false},"author":3249,"featured_media":0,"comment_status":"closed","ping_status":"closed","sticky":false,"template":"","format":"standard","meta":{"ngg_post_thumbnail":0,"footnotes":""},"categories":[926],"tags":[],"aioseo_notices":[],"_links":{"self":[{"href":"https:\/\/blogsaverroes.juntadeandalucia.es\/eielcastillo\/index.php?rest_route=\/wp\/v2\/posts\/14818"}],"collection":[{"href":"https:\/\/blogsaverroes.juntadeandalucia.es\/eielcastillo\/index.php?rest_route=\/wp\/v2\/posts"}],"about":[{"href":"https:\/\/blogsaverroes.juntadeandalucia.es\/eielcastillo\/index.php?rest_route=\/wp\/v2\/types\/post"}],"author":[{"embeddable":true,"href":"https:\/\/blogsaverroes.juntadeandalucia.es\/eielcastillo\/index.php?rest_route=\/wp\/v2\/users\/3249"}],"replies":[{"embeddable":true,"href":"https:\/\/blogsaverroes.juntadeandalucia.es\/eielcastillo\/index.php?rest_route=%2Fwp%2Fv2%2Fcomments&post=14818"}],"version-history":[{"count":4,"href":"https:\/\/blogsaverroes.juntadeandalucia.es\/eielcastillo\/index.php?rest_route=\/wp\/v2\/posts\/14818\/revisions"}],"predecessor-version":[{"id":14822,"href":"https:\/\/blogsaverroes.juntadeandalucia.es\/eielcastillo\/index.php?rest_route=\/wp\/v2\/posts\/14818\/revisions\/14822"}],"wp:attachment":[{"href":"https:\/\/blogsaverroes.juntadeandalucia.es\/eielcastillo\/index.php?rest_route=%2Fwp%2Fv2%2Fmedia&parent=14818"}],"wp:term":[{"taxonomy":"category","embeddable":true,"href":"https:\/\/blogsaverroes.juntadeandalucia.es\/eielcastillo\/index.php?rest_route=%2Fwp%2Fv2%2Fcategories&post=14818"},{"taxonomy":"post_tag","embeddable":true,"href":"https:\/\/blogsaverroes.juntadeandalucia.es\/eielcastillo\/index.php?rest_route=%2Fwp%2Fv2%2Ftags&post=14818"}],"curies":[{"name":"wp","href":"https:\/\/api.w.org\/{rel}","templated":true}]}}