{"id":14905,"date":"2023-02-11T16:24:14","date_gmt":"2023-02-11T15:24:14","guid":{"rendered":"https:\/\/blogsaverroes.juntadeandalucia.es\/eielcastillo\/?p=14905"},"modified":"2023-02-11T17:50:10","modified_gmt":"2023-02-11T16:50:10","slug":"11-febrero-dia-internacional-de-la-mujer-y-la-nina-en-la-ciencia","status":"publish","type":"post","link":"https:\/\/blogsaverroes.juntadeandalucia.es\/eielcastillo\/?p=14905","title":{"rendered":"11 febrero, D\u00eda Internacional DE LA MUJER Y LA NI\u00d1A EN LA CIENCIA"},"content":{"rendered":"<p style=\"text-align: justify\">&nbsp;&nbsp; <a href=\"https:\/\/blogsaverroes.juntadeandalucia.es\/eielcastillo\/files\/2023\/02\/Imagen_post-DiaMujerNi\u00f1aCiencia.jpg\"><img loading=\"lazy\" decoding=\"async\" class=\"size-medium wp-image-14911 alignleft\" src=\"https:\/\/blogsaverroes.juntadeandalucia.es\/eielcastillo\/files\/2023\/02\/Imagen_post-DiaMujerNi\u00f1aCiencia-300x239.jpg\" alt=\"\" width=\"300\" height=\"239\" srcset=\"https:\/\/blogsaverroes.juntadeandalucia.es\/eielcastillo\/files\/2023\/02\/Imagen_post-DiaMujerNi\u00f1aCiencia-300x239.jpg 300w, https:\/\/blogsaverroes.juntadeandalucia.es\/eielcastillo\/files\/2023\/02\/Imagen_post-DiaMujerNi\u00f1aCiencia.jpg 544w\" sizes=\"(max-width: 300px) 100vw, 300px\" \/><\/a>El 22 de diciembre de 2015, la Asamblea General de las Nacionas Unidas, decidi\u00f3 establecer un D\u00eda Internacional anual para reconocer el rol cr\u00edtico que juegan las mujeres y las ni\u00f1as en la ciencia y la tecnolog\u00eda.<\/p>\n<p style=\"text-align: justify\">&nbsp;&nbsp; Se decidi\u00f3 que fuese el 11 de febrero de cada a\u00f1o. &nbsp;Este D\u00eda es una oportunidad para promover el acceso y la participaci\u00f3n plenos y equitativos en la ciencia para mujeres y ni\u00f1as.<\/p>\n<p>&nbsp;<\/p>\n<p style=\"text-align: justify\"><span style=\"color: #3366ff\"><em>&#8220;En este D\u00eda Internacional de la Mujer y la Ni\u00f1a en la Ciencia, reiteremos este mensaje fundamental: las mujeres necesitan la ciencia y la ciencia necesita a las mujeres. Solo aprovechando&nbsp; todas&nbsp; las&nbsp; fuentes&nbsp; de&nbsp; conocimiento,&nbsp; todas&nbsp; las&nbsp; fuentes&nbsp; de&nbsp; talento,&nbsp; podremos liberar plenamente el potencial de la ciencia y estar a la altura de los desaf\u00edos de nuestro tiempo.<\/em><\/span>&#8220;<em> (Palabras de Audrey Azoulay, Directora General de la UNESCO).<\/em><\/p>\n<p style=\"text-align: justify\">&nbsp;&nbsp; En nuestro pa\u00eds ya contamos con ejemplos de mujeres&nbsp; que&nbsp; marcaron la senda de la vocaci\u00f3n cient\u00edfica para las nuevas generaciones, como <strong>Margarita Salas<\/strong>, precursora de la biolog\u00eda molecular. Pero acerc\u00e1ndonos en el tiempo y en el espacio, en el centro hemos querido conocer la figura de <strong>Cristina Romera Castillo<\/strong>, ella es nacida en Ja\u00e9n en 1982, desarrolla su actividad cient\u00edfica como ocean\u00f3grafa. Os dejamos el siguiente video, \u00e9chale un vistazo, solo son tres minutos, nuestro alumnado ya lo ha visto en clase:<\/p>\n<p><iframe loading=\"lazy\" src=\"https:\/\/www.youtube.com\/embed\/60cGHJ9TMtA\" width=\"640\" height=\"362\" frameborder=\"0\"><span style=\"width: 0px;overflow: hidden;line-height: 0\" data-mce-type=\"bookmark\" class=\"mce_SELRES_start\">\ufeff<\/span><\/iframe>&nbsp;<\/p>\n<p>Le dejamos este enlace sobre Cristiana Romera:<\/p>\n<p>&#8211;<a href=\"https:\/\/www.lavanguardia.com\/vida\/20191218\/472334634165\/la-quimica-y-oceanografa-cristina-romera-castillo-premio-lindeman-2020.html\">Art\u00edculo de &#8220;La Vanguardia&#8221;.<\/a><\/p>\n<p>&nbsp;<\/p>\n<p><span style=\"color: #800000\">El viernes 10, mam\u00e1s de AMPA &#8220;El Reloj&#8221;se convierten en cient\u00edficas y pasan por cada una de las clases desarrollando un taller de experimentos, aqu\u00ed os dejamos una muestra de ello.<\/span><\/p>\n<p><a href=\"https:\/\/blogsaverroes.juntadeandalucia.es\/eielcastillo\/files\/2023\/02\/Imagen_PAC2022-23_36.jpeg\"><img loading=\"lazy\" decoding=\"async\" class=\"alignnone size-medium wp-image-14916\" src=\"https:\/\/blogsaverroes.juntadeandalucia.es\/eielcastillo\/files\/2023\/02\/Imagen_PAC2022-23_36-225x300.jpeg\" alt=\"\" width=\"225\" height=\"300\" srcset=\"https:\/\/blogsaverroes.juntadeandalucia.es\/eielcastillo\/files\/2023\/02\/Imagen_PAC2022-23_36-225x300.jpeg 225w, https:\/\/blogsaverroes.juntadeandalucia.es\/eielcastillo\/files\/2023\/02\/Imagen_PAC2022-23_36.jpeg 768w\" sizes=\"(max-width: 225px) 100vw, 225px\" \/><\/a> <a href=\"https:\/\/blogsaverroes.juntadeandalucia.es\/eielcastillo\/files\/2023\/02\/Imagen_PAC2022-23_feb_24.jpeg\"><img loading=\"lazy\" decoding=\"async\" class=\"alignnone size-medium wp-image-14917\" src=\"https:\/\/blogsaverroes.juntadeandalucia.es\/eielcastillo\/files\/2023\/02\/Imagen_PAC2022-23_feb_24-300x225.jpeg\" alt=\"\" width=\"300\" height=\"225\" srcset=\"https:\/\/blogsaverroes.juntadeandalucia.es\/eielcastillo\/files\/2023\/02\/Imagen_PAC2022-23_feb_24-300x225.jpeg 300w, https:\/\/blogsaverroes.juntadeandalucia.es\/eielcastillo\/files\/2023\/02\/Imagen_PAC2022-23_feb_24-768x576.jpeg 768w, https:\/\/blogsaverroes.juntadeandalucia.es\/eielcastillo\/files\/2023\/02\/Imagen_PAC2022-23_feb_24.jpeg 1024w\" sizes=\"(max-width: 300px) 100vw, 300px\" \/><\/a> <a href=\"https:\/\/blogsaverroes.juntadeandalucia.es\/eielcastillo\/files\/2023\/02\/Imagen_PAC2022-23_feb_25.jpeg\"><img loading=\"lazy\" decoding=\"async\" class=\"alignnone size-medium wp-image-14918\" src=\"https:\/\/blogsaverroes.juntadeandalucia.es\/eielcastillo\/files\/2023\/02\/Imagen_PAC2022-23_feb_25-300x225.jpeg\" alt=\"\" width=\"300\" height=\"225\" srcset=\"https:\/\/blogsaverroes.juntadeandalucia.es\/eielcastillo\/files\/2023\/02\/Imagen_PAC2022-23_feb_25-300x225.jpeg 300w, https:\/\/blogsaverroes.juntadeandalucia.es\/eielcastillo\/files\/2023\/02\/Imagen_PAC2022-23_feb_25-768x576.jpeg 768w, https:\/\/blogsaverroes.juntadeandalucia.es\/eielcastillo\/files\/2023\/02\/Imagen_PAC2022-23_feb_25.jpeg 1024w\" sizes=\"(max-width: 300px) 100vw, 300px\" \/><\/a> <a href=\"https:\/\/blogsaverroes.juntadeandalucia.es\/eielcastillo\/files\/2023\/02\/Imagen_PAC2022-23_feb_26.jpeg\"><img loading=\"lazy\" decoding=\"async\" class=\"alignnone size-medium wp-image-14919\" src=\"https:\/\/blogsaverroes.juntadeandalucia.es\/eielcastillo\/files\/2023\/02\/Imagen_PAC2022-23_feb_26-300x225.jpeg\" alt=\"\" width=\"300\" height=\"225\" srcset=\"https:\/\/blogsaverroes.juntadeandalucia.es\/eielcastillo\/files\/2023\/02\/Imagen_PAC2022-23_feb_26-300x225.jpeg 300w, https:\/\/blogsaverroes.juntadeandalucia.es\/eielcastillo\/files\/2023\/02\/Imagen_PAC2022-23_feb_26-768x576.jpeg 768w, https:\/\/blogsaverroes.juntadeandalucia.es\/eielcastillo\/files\/2023\/02\/Imagen_PAC2022-23_feb_26.jpeg 1024w\" sizes=\"(max-width: 300px) 100vw, 300px\" \/><\/a> <a href=\"https:\/\/blogsaverroes.juntadeandalucia.es\/eielcastillo\/files\/2023\/02\/Imagen_PAC2022-23_feb_27.jpeg\"><img loading=\"lazy\" decoding=\"async\" class=\"alignnone size-medium wp-image-14920\" src=\"https:\/\/blogsaverroes.juntadeandalucia.es\/eielcastillo\/files\/2023\/02\/Imagen_PAC2022-23_feb_27-300x225.jpeg\" alt=\"\" width=\"300\" height=\"225\" srcset=\"https:\/\/blogsaverroes.juntadeandalucia.es\/eielcastillo\/files\/2023\/02\/Imagen_PAC2022-23_feb_27-300x225.jpeg 300w, https:\/\/blogsaverroes.juntadeandalucia.es\/eielcastillo\/files\/2023\/02\/Imagen_PAC2022-23_feb_27-768x576.jpeg 768w, https:\/\/blogsaverroes.juntadeandalucia.es\/eielcastillo\/files\/2023\/02\/Imagen_PAC2022-23_feb_27.jpeg 1024w\" sizes=\"(max-width: 300px) 100vw, 300px\" \/><\/a> <a href=\"https:\/\/blogsaverroes.juntadeandalucia.es\/eielcastillo\/files\/2023\/02\/Imagen_PAC2022-23_feb_28.jpeg\"><img loading=\"lazy\" decoding=\"async\" class=\"alignnone size-medium wp-image-14921\" src=\"https:\/\/blogsaverroes.juntadeandalucia.es\/eielcastillo\/files\/2023\/02\/Imagen_PAC2022-23_feb_28-225x300.jpeg\" alt=\"\" width=\"225\" height=\"300\" srcset=\"https:\/\/blogsaverroes.juntadeandalucia.es\/eielcastillo\/files\/2023\/02\/Imagen_PAC2022-23_feb_28-225x300.jpeg 225w, https:\/\/blogsaverroes.juntadeandalucia.es\/eielcastillo\/files\/2023\/02\/Imagen_PAC2022-23_feb_28-768x1024.jpeg 768w, https:\/\/blogsaverroes.juntadeandalucia.es\/eielcastillo\/files\/2023\/02\/Imagen_PAC2022-23_feb_28-1152x1536.jpeg 1152w, https:\/\/blogsaverroes.juntadeandalucia.es\/eielcastillo\/files\/2023\/02\/Imagen_PAC2022-23_feb_28.jpeg 1536w\" sizes=\"(max-width: 225px) 100vw, 225px\" \/><\/a> <a href=\"https:\/\/blogsaverroes.juntadeandalucia.es\/eielcastillo\/files\/2023\/02\/Imagen_PAC2022-23_feb_29.jpeg\"><img loading=\"lazy\" decoding=\"async\" class=\"alignnone size-medium wp-image-14922\" src=\"https:\/\/blogsaverroes.juntadeandalucia.es\/eielcastillo\/files\/2023\/02\/Imagen_PAC2022-23_feb_29-225x300.jpeg\" alt=\"\" width=\"225\" height=\"300\" srcset=\"https:\/\/blogsaverroes.juntadeandalucia.es\/eielcastillo\/files\/2023\/02\/Imagen_PAC2022-23_feb_29-225x300.jpeg 225w, https:\/\/blogsaverroes.juntadeandalucia.es\/eielcastillo\/files\/2023\/02\/Imagen_PAC2022-23_feb_29-768x1024.jpeg 768w, https:\/\/blogsaverroes.juntadeandalucia.es\/eielcastillo\/files\/2023\/02\/Imagen_PAC2022-23_feb_29-1152x1536.jpeg 1152w, https:\/\/blogsaverroes.juntadeandalucia.es\/eielcastillo\/files\/2023\/02\/Imagen_PAC2022-23_feb_29.jpeg 1536w\" sizes=\"(max-width: 225px) 100vw, 225px\" \/><\/a> <a href=\"https:\/\/blogsaverroes.juntadeandalucia.es\/eielcastillo\/files\/2023\/02\/Imagen_PAC2022-23_feb_30.jpeg\"><img loading=\"lazy\" decoding=\"async\" class=\"alignnone size-medium wp-image-14923\" src=\"https:\/\/blogsaverroes.juntadeandalucia.es\/eielcastillo\/files\/2023\/02\/Imagen_PAC2022-23_feb_30-225x300.jpeg\" alt=\"\" width=\"225\" height=\"300\" srcset=\"https:\/\/blogsaverroes.juntadeandalucia.es\/eielcastillo\/files\/2023\/02\/Imagen_PAC2022-23_feb_30-225x300.jpeg 225w, https:\/\/blogsaverroes.juntadeandalucia.es\/eielcastillo\/files\/2023\/02\/Imagen_PAC2022-23_feb_30-768x1024.jpeg 768w, https:\/\/blogsaverroes.juntadeandalucia.es\/eielcastillo\/files\/2023\/02\/Imagen_PAC2022-23_feb_30-1152x1536.jpeg 1152w, https:\/\/blogsaverroes.juntadeandalucia.es\/eielcastillo\/files\/2023\/02\/Imagen_PAC2022-23_feb_30.jpeg 1536w\" sizes=\"(max-width: 225px) 100vw, 225px\" \/><\/a> <a href=\"https:\/\/blogsaverroes.juntadeandalucia.es\/eielcastillo\/files\/2023\/02\/Imagen_PAC2022-23_feb_31.jpeg\"><img loading=\"lazy\" decoding=\"async\" class=\"alignnone size-medium wp-image-14924\" src=\"https:\/\/blogsaverroes.juntadeandalucia.es\/eielcastillo\/files\/2023\/02\/Imagen_PAC2022-23_feb_31-300x225.jpeg\" alt=\"\" width=\"300\" height=\"225\" srcset=\"https:\/\/blogsaverroes.juntadeandalucia.es\/eielcastillo\/files\/2023\/02\/Imagen_PAC2022-23_feb_31-300x225.jpeg 300w, https:\/\/blogsaverroes.juntadeandalucia.es\/eielcastillo\/files\/2023\/02\/Imagen_PAC2022-23_feb_31-768x576.jpeg 768w, https:\/\/blogsaverroes.juntadeandalucia.es\/eielcastillo\/files\/2023\/02\/Imagen_PAC2022-23_feb_31.jpeg 1024w\" sizes=\"(max-width: 300px) 100vw, 300px\" \/><\/a> <a href=\"https:\/\/blogsaverroes.juntadeandalucia.es\/eielcastillo\/files\/2023\/02\/Imagen_PAC2022-23_feb_32.jpeg\"><img loading=\"lazy\" decoding=\"async\" class=\"alignnone size-medium wp-image-14925\" src=\"https:\/\/blogsaverroes.juntadeandalucia.es\/eielcastillo\/files\/2023\/02\/Imagen_PAC2022-23_feb_32-225x300.jpeg\" alt=\"\" width=\"225\" height=\"300\" srcset=\"https:\/\/blogsaverroes.juntadeandalucia.es\/eielcastillo\/files\/2023\/02\/Imagen_PAC2022-23_feb_32-225x300.jpeg 225w, https:\/\/blogsaverroes.juntadeandalucia.es\/eielcastillo\/files\/2023\/02\/Imagen_PAC2022-23_feb_32.jpeg 768w\" sizes=\"(max-width: 225px) 100vw, 225px\" \/><\/a> <a href=\"https:\/\/blogsaverroes.juntadeandalucia.es\/eielcastillo\/files\/2023\/02\/Imagen_PAC2022-23_feb_33.jpeg\"><img loading=\"lazy\" decoding=\"async\" class=\"alignnone size-medium wp-image-14926\" src=\"https:\/\/blogsaverroes.juntadeandalucia.es\/eielcastillo\/files\/2023\/02\/Imagen_PAC2022-23_feb_33-225x300.jpeg\" alt=\"\" width=\"225\" height=\"300\" srcset=\"https:\/\/blogsaverroes.juntadeandalucia.es\/eielcastillo\/files\/2023\/02\/Imagen_PAC2022-23_feb_33-225x300.jpeg 225w, https:\/\/blogsaverroes.juntadeandalucia.es\/eielcastillo\/files\/2023\/02\/Imagen_PAC2022-23_feb_33.jpeg 768w\" sizes=\"(max-width: 225px) 100vw, 225px\" \/><\/a> <a href=\"https:\/\/blogsaverroes.juntadeandalucia.es\/eielcastillo\/files\/2023\/02\/Imagen_PAC2022-23_feb_34.jpeg\"><img loading=\"lazy\" decoding=\"async\" class=\"alignnone size-medium wp-image-14927\" src=\"https:\/\/blogsaverroes.juntadeandalucia.es\/eielcastillo\/files\/2023\/02\/Imagen_PAC2022-23_feb_34-300x225.jpeg\" alt=\"\" width=\"300\" height=\"225\" srcset=\"https:\/\/blogsaverroes.juntadeandalucia.es\/eielcastillo\/files\/2023\/02\/Imagen_PAC2022-23_feb_34-300x225.jpeg 300w, https:\/\/blogsaverroes.juntadeandalucia.es\/eielcastillo\/files\/2023\/02\/Imagen_PAC2022-23_feb_34-768x576.jpeg 768w, https:\/\/blogsaverroes.juntadeandalucia.es\/eielcastillo\/files\/2023\/02\/Imagen_PAC2022-23_feb_34.jpeg 1024w\" sizes=\"(max-width: 300px) 100vw, 300px\" \/><\/a> <a href=\"https:\/\/blogsaverroes.juntadeandalucia.es\/eielcastillo\/files\/2023\/02\/Imagen_PAC2022-23_feb_35.jpeg\"><img loading=\"lazy\" decoding=\"async\" class=\"alignnone size-medium wp-image-14928\" src=\"https:\/\/blogsaverroes.juntadeandalucia.es\/eielcastillo\/files\/2023\/02\/Imagen_PAC2022-23_feb_35-225x300.jpeg\" alt=\"\" width=\"225\" height=\"300\" srcset=\"https:\/\/blogsaverroes.juntadeandalucia.es\/eielcastillo\/files\/2023\/02\/Imagen_PAC2022-23_feb_35-225x300.jpeg 225w, https:\/\/blogsaverroes.juntadeandalucia.es\/eielcastillo\/files\/2023\/02\/Imagen_PAC2022-23_feb_35.jpeg 768w\" sizes=\"(max-width: 225px) 100vw, 225px\" \/><\/a> <a href=\"https:\/\/blogsaverroes.juntadeandalucia.es\/eielcastillo\/files\/2023\/02\/Imagen_PAC2022-23_feb_36.jpeg\"><img loading=\"lazy\" decoding=\"async\" class=\"alignnone size-medium wp-image-14929\" src=\"https:\/\/blogsaverroes.juntadeandalucia.es\/eielcastillo\/files\/2023\/02\/Imagen_PAC2022-23_feb_36-300x225.jpeg\" alt=\"\" width=\"300\" height=\"225\" srcset=\"https:\/\/blogsaverroes.juntadeandalucia.es\/eielcastillo\/files\/2023\/02\/Imagen_PAC2022-23_feb_36-300x225.jpeg 300w, https:\/\/blogsaverroes.juntadeandalucia.es\/eielcastillo\/files\/2023\/02\/Imagen_PAC2022-23_feb_36-768x576.jpeg 768w, https:\/\/blogsaverroes.juntadeandalucia.es\/eielcastillo\/files\/2023\/02\/Imagen_PAC2022-23_feb_36.jpeg 1024w\" sizes=\"(max-width: 300px) 100vw, 300px\" \/><\/a> <a href=\"https:\/\/blogsaverroes.juntadeandalucia.es\/eielcastillo\/files\/2023\/02\/Imagen_PAC2022-23_feb_37.jpeg\"><img loading=\"lazy\" decoding=\"async\" class=\"alignnone size-medium wp-image-14930\" src=\"https:\/\/blogsaverroes.juntadeandalucia.es\/eielcastillo\/files\/2023\/02\/Imagen_PAC2022-23_feb_37-226x300.jpeg\" alt=\"\" width=\"226\" height=\"300\" srcset=\"https:\/\/blogsaverroes.juntadeandalucia.es\/eielcastillo\/files\/2023\/02\/Imagen_PAC2022-23_feb_37-226x300.jpeg 226w, https:\/\/blogsaverroes.juntadeandalucia.es\/eielcastillo\/files\/2023\/02\/Imagen_PAC2022-23_feb_37-771x1024.jpeg 771w, https:\/\/blogsaverroes.juntadeandalucia.es\/eielcastillo\/files\/2023\/02\/Imagen_PAC2022-23_feb_37-768x1021.jpeg 768w, https:\/\/blogsaverroes.juntadeandalucia.es\/eielcastillo\/files\/2023\/02\/Imagen_PAC2022-23_feb_37-1156x1536.jpeg 1156w, https:\/\/blogsaverroes.juntadeandalucia.es\/eielcastillo\/files\/2023\/02\/Imagen_PAC2022-23_feb_37.jpeg 1204w\" sizes=\"(max-width: 226px) 100vw, 226px\" \/><\/a> <a href=\"https:\/\/blogsaverroes.juntadeandalucia.es\/eielcastillo\/files\/2023\/02\/Imagen_PAC2022-23_feb_38.jpeg\"><img loading=\"lazy\" decoding=\"async\" class=\"alignnone size-medium wp-image-14931\" src=\"https:\/\/blogsaverroes.juntadeandalucia.es\/eielcastillo\/files\/2023\/02\/Imagen_PAC2022-23_feb_38-226x300.jpeg\" alt=\"\" width=\"226\" height=\"300\" srcset=\"https:\/\/blogsaverroes.juntadeandalucia.es\/eielcastillo\/files\/2023\/02\/Imagen_PAC2022-23_feb_38-226x300.jpeg 226w, https:\/\/blogsaverroes.juntadeandalucia.es\/eielcastillo\/files\/2023\/02\/Imagen_PAC2022-23_feb_38-771x1024.jpeg 771w, https:\/\/blogsaverroes.juntadeandalucia.es\/eielcastillo\/files\/2023\/02\/Imagen_PAC2022-23_feb_38-768x1021.jpeg 768w, https:\/\/blogsaverroes.juntadeandalucia.es\/eielcastillo\/files\/2023\/02\/Imagen_PAC2022-23_feb_38-1156x1536.jpeg 1156w, https:\/\/blogsaverroes.juntadeandalucia.es\/eielcastillo\/files\/2023\/02\/Imagen_PAC2022-23_feb_38.jpeg 1204w\" sizes=\"(max-width: 226px) 100vw, 226px\" \/><\/a><\/p>\n<p>&nbsp;<\/p>\n","protected":false},"excerpt":{"rendered":"<p>&nbsp;&nbsp; El 22 de diciembre de 2015, la Asamblea General de las Nacionas Unidas, decidi\u00f3 establecer un D\u00eda Internacional anual para reconocer el rol cr\u00edtico&hellip;<\/p>\n","protected":false},"author":3249,"featured_media":0,"comment_status":"closed","ping_status":"closed","sticky":false,"template":"","format":"standard","meta":{"ngg_post_thumbnail":0,"footnotes":""},"categories":[926],"tags":[],"aioseo_notices":[],"_links":{"self":[{"href":"https:\/\/blogsaverroes.juntadeandalucia.es\/eielcastillo\/index.php?rest_route=\/wp\/v2\/posts\/14905"}],"collection":[{"href":"https:\/\/blogsaverroes.juntadeandalucia.es\/eielcastillo\/index.php?rest_route=\/wp\/v2\/posts"}],"about":[{"href":"https:\/\/blogsaverroes.juntadeandalucia.es\/eielcastillo\/index.php?rest_route=\/wp\/v2\/types\/post"}],"author":[{"embeddable":true,"href":"https:\/\/blogsaverroes.juntadeandalucia.es\/eielcastillo\/index.php?rest_route=\/wp\/v2\/users\/3249"}],"replies":[{"embeddable":true,"href":"https:\/\/blogsaverroes.juntadeandalucia.es\/eielcastillo\/index.php?rest_route=%2Fwp%2Fv2%2Fcomments&post=14905"}],"version-history":[{"count":8,"href":"https:\/\/blogsaverroes.juntadeandalucia.es\/eielcastillo\/index.php?rest_route=\/wp\/v2\/posts\/14905\/revisions"}],"predecessor-version":[{"id":14935,"href":"https:\/\/blogsaverroes.juntadeandalucia.es\/eielcastillo\/index.php?rest_route=\/wp\/v2\/posts\/14905\/revisions\/14935"}],"wp:attachment":[{"href":"https:\/\/blogsaverroes.juntadeandalucia.es\/eielcastillo\/index.php?rest_route=%2Fwp%2Fv2%2Fmedia&parent=14905"}],"wp:term":[{"taxonomy":"category","embeddable":true,"href":"https:\/\/blogsaverroes.juntadeandalucia.es\/eielcastillo\/index.php?rest_route=%2Fwp%2Fv2%2Fcategories&post=14905"},{"taxonomy":"post_tag","embeddable":true,"href":"https:\/\/blogsaverroes.juntadeandalucia.es\/eielcastillo\/index.php?rest_route=%2Fwp%2Fv2%2Ftags&post=14905"}],"curies":[{"name":"wp","href":"https:\/\/api.w.org\/{rel}","templated":true}]}}