{"id":14953,"date":"2023-02-14T14:49:42","date_gmt":"2023-02-14T13:49:42","guid":{"rendered":"https:\/\/blogsaverroes.juntadeandalucia.es\/eielcastillo\/?p=14953"},"modified":"2023-02-14T15:17:40","modified_gmt":"2023-02-14T14:17:40","slug":"hay-que-compartir-el-pez-arcoiris","status":"publish","type":"post","link":"https:\/\/blogsaverroes.juntadeandalucia.es\/eielcastillo\/?p=14953","title":{"rendered":"Hay que compartir, EL PEZ ARCOIRIS"},"content":{"rendered":"<p style=\"text-align: justify\">&nbsp;&nbsp; <a href=\"https:\/\/blogsaverroes.juntadeandalucia.es\/eielcastillo\/files\/2023\/02\/Imagen_ElPezArcoIris.jpg\"><img loading=\"lazy\" decoding=\"async\" class=\"wp-image-14955 alignleft\" src=\"https:\/\/blogsaverroes.juntadeandalucia.es\/eielcastillo\/files\/2023\/02\/Imagen_ElPezArcoIris-228x300.jpg\" alt=\"\" width=\"133\" height=\"175\" srcset=\"https:\/\/blogsaverroes.juntadeandalucia.es\/eielcastillo\/files\/2023\/02\/Imagen_ElPezArcoIris-228x300.jpg 228w, https:\/\/blogsaverroes.juntadeandalucia.es\/eielcastillo\/files\/2023\/02\/Imagen_ElPezArcoIris-778x1024.jpg 778w, https:\/\/blogsaverroes.juntadeandalucia.es\/eielcastillo\/files\/2023\/02\/Imagen_ElPezArcoIris-768x1011.jpg 768w, https:\/\/blogsaverroes.juntadeandalucia.es\/eielcastillo\/files\/2023\/02\/Imagen_ElPezArcoIris.jpg 912w\" sizes=\"(max-width: 133px) 100vw, 133px\" \/><\/a>Hoy ha tenido lugar la representaci\u00f3n del cuento &#8220;El pez ARCOIRIS&#8221;. Es el cuento que presentaba la quinta tarjeta el programa de Valores y Educaci\u00f3n Emocional, la correspondiente al mes de febrero.<\/p>\n<p style=\"text-align: justify\"><span style=\"color: #0000ff\">&nbsp;&nbsp; El pez Arcoiris era el pez m\u00e1s bonito de todos gracias a sus escamas brillantes de todos los colores. Era admirado por todos los dem\u00e1s peces, que siempre le ped\u00edan que jugase con ellos a pesar de la indiferencia que \u00e9ste les mostraba. Un d\u00eda, un pececito azul se acerca para pedirle una de sus muchas escamas de colores, pero de forma muy grosera se niega rotundamente, no quiere compartir. El cuento nos presenta a un pez muy presumido y engre\u00eddo, que se muestra poco amable y cari\u00f1oso con los dem\u00e1s y que no est\u00e1 dispuesto a compartir con nadie aquello que lo convierte en el pez m\u00e1s hermoso del oc\u00e9ano: sus escamas. Por estas razones, los dem\u00e1s peces no quieren ser sus amigos, y \u00e9l se siente triste y solo. Siguiendo los consejos de un sabio pulpo, empezar\u00e1 a compartir sus escamas que, como si de trocitos de felicidad se trataran, repartir\u00e1n alegr\u00eda y har\u00e1n sentir muy dichosos a los dem\u00e1s peces. Al ver la reacci\u00f3n que sus escamas producen a su alrededor, el pez Arcoiris tambi\u00e9n se sentir\u00e1 mucho mejor y, a partir de ese momento, ser\u00e1 aceptado por todos y tendr\u00e1 muchos amigos.<\/span><\/p>\n<p>Este es el video:<\/p>\n<p><iframe loading=\"lazy\" src=\"https:\/\/www.youtube.com\/embed\/DVCM7du8PRU\" width=\"640\" height=\"362\" frameborder=\"0\"><\/iframe>&nbsp;<\/p>\n<p>\u00c9stas son algunas de la im\u00e1genes:<\/p>\n<p><a href=\"https:\/\/blogsaverroes.juntadeandalucia.es\/eielcastillo\/files\/2023\/02\/Imagen_PAC2022-23_feb_40.jpg\"><img loading=\"lazy\" decoding=\"async\" class=\"alignnone size-medium wp-image-14957\" src=\"https:\/\/blogsaverroes.juntadeandalucia.es\/eielcastillo\/files\/2023\/02\/Imagen_PAC2022-23_feb_40-300x169.jpg\" alt=\"\" width=\"300\" height=\"169\" srcset=\"https:\/\/blogsaverroes.juntadeandalucia.es\/eielcastillo\/files\/2023\/02\/Imagen_PAC2022-23_feb_40-300x169.jpg 300w, https:\/\/blogsaverroes.juntadeandalucia.es\/eielcastillo\/files\/2023\/02\/Imagen_PAC2022-23_feb_40-1024x576.jpg 1024w, https:\/\/blogsaverroes.juntadeandalucia.es\/eielcastillo\/files\/2023\/02\/Imagen_PAC2022-23_feb_40-768x432.jpg 768w, https:\/\/blogsaverroes.juntadeandalucia.es\/eielcastillo\/files\/2023\/02\/Imagen_PAC2022-23_feb_40-1536x864.jpg 1536w, https:\/\/blogsaverroes.juntadeandalucia.es\/eielcastillo\/files\/2023\/02\/Imagen_PAC2022-23_feb_40.jpg 1600w\" sizes=\"(max-width: 300px) 100vw, 300px\" \/><\/a> <a href=\"https:\/\/blogsaverroes.juntadeandalucia.es\/eielcastillo\/files\/2023\/02\/Imagen_PAC2022-23_feb_41.jpg\"><img loading=\"lazy\" decoding=\"async\" class=\"alignnone size-medium wp-image-14958\" src=\"https:\/\/blogsaverroes.juntadeandalucia.es\/eielcastillo\/files\/2023\/02\/Imagen_PAC2022-23_feb_41-300x169.jpg\" alt=\"\" width=\"300\" height=\"169\" srcset=\"https:\/\/blogsaverroes.juntadeandalucia.es\/eielcastillo\/files\/2023\/02\/Imagen_PAC2022-23_feb_41-300x169.jpg 300w, https:\/\/blogsaverroes.juntadeandalucia.es\/eielcastillo\/files\/2023\/02\/Imagen_PAC2022-23_feb_41-1024x576.jpg 1024w, https:\/\/blogsaverroes.juntadeandalucia.es\/eielcastillo\/files\/2023\/02\/Imagen_PAC2022-23_feb_41-768x432.jpg 768w, https:\/\/blogsaverroes.juntadeandalucia.es\/eielcastillo\/files\/2023\/02\/Imagen_PAC2022-23_feb_41-1536x864.jpg 1536w, https:\/\/blogsaverroes.juntadeandalucia.es\/eielcastillo\/files\/2023\/02\/Imagen_PAC2022-23_feb_41.jpg 1600w\" sizes=\"(max-width: 300px) 100vw, 300px\" \/><\/a> <a href=\"https:\/\/blogsaverroes.juntadeandalucia.es\/eielcastillo\/files\/2023\/02\/Imagen_PAC2022-23_feb_42.jpg\"><img loading=\"lazy\" decoding=\"async\" class=\"alignnone size-medium wp-image-14959\" src=\"https:\/\/blogsaverroes.juntadeandalucia.es\/eielcastillo\/files\/2023\/02\/Imagen_PAC2022-23_feb_42-300x169.jpg\" alt=\"\" width=\"300\" height=\"169\" srcset=\"https:\/\/blogsaverroes.juntadeandalucia.es\/eielcastillo\/files\/2023\/02\/Imagen_PAC2022-23_feb_42-300x169.jpg 300w, https:\/\/blogsaverroes.juntadeandalucia.es\/eielcastillo\/files\/2023\/02\/Imagen_PAC2022-23_feb_42-1024x576.jpg 1024w, https:\/\/blogsaverroes.juntadeandalucia.es\/eielcastillo\/files\/2023\/02\/Imagen_PAC2022-23_feb_42-768x432.jpg 768w, https:\/\/blogsaverroes.juntadeandalucia.es\/eielcastillo\/files\/2023\/02\/Imagen_PAC2022-23_feb_42-1536x864.jpg 1536w, https:\/\/blogsaverroes.juntadeandalucia.es\/eielcastillo\/files\/2023\/02\/Imagen_PAC2022-23_feb_42.jpg 1600w\" sizes=\"(max-width: 300px) 100vw, 300px\" \/><\/a> <a href=\"https:\/\/blogsaverroes.juntadeandalucia.es\/eielcastillo\/files\/2023\/02\/Imagen_PAC2022-23_feb_43.jpg\"><img loading=\"lazy\" decoding=\"async\" class=\"alignnone size-medium wp-image-14960\" src=\"https:\/\/blogsaverroes.juntadeandalucia.es\/eielcastillo\/files\/2023\/02\/Imagen_PAC2022-23_feb_43-300x169.jpg\" alt=\"\" width=\"300\" height=\"169\" srcset=\"https:\/\/blogsaverroes.juntadeandalucia.es\/eielcastillo\/files\/2023\/02\/Imagen_PAC2022-23_feb_43-300x169.jpg 300w, https:\/\/blogsaverroes.juntadeandalucia.es\/eielcastillo\/files\/2023\/02\/Imagen_PAC2022-23_feb_43-1024x576.jpg 1024w, https:\/\/blogsaverroes.juntadeandalucia.es\/eielcastillo\/files\/2023\/02\/Imagen_PAC2022-23_feb_43-768x432.jpg 768w, https:\/\/blogsaverroes.juntadeandalucia.es\/eielcastillo\/files\/2023\/02\/Imagen_PAC2022-23_feb_43-1536x864.jpg 1536w, https:\/\/blogsaverroes.juntadeandalucia.es\/eielcastillo\/files\/2023\/02\/Imagen_PAC2022-23_feb_43.jpg 1600w\" sizes=\"(max-width: 300px) 100vw, 300px\" \/><\/a> <a href=\"https:\/\/blogsaverroes.juntadeandalucia.es\/eielcastillo\/files\/2023\/02\/Imagen_PAC2022-23_feb_45.jpg\"><img loading=\"lazy\" decoding=\"async\" class=\"alignnone size-medium wp-image-14961\" src=\"https:\/\/blogsaverroes.juntadeandalucia.es\/eielcastillo\/files\/2023\/02\/Imagen_PAC2022-23_feb_45-300x169.jpg\" alt=\"\" width=\"300\" height=\"169\" srcset=\"https:\/\/blogsaverroes.juntadeandalucia.es\/eielcastillo\/files\/2023\/02\/Imagen_PAC2022-23_feb_45-300x169.jpg 300w, https:\/\/blogsaverroes.juntadeandalucia.es\/eielcastillo\/files\/2023\/02\/Imagen_PAC2022-23_feb_45-1024x576.jpg 1024w, https:\/\/blogsaverroes.juntadeandalucia.es\/eielcastillo\/files\/2023\/02\/Imagen_PAC2022-23_feb_45-768x432.jpg 768w, https:\/\/blogsaverroes.juntadeandalucia.es\/eielcastillo\/files\/2023\/02\/Imagen_PAC2022-23_feb_45-1536x864.jpg 1536w, https:\/\/blogsaverroes.juntadeandalucia.es\/eielcastillo\/files\/2023\/02\/Imagen_PAC2022-23_feb_45.jpg 1600w\" sizes=\"(max-width: 300px) 100vw, 300px\" \/><\/a> <a href=\"https:\/\/blogsaverroes.juntadeandalucia.es\/eielcastillo\/files\/2023\/02\/Imagen_PAC2022-23_feb_44-scaled.jpg\"><img loading=\"lazy\" decoding=\"async\" class=\"alignnone size-medium wp-image-14967\" src=\"https:\/\/blogsaverroes.juntadeandalucia.es\/eielcastillo\/files\/2023\/02\/Imagen_PAC2022-23_feb_44-300x169.jpg\" alt=\"\" width=\"300\" height=\"169\" srcset=\"https:\/\/blogsaverroes.juntadeandalucia.es\/eielcastillo\/files\/2023\/02\/Imagen_PAC2022-23_feb_44-300x169.jpg 300w, https:\/\/blogsaverroes.juntadeandalucia.es\/eielcastillo\/files\/2023\/02\/Imagen_PAC2022-23_feb_44-1024x576.jpg 1024w, https:\/\/blogsaverroes.juntadeandalucia.es\/eielcastillo\/files\/2023\/02\/Imagen_PAC2022-23_feb_44-768x432.jpg 768w, https:\/\/blogsaverroes.juntadeandalucia.es\/eielcastillo\/files\/2023\/02\/Imagen_PAC2022-23_feb_44-1536x864.jpg 1536w, https:\/\/blogsaverroes.juntadeandalucia.es\/eielcastillo\/files\/2023\/02\/Imagen_PAC2022-23_feb_44-2048x1152.jpg 2048w\" sizes=\"(max-width: 300px) 100vw, 300px\" \/><\/a> <a href=\"https:\/\/blogsaverroes.juntadeandalucia.es\/eielcastillo\/files\/2023\/02\/Imagen_PAC2022-23_feb_49.jpeg\"><img loading=\"lazy\" decoding=\"async\" class=\"alignnone size-medium wp-image-14965\" src=\"https:\/\/blogsaverroes.juntadeandalucia.es\/eielcastillo\/files\/2023\/02\/Imagen_PAC2022-23_feb_49-300x283.jpeg\" alt=\"\" width=\"300\" height=\"283\" srcset=\"https:\/\/blogsaverroes.juntadeandalucia.es\/eielcastillo\/files\/2023\/02\/Imagen_PAC2022-23_feb_49-300x283.jpeg 300w, https:\/\/blogsaverroes.juntadeandalucia.es\/eielcastillo\/files\/2023\/02\/Imagen_PAC2022-23_feb_49.jpeg 766w\" sizes=\"(max-width: 300px) 100vw, 300px\" \/><\/a> <a href=\"https:\/\/blogsaverroes.juntadeandalucia.es\/eielcastillo\/files\/2023\/02\/Imagen_PAC2022-23_feb_48.jpeg\"><img loading=\"lazy\" decoding=\"async\" class=\"alignnone size-medium wp-image-14964\" src=\"https:\/\/blogsaverroes.juntadeandalucia.es\/eielcastillo\/files\/2023\/02\/Imagen_PAC2022-23_feb_48-300x194.jpeg\" alt=\"\" width=\"300\" height=\"194\" srcset=\"https:\/\/blogsaverroes.juntadeandalucia.es\/eielcastillo\/files\/2023\/02\/Imagen_PAC2022-23_feb_48-300x194.jpeg 300w, https:\/\/blogsaverroes.juntadeandalucia.es\/eielcastillo\/files\/2023\/02\/Imagen_PAC2022-23_feb_48-768x496.jpeg 768w, https:\/\/blogsaverroes.juntadeandalucia.es\/eielcastillo\/files\/2023\/02\/Imagen_PAC2022-23_feb_48-280x180.jpeg 280w, https:\/\/blogsaverroes.juntadeandalucia.es\/eielcastillo\/files\/2023\/02\/Imagen_PAC2022-23_feb_48.jpeg 1018w\" sizes=\"(max-width: 300px) 100vw, 300px\" \/><\/a> <a href=\"https:\/\/blogsaverroes.juntadeandalucia.es\/eielcastillo\/files\/2023\/02\/Imagen_PAC2022-23_feb_47.jpg\"><img loading=\"lazy\" decoding=\"async\" class=\"alignnone size-medium wp-image-14963\" src=\"https:\/\/blogsaverroes.juntadeandalucia.es\/eielcastillo\/files\/2023\/02\/Imagen_PAC2022-23_feb_47-300x169.jpg\" alt=\"\" width=\"300\" height=\"169\" srcset=\"https:\/\/blogsaverroes.juntadeandalucia.es\/eielcastillo\/files\/2023\/02\/Imagen_PAC2022-23_feb_47-300x169.jpg 300w, https:\/\/blogsaverroes.juntadeandalucia.es\/eielcastillo\/files\/2023\/02\/Imagen_PAC2022-23_feb_47-1024x576.jpg 1024w, https:\/\/blogsaverroes.juntadeandalucia.es\/eielcastillo\/files\/2023\/02\/Imagen_PAC2022-23_feb_47-768x432.jpg 768w, https:\/\/blogsaverroes.juntadeandalucia.es\/eielcastillo\/files\/2023\/02\/Imagen_PAC2022-23_feb_47-1536x864.jpg 1536w, https:\/\/blogsaverroes.juntadeandalucia.es\/eielcastillo\/files\/2023\/02\/Imagen_PAC2022-23_feb_47.jpg 1600w\" sizes=\"(max-width: 300px) 100vw, 300px\" \/><\/a> <a href=\"https:\/\/blogsaverroes.juntadeandalucia.es\/eielcastillo\/files\/2023\/02\/Imagen_PAC2022-23_feb_46.jpg\"><img loading=\"lazy\" decoding=\"async\" class=\"alignnone size-medium wp-image-14962\" src=\"https:\/\/blogsaverroes.juntadeandalucia.es\/eielcastillo\/files\/2023\/02\/Imagen_PAC2022-23_feb_46-300x169.jpg\" alt=\"\" width=\"300\" height=\"169\" srcset=\"https:\/\/blogsaverroes.juntadeandalucia.es\/eielcastillo\/files\/2023\/02\/Imagen_PAC2022-23_feb_46-300x169.jpg 300w, https:\/\/blogsaverroes.juntadeandalucia.es\/eielcastillo\/files\/2023\/02\/Imagen_PAC2022-23_feb_46-1024x576.jpg 1024w, https:\/\/blogsaverroes.juntadeandalucia.es\/eielcastillo\/files\/2023\/02\/Imagen_PAC2022-23_feb_46-768x432.jpg 768w, https:\/\/blogsaverroes.juntadeandalucia.es\/eielcastillo\/files\/2023\/02\/Imagen_PAC2022-23_feb_46-1536x864.jpg 1536w, https:\/\/blogsaverroes.juntadeandalucia.es\/eielcastillo\/files\/2023\/02\/Imagen_PAC2022-23_feb_46.jpg 1600w\" sizes=\"(max-width: 300px) 100vw, 300px\" \/><\/a> <a href=\"https:\/\/blogsaverroes.juntadeandalucia.es\/eielcastillo\/files\/2023\/02\/Imagen_PAC2022-23_feb_50.jpg\"><img loading=\"lazy\" decoding=\"async\" class=\"alignnone size-medium wp-image-14966\" src=\"https:\/\/blogsaverroes.juntadeandalucia.es\/eielcastillo\/files\/2023\/02\/Imagen_PAC2022-23_feb_50-300x149.jpg\" alt=\"\" width=\"300\" height=\"149\" srcset=\"https:\/\/blogsaverroes.juntadeandalucia.es\/eielcastillo\/files\/2023\/02\/Imagen_PAC2022-23_feb_50-300x149.jpg 300w, https:\/\/blogsaverroes.juntadeandalucia.es\/eielcastillo\/files\/2023\/02\/Imagen_PAC2022-23_feb_50-1024x510.jpg 1024w, https:\/\/blogsaverroes.juntadeandalucia.es\/eielcastillo\/files\/2023\/02\/Imagen_PAC2022-23_feb_50-768x382.jpg 768w, https:\/\/blogsaverroes.juntadeandalucia.es\/eielcastillo\/files\/2023\/02\/Imagen_PAC2022-23_feb_50-1536x765.jpg 1536w, https:\/\/blogsaverroes.juntadeandalucia.es\/eielcastillo\/files\/2023\/02\/Imagen_PAC2022-23_feb_50-2048x1020.jpg 2048w\" sizes=\"(max-width: 300px) 100vw, 300px\" \/><\/a><\/p>\n<p>El cuento est\u00e1 digitalizado y puedes verlo en nuestra moodle, accede al aula virtual &#8220;Biblioteca Digital&#8221;.<\/p>\n<p>&nbsp;<\/p>\n","protected":false},"excerpt":{"rendered":"<p>&nbsp;&nbsp; Hoy ha tenido lugar la representaci\u00f3n del cuento &#8220;El pez ARCOIRIS&#8221;. Es el cuento que presentaba la quinta tarjeta el programa de Valores y&hellip;<\/p>\n","protected":false},"author":3249,"featured_media":0,"comment_status":"closed","ping_status":"closed","sticky":false,"template":"","format":"standard","meta":{"ngg_post_thumbnail":0,"footnotes":""},"categories":[926],"tags":[],"aioseo_notices":[],"_links":{"self":[{"href":"https:\/\/blogsaverroes.juntadeandalucia.es\/eielcastillo\/index.php?rest_route=\/wp\/v2\/posts\/14953"}],"collection":[{"href":"https:\/\/blogsaverroes.juntadeandalucia.es\/eielcastillo\/index.php?rest_route=\/wp\/v2\/posts"}],"about":[{"href":"https:\/\/blogsaverroes.juntadeandalucia.es\/eielcastillo\/index.php?rest_route=\/wp\/v2\/types\/post"}],"author":[{"embeddable":true,"href":"https:\/\/blogsaverroes.juntadeandalucia.es\/eielcastillo\/index.php?rest_route=\/wp\/v2\/users\/3249"}],"replies":[{"embeddable":true,"href":"https:\/\/blogsaverroes.juntadeandalucia.es\/eielcastillo\/index.php?rest_route=%2Fwp%2Fv2%2Fcomments&post=14953"}],"version-history":[{"count":2,"href":"https:\/\/blogsaverroes.juntadeandalucia.es\/eielcastillo\/index.php?rest_route=\/wp\/v2\/posts\/14953\/revisions"}],"predecessor-version":[{"id":14968,"href":"https:\/\/blogsaverroes.juntadeandalucia.es\/eielcastillo\/index.php?rest_route=\/wp\/v2\/posts\/14953\/revisions\/14968"}],"wp:attachment":[{"href":"https:\/\/blogsaverroes.juntadeandalucia.es\/eielcastillo\/index.php?rest_route=%2Fwp%2Fv2%2Fmedia&parent=14953"}],"wp:term":[{"taxonomy":"category","embeddable":true,"href":"https:\/\/blogsaverroes.juntadeandalucia.es\/eielcastillo\/index.php?rest_route=%2Fwp%2Fv2%2Fcategories&post=14953"},{"taxonomy":"post_tag","embeddable":true,"href":"https:\/\/blogsaverroes.juntadeandalucia.es\/eielcastillo\/index.php?rest_route=%2Fwp%2Fv2%2Ftags&post=14953"}],"curies":[{"name":"wp","href":"https:\/\/api.w.org\/{rel}","templated":true}]}}