{"id":15207,"date":"2023-03-03T17:36:54","date_gmt":"2023-03-03T16:36:54","guid":{"rendered":"https:\/\/blogsaverroes.juntadeandalucia.es\/eielcastillo\/?p=15207"},"modified":"2023-03-03T17:57:06","modified_gmt":"2023-03-03T16:57:06","slug":"en-marzo-frutas-y-verduras-en-la-escuela","status":"publish","type":"post","link":"https:\/\/blogsaverroes.juntadeandalucia.es\/eielcastillo\/?p=15207","title":{"rendered":"En marzo, FRUTAS Y VERDURAS EN LA ESCUELA"},"content":{"rendered":"<p style=\"text-align: justify\"><a href=\"https:\/\/blogsaverroes.juntadeandalucia.es\/eielcastillo\/files\/2023\/02\/Imagen_post-frutaEscuela_cartel.jpg\"><img loading=\"lazy\" decoding=\"async\" class=\"size-full wp-image-14998 alignleft\" src=\"https:\/\/blogsaverroes.juntadeandalucia.es\/eielcastillo\/files\/2023\/02\/Imagen_post-frutaEscuela_cartel.jpg\" alt=\"\" width=\"290\" height=\"248\"><\/a><span style=\"color: #808000\"><strong>El primer d\u00eda de este mes de marzo recibimos la segunda entrega de frutas y verduras, dentro del Programa Consumo de Frutas y Verduras en la Escuela.<\/strong><\/span><\/p>\n<p><a href=\"https:\/\/blogsaverroes.juntadeandalucia.es\/eielcastillo\/?p=14993\"><span style=\"color: #ff0000\"><strong>En febrero recibimos la primera entrega<\/strong><\/span><\/a><\/p>\n<p style=\"text-align: justify\">Entre el mi\u00e9rcoles, jueves y viernes, hemos distribuido las frutas y verduras que nos llegaron, el alumnado las ha degustado seg\u00fan podemos ver en las im\u00e1genes que dejamos m\u00e1s adelante, comprobando el sabor, color, olor y textura de cada una de ellas. Para aprender un poquito m\u00e1s, dejamos unos videos muy cortitos.<\/p>\n<p><strong>Naranja troceada en rodajas, mandarinas y zanahoria, fueron los productos recibidos.<\/strong><\/p>\n<p><a href=\"https:\/\/blogsaverroes.juntadeandalucia.es\/eielcastillo\/files\/2023\/03\/Imagen_post-frutas-marzo-1.jpg\"><img loading=\"lazy\" decoding=\"async\" class=\"alignnone size-full wp-image-15211\" src=\"https:\/\/blogsaverroes.juntadeandalucia.es\/eielcastillo\/files\/2023\/03\/Imagen_post-frutas-marzo-1.jpg\" alt=\"\" width=\"638\" height=\"162\" srcset=\"https:\/\/blogsaverroes.juntadeandalucia.es\/eielcastillo\/files\/2023\/03\/Imagen_post-frutas-marzo-1.jpg 638w, https:\/\/blogsaverroes.juntadeandalucia.es\/eielcastillo\/files\/2023\/03\/Imagen_post-frutas-marzo-1-300x76.jpg 300w\" sizes=\"(max-width: 638px) 100vw, 638px\" \/><\/a><\/p>\n<p style=\"text-align: justify\">El programa de Consumo de Frutas y Verduras en la Escuela es un programa de la Junta de Andaluc\u00eda, incluido en CRECIENDO EN SALUD, a trav\u00e9s del que se pretende sensibilizar sobre la importancia de llevar una alimentaci\u00f3n variada y equilibrada basada en la dieta mediterr\u00e1nea, haciendo especial \u00e9nfasis en el aumento del consumo de frutas y hortalizas.<\/p>\n<p style=\"text-align: justify\"><span style=\"color: #800000\">Gracias a las familias que colaboraron pelando las frutas, una actividad m\u00e1s que mejora la convivencia y nos motiva a todos.<\/span><\/p>\n<p><span style=\"color: #008000\"><span style=\"color: #800000\"><strong>Mira estas im\u00e1genes<\/strong><\/span> (cada imagen podr\u00e1s verla a su tama\u00f1o original si haces &#8220;clic&#8221; sobre ella)<\/span><\/p>\n<p><a href=\"https:\/\/blogsaverroes.juntadeandalucia.es\/eielcastillo\/files\/2023\/03\/Imagen_PAC2022-23_mar_01.jpeg\"><img loading=\"lazy\" decoding=\"async\" class=\"alignnone wp-image-15214\" src=\"https:\/\/blogsaverroes.juntadeandalucia.es\/eielcastillo\/files\/2023\/03\/Imagen_PAC2022-23_mar_01.jpeg\" alt=\"\" width=\"261\" height=\"348\" srcset=\"https:\/\/blogsaverroes.juntadeandalucia.es\/eielcastillo\/files\/2023\/03\/Imagen_PAC2022-23_mar_01.jpeg 1536w, https:\/\/blogsaverroes.juntadeandalucia.es\/eielcastillo\/files\/2023\/03\/Imagen_PAC2022-23_mar_01-225x300.jpeg 225w, https:\/\/blogsaverroes.juntadeandalucia.es\/eielcastillo\/files\/2023\/03\/Imagen_PAC2022-23_mar_01-768x1024.jpeg 768w, https:\/\/blogsaverroes.juntadeandalucia.es\/eielcastillo\/files\/2023\/03\/Imagen_PAC2022-23_mar_01-1152x1536.jpeg 1152w\" sizes=\"(max-width: 261px) 100vw, 261px\" \/><\/a> <a href=\"https:\/\/blogsaverroes.juntadeandalucia.es\/eielcastillo\/files\/2023\/03\/Imagen_PAC2022-23_mar_02.jpeg\"><img loading=\"lazy\" decoding=\"async\" class=\"alignnone wp-image-15215\" src=\"https:\/\/blogsaverroes.juntadeandalucia.es\/eielcastillo\/files\/2023\/03\/Imagen_PAC2022-23_mar_02.jpeg\" alt=\"\" width=\"261\" height=\"196\" srcset=\"https:\/\/blogsaverroes.juntadeandalucia.es\/eielcastillo\/files\/2023\/03\/Imagen_PAC2022-23_mar_02.jpeg 2048w, https:\/\/blogsaverroes.juntadeandalucia.es\/eielcastillo\/files\/2023\/03\/Imagen_PAC2022-23_mar_02-300x225.jpeg 300w, https:\/\/blogsaverroes.juntadeandalucia.es\/eielcastillo\/files\/2023\/03\/Imagen_PAC2022-23_mar_02-1024x768.jpeg 1024w, https:\/\/blogsaverroes.juntadeandalucia.es\/eielcastillo\/files\/2023\/03\/Imagen_PAC2022-23_mar_02-768x576.jpeg 768w, https:\/\/blogsaverroes.juntadeandalucia.es\/eielcastillo\/files\/2023\/03\/Imagen_PAC2022-23_mar_02-1536x1152.jpeg 1536w\" sizes=\"(max-width: 261px) 100vw, 261px\" \/><\/a> <a href=\"https:\/\/blogsaverroes.juntadeandalucia.es\/eielcastillo\/files\/2023\/03\/Imagen_PAC2022-23_mar_03.jpeg\"><img loading=\"lazy\" decoding=\"async\" class=\"alignnone wp-image-15216\" src=\"https:\/\/blogsaverroes.juntadeandalucia.es\/eielcastillo\/files\/2023\/03\/Imagen_PAC2022-23_mar_03.jpeg\" alt=\"\" width=\"256\" height=\"343\" srcset=\"https:\/\/blogsaverroes.juntadeandalucia.es\/eielcastillo\/files\/2023\/03\/Imagen_PAC2022-23_mar_03.jpeg 1196w, https:\/\/blogsaverroes.juntadeandalucia.es\/eielcastillo\/files\/2023\/03\/Imagen_PAC2022-23_mar_03-224x300.jpeg 224w, https:\/\/blogsaverroes.juntadeandalucia.es\/eielcastillo\/files\/2023\/03\/Imagen_PAC2022-23_mar_03-765x1024.jpeg 765w, https:\/\/blogsaverroes.juntadeandalucia.es\/eielcastillo\/files\/2023\/03\/Imagen_PAC2022-23_mar_03-768x1027.jpeg 768w, https:\/\/blogsaverroes.juntadeandalucia.es\/eielcastillo\/files\/2023\/03\/Imagen_PAC2022-23_mar_03-1148x1536.jpeg 1148w\" sizes=\"(max-width: 256px) 100vw, 256px\" \/><\/a> <a href=\"https:\/\/blogsaverroes.juntadeandalucia.es\/eielcastillo\/files\/2023\/03\/Imagen_PAC2022-23_mar_04.jpeg\"><img loading=\"lazy\" decoding=\"async\" class=\"alignnone wp-image-15217\" src=\"https:\/\/blogsaverroes.juntadeandalucia.es\/eielcastillo\/files\/2023\/03\/Imagen_PAC2022-23_mar_04.jpeg\" alt=\"\" width=\"259\" height=\"346\" srcset=\"https:\/\/blogsaverroes.juntadeandalucia.es\/eielcastillo\/files\/2023\/03\/Imagen_PAC2022-23_mar_04.jpeg 1196w, https:\/\/blogsaverroes.juntadeandalucia.es\/eielcastillo\/files\/2023\/03\/Imagen_PAC2022-23_mar_04-224x300.jpeg 224w, https:\/\/blogsaverroes.juntadeandalucia.es\/eielcastillo\/files\/2023\/03\/Imagen_PAC2022-23_mar_04-765x1024.jpeg 765w, https:\/\/blogsaverroes.juntadeandalucia.es\/eielcastillo\/files\/2023\/03\/Imagen_PAC2022-23_mar_04-768x1027.jpeg 768w, https:\/\/blogsaverroes.juntadeandalucia.es\/eielcastillo\/files\/2023\/03\/Imagen_PAC2022-23_mar_04-1148x1536.jpeg 1148w\" sizes=\"(max-width: 259px) 100vw, 259px\" \/><\/a> <a href=\"https:\/\/blogsaverroes.juntadeandalucia.es\/eielcastillo\/files\/2023\/03\/Imagen_PAC2022-23_mar_05.jpeg\"><img loading=\"lazy\" decoding=\"async\" class=\"alignnone wp-image-15218\" src=\"https:\/\/blogsaverroes.juntadeandalucia.es\/eielcastillo\/files\/2023\/03\/Imagen_PAC2022-23_mar_05.jpeg\" alt=\"\" width=\"263\" height=\"197\" srcset=\"https:\/\/blogsaverroes.juntadeandalucia.es\/eielcastillo\/files\/2023\/03\/Imagen_PAC2022-23_mar_05.jpeg 1024w, https:\/\/blogsaverroes.juntadeandalucia.es\/eielcastillo\/files\/2023\/03\/Imagen_PAC2022-23_mar_05-300x225.jpeg 300w, https:\/\/blogsaverroes.juntadeandalucia.es\/eielcastillo\/files\/2023\/03\/Imagen_PAC2022-23_mar_05-768x576.jpeg 768w\" sizes=\"(max-width: 263px) 100vw, 263px\" \/><\/a> <a href=\"https:\/\/blogsaverroes.juntadeandalucia.es\/eielcastillo\/files\/2023\/03\/Imagen_PAC2022-23_mar_06.jpeg\"><img loading=\"lazy\" decoding=\"async\" class=\"alignnone wp-image-15219\" src=\"https:\/\/blogsaverroes.juntadeandalucia.es\/eielcastillo\/files\/2023\/03\/Imagen_PAC2022-23_mar_06.jpeg\" alt=\"\" width=\"174\" height=\"233\" srcset=\"https:\/\/blogsaverroes.juntadeandalucia.es\/eielcastillo\/files\/2023\/03\/Imagen_PAC2022-23_mar_06.jpeg 1496w, https:\/\/blogsaverroes.juntadeandalucia.es\/eielcastillo\/files\/2023\/03\/Imagen_PAC2022-23_mar_06-224x300.jpeg 224w, https:\/\/blogsaverroes.juntadeandalucia.es\/eielcastillo\/files\/2023\/03\/Imagen_PAC2022-23_mar_06-766x1024.jpeg 766w, https:\/\/blogsaverroes.juntadeandalucia.es\/eielcastillo\/files\/2023\/03\/Imagen_PAC2022-23_mar_06-768x1027.jpeg 768w, https:\/\/blogsaverroes.juntadeandalucia.es\/eielcastillo\/files\/2023\/03\/Imagen_PAC2022-23_mar_06-1149x1536.jpeg 1149w\" sizes=\"(max-width: 174px) 100vw, 174px\" \/><\/a> <a href=\"https:\/\/blogsaverroes.juntadeandalucia.es\/eielcastillo\/files\/2023\/03\/Imagen_PAC2022-23_mar_07.jpeg\"><img loading=\"lazy\" decoding=\"async\" class=\"alignnone wp-image-15220\" src=\"https:\/\/blogsaverroes.juntadeandalucia.es\/eielcastillo\/files\/2023\/03\/Imagen_PAC2022-23_mar_07.jpeg\" alt=\"\" width=\"221\" height=\"166\" srcset=\"https:\/\/blogsaverroes.juntadeandalucia.es\/eielcastillo\/files\/2023\/03\/Imagen_PAC2022-23_mar_07.jpeg 1024w, https:\/\/blogsaverroes.juntadeandalucia.es\/eielcastillo\/files\/2023\/03\/Imagen_PAC2022-23_mar_07-300x225.jpeg 300w, https:\/\/blogsaverroes.juntadeandalucia.es\/eielcastillo\/files\/2023\/03\/Imagen_PAC2022-23_mar_07-768x576.jpeg 768w\" sizes=\"(max-width: 221px) 100vw, 221px\" \/><\/a> <a href=\"https:\/\/blogsaverroes.juntadeandalucia.es\/eielcastillo\/files\/2023\/03\/Imagen_PAC2022-23_mar_08.jpeg\"><img loading=\"lazy\" decoding=\"async\" class=\"alignnone wp-image-15221\" src=\"https:\/\/blogsaverroes.juntadeandalucia.es\/eielcastillo\/files\/2023\/03\/Imagen_PAC2022-23_mar_08.jpeg\" alt=\"\" width=\"225\" height=\"169\" srcset=\"https:\/\/blogsaverroes.juntadeandalucia.es\/eielcastillo\/files\/2023\/03\/Imagen_PAC2022-23_mar_08.jpeg 1024w, https:\/\/blogsaverroes.juntadeandalucia.es\/eielcastillo\/files\/2023\/03\/Imagen_PAC2022-23_mar_08-300x225.jpeg 300w, https:\/\/blogsaverroes.juntadeandalucia.es\/eielcastillo\/files\/2023\/03\/Imagen_PAC2022-23_mar_08-768x576.jpeg 768w\" sizes=\"(max-width: 225px) 100vw, 225px\" \/><\/a> <a href=\"https:\/\/blogsaverroes.juntadeandalucia.es\/eielcastillo\/files\/2023\/03\/Imagen_PAC2022-23_mar_09.jpeg\"><img loading=\"lazy\" decoding=\"async\" class=\"alignnone wp-image-15222\" src=\"https:\/\/blogsaverroes.juntadeandalucia.es\/eielcastillo\/files\/2023\/03\/Imagen_PAC2022-23_mar_09.jpeg\" alt=\"\" width=\"273\" height=\"205\" srcset=\"https:\/\/blogsaverroes.juntadeandalucia.es\/eielcastillo\/files\/2023\/03\/Imagen_PAC2022-23_mar_09.jpeg 1024w, https:\/\/blogsaverroes.juntadeandalucia.es\/eielcastillo\/files\/2023\/03\/Imagen_PAC2022-23_mar_09-300x225.jpeg 300w, https:\/\/blogsaverroes.juntadeandalucia.es\/eielcastillo\/files\/2023\/03\/Imagen_PAC2022-23_mar_09-768x576.jpeg 768w\" sizes=\"(max-width: 273px) 100vw, 273px\" \/><\/a> <a href=\"https:\/\/blogsaverroes.juntadeandalucia.es\/eielcastillo\/files\/2023\/03\/Imagen_PAC2022-23_mar_10.jpeg\"><img loading=\"lazy\" decoding=\"async\" class=\"alignnone wp-image-15223\" src=\"https:\/\/blogsaverroes.juntadeandalucia.es\/eielcastillo\/files\/2023\/03\/Imagen_PAC2022-23_mar_10.jpeg\" alt=\"\" width=\"281\" height=\"211\" srcset=\"https:\/\/blogsaverroes.juntadeandalucia.es\/eielcastillo\/files\/2023\/03\/Imagen_PAC2022-23_mar_10.jpeg 1024w, https:\/\/blogsaverroes.juntadeandalucia.es\/eielcastillo\/files\/2023\/03\/Imagen_PAC2022-23_mar_10-300x225.jpeg 300w, https:\/\/blogsaverroes.juntadeandalucia.es\/eielcastillo\/files\/2023\/03\/Imagen_PAC2022-23_mar_10-768x576.jpeg 768w\" sizes=\"(max-width: 281px) 100vw, 281px\" \/><\/a><\/p>\n<p><span style=\"color: #800000\"><strong>Estos videos est\u00e1n adaptados al alumnado y est\u00e1n relacionados con el tema:<\/strong><\/span><\/p>\n<p><iframe loading=\"lazy\" src=\"https:\/\/www.youtube.com\/embed\/kdxXnKGqVIs\" width=\"640\" height=\"362\" frameborder=\"0\"><\/iframe><\/p>\n<p><iframe loading=\"lazy\" src=\"https:\/\/www.youtube.com\/embed\/isKCKIflydM\" width=\"640\" height=\"362\" frameborder=\"0\"><\/iframe><iframe loading=\"lazy\" src=\"https:\/\/www.youtube.com\/embed\/9NP1QskllmA\" width=\"640\" height=\"362\" frameborder=\"0\"><\/iframe><\/p>\n<p><iframe loading=\"lazy\" src=\"https:\/\/www.youtube.com\/embed\/24zNjzbxwTQ\" width=\"640\" height=\"362\" frameborder=\"0\"><\/iframe><\/p>\n<p>&nbsp;<iframe loading=\"lazy\" src=\"https:\/\/www.youtube.com\/embed\/i5qTCPJkQHs\" width=\"640\" height=\"362\" frameborder=\"0\"><\/iframe><\/p>\n<p>&nbsp;<\/p>\n<p>&nbsp;<\/p>\n","protected":false},"excerpt":{"rendered":"<p>El primer d\u00eda de este mes de marzo recibimos la segunda entrega de frutas y verduras, dentro del Programa Consumo de Frutas y Verduras en&hellip;<\/p>\n","protected":false},"author":3249,"featured_media":0,"comment_status":"closed","ping_status":"closed","sticky":false,"template":"","format":"standard","meta":{"ngg_post_thumbnail":0,"footnotes":""},"categories":[926],"tags":[],"aioseo_notices":[],"_links":{"self":[{"href":"https:\/\/blogsaverroes.juntadeandalucia.es\/eielcastillo\/index.php?rest_route=\/wp\/v2\/posts\/15207"}],"collection":[{"href":"https:\/\/blogsaverroes.juntadeandalucia.es\/eielcastillo\/index.php?rest_route=\/wp\/v2\/posts"}],"about":[{"href":"https:\/\/blogsaverroes.juntadeandalucia.es\/eielcastillo\/index.php?rest_route=\/wp\/v2\/types\/post"}],"author":[{"embeddable":true,"href":"https:\/\/blogsaverroes.juntadeandalucia.es\/eielcastillo\/index.php?rest_route=\/wp\/v2\/users\/3249"}],"replies":[{"embeddable":true,"href":"https:\/\/blogsaverroes.juntadeandalucia.es\/eielcastillo\/index.php?rest_route=%2Fwp%2Fv2%2Fcomments&post=15207"}],"version-history":[{"count":10,"href":"https:\/\/blogsaverroes.juntadeandalucia.es\/eielcastillo\/index.php?rest_route=\/wp\/v2\/posts\/15207\/revisions"}],"predecessor-version":[{"id":15228,"href":"https:\/\/blogsaverroes.juntadeandalucia.es\/eielcastillo\/index.php?rest_route=\/wp\/v2\/posts\/15207\/revisions\/15228"}],"wp:attachment":[{"href":"https:\/\/blogsaverroes.juntadeandalucia.es\/eielcastillo\/index.php?rest_route=%2Fwp%2Fv2%2Fmedia&parent=15207"}],"wp:term":[{"taxonomy":"category","embeddable":true,"href":"https:\/\/blogsaverroes.juntadeandalucia.es\/eielcastillo\/index.php?rest_route=%2Fwp%2Fv2%2Fcategories&post=15207"},{"taxonomy":"post_tag","embeddable":true,"href":"https:\/\/blogsaverroes.juntadeandalucia.es\/eielcastillo\/index.php?rest_route=%2Fwp%2Fv2%2Ftags&post=15207"}],"curies":[{"name":"wp","href":"https:\/\/api.w.org\/{rel}","templated":true}]}}