{"id":15233,"date":"2023-03-08T16:21:04","date_gmt":"2023-03-08T15:21:04","guid":{"rendered":"https:\/\/blogsaverroes.juntadeandalucia.es\/eielcastillo\/?p=15233"},"modified":"2023-03-10T11:50:09","modified_gmt":"2023-03-10T10:50:09","slug":"8-de-marzo-dia-de-la-mujer-2","status":"publish","type":"post","link":"https:\/\/blogsaverroes.juntadeandalucia.es\/eielcastillo\/?p=15233","title":{"rendered":"8 de marzo, D\u00cdA DE LA MUJER"},"content":{"rendered":"<p style=\"text-align: justify\"><a href=\"https:\/\/blogsaverroes.juntadeandalucia.es\/eielcastillo\/files\/2023\/03\/Imagen_post-8M_1.jpg\"><img loading=\"lazy\" decoding=\"async\" class=\"wp-image-15235 alignleft\" src=\"https:\/\/blogsaverroes.juntadeandalucia.es\/eielcastillo\/files\/2023\/03\/Imagen_post-8M_1.jpg\" alt=\"\" width=\"352\" height=\"525\" srcset=\"https:\/\/blogsaverroes.juntadeandalucia.es\/eielcastillo\/files\/2023\/03\/Imagen_post-8M_1.jpg 627w, https:\/\/blogsaverroes.juntadeandalucia.es\/eielcastillo\/files\/2023\/03\/Imagen_post-8M_1-201x300.jpg 201w\" sizes=\"(max-width: 352px) 100vw, 352px\" \/><\/a><strong> &nbsp;<span style=\"color: #008000\"> En 1977, la ONU proclam\u00f3 el 8 de marzo como el D\u00eda para los Derechos de la Mujer y la Paz Internacional.<\/span><\/strong><\/p>\n<p style=\"text-align: justify\">&nbsp;&nbsp; Cada 8 de marzo miles de mujeres en todo el mundo salen a la calle para pedir igualdad. En esa fecha se celebra el <strong>D\u00eda Internacional de la Mujer<\/strong>, efem\u00e9ride antes conocida como D\u00eda Internacional de la Mujer Trabajadora y que, desde hace varios a\u00f1os, se conoce y se nombra en los medios como 8M, en referencia al d\u00eda y al mes en que tiene lugar.<\/p>\n<p style=\"text-align: justify\">&nbsp;&nbsp; En EL CASTILLO programamos una actividad para los d\u00edas 8 y 9 de marzo, en la que como indica el cartel, el alumnado, independientemente de su g\u00e9nero, representa llevar a cabo tareas del hogar, <strong>la CASA DE LA IGUALDAD.<\/strong><\/p>\n<p>&nbsp;<\/p>\n<p>&nbsp;<\/p>\n<p>Como podremos ver en las im\u00e1genes, contamos una vez m\u00e1s con la colaboraci\u00f3n de las familias. Gracias.<\/p>\n<p><a href=\"https:\/\/blogsaverroes.juntadeandalucia.es\/eielcastillo\/files\/2023\/03\/Imagen_PAC2022-23_mar_11.jpeg\"><img loading=\"lazy\" decoding=\"async\" class=\"alignnone wp-image-15239\" src=\"https:\/\/blogsaverroes.juntadeandalucia.es\/eielcastillo\/files\/2023\/03\/Imagen_PAC2022-23_mar_11.jpeg\" alt=\"\" width=\"235\" height=\"176\" srcset=\"https:\/\/blogsaverroes.juntadeandalucia.es\/eielcastillo\/files\/2023\/03\/Imagen_PAC2022-23_mar_11.jpeg 1024w, https:\/\/blogsaverroes.juntadeandalucia.es\/eielcastillo\/files\/2023\/03\/Imagen_PAC2022-23_mar_11-300x225.jpeg 300w, https:\/\/blogsaverroes.juntadeandalucia.es\/eielcastillo\/files\/2023\/03\/Imagen_PAC2022-23_mar_11-768x576.jpeg 768w\" sizes=\"(max-width: 235px) 100vw, 235px\" \/><\/a> <a href=\"https:\/\/blogsaverroes.juntadeandalucia.es\/eielcastillo\/files\/2023\/03\/Imagen_PAC2022-23_mar_12.jpeg\"><img loading=\"lazy\" decoding=\"async\" class=\"alignnone wp-image-15240\" src=\"https:\/\/blogsaverroes.juntadeandalucia.es\/eielcastillo\/files\/2023\/03\/Imagen_PAC2022-23_mar_12.jpeg\" alt=\"\" width=\"233\" height=\"175\" srcset=\"https:\/\/blogsaverroes.juntadeandalucia.es\/eielcastillo\/files\/2023\/03\/Imagen_PAC2022-23_mar_12.jpeg 1024w, https:\/\/blogsaverroes.juntadeandalucia.es\/eielcastillo\/files\/2023\/03\/Imagen_PAC2022-23_mar_12-300x225.jpeg 300w, https:\/\/blogsaverroes.juntadeandalucia.es\/eielcastillo\/files\/2023\/03\/Imagen_PAC2022-23_mar_12-768x576.jpeg 768w\" sizes=\"(max-width: 233px) 100vw, 233px\" \/><\/a> <a href=\"https:\/\/blogsaverroes.juntadeandalucia.es\/eielcastillo\/files\/2023\/03\/Imagen_PAC2022-23_mar_13.jpeg\"><img loading=\"lazy\" decoding=\"async\" class=\"alignnone wp-image-15241\" src=\"https:\/\/blogsaverroes.juntadeandalucia.es\/eielcastillo\/files\/2023\/03\/Imagen_PAC2022-23_mar_13.jpeg\" alt=\"\" width=\"233\" height=\"175\" srcset=\"https:\/\/blogsaverroes.juntadeandalucia.es\/eielcastillo\/files\/2023\/03\/Imagen_PAC2022-23_mar_13.jpeg 1024w, https:\/\/blogsaverroes.juntadeandalucia.es\/eielcastillo\/files\/2023\/03\/Imagen_PAC2022-23_mar_13-300x225.jpeg 300w, https:\/\/blogsaverroes.juntadeandalucia.es\/eielcastillo\/files\/2023\/03\/Imagen_PAC2022-23_mar_13-768x576.jpeg 768w\" sizes=\"(max-width: 233px) 100vw, 233px\" \/><\/a> <a href=\"https:\/\/blogsaverroes.juntadeandalucia.es\/eielcastillo\/files\/2023\/03\/Imagen_PAC2022-23_mar_14.jpeg\"><img loading=\"lazy\" decoding=\"async\" class=\"alignnone wp-image-15242\" src=\"https:\/\/blogsaverroes.juntadeandalucia.es\/eielcastillo\/files\/2023\/03\/Imagen_PAC2022-23_mar_14.jpeg\" alt=\"\" width=\"231\" height=\"173\" srcset=\"https:\/\/blogsaverroes.juntadeandalucia.es\/eielcastillo\/files\/2023\/03\/Imagen_PAC2022-23_mar_14.jpeg 1024w, https:\/\/blogsaverroes.juntadeandalucia.es\/eielcastillo\/files\/2023\/03\/Imagen_PAC2022-23_mar_14-300x225.jpeg 300w, https:\/\/blogsaverroes.juntadeandalucia.es\/eielcastillo\/files\/2023\/03\/Imagen_PAC2022-23_mar_14-768x576.jpeg 768w\" sizes=\"(max-width: 231px) 100vw, 231px\" \/><\/a> <a href=\"https:\/\/blogsaverroes.juntadeandalucia.es\/eielcastillo\/files\/2023\/03\/Imagen_PAC2022-23_mar_15.jpg\"><img loading=\"lazy\" decoding=\"async\" class=\"alignnone wp-image-15243\" src=\"https:\/\/blogsaverroes.juntadeandalucia.es\/eielcastillo\/files\/2023\/03\/Imagen_PAC2022-23_mar_15.jpg\" alt=\"\" width=\"471\" height=\"217\" srcset=\"https:\/\/blogsaverroes.juntadeandalucia.es\/eielcastillo\/files\/2023\/03\/Imagen_PAC2022-23_mar_15.jpg 1600w, https:\/\/blogsaverroes.juntadeandalucia.es\/eielcastillo\/files\/2023\/03\/Imagen_PAC2022-23_mar_15-300x138.jpg 300w, https:\/\/blogsaverroes.juntadeandalucia.es\/eielcastillo\/files\/2023\/03\/Imagen_PAC2022-23_mar_15-1024x472.jpg 1024w, https:\/\/blogsaverroes.juntadeandalucia.es\/eielcastillo\/files\/2023\/03\/Imagen_PAC2022-23_mar_15-768x354.jpg 768w, https:\/\/blogsaverroes.juntadeandalucia.es\/eielcastillo\/files\/2023\/03\/Imagen_PAC2022-23_mar_15-1536x708.jpg 1536w\" sizes=\"(max-width: 471px) 100vw, 471px\" \/><\/a> <a href=\"https:\/\/blogsaverroes.juntadeandalucia.es\/eielcastillo\/files\/2023\/03\/Imagen_PAC2022-23_mar_16.jpg\"><img loading=\"lazy\" decoding=\"async\" class=\"alignnone wp-image-15244\" src=\"https:\/\/blogsaverroes.juntadeandalucia.es\/eielcastillo\/files\/2023\/03\/Imagen_PAC2022-23_mar_16.jpg\" alt=\"\" width=\"471\" height=\"217\" srcset=\"https:\/\/blogsaverroes.juntadeandalucia.es\/eielcastillo\/files\/2023\/03\/Imagen_PAC2022-23_mar_16.jpg 1600w, https:\/\/blogsaverroes.juntadeandalucia.es\/eielcastillo\/files\/2023\/03\/Imagen_PAC2022-23_mar_16-300x138.jpg 300w, https:\/\/blogsaverroes.juntadeandalucia.es\/eielcastillo\/files\/2023\/03\/Imagen_PAC2022-23_mar_16-1024x472.jpg 1024w, https:\/\/blogsaverroes.juntadeandalucia.es\/eielcastillo\/files\/2023\/03\/Imagen_PAC2022-23_mar_16-768x354.jpg 768w, https:\/\/blogsaverroes.juntadeandalucia.es\/eielcastillo\/files\/2023\/03\/Imagen_PAC2022-23_mar_16-1536x708.jpg 1536w\" sizes=\"(max-width: 471px) 100vw, 471px\" \/><\/a> <a href=\"https:\/\/blogsaverroes.juntadeandalucia.es\/eielcastillo\/files\/2023\/03\/Imagen_PAC2022-23_mar_17.jpg\"><img loading=\"lazy\" decoding=\"async\" class=\"alignnone wp-image-15245\" src=\"https:\/\/blogsaverroes.juntadeandalucia.es\/eielcastillo\/files\/2023\/03\/Imagen_PAC2022-23_mar_17.jpg\" alt=\"\" width=\"471\" height=\"217\" srcset=\"https:\/\/blogsaverroes.juntadeandalucia.es\/eielcastillo\/files\/2023\/03\/Imagen_PAC2022-23_mar_17.jpg 1600w, https:\/\/blogsaverroes.juntadeandalucia.es\/eielcastillo\/files\/2023\/03\/Imagen_PAC2022-23_mar_17-300x138.jpg 300w, https:\/\/blogsaverroes.juntadeandalucia.es\/eielcastillo\/files\/2023\/03\/Imagen_PAC2022-23_mar_17-1024x472.jpg 1024w, https:\/\/blogsaverroes.juntadeandalucia.es\/eielcastillo\/files\/2023\/03\/Imagen_PAC2022-23_mar_17-768x354.jpg 768w, https:\/\/blogsaverroes.juntadeandalucia.es\/eielcastillo\/files\/2023\/03\/Imagen_PAC2022-23_mar_17-1536x708.jpg 1536w\" sizes=\"(max-width: 471px) 100vw, 471px\" \/><\/a> <a href=\"https:\/\/blogsaverroes.juntadeandalucia.es\/eielcastillo\/files\/2023\/03\/Imagen_PAC2022-23_mar_18-scaled.jpg\"><img loading=\"lazy\" decoding=\"async\" class=\"alignnone wp-image-15246\" src=\"https:\/\/blogsaverroes.juntadeandalucia.es\/eielcastillo\/files\/2023\/03\/Imagen_PAC2022-23_mar_18-scaled.jpg\" alt=\"\" width=\"471\" height=\"217\" srcset=\"https:\/\/blogsaverroes.juntadeandalucia.es\/eielcastillo\/files\/2023\/03\/Imagen_PAC2022-23_mar_18-scaled.jpg 2560w, https:\/\/blogsaverroes.juntadeandalucia.es\/eielcastillo\/files\/2023\/03\/Imagen_PAC2022-23_mar_18-300x138.jpg 300w, https:\/\/blogsaverroes.juntadeandalucia.es\/eielcastillo\/files\/2023\/03\/Imagen_PAC2022-23_mar_18-1024x472.jpg 1024w, https:\/\/blogsaverroes.juntadeandalucia.es\/eielcastillo\/files\/2023\/03\/Imagen_PAC2022-23_mar_18-768x354.jpg 768w, https:\/\/blogsaverroes.juntadeandalucia.es\/eielcastillo\/files\/2023\/03\/Imagen_PAC2022-23_mar_18-1536x708.jpg 1536w, https:\/\/blogsaverroes.juntadeandalucia.es\/eielcastillo\/files\/2023\/03\/Imagen_PAC2022-23_mar_18-2048x944.jpg 2048w\" sizes=\"(max-width: 471px) 100vw, 471px\" \/><\/a> <a href=\"https:\/\/blogsaverroes.juntadeandalucia.es\/eielcastillo\/files\/2023\/03\/Imagen_PAC2022-23_mar_19.jpg\"><img loading=\"lazy\" decoding=\"async\" class=\"alignnone wp-image-15247\" src=\"https:\/\/blogsaverroes.juntadeandalucia.es\/eielcastillo\/files\/2023\/03\/Imagen_PAC2022-23_mar_19.jpg\" alt=\"\" width=\"470\" height=\"217\" srcset=\"https:\/\/blogsaverroes.juntadeandalucia.es\/eielcastillo\/files\/2023\/03\/Imagen_PAC2022-23_mar_19.jpg 600w, https:\/\/blogsaverroes.juntadeandalucia.es\/eielcastillo\/files\/2023\/03\/Imagen_PAC2022-23_mar_19-300x139.jpg 300w\" sizes=\"(max-width: 470px) 100vw, 470px\" \/><\/a> <a href=\"https:\/\/blogsaverroes.juntadeandalucia.es\/eielcastillo\/files\/2023\/03\/Imagen_PAC2022-23_mar_20.jpg\"><img loading=\"lazy\" decoding=\"async\" class=\"alignnone wp-image-15248\" src=\"https:\/\/blogsaverroes.juntadeandalucia.es\/eielcastillo\/files\/2023\/03\/Imagen_PAC2022-23_mar_20.jpg\" alt=\"\" width=\"468\" height=\"216\" srcset=\"https:\/\/blogsaverroes.juntadeandalucia.es\/eielcastillo\/files\/2023\/03\/Imagen_PAC2022-23_mar_20.jpg 1600w, https:\/\/blogsaverroes.juntadeandalucia.es\/eielcastillo\/files\/2023\/03\/Imagen_PAC2022-23_mar_20-300x138.jpg 300w, https:\/\/blogsaverroes.juntadeandalucia.es\/eielcastillo\/files\/2023\/03\/Imagen_PAC2022-23_mar_20-1024x472.jpg 1024w, https:\/\/blogsaverroes.juntadeandalucia.es\/eielcastillo\/files\/2023\/03\/Imagen_PAC2022-23_mar_20-768x354.jpg 768w, https:\/\/blogsaverroes.juntadeandalucia.es\/eielcastillo\/files\/2023\/03\/Imagen_PAC2022-23_mar_20-1536x708.jpg 1536w\" sizes=\"(max-width: 468px) 100vw, 468px\" \/><\/a> <a href=\"https:\/\/blogsaverroes.juntadeandalucia.es\/eielcastillo\/files\/2023\/03\/Imagen_PAC2022-23_mar_21.jpeg\"><img loading=\"lazy\" decoding=\"async\" class=\"alignnone wp-image-15249\" src=\"https:\/\/blogsaverroes.juntadeandalucia.es\/eielcastillo\/files\/2023\/03\/Imagen_PAC2022-23_mar_21.jpeg\" alt=\"\" width=\"232\" height=\"174\" srcset=\"https:\/\/blogsaverroes.juntadeandalucia.es\/eielcastillo\/files\/2023\/03\/Imagen_PAC2022-23_mar_21.jpeg 1024w, https:\/\/blogsaverroes.juntadeandalucia.es\/eielcastillo\/files\/2023\/03\/Imagen_PAC2022-23_mar_21-300x225.jpeg 300w, https:\/\/blogsaverroes.juntadeandalucia.es\/eielcastillo\/files\/2023\/03\/Imagen_PAC2022-23_mar_21-768x576.jpeg 768w\" sizes=\"(max-width: 232px) 100vw, 232px\" \/><\/a> <a href=\"https:\/\/blogsaverroes.juntadeandalucia.es\/eielcastillo\/files\/2023\/03\/Imagen_PAC2022-23_mar_22.jpeg\"><img loading=\"lazy\" decoding=\"async\" class=\"alignnone wp-image-15250\" src=\"https:\/\/blogsaverroes.juntadeandalucia.es\/eielcastillo\/files\/2023\/03\/Imagen_PAC2022-23_mar_22.jpeg\" alt=\"\" width=\"230\" height=\"173\" srcset=\"https:\/\/blogsaverroes.juntadeandalucia.es\/eielcastillo\/files\/2023\/03\/Imagen_PAC2022-23_mar_22.jpeg 1024w, https:\/\/blogsaverroes.juntadeandalucia.es\/eielcastillo\/files\/2023\/03\/Imagen_PAC2022-23_mar_22-300x225.jpeg 300w, https:\/\/blogsaverroes.juntadeandalucia.es\/eielcastillo\/files\/2023\/03\/Imagen_PAC2022-23_mar_22-768x576.jpeg 768w\" sizes=\"(max-width: 230px) 100vw, 230px\" \/><\/a> <a href=\"https:\/\/blogsaverroes.juntadeandalucia.es\/eielcastillo\/files\/2023\/03\/Imagen_PAC2022-23_mar_23.jpeg\"><img loading=\"lazy\" decoding=\"async\" class=\"alignnone wp-image-15251\" src=\"https:\/\/blogsaverroes.juntadeandalucia.es\/eielcastillo\/files\/2023\/03\/Imagen_PAC2022-23_mar_23.jpeg\" alt=\"\" width=\"233\" height=\"175\" srcset=\"https:\/\/blogsaverroes.juntadeandalucia.es\/eielcastillo\/files\/2023\/03\/Imagen_PAC2022-23_mar_23.jpeg 1024w, https:\/\/blogsaverroes.juntadeandalucia.es\/eielcastillo\/files\/2023\/03\/Imagen_PAC2022-23_mar_23-300x225.jpeg 300w, https:\/\/blogsaverroes.juntadeandalucia.es\/eielcastillo\/files\/2023\/03\/Imagen_PAC2022-23_mar_23-768x576.jpeg 768w\" sizes=\"(max-width: 233px) 100vw, 233px\" \/><\/a> <a href=\"https:\/\/blogsaverroes.juntadeandalucia.es\/eielcastillo\/files\/2023\/03\/Imagen_PAC2022-23_mar_24.jpeg\"><img loading=\"lazy\" decoding=\"async\" class=\"alignnone wp-image-15252\" src=\"https:\/\/blogsaverroes.juntadeandalucia.es\/eielcastillo\/files\/2023\/03\/Imagen_PAC2022-23_mar_24.jpeg\" alt=\"\" width=\"237\" height=\"178\" srcset=\"https:\/\/blogsaverroes.juntadeandalucia.es\/eielcastillo\/files\/2023\/03\/Imagen_PAC2022-23_mar_24.jpeg 1024w, https:\/\/blogsaverroes.juntadeandalucia.es\/eielcastillo\/files\/2023\/03\/Imagen_PAC2022-23_mar_24-300x225.jpeg 300w, https:\/\/blogsaverroes.juntadeandalucia.es\/eielcastillo\/files\/2023\/03\/Imagen_PAC2022-23_mar_24-768x576.jpeg 768w\" sizes=\"(max-width: 237px) 100vw, 237px\" \/><\/a> <a href=\"https:\/\/blogsaverroes.juntadeandalucia.es\/eielcastillo\/files\/2023\/03\/Imagen_PAC2022-23_mar_25.jpeg\"><img loading=\"lazy\" decoding=\"async\" class=\"alignnone wp-image-15253\" src=\"https:\/\/blogsaverroes.juntadeandalucia.es\/eielcastillo\/files\/2023\/03\/Imagen_PAC2022-23_mar_25.jpeg\" alt=\"\" width=\"235\" height=\"176\" srcset=\"https:\/\/blogsaverroes.juntadeandalucia.es\/eielcastillo\/files\/2023\/03\/Imagen_PAC2022-23_mar_25.jpeg 1024w, https:\/\/blogsaverroes.juntadeandalucia.es\/eielcastillo\/files\/2023\/03\/Imagen_PAC2022-23_mar_25-300x225.jpeg 300w, https:\/\/blogsaverroes.juntadeandalucia.es\/eielcastillo\/files\/2023\/03\/Imagen_PAC2022-23_mar_25-768x576.jpeg 768w\" sizes=\"(max-width: 235px) 100vw, 235px\" \/><\/a> <a href=\"https:\/\/blogsaverroes.juntadeandalucia.es\/eielcastillo\/files\/2023\/03\/Imagen_PAC2022-23_mar_26.jpeg\"><img loading=\"lazy\" decoding=\"async\" class=\"alignnone wp-image-15254\" src=\"https:\/\/blogsaverroes.juntadeandalucia.es\/eielcastillo\/files\/2023\/03\/Imagen_PAC2022-23_mar_26.jpeg\" alt=\"\" width=\"233\" height=\"175\" srcset=\"https:\/\/blogsaverroes.juntadeandalucia.es\/eielcastillo\/files\/2023\/03\/Imagen_PAC2022-23_mar_26.jpeg 1024w, https:\/\/blogsaverroes.juntadeandalucia.es\/eielcastillo\/files\/2023\/03\/Imagen_PAC2022-23_mar_26-300x225.jpeg 300w, https:\/\/blogsaverroes.juntadeandalucia.es\/eielcastillo\/files\/2023\/03\/Imagen_PAC2022-23_mar_26-768x576.jpeg 768w\" sizes=\"(max-width: 233px) 100vw, 233px\" \/><\/a> <a href=\"https:\/\/blogsaverroes.juntadeandalucia.es\/eielcastillo\/files\/2023\/03\/Imagen_PAC2022-23_mar_27.jpeg\"><img loading=\"lazy\" decoding=\"async\" class=\"alignnone wp-image-15255\" src=\"https:\/\/blogsaverroes.juntadeandalucia.es\/eielcastillo\/files\/2023\/03\/Imagen_PAC2022-23_mar_27.jpeg\" alt=\"\" width=\"478\" height=\"360\" srcset=\"https:\/\/blogsaverroes.juntadeandalucia.es\/eielcastillo\/files\/2023\/03\/Imagen_PAC2022-23_mar_27.jpeg 2040w, https:\/\/blogsaverroes.juntadeandalucia.es\/eielcastillo\/files\/2023\/03\/Imagen_PAC2022-23_mar_27-300x226.jpeg 300w, https:\/\/blogsaverroes.juntadeandalucia.es\/eielcastillo\/files\/2023\/03\/Imagen_PAC2022-23_mar_27-1024x771.jpeg 1024w, https:\/\/blogsaverroes.juntadeandalucia.es\/eielcastillo\/files\/2023\/03\/Imagen_PAC2022-23_mar_27-768x578.jpeg 768w, https:\/\/blogsaverroes.juntadeandalucia.es\/eielcastillo\/files\/2023\/03\/Imagen_PAC2022-23_mar_27-1536x1157.jpeg 1536w\" sizes=\"(max-width: 478px) 100vw, 478px\" \/><\/a> <a href=\"https:\/\/blogsaverroes.juntadeandalucia.es\/eielcastillo\/files\/2023\/03\/Imagen_PAC2022-23_mar_28.jpeg\"><img loading=\"lazy\" decoding=\"async\" class=\"alignnone wp-image-15256\" src=\"https:\/\/blogsaverroes.juntadeandalucia.es\/eielcastillo\/files\/2023\/03\/Imagen_PAC2022-23_mar_28.jpeg\" alt=\"\" width=\"214\" height=\"284\" srcset=\"https:\/\/blogsaverroes.juntadeandalucia.es\/eielcastillo\/files\/2023\/03\/Imagen_PAC2022-23_mar_28.jpeg 1536w, https:\/\/blogsaverroes.juntadeandalucia.es\/eielcastillo\/files\/2023\/03\/Imagen_PAC2022-23_mar_28-226x300.jpeg 226w, https:\/\/blogsaverroes.juntadeandalucia.es\/eielcastillo\/files\/2023\/03\/Imagen_PAC2022-23_mar_28-771x1024.jpeg 771w, https:\/\/blogsaverroes.juntadeandalucia.es\/eielcastillo\/files\/2023\/03\/Imagen_PAC2022-23_mar_28-768x1020.jpeg 768w, https:\/\/blogsaverroes.juntadeandalucia.es\/eielcastillo\/files\/2023\/03\/Imagen_PAC2022-23_mar_28-1157x1536.jpeg 1157w\" sizes=\"(max-width: 214px) 100vw, 214px\" \/><\/a> <a href=\"https:\/\/blogsaverroes.juntadeandalucia.es\/eielcastillo\/files\/2023\/03\/Imagen_PAC2022-23_mar_29.jpeg\"><img loading=\"lazy\" decoding=\"async\" class=\"alignnone wp-image-15257\" src=\"https:\/\/blogsaverroes.juntadeandalucia.es\/eielcastillo\/files\/2023\/03\/Imagen_PAC2022-23_mar_29.jpeg\" alt=\"\" width=\"213\" height=\"284\" srcset=\"https:\/\/blogsaverroes.juntadeandalucia.es\/eielcastillo\/files\/2023\/03\/Imagen_PAC2022-23_mar_29.jpeg 768w, https:\/\/blogsaverroes.juntadeandalucia.es\/eielcastillo\/files\/2023\/03\/Imagen_PAC2022-23_mar_29-225x300.jpeg 225w\" sizes=\"(max-width: 213px) 100vw, 213px\" \/><\/a> <a href=\"https:\/\/blogsaverroes.juntadeandalucia.es\/eielcastillo\/files\/2023\/03\/Imagen_PAC2022-23_mar_30.jpeg\"><img loading=\"lazy\" decoding=\"async\" class=\"alignnone wp-image-15258\" src=\"https:\/\/blogsaverroes.juntadeandalucia.es\/eielcastillo\/files\/2023\/03\/Imagen_PAC2022-23_mar_30.jpeg\" alt=\"\" width=\"214\" height=\"286\" srcset=\"https:\/\/blogsaverroes.juntadeandalucia.es\/eielcastillo\/files\/2023\/03\/Imagen_PAC2022-23_mar_30.jpeg 768w, https:\/\/blogsaverroes.juntadeandalucia.es\/eielcastillo\/files\/2023\/03\/Imagen_PAC2022-23_mar_30-225x300.jpeg 225w\" sizes=\"(max-width: 214px) 100vw, 214px\" \/><\/a> <a href=\"https:\/\/blogsaverroes.juntadeandalucia.es\/eielcastillo\/files\/2023\/03\/Imagen_PAC2022-23_mar_31.jpeg\"><img loading=\"lazy\" decoding=\"async\" class=\"alignnone wp-image-15259\" src=\"https:\/\/blogsaverroes.juntadeandalucia.es\/eielcastillo\/files\/2023\/03\/Imagen_PAC2022-23_mar_31.jpeg\" alt=\"\" width=\"212\" height=\"282\" srcset=\"https:\/\/blogsaverroes.juntadeandalucia.es\/eielcastillo\/files\/2023\/03\/Imagen_PAC2022-23_mar_31.jpeg 1536w, https:\/\/blogsaverroes.juntadeandalucia.es\/eielcastillo\/files\/2023\/03\/Imagen_PAC2022-23_mar_31-226x300.jpeg 226w, https:\/\/blogsaverroes.juntadeandalucia.es\/eielcastillo\/files\/2023\/03\/Imagen_PAC2022-23_mar_31-771x1024.jpeg 771w, https:\/\/blogsaverroes.juntadeandalucia.es\/eielcastillo\/files\/2023\/03\/Imagen_PAC2022-23_mar_31-768x1020.jpeg 768w, https:\/\/blogsaverroes.juntadeandalucia.es\/eielcastillo\/files\/2023\/03\/Imagen_PAC2022-23_mar_31-1157x1536.jpeg 1157w\" sizes=\"(max-width: 212px) 100vw, 212px\" \/><\/a> <a href=\"https:\/\/blogsaverroes.juntadeandalucia.es\/eielcastillo\/files\/2023\/03\/Imagen_PAC2022-23_mar_32.jpeg\"><img loading=\"lazy\" decoding=\"async\" class=\"alignnone wp-image-15260\" src=\"https:\/\/blogsaverroes.juntadeandalucia.es\/eielcastillo\/files\/2023\/03\/Imagen_PAC2022-23_mar_32.jpeg\" alt=\"\" width=\"214\" height=\"285\" srcset=\"https:\/\/blogsaverroes.juntadeandalucia.es\/eielcastillo\/files\/2023\/03\/Imagen_PAC2022-23_mar_32.jpeg 1536w, https:\/\/blogsaverroes.juntadeandalucia.es\/eielcastillo\/files\/2023\/03\/Imagen_PAC2022-23_mar_32-226x300.jpeg 226w, https:\/\/blogsaverroes.juntadeandalucia.es\/eielcastillo\/files\/2023\/03\/Imagen_PAC2022-23_mar_32-771x1024.jpeg 771w, https:\/\/blogsaverroes.juntadeandalucia.es\/eielcastillo\/files\/2023\/03\/Imagen_PAC2022-23_mar_32-768x1020.jpeg 768w, https:\/\/blogsaverroes.juntadeandalucia.es\/eielcastillo\/files\/2023\/03\/Imagen_PAC2022-23_mar_32-1157x1536.jpeg 1157w\" sizes=\"(max-width: 214px) 100vw, 214px\" \/><\/a> <a href=\"https:\/\/blogsaverroes.juntadeandalucia.es\/eielcastillo\/files\/2023\/03\/Imagen_PAC2022-23_mar_33.jpeg\"><img loading=\"lazy\" decoding=\"async\" class=\"alignnone wp-image-15261\" src=\"https:\/\/blogsaverroes.juntadeandalucia.es\/eielcastillo\/files\/2023\/03\/Imagen_PAC2022-23_mar_33.jpeg\" alt=\"\" width=\"211\" height=\"281\" srcset=\"https:\/\/blogsaverroes.juntadeandalucia.es\/eielcastillo\/files\/2023\/03\/Imagen_PAC2022-23_mar_33.jpeg 1536w, https:\/\/blogsaverroes.juntadeandalucia.es\/eielcastillo\/files\/2023\/03\/Imagen_PAC2022-23_mar_33-225x300.jpeg 225w, https:\/\/blogsaverroes.juntadeandalucia.es\/eielcastillo\/files\/2023\/03\/Imagen_PAC2022-23_mar_33-768x1024.jpeg 768w, https:\/\/blogsaverroes.juntadeandalucia.es\/eielcastillo\/files\/2023\/03\/Imagen_PAC2022-23_mar_33-1152x1536.jpeg 1152w\" sizes=\"(max-width: 211px) 100vw, 211px\" \/><\/a><\/p>\n<p><a href=\"https:\/\/blogsaverroes.juntadeandalucia.es\/eielcastillo\/files\/2023\/03\/Imagen_PAC2022-23_mar_36.jpg\"><img loading=\"lazy\" decoding=\"async\" class=\"alignnone  wp-image-15275\" src=\"https:\/\/blogsaverroes.juntadeandalucia.es\/eielcastillo\/files\/2023\/03\/Imagen_PAC2022-23_mar_36.jpg\" alt=\"\" width=\"408\" height=\"188\" srcset=\"https:\/\/blogsaverroes.juntadeandalucia.es\/eielcastillo\/files\/2023\/03\/Imagen_PAC2022-23_mar_36.jpg 1600w, https:\/\/blogsaverroes.juntadeandalucia.es\/eielcastillo\/files\/2023\/03\/Imagen_PAC2022-23_mar_36-300x138.jpg 300w, https:\/\/blogsaverroes.juntadeandalucia.es\/eielcastillo\/files\/2023\/03\/Imagen_PAC2022-23_mar_36-1024x472.jpg 1024w, https:\/\/blogsaverroes.juntadeandalucia.es\/eielcastillo\/files\/2023\/03\/Imagen_PAC2022-23_mar_36-768x354.jpg 768w, https:\/\/blogsaverroes.juntadeandalucia.es\/eielcastillo\/files\/2023\/03\/Imagen_PAC2022-23_mar_36-1536x708.jpg 1536w\" sizes=\"(max-width: 408px) 100vw, 408px\" \/>&nbsp;<\/a> <a href=\"https:\/\/blogsaverroes.juntadeandalucia.es\/eielcastillo\/files\/2023\/03\/Imagen_PAC2022-23_mar_35.jpg\"><img loading=\"lazy\" decoding=\"async\" class=\"alignnone  wp-image-15274\" src=\"https:\/\/blogsaverroes.juntadeandalucia.es\/eielcastillo\/files\/2023\/03\/Imagen_PAC2022-23_mar_35.jpg\" alt=\"\" width=\"412\" height=\"190\" srcset=\"https:\/\/blogsaverroes.juntadeandalucia.es\/eielcastillo\/files\/2023\/03\/Imagen_PAC2022-23_mar_35.jpg 1600w, https:\/\/blogsaverroes.juntadeandalucia.es\/eielcastillo\/files\/2023\/03\/Imagen_PAC2022-23_mar_35-300x138.jpg 300w, https:\/\/blogsaverroes.juntadeandalucia.es\/eielcastillo\/files\/2023\/03\/Imagen_PAC2022-23_mar_35-1024x472.jpg 1024w, https:\/\/blogsaverroes.juntadeandalucia.es\/eielcastillo\/files\/2023\/03\/Imagen_PAC2022-23_mar_35-768x354.jpg 768w, https:\/\/blogsaverroes.juntadeandalucia.es\/eielcastillo\/files\/2023\/03\/Imagen_PAC2022-23_mar_35-1536x708.jpg 1536w\" sizes=\"(max-width: 412px) 100vw, 412px\" \/><\/a> <a href=\"https:\/\/blogsaverroes.juntadeandalucia.es\/eielcastillo\/files\/2023\/03\/Imagen_PAC2022-23_mar_34.jpg\"><img loading=\"lazy\" decoding=\"async\" class=\"alignnone  wp-image-15273\" src=\"https:\/\/blogsaverroes.juntadeandalucia.es\/eielcastillo\/files\/2023\/03\/Imagen_PAC2022-23_mar_34.jpg\" alt=\"\" width=\"406\" height=\"187\" srcset=\"https:\/\/blogsaverroes.juntadeandalucia.es\/eielcastillo\/files\/2023\/03\/Imagen_PAC2022-23_mar_34.jpg 1600w, https:\/\/blogsaverroes.juntadeandalucia.es\/eielcastillo\/files\/2023\/03\/Imagen_PAC2022-23_mar_34-300x138.jpg 300w, https:\/\/blogsaverroes.juntadeandalucia.es\/eielcastillo\/files\/2023\/03\/Imagen_PAC2022-23_mar_34-1024x472.jpg 1024w, https:\/\/blogsaverroes.juntadeandalucia.es\/eielcastillo\/files\/2023\/03\/Imagen_PAC2022-23_mar_34-768x354.jpg 768w, https:\/\/blogsaverroes.juntadeandalucia.es\/eielcastillo\/files\/2023\/03\/Imagen_PAC2022-23_mar_34-1536x708.jpg 1536w\" sizes=\"(max-width: 406px) 100vw, 406px\" \/><\/a>&nbsp; <a href=\"https:\/\/blogsaverroes.juntadeandalucia.es\/eielcastillo\/files\/2023\/03\/Imagen_PAC2022-23_mar_37.jpg\"><img loading=\"lazy\" decoding=\"async\" class=\"alignnone  wp-image-15272\" src=\"https:\/\/blogsaverroes.juntadeandalucia.es\/eielcastillo\/files\/2023\/03\/Imagen_PAC2022-23_mar_37.jpg\" alt=\"\" width=\"407\" height=\"188\" srcset=\"https:\/\/blogsaverroes.juntadeandalucia.es\/eielcastillo\/files\/2023\/03\/Imagen_PAC2022-23_mar_37.jpg 1600w, https:\/\/blogsaverroes.juntadeandalucia.es\/eielcastillo\/files\/2023\/03\/Imagen_PAC2022-23_mar_37-300x138.jpg 300w, https:\/\/blogsaverroes.juntadeandalucia.es\/eielcastillo\/files\/2023\/03\/Imagen_PAC2022-23_mar_37-1024x472.jpg 1024w, https:\/\/blogsaverroes.juntadeandalucia.es\/eielcastillo\/files\/2023\/03\/Imagen_PAC2022-23_mar_37-768x354.jpg 768w, https:\/\/blogsaverroes.juntadeandalucia.es\/eielcastillo\/files\/2023\/03\/Imagen_PAC2022-23_mar_37-1536x708.jpg 1536w\" sizes=\"(max-width: 407px) 100vw, 407px\" \/><\/a><\/p>\n","protected":false},"excerpt":{"rendered":"<p>&nbsp; En 1977, la ONU proclam\u00f3 el 8 de marzo como el D\u00eda para los Derechos de la Mujer y la Paz Internacional. &nbsp;&nbsp; Cada&hellip;<\/p>\n","protected":false},"author":3249,"featured_media":0,"comment_status":"closed","ping_status":"closed","sticky":false,"template":"","format":"standard","meta":{"ngg_post_thumbnail":0,"footnotes":""},"categories":[926],"tags":[],"aioseo_notices":[],"_links":{"self":[{"href":"https:\/\/blogsaverroes.juntadeandalucia.es\/eielcastillo\/index.php?rest_route=\/wp\/v2\/posts\/15233"}],"collection":[{"href":"https:\/\/blogsaverroes.juntadeandalucia.es\/eielcastillo\/index.php?rest_route=\/wp\/v2\/posts"}],"about":[{"href":"https:\/\/blogsaverroes.juntadeandalucia.es\/eielcastillo\/index.php?rest_route=\/wp\/v2\/types\/post"}],"author":[{"embeddable":true,"href":"https:\/\/blogsaverroes.juntadeandalucia.es\/eielcastillo\/index.php?rest_route=\/wp\/v2\/users\/3249"}],"replies":[{"embeddable":true,"href":"https:\/\/blogsaverroes.juntadeandalucia.es\/eielcastillo\/index.php?rest_route=%2Fwp%2Fv2%2Fcomments&post=15233"}],"version-history":[{"count":7,"href":"https:\/\/blogsaverroes.juntadeandalucia.es\/eielcastillo\/index.php?rest_route=\/wp\/v2\/posts\/15233\/revisions"}],"predecessor-version":[{"id":15276,"href":"https:\/\/blogsaverroes.juntadeandalucia.es\/eielcastillo\/index.php?rest_route=\/wp\/v2\/posts\/15233\/revisions\/15276"}],"wp:attachment":[{"href":"https:\/\/blogsaverroes.juntadeandalucia.es\/eielcastillo\/index.php?rest_route=%2Fwp%2Fv2%2Fmedia&parent=15233"}],"wp:term":[{"taxonomy":"category","embeddable":true,"href":"https:\/\/blogsaverroes.juntadeandalucia.es\/eielcastillo\/index.php?rest_route=%2Fwp%2Fv2%2Fcategories&post=15233"},{"taxonomy":"post_tag","embeddable":true,"href":"https:\/\/blogsaverroes.juntadeandalucia.es\/eielcastillo\/index.php?rest_route=%2Fwp%2Fv2%2Ftags&post=15233"}],"curies":[{"name":"wp","href":"https:\/\/api.w.org\/{rel}","templated":true}]}}