{"id":15362,"date":"2023-03-21T20:47:38","date_gmt":"2023-03-21T19:47:38","guid":{"rendered":"https:\/\/blogsaverroes.juntadeandalucia.es\/eielcastillo\/?p=15362"},"modified":"2023-03-22T14:45:26","modified_gmt":"2023-03-22T13:45:26","slug":"22-de-marzo-dia-mundial-del-agua","status":"publish","type":"post","link":"https:\/\/blogsaverroes.juntadeandalucia.es\/eielcastillo\/?p=15362","title":{"rendered":"22 de marzo, D\u00cdA MUNDIAL DEL AGUA"},"content":{"rendered":"<div>\n<h2><a href=\"https:\/\/www.worldwaterday.org\/\">\u00bfQu\u00e9 es el D\u00eda Mundial del Agua?<\/a><\/h2>\n<\/div>\n<div class=\"views-field views-field-body\">\n<div class=\"field-content\">\n<p id=\"tw-target-text\" dir=\"ltr\" style=\"text-align: justify\" data-placeholder=\"Translation\"><strong>C<\/strong>ada a\u00f1o, desde 1993, el D\u00eda Mundial del Agua (22 de marzo) crea conciencia e inspira acciones para abordar la crisis mundial del agua y el saneamiento, ya que 2000 millones de personas viven todav\u00eda sin acceso a agua potable. Se trata de una celebraci\u00f3n&nbsp;coordinada por ONU Agua y cuyo tema anual est\u00e1 alineado con el lanzamiento del&nbsp;Informe Mundial de la ONU sobre el estado de los recursos h\u00eddricos.<\/p>\n<p dir=\"ltr\" style=\"text-align: justify\" data-placeholder=\"Translation\"><span dir=\"ltr\" role=\"presentation\"><a href=\"https:\/\/blogsaverroes.juntadeandalucia.es\/eielcastillo\/files\/2023\/03\/Imagen_post-DiaMundialDelAgua_1.jpg\"><img loading=\"lazy\" decoding=\"async\" class=\" wp-image-15367 alignleft\" src=\"https:\/\/blogsaverroes.juntadeandalucia.es\/eielcastillo\/files\/2023\/03\/Imagen_post-DiaMundialDelAgua_1.jpg\" alt=\"\" width=\"237\" height=\"299\" srcset=\"https:\/\/blogsaverroes.juntadeandalucia.es\/eielcastillo\/files\/2023\/03\/Imagen_post-DiaMundialDelAgua_1.jpg 311w, https:\/\/blogsaverroes.juntadeandalucia.es\/eielcastillo\/files\/2023\/03\/Imagen_post-DiaMundialDelAgua_1-237x300.jpg 237w\" sizes=\"(max-width: 237px) 100vw, 237px\" \/><\/a><strong>C<\/strong>on la <strong>celebraci\u00f3n del D\u00eda Mundial del Agu<\/strong>a se pretende visibilizar la importancia de este re<\/span><span dir=\"ltr\" role=\"presentation\">curso, concienciar e inspirar acciones para abordar la crisis mundial del agua.<\/span> <span dir=\"ltr\" role=\"presentation\">Adem\u00e1s, con el <\/span><span dir=\"ltr\" role=\"presentation\">fin de acelerar las iniciativas encaminadas a hacer frente a los desaf\u00edos relativos a los recursos <\/span><span dir=\"ltr\" role=\"presentation\">h\u00eddricos, la Asamblea General de las Naciones Unidas proclam\u00f3 el per\u00edodo 2018-2028 como el <\/span><span dir=\"ltr\" role=\"presentation\">Decenio Internacional para la Acci\u00f3n \u00abAgua para el Desarrollo Sostenible\u00bb.<\/span><\/p>\n<p dir=\"ltr\" style=\"text-align: justify\" data-placeholder=\"Translation\"><span dir=\"ltr\" role=\"presentation\"><strong>E<\/strong>n Andaluc\u00eda, el aspecto m\u00e1s relevante de la situaci\u00f3n hidrol\u00f3gica actual es el descenso de los <\/span><span dir=\"ltr\" role=\"presentation\">recursos disponibles por la sequ\u00eda (Informe Medio Ambiente en Andaluc\u00eda, 2022), por lo que la to<\/span><span dir=\"ltr\" role=\"presentation\">ma de conciencia cr\u00edtica y responsable sobre la necesidad de potenciar su uso eficiente y <\/span><span dir=\"ltr\" role=\"presentation\">promover un cambio en los h\u00e1bitos para preservar este bien tan valioso, es absolutamente esencial.<br \/>\n<\/span><\/p>\n<p dir=\"ltr\" style=\"text-align: justify\" data-placeholder=\"Translation\"><span dir=\"ltr\" role=\"presentation\"><strong>E<\/strong>l aumento de poblaci\u00f3n, el desarrollo industrial y tecnol\u00f3gico, el cambio de h\u00e1bitos<a href=\"https:\/\/blogsaverroes.juntadeandalucia.es\/eielcastillo\/files\/2023\/03\/Imagen_post-DiaMundialDelAgua_2.jpg\"><img loading=\"lazy\" decoding=\"async\" class=\"wp-image-15369 alignright\" src=\"https:\/\/blogsaverroes.juntadeandalucia.es\/eielcastillo\/files\/2023\/03\/Imagen_post-DiaMundialDelAgua_2.jpg\" alt=\"\" width=\"256\" height=\"216\" srcset=\"https:\/\/blogsaverroes.juntadeandalucia.es\/eielcastillo\/files\/2023\/03\/Imagen_post-DiaMundialDelAgua_2.jpg 506w, https:\/\/blogsaverroes.juntadeandalucia.es\/eielcastillo\/files\/2023\/03\/Imagen_post-DiaMundialDelAgua_2-300x253.jpg 300w\" sizes=\"(max-width: 256px) 100vw, 256px\" \/><\/a> respecto <\/span><span dir=\"ltr\" role=\"presentation\">a la alimentaci\u00f3n, la higiene y el ocio, supone una demanda creciente de agua en los pa\u00edses de<\/span><span dir=\"ltr\" role=\"presentation\">sarrollados; lo que ha provocado en muchos casos la sobreexplotaci\u00f3n de este recurso, as\u00ed <\/span><span dir=\"ltr\" role=\"presentation\">como la contaminaci\u00f3n de r\u00edos, lagos, mares y litorales, afectando notablemente a los ecosis<\/span><span dir=\"ltr\" role=\"presentation\">temas asociados y generando adem\u00e1s un gran deterioro del paisaje. Todo ello, unido al cam<\/span><span dir=\"ltr\" role=\"presentation\">bio clim\u00e1tico y su incidencia en nuestra Comunidad con periodos cada vez m\u00e1s prolongados <\/span><span dir=\"ltr\" role=\"presentation\">de sequ\u00eda, hace necesario que nos replanteemos el valor del agua, nuestra relaci\u00f3n con ella y <\/span><span dir=\"ltr\" role=\"presentation\">la necesidad de modificar una serie de h\u00e1bitos y comportamientos, que vayan orientados a ha<\/span><span dir=\"ltr\" role=\"presentation\">cer un buen uso de este recurso limitado, esencial para la vida.<\/span><\/p>\n<h1 style=\"text-align: center\" data-placeholder=\"Translation\"><span style=\"color: #00ffff\">\u00a1 Cada gota cuenta !<\/span><\/h1>\n<p><a href=\"https:\/\/blogsaverroes.juntadeandalucia.es\/eielcastillo\/files\/2023\/03\/Imagen_PAC2022-23_mar_60.jpg\"><img loading=\"lazy\" decoding=\"async\" class=\"alignnone  wp-image-15374\" src=\"https:\/\/blogsaverroes.juntadeandalucia.es\/eielcastillo\/files\/2023\/03\/Imagen_PAC2022-23_mar_60.jpg\" alt=\"\" width=\"256\" height=\"341\" srcset=\"https:\/\/blogsaverroes.juntadeandalucia.es\/eielcastillo\/files\/2023\/03\/Imagen_PAC2022-23_mar_60.jpg 768w, https:\/\/blogsaverroes.juntadeandalucia.es\/eielcastillo\/files\/2023\/03\/Imagen_PAC2022-23_mar_60-225x300.jpg 225w\" sizes=\"(max-width: 256px) 100vw, 256px\" \/><\/a> <a href=\"https:\/\/blogsaverroes.juntadeandalucia.es\/eielcastillo\/files\/2023\/03\/Imagen_PAC2022-23_mar_61.jpg\"><img loading=\"lazy\" decoding=\"async\" class=\"alignnone  wp-image-15375\" src=\"https:\/\/blogsaverroes.juntadeandalucia.es\/eielcastillo\/files\/2023\/03\/Imagen_PAC2022-23_mar_61.jpg\" alt=\"\" width=\"300\" height=\"225\" srcset=\"https:\/\/blogsaverroes.juntadeandalucia.es\/eielcastillo\/files\/2023\/03\/Imagen_PAC2022-23_mar_61.jpg 2048w, https:\/\/blogsaverroes.juntadeandalucia.es\/eielcastillo\/files\/2023\/03\/Imagen_PAC2022-23_mar_61-300x225.jpg 300w, https:\/\/blogsaverroes.juntadeandalucia.es\/eielcastillo\/files\/2023\/03\/Imagen_PAC2022-23_mar_61-1024x768.jpg 1024w, https:\/\/blogsaverroes.juntadeandalucia.es\/eielcastillo\/files\/2023\/03\/Imagen_PAC2022-23_mar_61-768x576.jpg 768w, https:\/\/blogsaverroes.juntadeandalucia.es\/eielcastillo\/files\/2023\/03\/Imagen_PAC2022-23_mar_61-1536x1152.jpg 1536w\" sizes=\"(max-width: 300px) 100vw, 300px\" \/><\/a> <a href=\"https:\/\/blogsaverroes.juntadeandalucia.es\/eielcastillo\/files\/2023\/03\/Imagen_PAC2022-23_mar_62.jpg\"><img loading=\"lazy\" decoding=\"async\" class=\"alignnone  wp-image-15376\" src=\"https:\/\/blogsaverroes.juntadeandalucia.es\/eielcastillo\/files\/2023\/03\/Imagen_PAC2022-23_mar_62.jpg\" alt=\"\" width=\"266\" height=\"200\" srcset=\"https:\/\/blogsaverroes.juntadeandalucia.es\/eielcastillo\/files\/2023\/03\/Imagen_PAC2022-23_mar_62.jpg 1024w, https:\/\/blogsaverroes.juntadeandalucia.es\/eielcastillo\/files\/2023\/03\/Imagen_PAC2022-23_mar_62-300x225.jpg 300w, https:\/\/blogsaverroes.juntadeandalucia.es\/eielcastillo\/files\/2023\/03\/Imagen_PAC2022-23_mar_62-768x576.jpg 768w\" sizes=\"(max-width: 266px) 100vw, 266px\" \/><\/a> <a href=\"https:\/\/blogsaverroes.juntadeandalucia.es\/eielcastillo\/files\/2023\/03\/Imagen_PAC2022-23_mar_63.jpg\"><img loading=\"lazy\" decoding=\"async\" class=\"alignnone  wp-image-15377\" src=\"https:\/\/blogsaverroes.juntadeandalucia.es\/eielcastillo\/files\/2023\/03\/Imagen_PAC2022-23_mar_63.jpg\" alt=\"\" width=\"266\" height=\"200\" srcset=\"https:\/\/blogsaverroes.juntadeandalucia.es\/eielcastillo\/files\/2023\/03\/Imagen_PAC2022-23_mar_63.jpg 1024w, https:\/\/blogsaverroes.juntadeandalucia.es\/eielcastillo\/files\/2023\/03\/Imagen_PAC2022-23_mar_63-300x225.jpg 300w, https:\/\/blogsaverroes.juntadeandalucia.es\/eielcastillo\/files\/2023\/03\/Imagen_PAC2022-23_mar_63-768x576.jpg 768w\" sizes=\"(max-width: 266px) 100vw, 266px\" \/><\/a> <a href=\"https:\/\/blogsaverroes.juntadeandalucia.es\/eielcastillo\/files\/2023\/03\/Imagen_PAC2022-23_mar_64.jpeg\"><img loading=\"lazy\" decoding=\"async\" class=\"alignnone  wp-image-15378\" src=\"https:\/\/blogsaverroes.juntadeandalucia.es\/eielcastillo\/files\/2023\/03\/Imagen_PAC2022-23_mar_64.jpeg\" alt=\"\" width=\"283\" height=\"212\" srcset=\"https:\/\/blogsaverroes.juntadeandalucia.es\/eielcastillo\/files\/2023\/03\/Imagen_PAC2022-23_mar_64.jpeg 1024w, https:\/\/blogsaverroes.juntadeandalucia.es\/eielcastillo\/files\/2023\/03\/Imagen_PAC2022-23_mar_64-300x225.jpeg 300w, https:\/\/blogsaverroes.juntadeandalucia.es\/eielcastillo\/files\/2023\/03\/Imagen_PAC2022-23_mar_64-768x576.jpeg 768w\" sizes=\"(max-width: 283px) 100vw, 283px\" \/><\/a> <a href=\"https:\/\/blogsaverroes.juntadeandalucia.es\/eielcastillo\/files\/2023\/03\/Imagen_PAC2022-23_mar_65-scaled.jpg\"><img loading=\"lazy\" decoding=\"async\" class=\"alignnone  wp-image-15379\" src=\"https:\/\/blogsaverroes.juntadeandalucia.es\/eielcastillo\/files\/2023\/03\/Imagen_PAC2022-23_mar_65-scaled.jpg\" alt=\"\" width=\"355\" height=\"164\" srcset=\"https:\/\/blogsaverroes.juntadeandalucia.es\/eielcastillo\/files\/2023\/03\/Imagen_PAC2022-23_mar_65-scaled.jpg 2560w, https:\/\/blogsaverroes.juntadeandalucia.es\/eielcastillo\/files\/2023\/03\/Imagen_PAC2022-23_mar_65-300x138.jpg 300w, https:\/\/blogsaverroes.juntadeandalucia.es\/eielcastillo\/files\/2023\/03\/Imagen_PAC2022-23_mar_65-1024x472.jpg 1024w, https:\/\/blogsaverroes.juntadeandalucia.es\/eielcastillo\/files\/2023\/03\/Imagen_PAC2022-23_mar_65-768x354.jpg 768w, https:\/\/blogsaverroes.juntadeandalucia.es\/eielcastillo\/files\/2023\/03\/Imagen_PAC2022-23_mar_65-1536x708.jpg 1536w, https:\/\/blogsaverroes.juntadeandalucia.es\/eielcastillo\/files\/2023\/03\/Imagen_PAC2022-23_mar_65-2048x944.jpg 2048w\" sizes=\"(max-width: 355px) 100vw, 355px\" \/><\/a> <a href=\"https:\/\/blogsaverroes.juntadeandalucia.es\/eielcastillo\/files\/2023\/03\/Imagen_PAC2022-23_mar_66.jpeg\"><img loading=\"lazy\" decoding=\"async\" class=\"alignnone  wp-image-15380\" src=\"https:\/\/blogsaverroes.juntadeandalucia.es\/eielcastillo\/files\/2023\/03\/Imagen_PAC2022-23_mar_66.jpeg\" alt=\"\" width=\"447\" height=\"204\" srcset=\"https:\/\/blogsaverroes.juntadeandalucia.es\/eielcastillo\/files\/2023\/03\/Imagen_PAC2022-23_mar_66.jpeg 1024w, https:\/\/blogsaverroes.juntadeandalucia.es\/eielcastillo\/files\/2023\/03\/Imagen_PAC2022-23_mar_66-300x137.jpeg 300w, https:\/\/blogsaverroes.juntadeandalucia.es\/eielcastillo\/files\/2023\/03\/Imagen_PAC2022-23_mar_66-768x351.jpeg 768w\" sizes=\"(max-width: 447px) 100vw, 447px\" \/><\/a> <a href=\"https:\/\/blogsaverroes.juntadeandalucia.es\/eielcastillo\/files\/2023\/03\/Imagen_PAC2022-23_mar_67.jpg\"><img loading=\"lazy\" decoding=\"async\" class=\"alignnone  wp-image-15381\" src=\"https:\/\/blogsaverroes.juntadeandalucia.es\/eielcastillo\/files\/2023\/03\/Imagen_PAC2022-23_mar_67.jpg\" alt=\"\" width=\"263\" height=\"148\" srcset=\"https:\/\/blogsaverroes.juntadeandalucia.es\/eielcastillo\/files\/2023\/03\/Imagen_PAC2022-23_mar_67.jpg 2016w, https:\/\/blogsaverroes.juntadeandalucia.es\/eielcastillo\/files\/2023\/03\/Imagen_PAC2022-23_mar_67-300x169.jpg 300w, https:\/\/blogsaverroes.juntadeandalucia.es\/eielcastillo\/files\/2023\/03\/Imagen_PAC2022-23_mar_67-1024x576.jpg 1024w, https:\/\/blogsaverroes.juntadeandalucia.es\/eielcastillo\/files\/2023\/03\/Imagen_PAC2022-23_mar_67-768x432.jpg 768w, https:\/\/blogsaverroes.juntadeandalucia.es\/eielcastillo\/files\/2023\/03\/Imagen_PAC2022-23_mar_67-1536x864.jpg 1536w\" sizes=\"(max-width: 263px) 100vw, 263px\" \/><\/a> <a href=\"https:\/\/blogsaverroes.juntadeandalucia.es\/eielcastillo\/files\/2023\/03\/Imagen_PAC2022-23_mar_68-scaled.jpg\"><img loading=\"lazy\" decoding=\"async\" class=\"alignnone  wp-image-15382\" src=\"https:\/\/blogsaverroes.juntadeandalucia.es\/eielcastillo\/files\/2023\/03\/Imagen_PAC2022-23_mar_68-scaled.jpg\" alt=\"\" width=\"324\" height=\"149\" srcset=\"https:\/\/blogsaverroes.juntadeandalucia.es\/eielcastillo\/files\/2023\/03\/Imagen_PAC2022-23_mar_68-scaled.jpg 2560w, https:\/\/blogsaverroes.juntadeandalucia.es\/eielcastillo\/files\/2023\/03\/Imagen_PAC2022-23_mar_68-300x138.jpg 300w, https:\/\/blogsaverroes.juntadeandalucia.es\/eielcastillo\/files\/2023\/03\/Imagen_PAC2022-23_mar_68-1024x472.jpg 1024w, https:\/\/blogsaverroes.juntadeandalucia.es\/eielcastillo\/files\/2023\/03\/Imagen_PAC2022-23_mar_68-768x354.jpg 768w, https:\/\/blogsaverroes.juntadeandalucia.es\/eielcastillo\/files\/2023\/03\/Imagen_PAC2022-23_mar_68-1536x708.jpg 1536w, https:\/\/blogsaverroes.juntadeandalucia.es\/eielcastillo\/files\/2023\/03\/Imagen_PAC2022-23_mar_68-2048x944.jpg 2048w\" sizes=\"(max-width: 324px) 100vw, 324px\" \/><\/a><\/p>\n<p dir=\"ltr\" data-placeholder=\"Translation\"><span style=\"color: #800000\"><strong>Para nuestro alumnado:<\/strong><\/span><\/p>\n<p dir=\"ltr\" data-placeholder=\"Translation\"><iframe loading=\"lazy\" src=\"https:\/\/www.youtube.com\/embed\/Zs-YezU0Uqg\" width=\"640\" height=\"362\" frameborder=\"0\"><span style=\"width: 0px;overflow: hidden;line-height: 0\" data-mce-type=\"bookmark\" class=\"mce_SELRES_start\">\ufeff<\/span><\/iframe>&nbsp;<\/p>\n<p dir=\"ltr\" data-placeholder=\"Translation\"><strong><span style=\"color: #0000ff\">Escucha estas canciones:<\/span><\/strong><\/p>\n<p dir=\"ltr\" data-placeholder=\"Translation\"><iframe loading=\"lazy\" src=\"https:\/\/www.youtube.com\/embed\/fmKoBFqAva8\" width=\"640\" height=\"362\" frameborder=\"0\"><span style=\"width: 0px;overflow: hidden;line-height: 0\" data-mce-type=\"bookmark\" class=\"mce_SELRES_start\">\ufeff<\/span><\/iframe><\/p>\n<p dir=\"ltr\" data-placeholder=\"Translation\"><iframe loading=\"lazy\" src=\"https:\/\/www.youtube.com\/embed\/k0EffP8mgCo\" width=\"640\" height=\"362\" frameborder=\"0\"><\/iframe>&nbsp;<\/p>\n<\/div>\n<\/div>\n","protected":false},"excerpt":{"rendered":"<p>\u00bfQu\u00e9 es el D\u00eda Mundial del Agua? Cada a\u00f1o, desde 1993, el D\u00eda Mundial del Agua (22 de marzo) crea conciencia e inspira acciones para&hellip;<\/p>\n","protected":false},"author":3249,"featured_media":0,"comment_status":"closed","ping_status":"closed","sticky":false,"template":"","format":"standard","meta":{"ngg_post_thumbnail":0,"footnotes":""},"categories":[926],"tags":[],"aioseo_notices":[],"_links":{"self":[{"href":"https:\/\/blogsaverroes.juntadeandalucia.es\/eielcastillo\/index.php?rest_route=\/wp\/v2\/posts\/15362"}],"collection":[{"href":"https:\/\/blogsaverroes.juntadeandalucia.es\/eielcastillo\/index.php?rest_route=\/wp\/v2\/posts"}],"about":[{"href":"https:\/\/blogsaverroes.juntadeandalucia.es\/eielcastillo\/index.php?rest_route=\/wp\/v2\/types\/post"}],"author":[{"embeddable":true,"href":"https:\/\/blogsaverroes.juntadeandalucia.es\/eielcastillo\/index.php?rest_route=\/wp\/v2\/users\/3249"}],"replies":[{"embeddable":true,"href":"https:\/\/blogsaverroes.juntadeandalucia.es\/eielcastillo\/index.php?rest_route=%2Fwp%2Fv2%2Fcomments&post=15362"}],"version-history":[{"count":10,"href":"https:\/\/blogsaverroes.juntadeandalucia.es\/eielcastillo\/index.php?rest_route=\/wp\/v2\/posts\/15362\/revisions"}],"predecessor-version":[{"id":15383,"href":"https:\/\/blogsaverroes.juntadeandalucia.es\/eielcastillo\/index.php?rest_route=\/wp\/v2\/posts\/15362\/revisions\/15383"}],"wp:attachment":[{"href":"https:\/\/blogsaverroes.juntadeandalucia.es\/eielcastillo\/index.php?rest_route=%2Fwp%2Fv2%2Fmedia&parent=15362"}],"wp:term":[{"taxonomy":"category","embeddable":true,"href":"https:\/\/blogsaverroes.juntadeandalucia.es\/eielcastillo\/index.php?rest_route=%2Fwp%2Fv2%2Fcategories&post=15362"},{"taxonomy":"post_tag","embeddable":true,"href":"https:\/\/blogsaverroes.juntadeandalucia.es\/eielcastillo\/index.php?rest_route=%2Fwp%2Fv2%2Ftags&post=15362"}],"curies":[{"name":"wp","href":"https:\/\/api.w.org\/{rel}","templated":true}]}}