{"id":15389,"date":"2023-03-24T20:58:27","date_gmt":"2023-03-24T19:58:27","guid":{"rendered":"https:\/\/blogsaverroes.juntadeandalucia.es\/eielcastillo\/?p=15389"},"modified":"2023-03-24T21:23:27","modified_gmt":"2023-03-24T20:23:27","slug":"21-marzo-dia-mundial-sindrome-down","status":"publish","type":"post","link":"https:\/\/blogsaverroes.juntadeandalucia.es\/eielcastillo\/?p=15389","title":{"rendered":"21 marzo, D\u00cdA MUNDIAL SINDROME DOWN"},"content":{"rendered":"<p><a href=\"https:\/\/blogsaverroes.juntadeandalucia.es\/eielcastillo\/files\/2023\/03\/Imagen_post-DiaMundialSindromeDown_2.jpg\"><img loading=\"lazy\" decoding=\"async\" class=\"wp-image-15395 alignleft\" src=\"https:\/\/blogsaverroes.juntadeandalucia.es\/eielcastillo\/files\/2023\/03\/Imagen_post-DiaMundialSindromeDown_2.jpg\" alt=\"\" width=\"218\" height=\"119\" srcset=\"https:\/\/blogsaverroes.juntadeandalucia.es\/eielcastillo\/files\/2023\/03\/Imagen_post-DiaMundialSindromeDown_2.jpg 400w, https:\/\/blogsaverroes.juntadeandalucia.es\/eielcastillo\/files\/2023\/03\/Imagen_post-DiaMundialSindromeDown_2-300x164.jpg 300w\" sizes=\"(max-width: 218px) 100vw, 218px\" \/><\/a><strong>Hoy viernes 24 de marzo hemos recibido la visita de unos amigos del Taller Ocupacional de Bail\u00e9n, el pasado martes 21 se celebraba el D\u00cdA MUNDIAL DEL SINDROME DE DOWN<\/strong>,<\/p>\n<p>como en otras ocasiones hemos querido colaborar con el Taller Ocupacional y que ellos lo hagan con nosotros.<\/p>\n<p style=\"text-align: justify\"><strong>E<\/strong>n su visita, Maria Jos\u00e9, la directora del Taller Ocupacional, ha presentado al profesorado&nbsp; y <a href=\"https:\/\/blogsaverroes.juntadeandalucia.es\/eielcastillo\/files\/2023\/03\/Imagen_PAC2022-23_mar_71-scaled.jpg\"><img loading=\"lazy\" decoding=\"async\" class=\"wp-image-15385 alignright\" src=\"https:\/\/blogsaverroes.juntadeandalucia.es\/eielcastillo\/files\/2023\/03\/Imagen_PAC2022-23_mar_71-scaled.jpg\" alt=\"\" width=\"219\" height=\"101\" srcset=\"https:\/\/blogsaverroes.juntadeandalucia.es\/eielcastillo\/files\/2023\/03\/Imagen_PAC2022-23_mar_71-scaled.jpg 2560w, https:\/\/blogsaverroes.juntadeandalucia.es\/eielcastillo\/files\/2023\/03\/Imagen_PAC2022-23_mar_71-300x138.jpg 300w, https:\/\/blogsaverroes.juntadeandalucia.es\/eielcastillo\/files\/2023\/03\/Imagen_PAC2022-23_mar_71-1024x472.jpg 1024w, https:\/\/blogsaverroes.juntadeandalucia.es\/eielcastillo\/files\/2023\/03\/Imagen_PAC2022-23_mar_71-768x354.jpg 768w, https:\/\/blogsaverroes.juntadeandalucia.es\/eielcastillo\/files\/2023\/03\/Imagen_PAC2022-23_mar_71-1536x708.jpg 1536w, https:\/\/blogsaverroes.juntadeandalucia.es\/eielcastillo\/files\/2023\/03\/Imagen_PAC2022-23_mar_71-2048x944.jpg 2048w\" sizes=\"(max-width: 219px) 100vw, 219px\" \/><\/a>alumnado que la acompa\u00f1aba. Todos nos han dejado un mural que debemos completar, la pr\u00f3xima semana lo haremos y expondremos aqu\u00ed algunas im\u00e1genes. De momento dejamos algunas como estas:<\/p>\n<p><a href=\"https:\/\/blogsaverroes.juntadeandalucia.es\/eielcastillo\/files\/2023\/03\/Imagen_PAC2022-23_mar_77.jpg\"><img loading=\"lazy\" decoding=\"async\" class=\"alignnone size-full wp-image-15398\" src=\"https:\/\/blogsaverroes.juntadeandalucia.es\/eielcastillo\/files\/2023\/03\/Imagen_PAC2022-23_mar_77.jpg\" alt=\"\" width=\"1150\" height=\"404\" srcset=\"https:\/\/blogsaverroes.juntadeandalucia.es\/eielcastillo\/files\/2023\/03\/Imagen_PAC2022-23_mar_77.jpg 1150w, https:\/\/blogsaverroes.juntadeandalucia.es\/eielcastillo\/files\/2023\/03\/Imagen_PAC2022-23_mar_77-300x105.jpg 300w, https:\/\/blogsaverroes.juntadeandalucia.es\/eielcastillo\/files\/2023\/03\/Imagen_PAC2022-23_mar_77-1024x360.jpg 1024w, https:\/\/blogsaverroes.juntadeandalucia.es\/eielcastillo\/files\/2023\/03\/Imagen_PAC2022-23_mar_77-768x270.jpg 768w\" sizes=\"(max-width: 1150px) 100vw, 1150px\" \/><\/a><\/p>\n<p><a href=\"https:\/\/blogsaverroes.juntadeandalucia.es\/eielcastillo\/files\/2023\/03\/Imagen_PAC2022-23_mar_74.jpg\"><img loading=\"lazy\" decoding=\"async\" class=\"alignnone wp-image-15388\" src=\"https:\/\/blogsaverroes.juntadeandalucia.es\/eielcastillo\/files\/2023\/03\/Imagen_PAC2022-23_mar_74.jpg\" alt=\"\" width=\"321\" height=\"180\" srcset=\"https:\/\/blogsaverroes.juntadeandalucia.es\/eielcastillo\/files\/2023\/03\/Imagen_PAC2022-23_mar_74.jpg 1600w, https:\/\/blogsaverroes.juntadeandalucia.es\/eielcastillo\/files\/2023\/03\/Imagen_PAC2022-23_mar_74-300x169.jpg 300w, https:\/\/blogsaverroes.juntadeandalucia.es\/eielcastillo\/files\/2023\/03\/Imagen_PAC2022-23_mar_74-1024x576.jpg 1024w, https:\/\/blogsaverroes.juntadeandalucia.es\/eielcastillo\/files\/2023\/03\/Imagen_PAC2022-23_mar_74-768x432.jpg 768w, https:\/\/blogsaverroes.juntadeandalucia.es\/eielcastillo\/files\/2023\/03\/Imagen_PAC2022-23_mar_74-1536x864.jpg 1536w\" sizes=\"(max-width: 321px) 100vw, 321px\" \/><\/a> <a href=\"https:\/\/blogsaverroes.juntadeandalucia.es\/eielcastillo\/files\/2023\/03\/Imagen_PAC2022-23_mar_73.jpg\"><img loading=\"lazy\" decoding=\"async\" class=\"alignnone wp-image-15387\" src=\"https:\/\/blogsaverroes.juntadeandalucia.es\/eielcastillo\/files\/2023\/03\/Imagen_PAC2022-23_mar_73.jpg\" alt=\"\" width=\"321\" height=\"181\" srcset=\"https:\/\/blogsaverroes.juntadeandalucia.es\/eielcastillo\/files\/2023\/03\/Imagen_PAC2022-23_mar_73.jpg 1600w, https:\/\/blogsaverroes.juntadeandalucia.es\/eielcastillo\/files\/2023\/03\/Imagen_PAC2022-23_mar_73-300x169.jpg 300w, https:\/\/blogsaverroes.juntadeandalucia.es\/eielcastillo\/files\/2023\/03\/Imagen_PAC2022-23_mar_73-1024x576.jpg 1024w, https:\/\/blogsaverroes.juntadeandalucia.es\/eielcastillo\/files\/2023\/03\/Imagen_PAC2022-23_mar_73-768x432.jpg 768w, https:\/\/blogsaverroes.juntadeandalucia.es\/eielcastillo\/files\/2023\/03\/Imagen_PAC2022-23_mar_73-1536x864.jpg 1536w\" sizes=\"(max-width: 321px) 100vw, 321px\" \/><\/a> <a href=\"https:\/\/blogsaverroes.juntadeandalucia.es\/eielcastillo\/files\/2023\/03\/Imagen_PAC2022-23_mar_70.jpg\"><img loading=\"lazy\" decoding=\"async\" class=\"alignnone wp-image-15384\" src=\"https:\/\/blogsaverroes.juntadeandalucia.es\/eielcastillo\/files\/2023\/03\/Imagen_PAC2022-23_mar_70.jpg\" alt=\"\" width=\"323\" height=\"431\" srcset=\"https:\/\/blogsaverroes.juntadeandalucia.es\/eielcastillo\/files\/2023\/03\/Imagen_PAC2022-23_mar_70.jpg 766w, https:\/\/blogsaverroes.juntadeandalucia.es\/eielcastillo\/files\/2023\/03\/Imagen_PAC2022-23_mar_70-225x300.jpg 225w\" sizes=\"(max-width: 323px) 100vw, 323px\" \/><\/a><a href=\"https:\/\/blogsaverroes.juntadeandalucia.es\/eielcastillo\/files\/2023\/03\/Imagen_PAC2022-23_mar_72.jpg\"><img loading=\"lazy\" decoding=\"async\" class=\"alignnone wp-image-15386\" src=\"https:\/\/blogsaverroes.juntadeandalucia.es\/eielcastillo\/files\/2023\/03\/Imagen_PAC2022-23_mar_72.jpg\" alt=\"\" width=\"321\" height=\"181\" srcset=\"https:\/\/blogsaverroes.juntadeandalucia.es\/eielcastillo\/files\/2023\/03\/Imagen_PAC2022-23_mar_72.jpg 1600w, https:\/\/blogsaverroes.juntadeandalucia.es\/eielcastillo\/files\/2023\/03\/Imagen_PAC2022-23_mar_72-300x169.jpg 300w, https:\/\/blogsaverroes.juntadeandalucia.es\/eielcastillo\/files\/2023\/03\/Imagen_PAC2022-23_mar_72-1024x576.jpg 1024w, https:\/\/blogsaverroes.juntadeandalucia.es\/eielcastillo\/files\/2023\/03\/Imagen_PAC2022-23_mar_72-768x432.jpg 768w, https:\/\/blogsaverroes.juntadeandalucia.es\/eielcastillo\/files\/2023\/03\/Imagen_PAC2022-23_mar_72-1536x864.jpg 1536w\" sizes=\"(max-width: 321px) 100vw, 321px\" \/><\/a> <a href=\"https:\/\/blogsaverroes.juntadeandalucia.es\/eielcastillo\/files\/2023\/03\/Imagen_PAC2022-23_mar_75.jpg\"><img loading=\"lazy\" decoding=\"async\" class=\"alignnone wp-image-15397\" src=\"https:\/\/blogsaverroes.juntadeandalucia.es\/eielcastillo\/files\/2023\/03\/Imagen_PAC2022-23_mar_75.jpg\" alt=\"\" width=\"317\" height=\"146\" srcset=\"https:\/\/blogsaverroes.juntadeandalucia.es\/eielcastillo\/files\/2023\/03\/Imagen_PAC2022-23_mar_75.jpg 1600w, https:\/\/blogsaverroes.juntadeandalucia.es\/eielcastillo\/files\/2023\/03\/Imagen_PAC2022-23_mar_75-300x138.jpg 300w, https:\/\/blogsaverroes.juntadeandalucia.es\/eielcastillo\/files\/2023\/03\/Imagen_PAC2022-23_mar_75-1024x472.jpg 1024w, https:\/\/blogsaverroes.juntadeandalucia.es\/eielcastillo\/files\/2023\/03\/Imagen_PAC2022-23_mar_75-768x354.jpg 768w, https:\/\/blogsaverroes.juntadeandalucia.es\/eielcastillo\/files\/2023\/03\/Imagen_PAC2022-23_mar_75-1536x708.jpg 1536w\" sizes=\"(max-width: 317px) 100vw, 317px\" \/><\/a><\/p>\n<p><span style=\"color: #800000\"><strong>En este video recopilatorio, se incluyen los dos reportaje que nos trajeron y expusieron a nuestro alumnado, puedes verlos:<\/strong><\/span><\/p>\n<p><iframe loading=\"lazy\" src=\"https:\/\/www.youtube.com\/embed\/sqiqVuSC59I\" width=\"640\" height=\"362\" frameborder=\"0\"><\/iframe><\/p>\n<p>&nbsp;<\/p>\n<p>&nbsp;<\/p>\n","protected":false},"excerpt":{"rendered":"<p>Hoy viernes 24 de marzo hemos recibido la visita de unos amigos del Taller Ocupacional de Bail\u00e9n, el pasado martes 21 se celebraba el D\u00cdA&hellip;<\/p>\n","protected":false},"author":3249,"featured_media":0,"comment_status":"closed","ping_status":"closed","sticky":false,"template":"","format":"standard","meta":{"ngg_post_thumbnail":0,"footnotes":""},"categories":[926],"tags":[],"aioseo_notices":[],"_links":{"self":[{"href":"https:\/\/blogsaverroes.juntadeandalucia.es\/eielcastillo\/index.php?rest_route=\/wp\/v2\/posts\/15389"}],"collection":[{"href":"https:\/\/blogsaverroes.juntadeandalucia.es\/eielcastillo\/index.php?rest_route=\/wp\/v2\/posts"}],"about":[{"href":"https:\/\/blogsaverroes.juntadeandalucia.es\/eielcastillo\/index.php?rest_route=\/wp\/v2\/types\/post"}],"author":[{"embeddable":true,"href":"https:\/\/blogsaverroes.juntadeandalucia.es\/eielcastillo\/index.php?rest_route=\/wp\/v2\/users\/3249"}],"replies":[{"embeddable":true,"href":"https:\/\/blogsaverroes.juntadeandalucia.es\/eielcastillo\/index.php?rest_route=%2Fwp%2Fv2%2Fcomments&post=15389"}],"version-history":[{"count":5,"href":"https:\/\/blogsaverroes.juntadeandalucia.es\/eielcastillo\/index.php?rest_route=\/wp\/v2\/posts\/15389\/revisions"}],"predecessor-version":[{"id":15399,"href":"https:\/\/blogsaverroes.juntadeandalucia.es\/eielcastillo\/index.php?rest_route=\/wp\/v2\/posts\/15389\/revisions\/15399"}],"wp:attachment":[{"href":"https:\/\/blogsaverroes.juntadeandalucia.es\/eielcastillo\/index.php?rest_route=%2Fwp%2Fv2%2Fmedia&parent=15389"}],"wp:term":[{"taxonomy":"category","embeddable":true,"href":"https:\/\/blogsaverroes.juntadeandalucia.es\/eielcastillo\/index.php?rest_route=%2Fwp%2Fv2%2Fcategories&post=15389"},{"taxonomy":"post_tag","embeddable":true,"href":"https:\/\/blogsaverroes.juntadeandalucia.es\/eielcastillo\/index.php?rest_route=%2Fwp%2Fv2%2Ftags&post=15389"}],"curies":[{"name":"wp","href":"https:\/\/api.w.org\/{rel}","templated":true}]}}