{"id":15403,"date":"2023-03-31T16:43:46","date_gmt":"2023-03-31T15:43:46","guid":{"rendered":"https:\/\/blogsaverroes.juntadeandalucia.es\/eielcastillo\/?p=15403"},"modified":"2023-03-31T20:46:30","modified_gmt":"2023-03-31T19:46:30","slug":"de-nuevo-compartimos-teatro-general-castanos","status":"publish","type":"post","link":"https:\/\/blogsaverroes.juntadeandalucia.es\/eielcastillo\/?p=15403","title":{"rendered":"De nuevo compartimos, TEATRO &#8220;GENERAL CASTA\u00d1OS&#8221;"},"content":{"rendered":"<p style=\"text-align: justify\"><a href=\"https:\/\/blogsaverroes.juntadeandalucia.es\/eielcastillo\/files\/2023\/03\/Imagen_PAC2022-23_mar_92.jpg\"><img loading=\"lazy\" decoding=\"async\" class=\"wp-image-15417 alignleft\" src=\"https:\/\/blogsaverroes.juntadeandalucia.es\/eielcastillo\/files\/2023\/03\/Imagen_PAC2022-23_mar_92.jpg\" alt=\"\" width=\"319\" height=\"147\" srcset=\"https:\/\/blogsaverroes.juntadeandalucia.es\/eielcastillo\/files\/2023\/03\/Imagen_PAC2022-23_mar_92.jpg 1600w, https:\/\/blogsaverroes.juntadeandalucia.es\/eielcastillo\/files\/2023\/03\/Imagen_PAC2022-23_mar_92-300x138.jpg 300w, https:\/\/blogsaverroes.juntadeandalucia.es\/eielcastillo\/files\/2023\/03\/Imagen_PAC2022-23_mar_92-1024x472.jpg 1024w, https:\/\/blogsaverroes.juntadeandalucia.es\/eielcastillo\/files\/2023\/03\/Imagen_PAC2022-23_mar_92-768x354.jpg 768w, https:\/\/blogsaverroes.juntadeandalucia.es\/eielcastillo\/files\/2023\/03\/Imagen_PAC2022-23_mar_92-1536x708.jpg 1536w\" sizes=\"(max-width: 319px) 100vw, 319px\" \/><\/a><span style=\"color: #0000ff\"><strong>El taller de teatro del centro C.E.PR. General Casta\u00f1os (dirigido por Lola Herrero), estuvo en la ma\u00f1ana del jueves 30 de marzo representando, en el sal\u00f3n de actos de la Casa de la Cultura, dos obras: &#8220;La Tormenta&#8221; y &#8220;La piedra maravillosa&#8221;.<\/strong><\/span><\/p>\n<p style=\"text-align: justify\"><em>Esta actuaci\u00f3n la pode\u00eds ver en la p\u00e1gina de facebook del referido centro de primaria.<\/em><\/p>\n<p>&nbsp;<\/p>\n<p style=\"text-align: justify\">Una vez acabaron all\u00ed (Casa de la Cultura), pasaron por nuestro cole para presentarla a nuestro alumnado, en el gimnasio del centro.<\/p>\n<p style=\"text-align: justify\"><span style=\"color: #800000\">Continuamos y continuaremos, compartiendo, el mundo de la representaci\u00f3n forma parte de nuestros proyectos educativos pero sin duda podemos compartir mucho m\u00e1s, caminemos.<\/span><\/p>\n<p><span style=\"text-decoration: underline\"><strong><span style=\"color: #ff0000;text-decoration: underline\">Esta es la grabaci\u00f3n de cada una de las actuaciones, en nuestro centro:<\/span><\/strong><\/span><\/p>\n<p><a href=\"https:\/\/blogsaverroes.juntadeandalucia.es\/eielcastillo\/files\/2023\/03\/Imagen_post-Latormenta.jpg\"><img loading=\"lazy\" decoding=\"async\" class=\"alignnone wp-image-15408\" src=\"https:\/\/blogsaverroes.juntadeandalucia.es\/eielcastillo\/files\/2023\/03\/Imagen_post-Latormenta.jpg\" alt=\"\" width=\"225\" height=\"153\" srcset=\"https:\/\/blogsaverroes.juntadeandalucia.es\/eielcastillo\/files\/2023\/03\/Imagen_post-Latormenta.jpg 1582w, https:\/\/blogsaverroes.juntadeandalucia.es\/eielcastillo\/files\/2023\/03\/Imagen_post-Latormenta-300x203.jpg 300w, https:\/\/blogsaverroes.juntadeandalucia.es\/eielcastillo\/files\/2023\/03\/Imagen_post-Latormenta-1024x695.jpg 1024w, https:\/\/blogsaverroes.juntadeandalucia.es\/eielcastillo\/files\/2023\/03\/Imagen_post-Latormenta-768x521.jpg 768w, https:\/\/blogsaverroes.juntadeandalucia.es\/eielcastillo\/files\/2023\/03\/Imagen_post-Latormenta-1536x1042.jpg 1536w\" sizes=\"(max-width: 225px) 100vw, 225px\" \/>:<\/a><\/p>\n<p><iframe loading=\"lazy\" src=\"https:\/\/www.youtube.com\/embed\/VPvT0yvFH1c\" width=\"640\" height=\"362\" frameborder=\"0\"><span style=\"width: 0px;overflow: hidden;line-height: 0\" data-mce-type=\"bookmark\" class=\"mce_SELRES_start\">\ufeff<\/span><\/iframe>&nbsp;<\/p>\n<p><a href=\"https:\/\/blogsaverroes.juntadeandalucia.es\/eielcastillo\/files\/2023\/03\/Imagen_post-LaPiedraMaravillosa.jpg\"><img loading=\"lazy\" decoding=\"async\" class=\"alignnone wp-image-15407\" src=\"https:\/\/blogsaverroes.juntadeandalucia.es\/eielcastillo\/files\/2023\/03\/Imagen_post-LaPiedraMaravillosa.jpg\" alt=\"\" width=\"225\" height=\"148\" srcset=\"https:\/\/blogsaverroes.juntadeandalucia.es\/eielcastillo\/files\/2023\/03\/Imagen_post-LaPiedraMaravillosa.jpg 1594w, https:\/\/blogsaverroes.juntadeandalucia.es\/eielcastillo\/files\/2023\/03\/Imagen_post-LaPiedraMaravillosa-300x197.jpg 300w, https:\/\/blogsaverroes.juntadeandalucia.es\/eielcastillo\/files\/2023\/03\/Imagen_post-LaPiedraMaravillosa-1024x673.jpg 1024w, https:\/\/blogsaverroes.juntadeandalucia.es\/eielcastillo\/files\/2023\/03\/Imagen_post-LaPiedraMaravillosa-768x505.jpg 768w, https:\/\/blogsaverroes.juntadeandalucia.es\/eielcastillo\/files\/2023\/03\/Imagen_post-LaPiedraMaravillosa-1536x1010.jpg 1536w\" sizes=\"(max-width: 225px) 100vw, 225px\" \/>:<\/a><\/p>\n<p><iframe loading=\"lazy\" src=\"https:\/\/www.youtube.com\/embed\/FoXTtoYaFPA\" width=\"640\" height=\"362\" frameborder=\"0\"><span style=\"width: 0px;overflow: hidden;line-height: 0\" data-mce-type=\"bookmark\" class=\"mce_SELRES_start\">\ufeff<\/span><\/iframe>&nbsp;<\/p>\n<p><strong><span style=\"text-decoration: underline\"><span style=\"color: #ff0000;text-decoration: underline\">Algunas im\u00e1genes:<\/span><\/span><\/strong><\/p>\n<p><a href=\"https:\/\/blogsaverroes.juntadeandalucia.es\/eielcastillo\/files\/2023\/03\/Imagen_PAC2022-23_mar_92.jpg\"><img loading=\"lazy\" decoding=\"async\" class=\"alignnone size-full wp-image-15417\" src=\"https:\/\/blogsaverroes.juntadeandalucia.es\/eielcastillo\/files\/2023\/03\/Imagen_PAC2022-23_mar_92.jpg\" alt=\"\" width=\"1600\" height=\"737\" srcset=\"https:\/\/blogsaverroes.juntadeandalucia.es\/eielcastillo\/files\/2023\/03\/Imagen_PAC2022-23_mar_92.jpg 1600w, https:\/\/blogsaverroes.juntadeandalucia.es\/eielcastillo\/files\/2023\/03\/Imagen_PAC2022-23_mar_92-300x138.jpg 300w, https:\/\/blogsaverroes.juntadeandalucia.es\/eielcastillo\/files\/2023\/03\/Imagen_PAC2022-23_mar_92-1024x472.jpg 1024w, https:\/\/blogsaverroes.juntadeandalucia.es\/eielcastillo\/files\/2023\/03\/Imagen_PAC2022-23_mar_92-768x354.jpg 768w, https:\/\/blogsaverroes.juntadeandalucia.es\/eielcastillo\/files\/2023\/03\/Imagen_PAC2022-23_mar_92-1536x708.jpg 1536w\" sizes=\"(max-width: 1600px) 100vw, 1600px\" \/><\/a> <a href=\"https:\/\/blogsaverroes.juntadeandalucia.es\/eielcastillo\/files\/2023\/03\/Imagen_PAC2022-23_mar_91.jpg\"><img loading=\"lazy\" decoding=\"async\" class=\"alignnone size-full wp-image-15416\" src=\"https:\/\/blogsaverroes.juntadeandalucia.es\/eielcastillo\/files\/2023\/03\/Imagen_PAC2022-23_mar_91.jpg\" alt=\"\" width=\"1600\" height=\"737\" srcset=\"https:\/\/blogsaverroes.juntadeandalucia.es\/eielcastillo\/files\/2023\/03\/Imagen_PAC2022-23_mar_91.jpg 1600w, https:\/\/blogsaverroes.juntadeandalucia.es\/eielcastillo\/files\/2023\/03\/Imagen_PAC2022-23_mar_91-300x138.jpg 300w, https:\/\/blogsaverroes.juntadeandalucia.es\/eielcastillo\/files\/2023\/03\/Imagen_PAC2022-23_mar_91-1024x472.jpg 1024w, https:\/\/blogsaverroes.juntadeandalucia.es\/eielcastillo\/files\/2023\/03\/Imagen_PAC2022-23_mar_91-768x354.jpg 768w, https:\/\/blogsaverroes.juntadeandalucia.es\/eielcastillo\/files\/2023\/03\/Imagen_PAC2022-23_mar_91-1536x708.jpg 1536w\" sizes=\"(max-width: 1600px) 100vw, 1600px\" \/><\/a> <a href=\"https:\/\/blogsaverroes.juntadeandalucia.es\/eielcastillo\/files\/2023\/03\/Imagen_PAC2022-23_mar_90.jpg\"><img loading=\"lazy\" decoding=\"async\" class=\"alignnone size-full wp-image-15415\" src=\"https:\/\/blogsaverroes.juntadeandalucia.es\/eielcastillo\/files\/2023\/03\/Imagen_PAC2022-23_mar_90.jpg\" alt=\"\" width=\"1600\" height=\"737\" srcset=\"https:\/\/blogsaverroes.juntadeandalucia.es\/eielcastillo\/files\/2023\/03\/Imagen_PAC2022-23_mar_90.jpg 1600w, https:\/\/blogsaverroes.juntadeandalucia.es\/eielcastillo\/files\/2023\/03\/Imagen_PAC2022-23_mar_90-300x138.jpg 300w, https:\/\/blogsaverroes.juntadeandalucia.es\/eielcastillo\/files\/2023\/03\/Imagen_PAC2022-23_mar_90-1024x472.jpg 1024w, https:\/\/blogsaverroes.juntadeandalucia.es\/eielcastillo\/files\/2023\/03\/Imagen_PAC2022-23_mar_90-768x354.jpg 768w, https:\/\/blogsaverroes.juntadeandalucia.es\/eielcastillo\/files\/2023\/03\/Imagen_PAC2022-23_mar_90-1536x708.jpg 1536w\" sizes=\"(max-width: 1600px) 100vw, 1600px\" \/><\/a> <a href=\"https:\/\/blogsaverroes.juntadeandalucia.es\/eielcastillo\/files\/2023\/03\/Imagen_PAC2022-23_mar_89.jpg\"><img loading=\"lazy\" decoding=\"async\" class=\"alignnone size-full wp-image-15414\" src=\"https:\/\/blogsaverroes.juntadeandalucia.es\/eielcastillo\/files\/2023\/03\/Imagen_PAC2022-23_mar_89.jpg\" alt=\"\" width=\"1600\" height=\"737\" srcset=\"https:\/\/blogsaverroes.juntadeandalucia.es\/eielcastillo\/files\/2023\/03\/Imagen_PAC2022-23_mar_89.jpg 1600w, https:\/\/blogsaverroes.juntadeandalucia.es\/eielcastillo\/files\/2023\/03\/Imagen_PAC2022-23_mar_89-300x138.jpg 300w, https:\/\/blogsaverroes.juntadeandalucia.es\/eielcastillo\/files\/2023\/03\/Imagen_PAC2022-23_mar_89-1024x472.jpg 1024w, https:\/\/blogsaverroes.juntadeandalucia.es\/eielcastillo\/files\/2023\/03\/Imagen_PAC2022-23_mar_89-768x354.jpg 768w, https:\/\/blogsaverroes.juntadeandalucia.es\/eielcastillo\/files\/2023\/03\/Imagen_PAC2022-23_mar_89-1536x708.jpg 1536w\" sizes=\"(max-width: 1600px) 100vw, 1600px\" \/><\/a> <a href=\"https:\/\/blogsaverroes.juntadeandalucia.es\/eielcastillo\/files\/2023\/03\/Imagen_PAC2022-23_mar_88.jpg\"><img loading=\"lazy\" decoding=\"async\" class=\"alignnone size-full wp-image-15413\" src=\"https:\/\/blogsaverroes.juntadeandalucia.es\/eielcastillo\/files\/2023\/03\/Imagen_PAC2022-23_mar_88.jpg\" alt=\"\" width=\"1600\" height=\"737\" srcset=\"https:\/\/blogsaverroes.juntadeandalucia.es\/eielcastillo\/files\/2023\/03\/Imagen_PAC2022-23_mar_88.jpg 1600w, https:\/\/blogsaverroes.juntadeandalucia.es\/eielcastillo\/files\/2023\/03\/Imagen_PAC2022-23_mar_88-300x138.jpg 300w, https:\/\/blogsaverroes.juntadeandalucia.es\/eielcastillo\/files\/2023\/03\/Imagen_PAC2022-23_mar_88-1024x472.jpg 1024w, https:\/\/blogsaverroes.juntadeandalucia.es\/eielcastillo\/files\/2023\/03\/Imagen_PAC2022-23_mar_88-768x354.jpg 768w, https:\/\/blogsaverroes.juntadeandalucia.es\/eielcastillo\/files\/2023\/03\/Imagen_PAC2022-23_mar_88-1536x708.jpg 1536w\" sizes=\"(max-width: 1600px) 100vw, 1600px\" \/><\/a> <a href=\"https:\/\/blogsaverroes.juntadeandalucia.es\/eielcastillo\/files\/2023\/03\/Imagen_PAC2022-23_mar_87.jpg\"><img loading=\"lazy\" decoding=\"async\" class=\"alignnone size-full wp-image-15412\" src=\"https:\/\/blogsaverroes.juntadeandalucia.es\/eielcastillo\/files\/2023\/03\/Imagen_PAC2022-23_mar_87.jpg\" alt=\"\" width=\"1600\" height=\"737\" srcset=\"https:\/\/blogsaverroes.juntadeandalucia.es\/eielcastillo\/files\/2023\/03\/Imagen_PAC2022-23_mar_87.jpg 1600w, https:\/\/blogsaverroes.juntadeandalucia.es\/eielcastillo\/files\/2023\/03\/Imagen_PAC2022-23_mar_87-300x138.jpg 300w, https:\/\/blogsaverroes.juntadeandalucia.es\/eielcastillo\/files\/2023\/03\/Imagen_PAC2022-23_mar_87-1024x472.jpg 1024w, https:\/\/blogsaverroes.juntadeandalucia.es\/eielcastillo\/files\/2023\/03\/Imagen_PAC2022-23_mar_87-768x354.jpg 768w, https:\/\/blogsaverroes.juntadeandalucia.es\/eielcastillo\/files\/2023\/03\/Imagen_PAC2022-23_mar_87-1536x708.jpg 1536w\" sizes=\"(max-width: 1600px) 100vw, 1600px\" \/><\/a> <a href=\"https:\/\/blogsaverroes.juntadeandalucia.es\/eielcastillo\/files\/2023\/03\/Imagen_PAC2022-23_mar_86.jpg\"><img loading=\"lazy\" decoding=\"async\" class=\"alignnone size-full wp-image-15411\" src=\"https:\/\/blogsaverroes.juntadeandalucia.es\/eielcastillo\/files\/2023\/03\/Imagen_PAC2022-23_mar_86.jpg\" alt=\"\" width=\"1600\" height=\"737\" srcset=\"https:\/\/blogsaverroes.juntadeandalucia.es\/eielcastillo\/files\/2023\/03\/Imagen_PAC2022-23_mar_86.jpg 1600w, https:\/\/blogsaverroes.juntadeandalucia.es\/eielcastillo\/files\/2023\/03\/Imagen_PAC2022-23_mar_86-300x138.jpg 300w, https:\/\/blogsaverroes.juntadeandalucia.es\/eielcastillo\/files\/2023\/03\/Imagen_PAC2022-23_mar_86-1024x472.jpg 1024w, https:\/\/blogsaverroes.juntadeandalucia.es\/eielcastillo\/files\/2023\/03\/Imagen_PAC2022-23_mar_86-768x354.jpg 768w, https:\/\/blogsaverroes.juntadeandalucia.es\/eielcastillo\/files\/2023\/03\/Imagen_PAC2022-23_mar_86-1536x708.jpg 1536w\" sizes=\"(max-width: 1600px) 100vw, 1600px\" \/><\/a> <a href=\"https:\/\/blogsaverroes.juntadeandalucia.es\/eielcastillo\/files\/2023\/03\/Imagen_PAC2022-23_mar_85.jpg\"><img loading=\"lazy\" decoding=\"async\" class=\"alignnone size-full wp-image-15410\" src=\"https:\/\/blogsaverroes.juntadeandalucia.es\/eielcastillo\/files\/2023\/03\/Imagen_PAC2022-23_mar_85.jpg\" alt=\"\" width=\"1600\" height=\"737\" srcset=\"https:\/\/blogsaverroes.juntadeandalucia.es\/eielcastillo\/files\/2023\/03\/Imagen_PAC2022-23_mar_85.jpg 1600w, https:\/\/blogsaverroes.juntadeandalucia.es\/eielcastillo\/files\/2023\/03\/Imagen_PAC2022-23_mar_85-300x138.jpg 300w, https:\/\/blogsaverroes.juntadeandalucia.es\/eielcastillo\/files\/2023\/03\/Imagen_PAC2022-23_mar_85-1024x472.jpg 1024w, https:\/\/blogsaverroes.juntadeandalucia.es\/eielcastillo\/files\/2023\/03\/Imagen_PAC2022-23_mar_85-768x354.jpg 768w, https:\/\/blogsaverroes.juntadeandalucia.es\/eielcastillo\/files\/2023\/03\/Imagen_PAC2022-23_mar_85-1536x708.jpg 1536w\" sizes=\"(max-width: 1600px) 100vw, 1600px\" \/><\/a><\/p>\n","protected":false},"excerpt":{"rendered":"<p>El taller de teatro del centro C.E.PR. General Casta\u00f1os (dirigido por Lola Herrero), estuvo en la ma\u00f1ana del jueves 30 de marzo representando, en el&hellip;<\/p>\n","protected":false},"author":3249,"featured_media":0,"comment_status":"closed","ping_status":"closed","sticky":false,"template":"","format":"standard","meta":{"ngg_post_thumbnail":0,"footnotes":""},"categories":[926],"tags":[],"aioseo_notices":[],"_links":{"self":[{"href":"https:\/\/blogsaverroes.juntadeandalucia.es\/eielcastillo\/index.php?rest_route=\/wp\/v2\/posts\/15403"}],"collection":[{"href":"https:\/\/blogsaverroes.juntadeandalucia.es\/eielcastillo\/index.php?rest_route=\/wp\/v2\/posts"}],"about":[{"href":"https:\/\/blogsaverroes.juntadeandalucia.es\/eielcastillo\/index.php?rest_route=\/wp\/v2\/types\/post"}],"author":[{"embeddable":true,"href":"https:\/\/blogsaverroes.juntadeandalucia.es\/eielcastillo\/index.php?rest_route=\/wp\/v2\/users\/3249"}],"replies":[{"embeddable":true,"href":"https:\/\/blogsaverroes.juntadeandalucia.es\/eielcastillo\/index.php?rest_route=%2Fwp%2Fv2%2Fcomments&post=15403"}],"version-history":[{"count":7,"href":"https:\/\/blogsaverroes.juntadeandalucia.es\/eielcastillo\/index.php?rest_route=\/wp\/v2\/posts\/15403\/revisions"}],"predecessor-version":[{"id":15420,"href":"https:\/\/blogsaverroes.juntadeandalucia.es\/eielcastillo\/index.php?rest_route=\/wp\/v2\/posts\/15403\/revisions\/15420"}],"wp:attachment":[{"href":"https:\/\/blogsaverroes.juntadeandalucia.es\/eielcastillo\/index.php?rest_route=%2Fwp%2Fv2%2Fmedia&parent=15403"}],"wp:term":[{"taxonomy":"category","embeddable":true,"href":"https:\/\/blogsaverroes.juntadeandalucia.es\/eielcastillo\/index.php?rest_route=%2Fwp%2Fv2%2Fcategories&post=15403"},{"taxonomy":"post_tag","embeddable":true,"href":"https:\/\/blogsaverroes.juntadeandalucia.es\/eielcastillo\/index.php?rest_route=%2Fwp%2Fv2%2Ftags&post=15403"}],"curies":[{"name":"wp","href":"https:\/\/api.w.org\/{rel}","templated":true}]}}