{"id":15554,"date":"2023-04-23T15:19:31","date_gmt":"2023-04-23T14:19:31","guid":{"rendered":"https:\/\/blogsaverroes.juntadeandalucia.es\/eielcastillo\/?p=15554"},"modified":"2023-04-24T14:08:20","modified_gmt":"2023-04-24T13:08:20","slug":"enfermera-escolar-cuida-tu-salud","status":"publish","type":"post","link":"https:\/\/blogsaverroes.juntadeandalucia.es\/eielcastillo\/?p=15554","title":{"rendered":"Enfermera escolar, CUIDANDO TU SALUD"},"content":{"rendered":"<h3 style=\"text-align: justify\"><a href=\"https:\/\/blogsaverroes.juntadeandalucia.es\/eielcastillo\/files\/2023\/04\/Imagen_post-DiaMundialDeLaSalud.jpg\"><img loading=\"lazy\" decoding=\"async\" class=\"wp-image-15556 alignleft\" src=\"https:\/\/blogsaverroes.juntadeandalucia.es\/eielcastillo\/files\/2023\/04\/Imagen_post-DiaMundialDeLaSalud.jpg\" alt=\"\" width=\"173\" height=\"95\" srcset=\"https:\/\/blogsaverroes.juntadeandalucia.es\/eielcastillo\/files\/2023\/04\/Imagen_post-DiaMundialDeLaSalud.jpg 317w, https:\/\/blogsaverroes.juntadeandalucia.es\/eielcastillo\/files\/2023\/04\/Imagen_post-DiaMundialDeLaSalud-300x165.jpg 300w\" sizes=\"(max-width: 173px) 100vw, 173px\" \/><\/a><span style=\"color: #800000\">El pasado 7 de abril se celebraba<\/span><\/h3>\n<h3 style=\"text-align: justify\"><span style=\"color: #800000\"> el D\u00eda Mundial de la Salud.<\/span><\/h3>\n<p style=\"text-align: justify\">&nbsp;<\/p>\n<p>&nbsp;<\/p>\n<p style=\"text-align: left\"><span style=\"color: #0000ff\"><strong>Hoy viernes, 21 de abril, nos ha visitado en el centro, Tatiana Amate, es la enfermera de referencia para los centros educativos de Bail\u00e9n, la enfermera escolar.<\/strong><\/span><a href=\"https:\/\/blogsaverroes.juntadeandalucia.es\/eielcastillo\/files\/2023\/04\/ImagenPAC2022-23_abr_56-scaled.jpg\"><img loading=\"lazy\" decoding=\"async\" class=\"alignnone size-full wp-image-15565\" src=\"https:\/\/blogsaverroes.juntadeandalucia.es\/eielcastillo\/files\/2023\/04\/ImagenPAC2022-23_abr_56-scaled.jpg\" alt=\"\" width=\"2560\" height=\"1180\" srcset=\"https:\/\/blogsaverroes.juntadeandalucia.es\/eielcastillo\/files\/2023\/04\/ImagenPAC2022-23_abr_56-scaled.jpg 2560w, https:\/\/blogsaverroes.juntadeandalucia.es\/eielcastillo\/files\/2023\/04\/ImagenPAC2022-23_abr_56-300x138.jpg 300w, https:\/\/blogsaverroes.juntadeandalucia.es\/eielcastillo\/files\/2023\/04\/ImagenPAC2022-23_abr_56-1024x472.jpg 1024w, https:\/\/blogsaverroes.juntadeandalucia.es\/eielcastillo\/files\/2023\/04\/ImagenPAC2022-23_abr_56-768x354.jpg 768w, https:\/\/blogsaverroes.juntadeandalucia.es\/eielcastillo\/files\/2023\/04\/ImagenPAC2022-23_abr_56-1536x708.jpg 1536w, https:\/\/blogsaverroes.juntadeandalucia.es\/eielcastillo\/files\/2023\/04\/ImagenPAC2022-23_abr_56-2048x944.jpg 2048w\" sizes=\"(max-width: 2560px) 100vw, 2560px\" \/><\/a><\/p>\n<p style=\"text-align: justify\">En cada una de las clases del centro, les ha contado al alumnado, lo importante que es cuidar nuestra salud, el primer paso es conocer una serie de h\u00e1bitos de vida saludable que cada d\u00eda debemos poner en pr\u00e1ctica.<\/p>\n<p style=\"text-align: justify\">Y como una parte importante de nuestro cuerpo es el cerebro, tambi\u00e9n los m\u00e1s peque\u00f1os deben conocer c\u00f3mo pueden cuidarlo cada d\u00eda, y despu\u00e9s ellos y ellas deber\u00e1n cont\u00e1rselo a la familia, por si no lo saben&#8230;<\/p>\n<p><a href=\"https:\/\/blogsaverroes.juntadeandalucia.es\/eielcastillo\/files\/2023\/04\/Imagen_CuidaTuCerebro_1.jpg\"><img loading=\"lazy\" decoding=\"async\" class=\"alignnone wp-image-15505 size-medium\" src=\"https:\/\/blogsaverroes.juntadeandalucia.es\/eielcastillo\/files\/2023\/04\/Imagen_CuidaTuCerebro_1-212x300.jpg\" alt=\"\" width=\"212\" height=\"300\" srcset=\"https:\/\/blogsaverroes.juntadeandalucia.es\/eielcastillo\/files\/2023\/04\/Imagen_CuidaTuCerebro_1-212x300.jpg 212w, https:\/\/blogsaverroes.juntadeandalucia.es\/eielcastillo\/files\/2023\/04\/Imagen_CuidaTuCerebro_1-724x1024.jpg 724w, https:\/\/blogsaverroes.juntadeandalucia.es\/eielcastillo\/files\/2023\/04\/Imagen_CuidaTuCerebro_1-768x1086.jpg 768w, https:\/\/blogsaverroes.juntadeandalucia.es\/eielcastillo\/files\/2023\/04\/Imagen_CuidaTuCerebro_1-1086x1536.jpg 1086w, https:\/\/blogsaverroes.juntadeandalucia.es\/eielcastillo\/files\/2023\/04\/Imagen_CuidaTuCerebro_1.jpg 1131w\" sizes=\"(max-width: 212px) 100vw, 212px\" \/><\/a>&nbsp;&nbsp;&nbsp; <a href=\"https:\/\/blogsaverroes.juntadeandalucia.es\/eielcastillo\/files\/2023\/04\/Imagen_CuidaTuCerebro_2.jpg\"><img loading=\"lazy\" decoding=\"async\" class=\"alignnone wp-image-15506 size-medium\" src=\"https:\/\/blogsaverroes.juntadeandalucia.es\/eielcastillo\/files\/2023\/04\/Imagen_CuidaTuCerebro_2-217x300.jpg\" alt=\"\" width=\"217\" height=\"300\" srcset=\"https:\/\/blogsaverroes.juntadeandalucia.es\/eielcastillo\/files\/2023\/04\/Imagen_CuidaTuCerebro_2-217x300.jpg 217w, https:\/\/blogsaverroes.juntadeandalucia.es\/eielcastillo\/files\/2023\/04\/Imagen_CuidaTuCerebro_2-741x1024.jpg 741w, https:\/\/blogsaverroes.juntadeandalucia.es\/eielcastillo\/files\/2023\/04\/Imagen_CuidaTuCerebro_2-768x1062.jpg 768w, https:\/\/blogsaverroes.juntadeandalucia.es\/eielcastillo\/files\/2023\/04\/Imagen_CuidaTuCerebro_2-1111x1536.jpg 1111w, https:\/\/blogsaverroes.juntadeandalucia.es\/eielcastillo\/files\/2023\/04\/Imagen_CuidaTuCerebro_2.jpg 1187w\" sizes=\"(max-width: 217px) 100vw, 217px\" \/><\/a><\/p>\n<p><span style=\"color: #ff6600\"><em>(Puedes ver estos carteles a mayor tama\u00f1o, haz clic sobre cada imagen)<\/em><\/span><\/p>\n<p style=\"text-align: justify\">Mirad, <span style=\"color: #003300\"><strong>\u00a1qu\u00e9 atentas y atentos estaban !<\/strong><\/span><\/p>\n<p><a href=\"https:\/\/blogsaverroes.juntadeandalucia.es\/eielcastillo\/files\/2023\/04\/Imagen_PAC2022-23_abr_50-scaled.jpg\"><img loading=\"lazy\" decoding=\"async\" class=\"alignnone size-full wp-image-15559\" src=\"https:\/\/blogsaverroes.juntadeandalucia.es\/eielcastillo\/files\/2023\/04\/Imagen_PAC2022-23_abr_50-scaled.jpg\" alt=\"\" width=\"2560\" height=\"1180\" srcset=\"https:\/\/blogsaverroes.juntadeandalucia.es\/eielcastillo\/files\/2023\/04\/Imagen_PAC2022-23_abr_50-scaled.jpg 2560w, https:\/\/blogsaverroes.juntadeandalucia.es\/eielcastillo\/files\/2023\/04\/Imagen_PAC2022-23_abr_50-300x138.jpg 300w, https:\/\/blogsaverroes.juntadeandalucia.es\/eielcastillo\/files\/2023\/04\/Imagen_PAC2022-23_abr_50-1024x472.jpg 1024w, https:\/\/blogsaverroes.juntadeandalucia.es\/eielcastillo\/files\/2023\/04\/Imagen_PAC2022-23_abr_50-768x354.jpg 768w, https:\/\/blogsaverroes.juntadeandalucia.es\/eielcastillo\/files\/2023\/04\/Imagen_PAC2022-23_abr_50-1536x708.jpg 1536w, https:\/\/blogsaverroes.juntadeandalucia.es\/eielcastillo\/files\/2023\/04\/Imagen_PAC2022-23_abr_50-2048x944.jpg 2048w\" sizes=\"(max-width: 2560px) 100vw, 2560px\" \/><\/a> <a href=\"https:\/\/blogsaverroes.juntadeandalucia.es\/eielcastillo\/files\/2023\/04\/Imagen_PAC2022-23_abr_51-scaled.jpg\"><img loading=\"lazy\" decoding=\"async\" class=\"alignnone size-full wp-image-15560\" src=\"https:\/\/blogsaverroes.juntadeandalucia.es\/eielcastillo\/files\/2023\/04\/Imagen_PAC2022-23_abr_51-scaled.jpg\" alt=\"\" width=\"2560\" height=\"1180\" srcset=\"https:\/\/blogsaverroes.juntadeandalucia.es\/eielcastillo\/files\/2023\/04\/Imagen_PAC2022-23_abr_51-scaled.jpg 2560w, https:\/\/blogsaverroes.juntadeandalucia.es\/eielcastillo\/files\/2023\/04\/Imagen_PAC2022-23_abr_51-300x138.jpg 300w, https:\/\/blogsaverroes.juntadeandalucia.es\/eielcastillo\/files\/2023\/04\/Imagen_PAC2022-23_abr_51-1024x472.jpg 1024w, https:\/\/blogsaverroes.juntadeandalucia.es\/eielcastillo\/files\/2023\/04\/Imagen_PAC2022-23_abr_51-768x354.jpg 768w, https:\/\/blogsaverroes.juntadeandalucia.es\/eielcastillo\/files\/2023\/04\/Imagen_PAC2022-23_abr_51-1536x708.jpg 1536w, https:\/\/blogsaverroes.juntadeandalucia.es\/eielcastillo\/files\/2023\/04\/Imagen_PAC2022-23_abr_51-2048x944.jpg 2048w\" sizes=\"(max-width: 2560px) 100vw, 2560px\" \/><\/a> <a href=\"https:\/\/blogsaverroes.juntadeandalucia.es\/eielcastillo\/files\/2023\/04\/Imagen_PAC2022-23_abr_52.jpeg\"><img loading=\"lazy\" decoding=\"async\" class=\"alignnone wp-image-15561 size-medium\" src=\"https:\/\/blogsaverroes.juntadeandalucia.es\/eielcastillo\/files\/2023\/04\/Imagen_PAC2022-23_abr_52-300x225.jpeg\" alt=\"\" width=\"300\" height=\"225\" srcset=\"https:\/\/blogsaverroes.juntadeandalucia.es\/eielcastillo\/files\/2023\/04\/Imagen_PAC2022-23_abr_52-300x225.jpeg 300w, https:\/\/blogsaverroes.juntadeandalucia.es\/eielcastillo\/files\/2023\/04\/Imagen_PAC2022-23_abr_52-1024x768.jpeg 1024w, https:\/\/blogsaverroes.juntadeandalucia.es\/eielcastillo\/files\/2023\/04\/Imagen_PAC2022-23_abr_52-768x576.jpeg 768w, https:\/\/blogsaverroes.juntadeandalucia.es\/eielcastillo\/files\/2023\/04\/Imagen_PAC2022-23_abr_52-1536x1152.jpeg 1536w, https:\/\/blogsaverroes.juntadeandalucia.es\/eielcastillo\/files\/2023\/04\/Imagen_PAC2022-23_abr_52.jpeg 2048w\" sizes=\"(max-width: 300px) 100vw, 300px\" \/><\/a> <a href=\"https:\/\/blogsaverroes.juntadeandalucia.es\/eielcastillo\/files\/2023\/04\/Imagen_PAC2022-23_abr_53.jpeg\"><img loading=\"lazy\" decoding=\"async\" class=\"alignnone wp-image-15562 size-medium\" src=\"https:\/\/blogsaverroes.juntadeandalucia.es\/eielcastillo\/files\/2023\/04\/Imagen_PAC2022-23_abr_53-300x225.jpeg\" alt=\"\" width=\"300\" height=\"225\" srcset=\"https:\/\/blogsaverroes.juntadeandalucia.es\/eielcastillo\/files\/2023\/04\/Imagen_PAC2022-23_abr_53-300x225.jpeg 300w, https:\/\/blogsaverroes.juntadeandalucia.es\/eielcastillo\/files\/2023\/04\/Imagen_PAC2022-23_abr_53-768x576.jpeg 768w, https:\/\/blogsaverroes.juntadeandalucia.es\/eielcastillo\/files\/2023\/04\/Imagen_PAC2022-23_abr_53.jpeg 1024w\" sizes=\"(max-width: 300px) 100vw, 300px\" \/><\/a> <a href=\"https:\/\/blogsaverroes.juntadeandalucia.es\/eielcastillo\/files\/2023\/04\/Imagen_PAC2022-23_abr_54.jpeg\"><img loading=\"lazy\" decoding=\"async\" class=\"alignnone wp-image-15563 size-medium\" src=\"https:\/\/blogsaverroes.juntadeandalucia.es\/eielcastillo\/files\/2023\/04\/Imagen_PAC2022-23_abr_54-300x225.jpeg\" alt=\"\" width=\"300\" height=\"225\" srcset=\"https:\/\/blogsaverroes.juntadeandalucia.es\/eielcastillo\/files\/2023\/04\/Imagen_PAC2022-23_abr_54-300x225.jpeg 300w, https:\/\/blogsaverroes.juntadeandalucia.es\/eielcastillo\/files\/2023\/04\/Imagen_PAC2022-23_abr_54-768x576.jpeg 768w, https:\/\/blogsaverroes.juntadeandalucia.es\/eielcastillo\/files\/2023\/04\/Imagen_PAC2022-23_abr_54.jpeg 1024w\" sizes=\"(max-width: 300px) 100vw, 300px\" \/><\/a> <a href=\"https:\/\/blogsaverroes.juntadeandalucia.es\/eielcastillo\/files\/2023\/04\/Imagen_PAC2022-23_aBR_55.jpeg\"><img loading=\"lazy\" decoding=\"async\" class=\"alignnone wp-image-15564 size-medium\" src=\"https:\/\/blogsaverroes.juntadeandalucia.es\/eielcastillo\/files\/2023\/04\/Imagen_PAC2022-23_aBR_55-300x225.jpeg\" alt=\"\" width=\"300\" height=\"225\" srcset=\"https:\/\/blogsaverroes.juntadeandalucia.es\/eielcastillo\/files\/2023\/04\/Imagen_PAC2022-23_aBR_55-300x225.jpeg 300w, https:\/\/blogsaverroes.juntadeandalucia.es\/eielcastillo\/files\/2023\/04\/Imagen_PAC2022-23_aBR_55-768x576.jpeg 768w, https:\/\/blogsaverroes.juntadeandalucia.es\/eielcastillo\/files\/2023\/04\/Imagen_PAC2022-23_aBR_55.jpeg 1024w\" sizes=\"(max-width: 300px) 100vw, 300px\" \/><\/a><\/p>\n","protected":false},"excerpt":{"rendered":"<p>El pasado 7 de abril se celebraba el D\u00eda Mundial de la Salud. &nbsp; &nbsp; Hoy viernes, 21 de abril, nos ha visitado en el&hellip;<\/p>\n","protected":false},"author":3249,"featured_media":0,"comment_status":"closed","ping_status":"closed","sticky":false,"template":"","format":"standard","meta":{"ngg_post_thumbnail":0,"footnotes":""},"categories":[926],"tags":[],"aioseo_notices":[],"_links":{"self":[{"href":"https:\/\/blogsaverroes.juntadeandalucia.es\/eielcastillo\/index.php?rest_route=\/wp\/v2\/posts\/15554"}],"collection":[{"href":"https:\/\/blogsaverroes.juntadeandalucia.es\/eielcastillo\/index.php?rest_route=\/wp\/v2\/posts"}],"about":[{"href":"https:\/\/blogsaverroes.juntadeandalucia.es\/eielcastillo\/index.php?rest_route=\/wp\/v2\/types\/post"}],"author":[{"embeddable":true,"href":"https:\/\/blogsaverroes.juntadeandalucia.es\/eielcastillo\/index.php?rest_route=\/wp\/v2\/users\/3249"}],"replies":[{"embeddable":true,"href":"https:\/\/blogsaverroes.juntadeandalucia.es\/eielcastillo\/index.php?rest_route=%2Fwp%2Fv2%2Fcomments&post=15554"}],"version-history":[{"count":8,"href":"https:\/\/blogsaverroes.juntadeandalucia.es\/eielcastillo\/index.php?rest_route=\/wp\/v2\/posts\/15554\/revisions"}],"predecessor-version":[{"id":15573,"href":"https:\/\/blogsaverroes.juntadeandalucia.es\/eielcastillo\/index.php?rest_route=\/wp\/v2\/posts\/15554\/revisions\/15573"}],"wp:attachment":[{"href":"https:\/\/blogsaverroes.juntadeandalucia.es\/eielcastillo\/index.php?rest_route=%2Fwp%2Fv2%2Fmedia&parent=15554"}],"wp:term":[{"taxonomy":"category","embeddable":true,"href":"https:\/\/blogsaverroes.juntadeandalucia.es\/eielcastillo\/index.php?rest_route=%2Fwp%2Fv2%2Fcategories&post=15554"},{"taxonomy":"post_tag","embeddable":true,"href":"https:\/\/blogsaverroes.juntadeandalucia.es\/eielcastillo\/index.php?rest_route=%2Fwp%2Fv2%2Ftags&post=15554"}],"curies":[{"name":"wp","href":"https:\/\/api.w.org\/{rel}","templated":true}]}}