{"id":15655,"date":"2023-05-11T23:03:42","date_gmt":"2023-05-11T22:03:42","guid":{"rendered":"https:\/\/blogsaverroes.juntadeandalucia.es\/eielcastillo\/?p=15655"},"modified":"2023-05-11T23:10:29","modified_gmt":"2023-05-11T22:10:29","slug":"pocococo-y-el-pirata-barbarrosa-2","status":"publish","type":"post","link":"https:\/\/blogsaverroes.juntadeandalucia.es\/eielcastillo\/?p=15655","title":{"rendered":"Pocococo Y EL PIRATA BARBARROSA"},"content":{"rendered":"<p><a href=\"https:\/\/blogsaverroes.juntadeandalucia.es\/eielcastillo\/files\/2023\/05\/Imagen_PAC2022-23_may_30.jpg\"><img loading=\"lazy\" decoding=\"async\" class=\" wp-image-15657 alignleft\" src=\"https:\/\/blogsaverroes.juntadeandalucia.es\/eielcastillo\/files\/2023\/05\/Imagen_PAC2022-23_may_30.jpg\" alt=\"\" width=\"172\" height=\"195\" srcset=\"https:\/\/blogsaverroes.juntadeandalucia.es\/eielcastillo\/files\/2023\/05\/Imagen_PAC2022-23_may_30.jpg 266w, https:\/\/blogsaverroes.juntadeandalucia.es\/eielcastillo\/files\/2023\/05\/Imagen_PAC2022-23_may_30-264x300.jpg 264w\" sizes=\"(max-width: 172px) 100vw, 172px\" \/><\/a><\/p>\n<h3><span style=\"color: #ff00ff\"><strong>POCOCOCO<\/strong><\/span><\/h3>\n<h3><span style=\"color: #ff00ff\"><strong> Y EL PIRATA BARBARROSA,<\/strong><\/span><\/h3>\n<h2><span style=\"color: #ff00ff\"><strong>EN EL MISTERIO DEL COLOR ROSA<\/strong><\/span><\/h2>\n<p>&nbsp;<\/p>\n<p>&nbsp;<\/p>\n<p>&nbsp;<\/p>\n<p style=\"text-align: justify\">Esta ma\u00f1ana, dentro del programa de Valores y Educaci\u00f3n Emocional, un nuevo cuento se ha representado en el cole.<\/p>\n<p style=\"text-align: justify\">Ya conoc\u00edamos del curso pasado a Pocococo y al pirata Barbarrosa, pero en esta ocasi\u00f3n andan tras un misterio muy misterioso, relacionado con la barba del conocido pirata.<\/p>\n<p style=\"text-align: justify\">Qu\u00e9 mejor que ver el video de la actuaci\u00f3n, gracias a estos magn\u00edficos artistas que son: la se\u00f1o Mari Jose, el maestro Pedro y Paqui Romero (mam\u00e1 de AMPA).<\/p>\n<p><iframe loading=\"lazy\" src=\"https:\/\/www.youtube.com\/embed\/BH6tdDDiizc\" width=\"640\" height=\"362\" frameborder=\"0\"><span style=\"width: 0px;overflow: hidden;line-height: 0\" data-mce-type=\"bookmark\" class=\"mce_SELRES_start\">\ufeff<\/span><\/iframe>&nbsp;<\/p>\n<p>&nbsp;<\/p>\n<p><a href=\"https:\/\/blogsaverroes.juntadeandalucia.es\/eielcastillo\/files\/2023\/05\/Imagen_PAC2022-23_may_20.jpeg\"><img loading=\"lazy\" decoding=\"async\" class=\"alignnone size-full wp-image-15645\" src=\"https:\/\/blogsaverroes.juntadeandalucia.es\/eielcastillo\/files\/2023\/05\/Imagen_PAC2022-23_may_20.jpeg\" alt=\"\" width=\"1024\" height=\"768\" srcset=\"https:\/\/blogsaverroes.juntadeandalucia.es\/eielcastillo\/files\/2023\/05\/Imagen_PAC2022-23_may_20.jpeg 1024w, https:\/\/blogsaverroes.juntadeandalucia.es\/eielcastillo\/files\/2023\/05\/Imagen_PAC2022-23_may_20-300x225.jpeg 300w, https:\/\/blogsaverroes.juntadeandalucia.es\/eielcastillo\/files\/2023\/05\/Imagen_PAC2022-23_may_20-768x576.jpeg 768w\" sizes=\"(max-width: 1024px) 100vw, 1024px\" \/><\/a> <a href=\"https:\/\/blogsaverroes.juntadeandalucia.es\/eielcastillo\/files\/2023\/05\/Imagen_PAC2022-23_may_21.jpeg\"><img loading=\"lazy\" decoding=\"async\" class=\"alignnone wp-image-15646 size-medium\" src=\"https:\/\/blogsaverroes.juntadeandalucia.es\/eielcastillo\/files\/2023\/05\/Imagen_PAC2022-23_may_21-300x225.jpeg\" alt=\"\" width=\"300\" height=\"225\" srcset=\"https:\/\/blogsaverroes.juntadeandalucia.es\/eielcastillo\/files\/2023\/05\/Imagen_PAC2022-23_may_21-300x225.jpeg 300w, https:\/\/blogsaverroes.juntadeandalucia.es\/eielcastillo\/files\/2023\/05\/Imagen_PAC2022-23_may_21-768x576.jpeg 768w, https:\/\/blogsaverroes.juntadeandalucia.es\/eielcastillo\/files\/2023\/05\/Imagen_PAC2022-23_may_21.jpeg 1024w\" sizes=\"(max-width: 300px) 100vw, 300px\" \/><\/a> <a href=\"https:\/\/blogsaverroes.juntadeandalucia.es\/eielcastillo\/files\/2023\/05\/Imagen_PAC2022-23_may_22.jpeg\"><img loading=\"lazy\" decoding=\"async\" class=\"alignnone wp-image-15647 size-medium\" src=\"https:\/\/blogsaverroes.juntadeandalucia.es\/eielcastillo\/files\/2023\/05\/Imagen_PAC2022-23_may_22-300x225.jpeg\" alt=\"\" width=\"300\" height=\"225\" srcset=\"https:\/\/blogsaverroes.juntadeandalucia.es\/eielcastillo\/files\/2023\/05\/Imagen_PAC2022-23_may_22-300x225.jpeg 300w, https:\/\/blogsaverroes.juntadeandalucia.es\/eielcastillo\/files\/2023\/05\/Imagen_PAC2022-23_may_22-768x576.jpeg 768w, https:\/\/blogsaverroes.juntadeandalucia.es\/eielcastillo\/files\/2023\/05\/Imagen_PAC2022-23_may_22.jpeg 1024w\" sizes=\"(max-width: 300px) 100vw, 300px\" \/><\/a> <a href=\"https:\/\/blogsaverroes.juntadeandalucia.es\/eielcastillo\/files\/2023\/05\/Imagen_PAC2022-23_may_23.jpeg\"><img loading=\"lazy\" decoding=\"async\" class=\"alignnone wp-image-15648 size-medium\" src=\"https:\/\/blogsaverroes.juntadeandalucia.es\/eielcastillo\/files\/2023\/05\/Imagen_PAC2022-23_may_23-300x225.jpeg\" alt=\"\" width=\"300\" height=\"225\" srcset=\"https:\/\/blogsaverroes.juntadeandalucia.es\/eielcastillo\/files\/2023\/05\/Imagen_PAC2022-23_may_23-300x225.jpeg 300w, https:\/\/blogsaverroes.juntadeandalucia.es\/eielcastillo\/files\/2023\/05\/Imagen_PAC2022-23_may_23-768x576.jpeg 768w, https:\/\/blogsaverroes.juntadeandalucia.es\/eielcastillo\/files\/2023\/05\/Imagen_PAC2022-23_may_23.jpeg 1024w\" sizes=\"(max-width: 300px) 100vw, 300px\" \/><\/a> <a href=\"https:\/\/blogsaverroes.juntadeandalucia.es\/eielcastillo\/files\/2023\/05\/Imagen_PAC2022-23_may_24.jpeg\"><img loading=\"lazy\" decoding=\"async\" class=\"alignnone wp-image-15649 size-medium\" src=\"https:\/\/blogsaverroes.juntadeandalucia.es\/eielcastillo\/files\/2023\/05\/Imagen_PAC2022-23_may_24-300x225.jpeg\" alt=\"\" width=\"300\" height=\"225\" srcset=\"https:\/\/blogsaverroes.juntadeandalucia.es\/eielcastillo\/files\/2023\/05\/Imagen_PAC2022-23_may_24-300x225.jpeg 300w, https:\/\/blogsaverroes.juntadeandalucia.es\/eielcastillo\/files\/2023\/05\/Imagen_PAC2022-23_may_24-768x576.jpeg 768w, https:\/\/blogsaverroes.juntadeandalucia.es\/eielcastillo\/files\/2023\/05\/Imagen_PAC2022-23_may_24.jpeg 1024w\" sizes=\"(max-width: 300px) 100vw, 300px\" \/><\/a> <a href=\"https:\/\/blogsaverroes.juntadeandalucia.es\/eielcastillo\/files\/2023\/05\/Imagen_PAC2022-23_may_25.jpeg\"><img loading=\"lazy\" decoding=\"async\" class=\"alignnone wp-image-15650 size-medium\" src=\"https:\/\/blogsaverroes.juntadeandalucia.es\/eielcastillo\/files\/2023\/05\/Imagen_PAC2022-23_may_25-300x226.jpeg\" alt=\"\" width=\"300\" height=\"226\" srcset=\"https:\/\/blogsaverroes.juntadeandalucia.es\/eielcastillo\/files\/2023\/05\/Imagen_PAC2022-23_may_25-300x226.jpeg 300w, https:\/\/blogsaverroes.juntadeandalucia.es\/eielcastillo\/files\/2023\/05\/Imagen_PAC2022-23_may_25-1024x771.jpeg 1024w, https:\/\/blogsaverroes.juntadeandalucia.es\/eielcastillo\/files\/2023\/05\/Imagen_PAC2022-23_may_25-768x578.jpeg 768w, https:\/\/blogsaverroes.juntadeandalucia.es\/eielcastillo\/files\/2023\/05\/Imagen_PAC2022-23_may_25-1536x1157.jpeg 1536w, https:\/\/blogsaverroes.juntadeandalucia.es\/eielcastillo\/files\/2023\/05\/Imagen_PAC2022-23_may_25.jpeg 2040w\" sizes=\"(max-width: 300px) 100vw, 300px\" \/><\/a> <a href=\"https:\/\/blogsaverroes.juntadeandalucia.es\/eielcastillo\/files\/2023\/05\/Imagen_PAC2022-23_may_26.jpeg\"><img loading=\"lazy\" decoding=\"async\" class=\"alignnone wp-image-15651 size-medium\" src=\"https:\/\/blogsaverroes.juntadeandalucia.es\/eielcastillo\/files\/2023\/05\/Imagen_PAC2022-23_may_26-225x300.jpeg\" alt=\"\" width=\"225\" height=\"300\" srcset=\"https:\/\/blogsaverroes.juntadeandalucia.es\/eielcastillo\/files\/2023\/05\/Imagen_PAC2022-23_may_26-225x300.jpeg 225w, https:\/\/blogsaverroes.juntadeandalucia.es\/eielcastillo\/files\/2023\/05\/Imagen_PAC2022-23_may_26.jpeg 768w\" sizes=\"(max-width: 225px) 100vw, 225px\" \/><\/a> <a href=\"https:\/\/blogsaverroes.juntadeandalucia.es\/eielcastillo\/files\/2023\/05\/Imagen_PAC2022-23_may_27.jpg\"><img loading=\"lazy\" decoding=\"async\" class=\"alignnone size-full wp-image-15652\" src=\"https:\/\/blogsaverroes.juntadeandalucia.es\/eielcastillo\/files\/2023\/05\/Imagen_PAC2022-23_may_27.jpg\" alt=\"\" width=\"1600\" height=\"900\" srcset=\"https:\/\/blogsaverroes.juntadeandalucia.es\/eielcastillo\/files\/2023\/05\/Imagen_PAC2022-23_may_27.jpg 1600w, https:\/\/blogsaverroes.juntadeandalucia.es\/eielcastillo\/files\/2023\/05\/Imagen_PAC2022-23_may_27-300x169.jpg 300w, https:\/\/blogsaverroes.juntadeandalucia.es\/eielcastillo\/files\/2023\/05\/Imagen_PAC2022-23_may_27-1024x576.jpg 1024w, https:\/\/blogsaverroes.juntadeandalucia.es\/eielcastillo\/files\/2023\/05\/Imagen_PAC2022-23_may_27-768x432.jpg 768w, https:\/\/blogsaverroes.juntadeandalucia.es\/eielcastillo\/files\/2023\/05\/Imagen_PAC2022-23_may_27-1536x864.jpg 1536w\" sizes=\"(max-width: 1600px) 100vw, 1600px\" \/><\/a> <a href=\"https:\/\/blogsaverroes.juntadeandalucia.es\/eielcastillo\/files\/2023\/05\/Imagen_PAC2022-23_may_28.jpg\"><img loading=\"lazy\" decoding=\"async\" class=\"alignnone wp-image-15653 size-medium\" src=\"https:\/\/blogsaverroes.juntadeandalucia.es\/eielcastillo\/files\/2023\/05\/Imagen_PAC2022-23_may_28-300x169.jpg\" alt=\"\" width=\"300\" height=\"169\" srcset=\"https:\/\/blogsaverroes.juntadeandalucia.es\/eielcastillo\/files\/2023\/05\/Imagen_PAC2022-23_may_28-300x169.jpg 300w, https:\/\/blogsaverroes.juntadeandalucia.es\/eielcastillo\/files\/2023\/05\/Imagen_PAC2022-23_may_28-1024x576.jpg 1024w, https:\/\/blogsaverroes.juntadeandalucia.es\/eielcastillo\/files\/2023\/05\/Imagen_PAC2022-23_may_28-768x432.jpg 768w, https:\/\/blogsaverroes.juntadeandalucia.es\/eielcastillo\/files\/2023\/05\/Imagen_PAC2022-23_may_28-1536x864.jpg 1536w, https:\/\/blogsaverroes.juntadeandalucia.es\/eielcastillo\/files\/2023\/05\/Imagen_PAC2022-23_may_28.jpg 1600w\" sizes=\"(max-width: 300px) 100vw, 300px\" \/><\/a> <a href=\"https:\/\/blogsaverroes.juntadeandalucia.es\/eielcastillo\/files\/2023\/05\/Imagen_PAC2022-23_may_29.jpg\"><img loading=\"lazy\" decoding=\"async\" class=\"alignnone wp-image-15654 size-medium\" src=\"https:\/\/blogsaverroes.juntadeandalucia.es\/eielcastillo\/files\/2023\/05\/Imagen_PAC2022-23_may_29-300x169.jpg\" alt=\"\" width=\"300\" height=\"169\" srcset=\"https:\/\/blogsaverroes.juntadeandalucia.es\/eielcastillo\/files\/2023\/05\/Imagen_PAC2022-23_may_29-300x169.jpg 300w, https:\/\/blogsaverroes.juntadeandalucia.es\/eielcastillo\/files\/2023\/05\/Imagen_PAC2022-23_may_29-1024x576.jpg 1024w, https:\/\/blogsaverroes.juntadeandalucia.es\/eielcastillo\/files\/2023\/05\/Imagen_PAC2022-23_may_29-768x432.jpg 768w, https:\/\/blogsaverroes.juntadeandalucia.es\/eielcastillo\/files\/2023\/05\/Imagen_PAC2022-23_may_29-1536x864.jpg 1536w, https:\/\/blogsaverroes.juntadeandalucia.es\/eielcastillo\/files\/2023\/05\/Imagen_PAC2022-23_may_29.jpg 1600w\" sizes=\"(max-width: 300px) 100vw, 300px\" \/><\/a><\/p>\n","protected":false},"excerpt":{"rendered":"<p>POCOCOCO Y EL PIRATA BARBARROSA, EN EL MISTERIO DEL COLOR ROSA &nbsp; &nbsp; &nbsp; Esta ma\u00f1ana, dentro del programa de Valores y Educaci\u00f3n Emocional, un&hellip;<\/p>\n","protected":false},"author":3249,"featured_media":0,"comment_status":"closed","ping_status":"closed","sticky":false,"template":"","format":"standard","meta":{"ngg_post_thumbnail":0,"footnotes":""},"categories":[926],"tags":[],"aioseo_notices":[],"_links":{"self":[{"href":"https:\/\/blogsaverroes.juntadeandalucia.es\/eielcastillo\/index.php?rest_route=\/wp\/v2\/posts\/15655"}],"collection":[{"href":"https:\/\/blogsaverroes.juntadeandalucia.es\/eielcastillo\/index.php?rest_route=\/wp\/v2\/posts"}],"about":[{"href":"https:\/\/blogsaverroes.juntadeandalucia.es\/eielcastillo\/index.php?rest_route=\/wp\/v2\/types\/post"}],"author":[{"embeddable":true,"href":"https:\/\/blogsaverroes.juntadeandalucia.es\/eielcastillo\/index.php?rest_route=\/wp\/v2\/users\/3249"}],"replies":[{"embeddable":true,"href":"https:\/\/blogsaverroes.juntadeandalucia.es\/eielcastillo\/index.php?rest_route=%2Fwp%2Fv2%2Fcomments&post=15655"}],"version-history":[{"count":6,"href":"https:\/\/blogsaverroes.juntadeandalucia.es\/eielcastillo\/index.php?rest_route=\/wp\/v2\/posts\/15655\/revisions"}],"predecessor-version":[{"id":15662,"href":"https:\/\/blogsaverroes.juntadeandalucia.es\/eielcastillo\/index.php?rest_route=\/wp\/v2\/posts\/15655\/revisions\/15662"}],"wp:attachment":[{"href":"https:\/\/blogsaverroes.juntadeandalucia.es\/eielcastillo\/index.php?rest_route=%2Fwp%2Fv2%2Fmedia&parent=15655"}],"wp:term":[{"taxonomy":"category","embeddable":true,"href":"https:\/\/blogsaverroes.juntadeandalucia.es\/eielcastillo\/index.php?rest_route=%2Fwp%2Fv2%2Fcategories&post=15655"},{"taxonomy":"post_tag","embeddable":true,"href":"https:\/\/blogsaverroes.juntadeandalucia.es\/eielcastillo\/index.php?rest_route=%2Fwp%2Fv2%2Ftags&post=15655"}],"curies":[{"name":"wp","href":"https:\/\/api.w.org\/{rel}","templated":true}]}}