{"id":15665,"date":"2023-05-12T12:48:15","date_gmt":"2023-05-12T11:48:15","guid":{"rendered":"https:\/\/blogsaverroes.juntadeandalucia.es\/eielcastillo\/?p=15665"},"modified":"2023-05-18T20:26:10","modified_gmt":"2023-05-18T19:26:10","slug":"nueva-entrega-frutas-y-verduras-en-la-escuela","status":"publish","type":"post","link":"https:\/\/blogsaverroes.juntadeandalucia.es\/eielcastillo\/?p=15665","title":{"rendered":"Degustando, FRUTAS Y VERDURAS EN LA ESCUELA"},"content":{"rendered":"<p><a href=\"https:\/\/blogsaverroes.juntadeandalucia.es\/eielcastillo\/files\/2023\/05\/come-frutas.jpg\"><img loading=\"lazy\" decoding=\"async\" class=\"wp-image-15668 alignright\" src=\"https:\/\/blogsaverroes.juntadeandalucia.es\/eielcastillo\/files\/2023\/05\/come-frutas.jpg\" alt=\"\" width=\"192\" height=\"115\"><\/a><\/p>\n<h2><span style=\"color: #ff0000\">CONSUMO DE FRUTAS<\/span><\/h2>\n<h2><span style=\"color: #ff0000\"> Y VERDURAS EN LA ESCUELA<\/span><\/h2>\n<p>&nbsp;<\/p>\n<p style=\"text-align: justify\">Durante los d\u00edas 15, 16 y 17 de este mes de mayo, nuestro alumnado degust\u00f3 en sus clases las frutas que hemos recibido en esta entrega, son: sand\u00eda, tomates cherry y albaricoques.<\/p>\n<p style=\"text-align: justify\"><a href=\"https:\/\/blogsaverroes.juntadeandalucia.es\/eielcastillo\/files\/2023\/05\/Imagen_frutassandiatomatesalbaricoques.jpg\"><img loading=\"lazy\" decoding=\"async\" class=\"alignnone size-full wp-image-15664\" src=\"https:\/\/blogsaverroes.juntadeandalucia.es\/eielcastillo\/files\/2023\/05\/Imagen_frutassandiatomatesalbaricoques.jpg\" alt=\"\" width=\"613\" height=\"157\" srcset=\"https:\/\/blogsaverroes.juntadeandalucia.es\/eielcastillo\/files\/2023\/05\/Imagen_frutassandiatomatesalbaricoques.jpg 613w, https:\/\/blogsaverroes.juntadeandalucia.es\/eielcastillo\/files\/2023\/05\/Imagen_frutassandiatomatesalbaricoques-300x77.jpg 300w\" sizes=\"(max-width: 613px) 100vw, 613px\" \/><\/a><\/p>\n<p style=\"text-align: justify\"><span style=\"color: #800000\">Esta actividad se enmarca dentro de nuestra participaci\u00f3n en el programa H\u00c1BITOS DE VIDA SALUDABLE, que incluye (para los centros que lo solicitan) la recepci\u00f3n en el centro escolar, de frutas y verduras, con el objeto de fomentar el uso entre el alumnado.<br \/>\n<\/span><\/p>\n<p><a href=\"https:\/\/blogsaverroes.juntadeandalucia.es\/eielcastillo\/files\/2023\/05\/Imagen_PAC2022-23_may_51.jpeg\"><img loading=\"lazy\" decoding=\"async\" class=\"alignnone wp-image-15707\" src=\"https:\/\/blogsaverroes.juntadeandalucia.es\/eielcastillo\/files\/2023\/05\/Imagen_PAC2022-23_may_51.jpeg\" alt=\"\" width=\"178\" height=\"172\" srcset=\"https:\/\/blogsaverroes.juntadeandalucia.es\/eielcastillo\/files\/2023\/05\/Imagen_PAC2022-23_may_51.jpeg 475w, https:\/\/blogsaverroes.juntadeandalucia.es\/eielcastillo\/files\/2023\/05\/Imagen_PAC2022-23_may_51-300x289.jpeg 300w\" sizes=\"(max-width: 178px) 100vw, 178px\" \/><\/a> <a href=\"https:\/\/blogsaverroes.juntadeandalucia.es\/eielcastillo\/files\/2023\/05\/Imagen_PAC2022-23_may_52.jpeg\"><img loading=\"lazy\" decoding=\"async\" class=\"alignnone wp-image-15708\" src=\"https:\/\/blogsaverroes.juntadeandalucia.es\/eielcastillo\/files\/2023\/05\/Imagen_PAC2022-23_may_52.jpeg\" alt=\"\" width=\"201\" height=\"172\" srcset=\"https:\/\/blogsaverroes.juntadeandalucia.es\/eielcastillo\/files\/2023\/05\/Imagen_PAC2022-23_may_52.jpeg 373w, https:\/\/blogsaverroes.juntadeandalucia.es\/eielcastillo\/files\/2023\/05\/Imagen_PAC2022-23_may_52-300x256.jpeg 300w\" sizes=\"(max-width: 201px) 100vw, 201px\" \/><\/a> <a href=\"https:\/\/blogsaverroes.juntadeandalucia.es\/eielcastillo\/files\/2023\/05\/Imagen_PAC2022-23_may_50.jpeg\"><img loading=\"lazy\" decoding=\"async\" class=\"alignnone wp-image-15706\" src=\"https:\/\/blogsaverroes.juntadeandalucia.es\/eielcastillo\/files\/2023\/05\/Imagen_PAC2022-23_may_50.jpeg\" alt=\"\" width=\"229\" height=\"172\" srcset=\"https:\/\/blogsaverroes.juntadeandalucia.es\/eielcastillo\/files\/2023\/05\/Imagen_PAC2022-23_may_50.jpeg 707w, https:\/\/blogsaverroes.juntadeandalucia.es\/eielcastillo\/files\/2023\/05\/Imagen_PAC2022-23_may_50-300x226.jpeg 300w\" sizes=\"(max-width: 229px) 100vw, 229px\" \/><\/a><\/p>\n<p>&nbsp;<\/p>\n<p><a href=\"https:\/\/blogsaverroes.juntadeandalucia.es\/eielcastillo\/files\/2023\/05\/Imagen_PAC2022-23_may_42.jpeg\"><img loading=\"lazy\" decoding=\"async\" class=\"alignnone wp-image-15698 size-medium\" src=\"https:\/\/blogsaverroes.juntadeandalucia.es\/eielcastillo\/files\/2023\/05\/Imagen_PAC2022-23_may_42-225x300.jpeg\" alt=\"\" width=\"225\" height=\"300\" srcset=\"https:\/\/blogsaverroes.juntadeandalucia.es\/eielcastillo\/files\/2023\/05\/Imagen_PAC2022-23_may_42-225x300.jpeg 225w, https:\/\/blogsaverroes.juntadeandalucia.es\/eielcastillo\/files\/2023\/05\/Imagen_PAC2022-23_may_42-768x1024.jpeg 768w, https:\/\/blogsaverroes.juntadeandalucia.es\/eielcastillo\/files\/2023\/05\/Imagen_PAC2022-23_may_42-1152x1536.jpeg 1152w, https:\/\/blogsaverroes.juntadeandalucia.es\/eielcastillo\/files\/2023\/05\/Imagen_PAC2022-23_may_42.jpeg 1536w\" sizes=\"(max-width: 225px) 100vw, 225px\" \/><\/a> <a href=\"https:\/\/blogsaverroes.juntadeandalucia.es\/eielcastillo\/files\/2023\/05\/Imagen_PAC2022-23_may_43.jpeg\"><img loading=\"lazy\" decoding=\"async\" class=\"alignnone wp-image-15699 size-medium\" src=\"https:\/\/blogsaverroes.juntadeandalucia.es\/eielcastillo\/files\/2023\/05\/Imagen_PAC2022-23_may_43-300x225.jpeg\" alt=\"\" width=\"300\" height=\"225\" srcset=\"https:\/\/blogsaverroes.juntadeandalucia.es\/eielcastillo\/files\/2023\/05\/Imagen_PAC2022-23_may_43-300x225.jpeg 300w, https:\/\/blogsaverroes.juntadeandalucia.es\/eielcastillo\/files\/2023\/05\/Imagen_PAC2022-23_may_43-1024x768.jpeg 1024w, https:\/\/blogsaverroes.juntadeandalucia.es\/eielcastillo\/files\/2023\/05\/Imagen_PAC2022-23_may_43-768x576.jpeg 768w, https:\/\/blogsaverroes.juntadeandalucia.es\/eielcastillo\/files\/2023\/05\/Imagen_PAC2022-23_may_43-1536x1152.jpeg 1536w, https:\/\/blogsaverroes.juntadeandalucia.es\/eielcastillo\/files\/2023\/05\/Imagen_PAC2022-23_may_43.jpeg 2048w\" sizes=\"(max-width: 300px) 100vw, 300px\" \/><\/a> <a href=\"https:\/\/blogsaverroes.juntadeandalucia.es\/eielcastillo\/files\/2023\/05\/Imagen_PAC2022-23_may_44.jpeg\"><img loading=\"lazy\" decoding=\"async\" class=\"alignnone wp-image-15700 size-medium\" src=\"https:\/\/blogsaverroes.juntadeandalucia.es\/eielcastillo\/files\/2023\/05\/Imagen_PAC2022-23_may_44-300x225.jpeg\" alt=\"\" width=\"300\" height=\"225\" srcset=\"https:\/\/blogsaverroes.juntadeandalucia.es\/eielcastillo\/files\/2023\/05\/Imagen_PAC2022-23_may_44-300x225.jpeg 300w, https:\/\/blogsaverroes.juntadeandalucia.es\/eielcastillo\/files\/2023\/05\/Imagen_PAC2022-23_may_44-768x576.jpeg 768w, https:\/\/blogsaverroes.juntadeandalucia.es\/eielcastillo\/files\/2023\/05\/Imagen_PAC2022-23_may_44.jpeg 1024w\" sizes=\"(max-width: 300px) 100vw, 300px\" \/><\/a> <a href=\"https:\/\/blogsaverroes.juntadeandalucia.es\/eielcastillo\/files\/2023\/05\/Imagen_PAC2022-23_may_45.jpeg\"><img loading=\"lazy\" decoding=\"async\" class=\"alignnone wp-image-15701 size-medium\" src=\"https:\/\/blogsaverroes.juntadeandalucia.es\/eielcastillo\/files\/2023\/05\/Imagen_PAC2022-23_may_45-300x225.jpeg\" alt=\"\" width=\"300\" height=\"225\" srcset=\"https:\/\/blogsaverroes.juntadeandalucia.es\/eielcastillo\/files\/2023\/05\/Imagen_PAC2022-23_may_45-300x225.jpeg 300w, https:\/\/blogsaverroes.juntadeandalucia.es\/eielcastillo\/files\/2023\/05\/Imagen_PAC2022-23_may_45-768x576.jpeg 768w, https:\/\/blogsaverroes.juntadeandalucia.es\/eielcastillo\/files\/2023\/05\/Imagen_PAC2022-23_may_45.jpeg 1024w\" sizes=\"(max-width: 300px) 100vw, 300px\" \/><\/a> <a href=\"https:\/\/blogsaverroes.juntadeandalucia.es\/eielcastillo\/files\/2023\/05\/Imagen_PAC2022-23_may_46.jpeg\"><img loading=\"lazy\" decoding=\"async\" class=\"alignnone wp-image-15702 size-medium\" src=\"https:\/\/blogsaverroes.juntadeandalucia.es\/eielcastillo\/files\/2023\/05\/Imagen_PAC2022-23_may_46-300x225.jpeg\" alt=\"\" width=\"300\" height=\"225\" srcset=\"https:\/\/blogsaverroes.juntadeandalucia.es\/eielcastillo\/files\/2023\/05\/Imagen_PAC2022-23_may_46-300x225.jpeg 300w, https:\/\/blogsaverroes.juntadeandalucia.es\/eielcastillo\/files\/2023\/05\/Imagen_PAC2022-23_may_46-768x576.jpeg 768w, https:\/\/blogsaverroes.juntadeandalucia.es\/eielcastillo\/files\/2023\/05\/Imagen_PAC2022-23_may_46.jpeg 1024w\" sizes=\"(max-width: 300px) 100vw, 300px\" \/><\/a> <a href=\"https:\/\/blogsaverroes.juntadeandalucia.es\/eielcastillo\/files\/2023\/05\/Imagen_PAC2022-23_may_47.jpeg\"><img loading=\"lazy\" decoding=\"async\" class=\"alignnone wp-image-15703 size-medium\" src=\"https:\/\/blogsaverroes.juntadeandalucia.es\/eielcastillo\/files\/2023\/05\/Imagen_PAC2022-23_may_47-300x225.jpeg\" alt=\"\" width=\"300\" height=\"225\" srcset=\"https:\/\/blogsaverroes.juntadeandalucia.es\/eielcastillo\/files\/2023\/05\/Imagen_PAC2022-23_may_47-300x225.jpeg 300w, https:\/\/blogsaverroes.juntadeandalucia.es\/eielcastillo\/files\/2023\/05\/Imagen_PAC2022-23_may_47-768x576.jpeg 768w, https:\/\/blogsaverroes.juntadeandalucia.es\/eielcastillo\/files\/2023\/05\/Imagen_PAC2022-23_may_47.jpeg 1024w\" sizes=\"(max-width: 300px) 100vw, 300px\" \/><\/a> <a href=\"https:\/\/blogsaverroes.juntadeandalucia.es\/eielcastillo\/files\/2023\/05\/Imagen_PAC2022-23_may_48.jpeg\"><img loading=\"lazy\" decoding=\"async\" class=\"alignnone wp-image-15704 size-medium\" src=\"https:\/\/blogsaverroes.juntadeandalucia.es\/eielcastillo\/files\/2023\/05\/Imagen_PAC2022-23_may_48-300x225.jpeg\" alt=\"\" width=\"300\" height=\"225\" srcset=\"https:\/\/blogsaverroes.juntadeandalucia.es\/eielcastillo\/files\/2023\/05\/Imagen_PAC2022-23_may_48-300x225.jpeg 300w, https:\/\/blogsaverroes.juntadeandalucia.es\/eielcastillo\/files\/2023\/05\/Imagen_PAC2022-23_may_48-768x576.jpeg 768w, https:\/\/blogsaverroes.juntadeandalucia.es\/eielcastillo\/files\/2023\/05\/Imagen_PAC2022-23_may_48.jpeg 1024w\" sizes=\"(max-width: 300px) 100vw, 300px\" \/><\/a> <a href=\"https:\/\/blogsaverroes.juntadeandalucia.es\/eielcastillo\/files\/2023\/05\/Imagen_PAC2022-23_may_49.jpeg\"><img loading=\"lazy\" decoding=\"async\" class=\"alignnone wp-image-15705 size-medium\" src=\"https:\/\/blogsaverroes.juntadeandalucia.es\/eielcastillo\/files\/2023\/05\/Imagen_PAC2022-23_may_49-300x225.jpeg\" alt=\"\" width=\"300\" height=\"225\" srcset=\"https:\/\/blogsaverroes.juntadeandalucia.es\/eielcastillo\/files\/2023\/05\/Imagen_PAC2022-23_may_49-300x225.jpeg 300w, https:\/\/blogsaverroes.juntadeandalucia.es\/eielcastillo\/files\/2023\/05\/Imagen_PAC2022-23_may_49-1024x768.jpeg 1024w, https:\/\/blogsaverroes.juntadeandalucia.es\/eielcastillo\/files\/2023\/05\/Imagen_PAC2022-23_may_49-768x576.jpeg 768w, https:\/\/blogsaverroes.juntadeandalucia.es\/eielcastillo\/files\/2023\/05\/Imagen_PAC2022-23_may_49-1536x1152.jpeg 1536w, https:\/\/blogsaverroes.juntadeandalucia.es\/eielcastillo\/files\/2023\/05\/Imagen_PAC2022-23_may_49.jpeg 2048w\" sizes=\"(max-width: 300px) 100vw, 300px\" \/><\/a><\/p>\n","protected":false},"excerpt":{"rendered":"<p>CONSUMO DE FRUTAS Y VERDURAS EN LA ESCUELA &nbsp; Durante los d\u00edas 15, 16 y 17 de este mes de mayo, nuestro alumnado degust\u00f3 en&hellip;<\/p>\n","protected":false},"author":3249,"featured_media":0,"comment_status":"closed","ping_status":"closed","sticky":false,"template":"","format":"standard","meta":{"ngg_post_thumbnail":0,"footnotes":""},"categories":[926],"tags":[],"aioseo_notices":[],"_links":{"self":[{"href":"https:\/\/blogsaverroes.juntadeandalucia.es\/eielcastillo\/index.php?rest_route=\/wp\/v2\/posts\/15665"}],"collection":[{"href":"https:\/\/blogsaverroes.juntadeandalucia.es\/eielcastillo\/index.php?rest_route=\/wp\/v2\/posts"}],"about":[{"href":"https:\/\/blogsaverroes.juntadeandalucia.es\/eielcastillo\/index.php?rest_route=\/wp\/v2\/types\/post"}],"author":[{"embeddable":true,"href":"https:\/\/blogsaverroes.juntadeandalucia.es\/eielcastillo\/index.php?rest_route=\/wp\/v2\/users\/3249"}],"replies":[{"embeddable":true,"href":"https:\/\/blogsaverroes.juntadeandalucia.es\/eielcastillo\/index.php?rest_route=%2Fwp%2Fv2%2Fcomments&post=15665"}],"version-history":[{"count":6,"href":"https:\/\/blogsaverroes.juntadeandalucia.es\/eielcastillo\/index.php?rest_route=\/wp\/v2\/posts\/15665\/revisions"}],"predecessor-version":[{"id":15716,"href":"https:\/\/blogsaverroes.juntadeandalucia.es\/eielcastillo\/index.php?rest_route=\/wp\/v2\/posts\/15665\/revisions\/15716"}],"wp:attachment":[{"href":"https:\/\/blogsaverroes.juntadeandalucia.es\/eielcastillo\/index.php?rest_route=%2Fwp%2Fv2%2Fmedia&parent=15665"}],"wp:term":[{"taxonomy":"category","embeddable":true,"href":"https:\/\/blogsaverroes.juntadeandalucia.es\/eielcastillo\/index.php?rest_route=%2Fwp%2Fv2%2Fcategories&post=15665"},{"taxonomy":"post_tag","embeddable":true,"href":"https:\/\/blogsaverroes.juntadeandalucia.es\/eielcastillo\/index.php?rest_route=%2Fwp%2Fv2%2Ftags&post=15665"}],"curies":[{"name":"wp","href":"https:\/\/api.w.org\/{rel}","templated":true}]}}