{"id":15678,"date":"2023-05-14T13:04:20","date_gmt":"2023-05-14T12:04:20","guid":{"rendered":"https:\/\/blogsaverroes.juntadeandalucia.es\/eielcastillo\/?p=15678"},"modified":"2023-05-14T13:27:25","modified_gmt":"2023-05-14T12:27:25","slug":"de-despedida-en-el-parque-de-las-ciencias","status":"publish","type":"post","link":"https:\/\/blogsaverroes.juntadeandalucia.es\/eielcastillo\/?p=15678","title":{"rendered":"De despedida, EN EL PARQUE DE LAS CIENCIAS"},"content":{"rendered":"<p><a href=\"https:\/\/blogsaverroes.juntadeandalucia.es\/eielcastillo\/files\/2023\/05\/Imagen_post-ParqueCiencias-1.jpg\"><img loading=\"lazy\" decoding=\"async\" class=\"wp-image-15681 alignleft\" src=\"https:\/\/blogsaverroes.juntadeandalucia.es\/eielcastillo\/files\/2023\/05\/Imagen_post-ParqueCiencias-1.jpg\" alt=\"\" width=\"325\" height=\"195\" srcset=\"https:\/\/blogsaverroes.juntadeandalucia.es\/eielcastillo\/files\/2023\/05\/Imagen_post-ParqueCiencias-1.jpg 814w, https:\/\/blogsaverroes.juntadeandalucia.es\/eielcastillo\/files\/2023\/05\/Imagen_post-ParqueCiencias-1-300x180.jpg 300w, https:\/\/blogsaverroes.juntadeandalucia.es\/eielcastillo\/files\/2023\/05\/Imagen_post-ParqueCiencias-1-768x460.jpg 768w\" sizes=\"(max-width: 325px) 100vw, 325px\" \/><\/a><\/p>\n<h2><a href=\"https:\/\/www.parqueciencias.com\/\"><span style=\"color: #800000\"><strong>Parque de las Ciencias<\/strong><\/span><\/a><\/h2>\n<h2><span style=\"color: #993366\"><strong>Granada<\/strong><\/span><\/h2>\n<p>&nbsp;<\/p>\n<p style=\"text-align: justify\"><a href=\"https:\/\/blogsaverroes.juntadeandalucia.es\/eielcastillo\/files\/2023\/05\/Imagen_post-ParqueCiencias-2.jpg\"><img loading=\"lazy\" decoding=\"async\" class=\"alignnone size-full wp-image-15680\" src=\"https:\/\/blogsaverroes.juntadeandalucia.es\/eielcastillo\/files\/2023\/05\/Imagen_post-ParqueCiencias-2.jpg\" alt=\"\" width=\"296\" height=\"96\"><\/a><\/p>\n<p style=\"text-align: justify\">&nbsp;&nbsp; Como cada curso, el alumnado de 5 a\u00f1os finaliza su etapa en nuestro centro y organizan una jornada en la que llevan a cabo un viaje escolar, siempre con alg\u00fan miembro de la familia y dentro de los criterios que establece el Reglamento de Organizaci\u00f3n y Funcionamiento del centro.<\/p>\n<h3 style=\"text-align: justify\"><a href=\"https:\/\/blogsaverroes.juntadeandalucia.es\/eielcastillo\/files\/2023\/05\/Imagen_DespedidaPromocion.jpg\"><img loading=\"lazy\" decoding=\"async\" class=\" wp-image-15696 alignleft\" src=\"https:\/\/blogsaverroes.juntadeandalucia.es\/eielcastillo\/files\/2023\/05\/Imagen_DespedidaPromocion.jpg\" alt=\"\" width=\"106\" height=\"110\"><\/a> &nbsp; <span style=\"color: #0000ff\">En esta ocasi\u00f3n, la promoci\u00f3n que vamos a despedir es la 2020-2023, el viaje es la primera de las actividades pero habr\u00e1 m\u00e1s, sobre un acto en los \u00faltimos d\u00edas del curso.<\/span><\/h3>\n<p style=\"text-align: justify\">&nbsp;&nbsp;<\/p>\n<p style=\"text-align: justify\">&nbsp;&nbsp; En el Parque de las Ciencias se lo han pasado fenomenal, as\u00ed nos lo cuentan sus se\u00f1os. Visitaron el <strong><a href=\"https:\/\/www.parqueciencias.com\/museo\/\">museo<\/a><\/strong>, <a href=\"https:\/\/www.parqueciencias.com\/planetario\/\"><strong>planetario<\/strong><\/a> y <strong><a href=\"https:\/\/www.parqueciencias.com\/biodomo\/\">Biodomo<\/a><\/strong>.<\/p>\n<p>&nbsp;<\/p>\n<p><a href=\"https:\/\/blogsaverroes.juntadeandalucia.es\/eielcastillo\/files\/2023\/05\/Imagen_PAC2022-23_may_35.jpg\"><img loading=\"lazy\" decoding=\"async\" class=\"alignnone size-full wp-image-15672\" src=\"https:\/\/blogsaverroes.juntadeandalucia.es\/eielcastillo\/files\/2023\/05\/Imagen_PAC2022-23_may_35.jpg\" alt=\"\" width=\"1009\" height=\"636\" srcset=\"https:\/\/blogsaverroes.juntadeandalucia.es\/eielcastillo\/files\/2023\/05\/Imagen_PAC2022-23_may_35.jpg 1009w, https:\/\/blogsaverroes.juntadeandalucia.es\/eielcastillo\/files\/2023\/05\/Imagen_PAC2022-23_may_35-300x189.jpg 300w, https:\/\/blogsaverroes.juntadeandalucia.es\/eielcastillo\/files\/2023\/05\/Imagen_PAC2022-23_may_35-768x484.jpg 768w\" sizes=\"(max-width: 1009px) 100vw, 1009px\" \/><\/a><\/p>\n<p><a href=\"https:\/\/blogsaverroes.juntadeandalucia.es\/eielcastillo\/files\/2023\/05\/Imagen_PAC2022-23_may_36.jpeg\"><img loading=\"lazy\" decoding=\"async\" class=\"alignnone size-full wp-image-15684\" src=\"https:\/\/blogsaverroes.juntadeandalucia.es\/eielcastillo\/files\/2023\/05\/Imagen_PAC2022-23_may_36.jpeg\" alt=\"\" width=\"1600\" height=\"900\" srcset=\"https:\/\/blogsaverroes.juntadeandalucia.es\/eielcastillo\/files\/2023\/05\/Imagen_PAC2022-23_may_36.jpeg 1600w, https:\/\/blogsaverroes.juntadeandalucia.es\/eielcastillo\/files\/2023\/05\/Imagen_PAC2022-23_may_36-300x169.jpeg 300w, https:\/\/blogsaverroes.juntadeandalucia.es\/eielcastillo\/files\/2023\/05\/Imagen_PAC2022-23_may_36-1024x576.jpeg 1024w, https:\/\/blogsaverroes.juntadeandalucia.es\/eielcastillo\/files\/2023\/05\/Imagen_PAC2022-23_may_36-768x432.jpeg 768w, https:\/\/blogsaverroes.juntadeandalucia.es\/eielcastillo\/files\/2023\/05\/Imagen_PAC2022-23_may_36-1536x864.jpeg 1536w\" sizes=\"(max-width: 1600px) 100vw, 1600px\" \/><\/a><\/p>\n<p>&nbsp; <a href=\"https:\/\/blogsaverroes.juntadeandalucia.es\/eielcastillo\/files\/2023\/05\/Imagen_PAC2022-23_may_37.jpeg\"><img loading=\"lazy\" decoding=\"async\" class=\"alignnone wp-image-15674 size-medium\" src=\"https:\/\/blogsaverroes.juntadeandalucia.es\/eielcastillo\/files\/2023\/05\/Imagen_PAC2022-23_may_37-300x289.jpeg\" alt=\"\" width=\"300\" height=\"289\" srcset=\"https:\/\/blogsaverroes.juntadeandalucia.es\/eielcastillo\/files\/2023\/05\/Imagen_PAC2022-23_may_37-300x289.jpeg 300w, https:\/\/blogsaverroes.juntadeandalucia.es\/eielcastillo\/files\/2023\/05\/Imagen_PAC2022-23_may_37-1024x987.jpeg 1024w, https:\/\/blogsaverroes.juntadeandalucia.es\/eielcastillo\/files\/2023\/05\/Imagen_PAC2022-23_may_37-768x740.jpeg 768w, https:\/\/blogsaverroes.juntadeandalucia.es\/eielcastillo\/files\/2023\/05\/Imagen_PAC2022-23_may_37.jpeg 1533w\" sizes=\"(max-width: 300px) 100vw, 300px\" \/><\/a> <a href=\"https:\/\/blogsaverroes.juntadeandalucia.es\/eielcastillo\/files\/2023\/05\/Imagen_PAC2022-23_may_38.jpeg\"><img loading=\"lazy\" decoding=\"async\" class=\"alignnone wp-image-15675 size-medium\" src=\"https:\/\/blogsaverroes.juntadeandalucia.es\/eielcastillo\/files\/2023\/05\/Imagen_PAC2022-23_may_38-300x225.jpeg\" alt=\"\" width=\"300\" height=\"225\" srcset=\"https:\/\/blogsaverroes.juntadeandalucia.es\/eielcastillo\/files\/2023\/05\/Imagen_PAC2022-23_may_38-300x225.jpeg 300w, https:\/\/blogsaverroes.juntadeandalucia.es\/eielcastillo\/files\/2023\/05\/Imagen_PAC2022-23_may_38-768x576.jpeg 768w, https:\/\/blogsaverroes.juntadeandalucia.es\/eielcastillo\/files\/2023\/05\/Imagen_PAC2022-23_may_38.jpeg 1024w\" sizes=\"(max-width: 300px) 100vw, 300px\" \/><\/a> <a href=\"https:\/\/blogsaverroes.juntadeandalucia.es\/eielcastillo\/files\/2023\/05\/Imagen_PAC2022-23_may_39.jpeg\"><img loading=\"lazy\" decoding=\"async\" class=\"alignnone wp-image-15676 size-medium\" src=\"https:\/\/blogsaverroes.juntadeandalucia.es\/eielcastillo\/files\/2023\/05\/Imagen_PAC2022-23_may_39-225x300.jpeg\" alt=\"\" width=\"225\" height=\"300\" srcset=\"https:\/\/blogsaverroes.juntadeandalucia.es\/eielcastillo\/files\/2023\/05\/Imagen_PAC2022-23_may_39-225x300.jpeg 225w, https:\/\/blogsaverroes.juntadeandalucia.es\/eielcastillo\/files\/2023\/05\/Imagen_PAC2022-23_may_39-768x1024.jpeg 768w, https:\/\/blogsaverroes.juntadeandalucia.es\/eielcastillo\/files\/2023\/05\/Imagen_PAC2022-23_may_39-1152x1536.jpeg 1152w, https:\/\/blogsaverroes.juntadeandalucia.es\/eielcastillo\/files\/2023\/05\/Imagen_PAC2022-23_may_39.jpeg 1536w\" sizes=\"(max-width: 225px) 100vw, 225px\" \/><\/a> <a href=\"https:\/\/blogsaverroes.juntadeandalucia.es\/eielcastillo\/files\/2023\/05\/Imagen_PAC2022-23_may_40.jpeg\"><img loading=\"lazy\" decoding=\"async\" class=\"alignnone wp-image-15677 size-medium\" src=\"https:\/\/blogsaverroes.juntadeandalucia.es\/eielcastillo\/files\/2023\/05\/Imagen_PAC2022-23_may_40-300x225.jpeg\" alt=\"\" width=\"300\" height=\"225\" srcset=\"https:\/\/blogsaverroes.juntadeandalucia.es\/eielcastillo\/files\/2023\/05\/Imagen_PAC2022-23_may_40-300x225.jpeg 300w, https:\/\/blogsaverroes.juntadeandalucia.es\/eielcastillo\/files\/2023\/05\/Imagen_PAC2022-23_may_40-768x576.jpeg 768w, https:\/\/blogsaverroes.juntadeandalucia.es\/eielcastillo\/files\/2023\/05\/Imagen_PAC2022-23_may_40.jpeg 1024w\" sizes=\"(max-width: 300px) 100vw, 300px\" \/><\/a><\/p>\n","protected":false},"excerpt":{"rendered":"<p>Parque de las Ciencias Granada &nbsp; &nbsp;&nbsp; Como cada curso, el alumnado de 5 a\u00f1os finaliza su etapa en nuestro centro y organizan una jornada&hellip;<\/p>\n","protected":false},"author":3249,"featured_media":0,"comment_status":"closed","ping_status":"closed","sticky":false,"template":"","format":"standard","meta":{"ngg_post_thumbnail":0,"footnotes":""},"categories":[926],"tags":[],"aioseo_notices":[],"_links":{"self":[{"href":"https:\/\/blogsaverroes.juntadeandalucia.es\/eielcastillo\/index.php?rest_route=\/wp\/v2\/posts\/15678"}],"collection":[{"href":"https:\/\/blogsaverroes.juntadeandalucia.es\/eielcastillo\/index.php?rest_route=\/wp\/v2\/posts"}],"about":[{"href":"https:\/\/blogsaverroes.juntadeandalucia.es\/eielcastillo\/index.php?rest_route=\/wp\/v2\/types\/post"}],"author":[{"embeddable":true,"href":"https:\/\/blogsaverroes.juntadeandalucia.es\/eielcastillo\/index.php?rest_route=\/wp\/v2\/users\/3249"}],"replies":[{"embeddable":true,"href":"https:\/\/blogsaverroes.juntadeandalucia.es\/eielcastillo\/index.php?rest_route=%2Fwp%2Fv2%2Fcomments&post=15678"}],"version-history":[{"count":15,"href":"https:\/\/blogsaverroes.juntadeandalucia.es\/eielcastillo\/index.php?rest_route=\/wp\/v2\/posts\/15678\/revisions"}],"predecessor-version":[{"id":15697,"href":"https:\/\/blogsaverroes.juntadeandalucia.es\/eielcastillo\/index.php?rest_route=\/wp\/v2\/posts\/15678\/revisions\/15697"}],"wp:attachment":[{"href":"https:\/\/blogsaverroes.juntadeandalucia.es\/eielcastillo\/index.php?rest_route=%2Fwp%2Fv2%2Fmedia&parent=15678"}],"wp:term":[{"taxonomy":"category","embeddable":true,"href":"https:\/\/blogsaverroes.juntadeandalucia.es\/eielcastillo\/index.php?rest_route=%2Fwp%2Fv2%2Fcategories&post=15678"},{"taxonomy":"post_tag","embeddable":true,"href":"https:\/\/blogsaverroes.juntadeandalucia.es\/eielcastillo\/index.php?rest_route=%2Fwp%2Fv2%2Ftags&post=15678"}],"curies":[{"name":"wp","href":"https:\/\/api.w.org\/{rel}","templated":true}]}}