{"id":15825,"date":"2023-06-06T11:06:50","date_gmt":"2023-06-06T10:06:50","guid":{"rendered":"https:\/\/blogsaverroes.juntadeandalucia.es\/eielcastillo\/?p=15825"},"modified":"2023-06-09T19:02:50","modified_gmt":"2023-06-09T18:02:50","slug":"en-junio-consumimos-frutas-y-verduras","status":"publish","type":"post","link":"https:\/\/blogsaverroes.juntadeandalucia.es\/eielcastillo\/?p=15825","title":{"rendered":"En junio, CONSUMIMOS FRUTAS Y VERDURAS"},"content":{"rendered":"<h1><a href=\"https:\/\/blogsaverroes.juntadeandalucia.es\/eielcastillo\/files\/2023\/05\/come-frutas.jpg\"><img loading=\"lazy\" decoding=\"async\" class=\"size-full wp-image-15668 alignright\" src=\"https:\/\/blogsaverroes.juntadeandalucia.es\/eielcastillo\/files\/2023\/05\/come-frutas.jpg\" alt=\"\" width=\"256\" height=\"153\"><\/a><span style=\"color: #ff0000\">CONSUMO DE FRUTAS<\/span><\/h1>\n<h3><span style=\"color: #ff0000\">Y VERDURAS EN LA ESCUELA<\/span><\/h3>\n<p><a href=\"https:\/\/blogsaverroes.juntadeandalucia.es\/eielcastillo\/files\/2023\/05\/Imagen_programafrutasenlaescuela.jpg\"><img loading=\"lazy\" decoding=\"async\" class=\" wp-image-15667 alignleft\" src=\"https:\/\/blogsaverroes.juntadeandalucia.es\/eielcastillo\/files\/2023\/05\/Imagen_programafrutasenlaescuela.jpg\" alt=\"\" width=\"144\" height=\"82\" srcset=\"https:\/\/blogsaverroes.juntadeandalucia.es\/eielcastillo\/files\/2023\/05\/Imagen_programafrutasenlaescuela.jpg 350w, https:\/\/blogsaverroes.juntadeandalucia.es\/eielcastillo\/files\/2023\/05\/Imagen_programafrutasenlaescuela-300x171.jpg 300w\" sizes=\"(max-width: 144px) 100vw, 144px\" \/><\/a><\/p>\n<p>&nbsp;<\/p>\n<p>&nbsp;<\/p>\n<p>&nbsp;<\/p>\n<p style=\"text-align: justify\"><span style=\"color: #0000ff\"><strong>D<\/strong>urante los d\u00edas 7, 8 y 9 de este mes de junio, nuestro alumnado HA DESGUSTADO en sus clases las frutas que recibimos en esta cuarta y \u00faltima&nbsp; entrega, son: cerezas, nectarina y gazpacho ecol\u00f3gico sin gluten.<\/span><\/p>\n<p><span style=\"color: #ff0000\">Mi\u00e9rcoles 7: cerezas<\/span>;&nbsp;<span style=\"color: #ff6600\"> jueves 8: nectarina;<\/span>&nbsp; <span style=\"color: #008000\">viernes 9: gazpacho ecol\u00f3gico sin gluten.<\/span><\/p>\n<p><a href=\"https:\/\/blogsaverroes.juntadeandalucia.es\/eielcastillo\/files\/2023\/06\/Imagen_post_frutasyverduras_junio23.jpg\"><img loading=\"lazy\" decoding=\"async\" class=\"wp-image-15829 alignleft\" src=\"https:\/\/blogsaverroes.juntadeandalucia.es\/eielcastillo\/files\/2023\/06\/Imagen_post_frutasyverduras_junio23.jpg\" alt=\"\" width=\"285\" height=\"171\" srcset=\"https:\/\/blogsaverroes.juntadeandalucia.es\/eielcastillo\/files\/2023\/06\/Imagen_post_frutasyverduras_junio23.jpg 521w, https:\/\/blogsaverroes.juntadeandalucia.es\/eielcastillo\/files\/2023\/06\/Imagen_post_frutasyverduras_junio23-300x180.jpg 300w\" sizes=\"(max-width: 285px) 100vw, 285px\" \/><\/a><\/p>\n<p style=\"text-align: justify\"><span style=\"color: #800000\">Esta actividad se enmarca dentro de nuestra participaci\u00f3n en el programa H\u00c1BITOS DE VIDA SALUDABLE, que incluye (para los centros que lo solicitan) la recepci\u00f3n en el centro escolar, de frutas y verduras, con el objeto de fomentar el uso entre el alumnado.<\/span><\/p>\n<p>&nbsp;<\/p>\n<p><a href=\"https:\/\/blogsaverroes.juntadeandalucia.es\/eielcastillo\/files\/2023\/06\/Imagen_post_cajacerezas2023.jpeg\"><img loading=\"lazy\" decoding=\"async\" class=\"alignnone wp-image-15851\" src=\"https:\/\/blogsaverroes.juntadeandalucia.es\/eielcastillo\/files\/2023\/06\/Imagen_post_cajacerezas2023.jpeg\" alt=\"\" width=\"217\" height=\"201\"><\/a> <a href=\"https:\/\/blogsaverroes.juntadeandalucia.es\/eielcastillo\/files\/2023\/06\/Imagen_post_nectarinas2023.jpeg\"><img loading=\"lazy\" decoding=\"async\" class=\"alignnone wp-image-15852\" src=\"https:\/\/blogsaverroes.juntadeandalucia.es\/eielcastillo\/files\/2023\/06\/Imagen_post_nectarinas2023.jpeg\" alt=\"\" width=\"260\" height=\"201\" srcset=\"https:\/\/blogsaverroes.juntadeandalucia.es\/eielcastillo\/files\/2023\/06\/Imagen_post_nectarinas2023.jpeg 454w, https:\/\/blogsaverroes.juntadeandalucia.es\/eielcastillo\/files\/2023\/06\/Imagen_post_nectarinas2023-300x232.jpeg 300w\" sizes=\"(max-width: 260px) 100vw, 260px\" \/><\/a> <a href=\"https:\/\/blogsaverroes.juntadeandalucia.es\/eielcastillo\/files\/2023\/06\/Imagen_post_brickgazpachoo2023.jpeg\"><img loading=\"lazy\" decoding=\"async\" class=\"alignnone wp-image-15850\" src=\"https:\/\/blogsaverroes.juntadeandalucia.es\/eielcastillo\/files\/2023\/06\/Imagen_post_brickgazpachoo2023.jpeg\" alt=\"\" width=\"114\" height=\"238\"><\/a><\/p>\n<p>&nbsp;<\/p>\n<p><a href=\"https:\/\/blogsaverroes.juntadeandalucia.es\/eielcastillo\/files\/2023\/06\/Imagen_PAC2022-23_jun_04.jpeg\"><img loading=\"lazy\" decoding=\"async\" class=\"alignnone size-full wp-image-15856\" src=\"https:\/\/blogsaverroes.juntadeandalucia.es\/eielcastillo\/files\/2023\/06\/Imagen_PAC2022-23_jun_04.jpeg\" alt=\"\" width=\"1024\" height=\"768\" srcset=\"https:\/\/blogsaverroes.juntadeandalucia.es\/eielcastillo\/files\/2023\/06\/Imagen_PAC2022-23_jun_04.jpeg 1024w, https:\/\/blogsaverroes.juntadeandalucia.es\/eielcastillo\/files\/2023\/06\/Imagen_PAC2022-23_jun_04-300x225.jpeg 300w, https:\/\/blogsaverroes.juntadeandalucia.es\/eielcastillo\/files\/2023\/06\/Imagen_PAC2022-23_jun_04-768x576.jpeg 768w\" sizes=\"(max-width: 1024px) 100vw, 1024px\" \/><\/a> <a href=\"https:\/\/blogsaverroes.juntadeandalucia.es\/eielcastillo\/files\/2023\/06\/Imagen_PAC2022-23_jun_03.jpeg\"><img loading=\"lazy\" decoding=\"async\" class=\"alignnone wp-image-15855 size-medium\" src=\"https:\/\/blogsaverroes.juntadeandalucia.es\/eielcastillo\/files\/2023\/06\/Imagen_PAC2022-23_jun_03-300x229.jpeg\" alt=\"\" width=\"300\" height=\"229\" srcset=\"https:\/\/blogsaverroes.juntadeandalucia.es\/eielcastillo\/files\/2023\/06\/Imagen_PAC2022-23_jun_03-300x229.jpeg 300w, https:\/\/blogsaverroes.juntadeandalucia.es\/eielcastillo\/files\/2023\/06\/Imagen_PAC2022-23_jun_03-1024x783.jpeg 1024w, https:\/\/blogsaverroes.juntadeandalucia.es\/eielcastillo\/files\/2023\/06\/Imagen_PAC2022-23_jun_03-768x587.jpeg 768w, https:\/\/blogsaverroes.juntadeandalucia.es\/eielcastillo\/files\/2023\/06\/Imagen_PAC2022-23_jun_03.jpeg 1062w\" sizes=\"(max-width: 300px) 100vw, 300px\" \/><\/a> <a href=\"https:\/\/blogsaverroes.juntadeandalucia.es\/eielcastillo\/files\/2023\/06\/Imagen_PAC2022-23_jun_02.jpeg\"><img loading=\"lazy\" decoding=\"async\" class=\"alignnone wp-image-15854 size-medium\" src=\"https:\/\/blogsaverroes.juntadeandalucia.es\/eielcastillo\/files\/2023\/06\/Imagen_PAC2022-23_jun_02-300x225.jpeg\" alt=\"\" width=\"300\" height=\"225\" srcset=\"https:\/\/blogsaverroes.juntadeandalucia.es\/eielcastillo\/files\/2023\/06\/Imagen_PAC2022-23_jun_02-300x225.jpeg 300w, https:\/\/blogsaverroes.juntadeandalucia.es\/eielcastillo\/files\/2023\/06\/Imagen_PAC2022-23_jun_02-768x576.jpeg 768w, https:\/\/blogsaverroes.juntadeandalucia.es\/eielcastillo\/files\/2023\/06\/Imagen_PAC2022-23_jun_02.jpeg 1024w\" sizes=\"(max-width: 300px) 100vw, 300px\" \/><\/a> <a href=\"https:\/\/blogsaverroes.juntadeandalucia.es\/eielcastillo\/files\/2023\/06\/Imagen_PAC2022-23_jun_01.jpeg\"><img loading=\"lazy\" decoding=\"async\" class=\"alignnone wp-image-15853 size-medium\" src=\"https:\/\/blogsaverroes.juntadeandalucia.es\/eielcastillo\/files\/2023\/06\/Imagen_PAC2022-23_jun_01-300x225.jpeg\" alt=\"\" width=\"300\" height=\"225\" srcset=\"https:\/\/blogsaverroes.juntadeandalucia.es\/eielcastillo\/files\/2023\/06\/Imagen_PAC2022-23_jun_01-300x225.jpeg 300w, https:\/\/blogsaverroes.juntadeandalucia.es\/eielcastillo\/files\/2023\/06\/Imagen_PAC2022-23_jun_01-768x576.jpeg 768w, https:\/\/blogsaverroes.juntadeandalucia.es\/eielcastillo\/files\/2023\/06\/Imagen_PAC2022-23_jun_01.jpeg 1024w\" sizes=\"(max-width: 300px) 100vw, 300px\" \/><\/a> <a href=\"https:\/\/blogsaverroes.juntadeandalucia.es\/eielcastillo\/files\/2023\/06\/Imagen_PAC2022-23_jun_10.jpeg\"><img loading=\"lazy\" decoding=\"async\" class=\"alignnone wp-image-15849 size-medium\" src=\"https:\/\/blogsaverroes.juntadeandalucia.es\/eielcastillo\/files\/2023\/06\/Imagen_PAC2022-23_jun_10-300x225.jpeg\" alt=\"\" width=\"300\" height=\"225\" srcset=\"https:\/\/blogsaverroes.juntadeandalucia.es\/eielcastillo\/files\/2023\/06\/Imagen_PAC2022-23_jun_10-300x225.jpeg 300w, https:\/\/blogsaverroes.juntadeandalucia.es\/eielcastillo\/files\/2023\/06\/Imagen_PAC2022-23_jun_10-768x576.jpeg 768w, https:\/\/blogsaverroes.juntadeandalucia.es\/eielcastillo\/files\/2023\/06\/Imagen_PAC2022-23_jun_10.jpeg 1024w\" sizes=\"(max-width: 300px) 100vw, 300px\" \/><\/a> <a href=\"https:\/\/blogsaverroes.juntadeandalucia.es\/eielcastillo\/files\/2023\/06\/Imagen_PAC2022-23_jun_09.jpeg\"><img loading=\"lazy\" decoding=\"async\" class=\"alignnone wp-image-15848 size-medium\" src=\"https:\/\/blogsaverroes.juntadeandalucia.es\/eielcastillo\/files\/2023\/06\/Imagen_PAC2022-23_jun_09-298x300.jpeg\" alt=\"\" width=\"298\" height=\"300\" srcset=\"https:\/\/blogsaverroes.juntadeandalucia.es\/eielcastillo\/files\/2023\/06\/Imagen_PAC2022-23_jun_09-298x300.jpeg 298w, https:\/\/blogsaverroes.juntadeandalucia.es\/eielcastillo\/files\/2023\/06\/Imagen_PAC2022-23_jun_09-1018x1024.jpeg 1018w, https:\/\/blogsaverroes.juntadeandalucia.es\/eielcastillo\/files\/2023\/06\/Imagen_PAC2022-23_jun_09-150x150.jpeg 150w, https:\/\/blogsaverroes.juntadeandalucia.es\/eielcastillo\/files\/2023\/06\/Imagen_PAC2022-23_jun_09-768x772.jpeg 768w, https:\/\/blogsaverroes.juntadeandalucia.es\/eielcastillo\/files\/2023\/06\/Imagen_PAC2022-23_jun_09.jpeg 1076w\" sizes=\"(max-width: 298px) 100vw, 298px\" \/><\/a>&nbsp; <a href=\"https:\/\/blogsaverroes.juntadeandalucia.es\/eielcastillo\/files\/2023\/06\/Imagen_PAC2022-23_jun_07.jpeg\"><img loading=\"lazy\" decoding=\"async\" class=\"alignnone wp-image-15846 size-medium\" src=\"https:\/\/blogsaverroes.juntadeandalucia.es\/eielcastillo\/files\/2023\/06\/Imagen_PAC2022-23_jun_07-279x300.jpeg\" alt=\"\" width=\"279\" height=\"300\" srcset=\"https:\/\/blogsaverroes.juntadeandalucia.es\/eielcastillo\/files\/2023\/06\/Imagen_PAC2022-23_jun_07-279x300.jpeg 279w, https:\/\/blogsaverroes.juntadeandalucia.es\/eielcastillo\/files\/2023\/06\/Imagen_PAC2022-23_jun_07-953x1024.jpeg 953w, https:\/\/blogsaverroes.juntadeandalucia.es\/eielcastillo\/files\/2023\/06\/Imagen_PAC2022-23_jun_07-768x825.jpeg 768w, https:\/\/blogsaverroes.juntadeandalucia.es\/eielcastillo\/files\/2023\/06\/Imagen_PAC2022-23_jun_07.jpeg 1060w\" sizes=\"(max-width: 279px) 100vw, 279px\" \/><\/a> <a href=\"https:\/\/blogsaverroes.juntadeandalucia.es\/eielcastillo\/files\/2023\/06\/Imagen_PAC2022-23_jun_06.jpeg\"><img loading=\"lazy\" decoding=\"async\" class=\"alignnone wp-image-15845 size-medium\" src=\"https:\/\/blogsaverroes.juntadeandalucia.es\/eielcastillo\/files\/2023\/06\/Imagen_PAC2022-23_jun_06-300x225.jpeg\" alt=\"\" width=\"300\" height=\"225\" srcset=\"https:\/\/blogsaverroes.juntadeandalucia.es\/eielcastillo\/files\/2023\/06\/Imagen_PAC2022-23_jun_06-300x225.jpeg 300w, https:\/\/blogsaverroes.juntadeandalucia.es\/eielcastillo\/files\/2023\/06\/Imagen_PAC2022-23_jun_06-768x576.jpeg 768w, https:\/\/blogsaverroes.juntadeandalucia.es\/eielcastillo\/files\/2023\/06\/Imagen_PAC2022-23_jun_06.jpeg 1024w\" sizes=\"(max-width: 300px) 100vw, 300px\" \/><\/a> <a href=\"https:\/\/blogsaverroes.juntadeandalucia.es\/eielcastillo\/files\/2023\/06\/Imagen_PAC2022-23_jun_05.jpeg\"><img loading=\"lazy\" decoding=\"async\" class=\"alignnone wp-image-15844 size-medium\" src=\"https:\/\/blogsaverroes.juntadeandalucia.es\/eielcastillo\/files\/2023\/06\/Imagen_PAC2022-23_jun_05-300x226.jpeg\" alt=\"\" width=\"300\" height=\"226\" srcset=\"https:\/\/blogsaverroes.juntadeandalucia.es\/eielcastillo\/files\/2023\/06\/Imagen_PAC2022-23_jun_05-300x226.jpeg 300w, https:\/\/blogsaverroes.juntadeandalucia.es\/eielcastillo\/files\/2023\/06\/Imagen_PAC2022-23_jun_05-1024x771.jpeg 1024w, https:\/\/blogsaverroes.juntadeandalucia.es\/eielcastillo\/files\/2023\/06\/Imagen_PAC2022-23_jun_05-768x578.jpeg 768w, https:\/\/blogsaverroes.juntadeandalucia.es\/eielcastillo\/files\/2023\/06\/Imagen_PAC2022-23_jun_05-1536x1157.jpeg 1536w, https:\/\/blogsaverroes.juntadeandalucia.es\/eielcastillo\/files\/2023\/06\/Imagen_PAC2022-23_jun_05.jpeg 2040w\" sizes=\"(max-width: 300px) 100vw, 300px\" \/><\/a><\/p>\n<p><a href=\"https:\/\/blogsaverroes.juntadeandalucia.es\/eielcastillo\/files\/2023\/06\/Imagen_PAC2022-23_jun_08.jpeg\"><img loading=\"lazy\" decoding=\"async\" class=\"alignnone size-full wp-image-15847\" src=\"https:\/\/blogsaverroes.juntadeandalucia.es\/eielcastillo\/files\/2023\/06\/Imagen_PAC2022-23_jun_08.jpeg\" alt=\"\" width=\"1600\" height=\"737\" srcset=\"https:\/\/blogsaverroes.juntadeandalucia.es\/eielcastillo\/files\/2023\/06\/Imagen_PAC2022-23_jun_08.jpeg 1600w, https:\/\/blogsaverroes.juntadeandalucia.es\/eielcastillo\/files\/2023\/06\/Imagen_PAC2022-23_jun_08-300x138.jpeg 300w, https:\/\/blogsaverroes.juntadeandalucia.es\/eielcastillo\/files\/2023\/06\/Imagen_PAC2022-23_jun_08-1024x472.jpeg 1024w, https:\/\/blogsaverroes.juntadeandalucia.es\/eielcastillo\/files\/2023\/06\/Imagen_PAC2022-23_jun_08-768x354.jpeg 768w, https:\/\/blogsaverroes.juntadeandalucia.es\/eielcastillo\/files\/2023\/06\/Imagen_PAC2022-23_jun_08-1536x708.jpeg 1536w\" sizes=\"(max-width: 1600px) 100vw, 1600px\" \/><\/a><\/p>\n<p>&nbsp;<\/p>\n","protected":false},"excerpt":{"rendered":"<p>CONSUMO DE FRUTAS Y VERDURAS EN LA ESCUELA &nbsp; &nbsp; &nbsp; Durante los d\u00edas 7, 8 y 9 de este mes de junio, nuestro alumnado&hellip;<\/p>\n","protected":false},"author":3249,"featured_media":0,"comment_status":"closed","ping_status":"closed","sticky":false,"template":"","format":"standard","meta":{"ngg_post_thumbnail":0,"footnotes":""},"categories":[926],"tags":[],"aioseo_notices":[],"_links":{"self":[{"href":"https:\/\/blogsaverroes.juntadeandalucia.es\/eielcastillo\/index.php?rest_route=\/wp\/v2\/posts\/15825"}],"collection":[{"href":"https:\/\/blogsaverroes.juntadeandalucia.es\/eielcastillo\/index.php?rest_route=\/wp\/v2\/posts"}],"about":[{"href":"https:\/\/blogsaverroes.juntadeandalucia.es\/eielcastillo\/index.php?rest_route=\/wp\/v2\/types\/post"}],"author":[{"embeddable":true,"href":"https:\/\/blogsaverroes.juntadeandalucia.es\/eielcastillo\/index.php?rest_route=\/wp\/v2\/users\/3249"}],"replies":[{"embeddable":true,"href":"https:\/\/blogsaverroes.juntadeandalucia.es\/eielcastillo\/index.php?rest_route=%2Fwp%2Fv2%2Fcomments&post=15825"}],"version-history":[{"count":12,"href":"https:\/\/blogsaverroes.juntadeandalucia.es\/eielcastillo\/index.php?rest_route=\/wp\/v2\/posts\/15825\/revisions"}],"predecessor-version":[{"id":15862,"href":"https:\/\/blogsaverroes.juntadeandalucia.es\/eielcastillo\/index.php?rest_route=\/wp\/v2\/posts\/15825\/revisions\/15862"}],"wp:attachment":[{"href":"https:\/\/blogsaverroes.juntadeandalucia.es\/eielcastillo\/index.php?rest_route=%2Fwp%2Fv2%2Fmedia&parent=15825"}],"wp:term":[{"taxonomy":"category","embeddable":true,"href":"https:\/\/blogsaverroes.juntadeandalucia.es\/eielcastillo\/index.php?rest_route=%2Fwp%2Fv2%2Fcategories&post=15825"},{"taxonomy":"post_tag","embeddable":true,"href":"https:\/\/blogsaverroes.juntadeandalucia.es\/eielcastillo\/index.php?rest_route=%2Fwp%2Fv2%2Ftags&post=15825"}],"curies":[{"name":"wp","href":"https:\/\/api.w.org\/{rel}","templated":true}]}}