{"id":15917,"date":"2023-06-14T16:25:26","date_gmt":"2023-06-14T15:25:26","guid":{"rendered":"https:\/\/blogsaverroes.juntadeandalucia.es\/eielcastillo\/?p=15917"},"modified":"2023-06-14T16:32:02","modified_gmt":"2023-06-14T15:32:02","slug":"se","status":"publish","type":"post","link":"https:\/\/blogsaverroes.juntadeandalucia.es\/eielcastillo\/?p=15917","title":{"rendered":"Ya casi en Primaria, VISITAMOS &#8220;GENERAL CASTA\u00d1OS&#8221;"},"content":{"rendered":"<h3 style=\"text-align: justify\"><strong>&nbsp;&nbsp; <a href=\"https:\/\/blogsaverroes.juntadeandalucia.es\/eielcastillo\/files\/2023\/05\/Imagen_DespedidaPromocion.jpg\"><img loading=\"lazy\" decoding=\"async\" class=\" wp-image-15696 alignleft\" src=\"https:\/\/blogsaverroes.juntadeandalucia.es\/eielcastillo\/files\/2023\/05\/Imagen_DespedidaPromocion.jpg\" alt=\"\" width=\"130\" height=\"136\"><\/a><span style=\"color: #800000\">S<\/span><\/strong><span style=\"color: #800000\">e acerca el final del curso y, como cada a\u00f1o por estas fechas, el alumnado de 5 a\u00f1os visita el centro en el que la inmensa mayor\u00eda, continuar\u00e1 su escolaridad, en esta ocasi\u00f3n en primero de primaria, una nueva etapa.<\/span><\/h3>\n<p>&nbsp;<\/p>\n<p><a href=\"https:\/\/blogsaverroes.juntadeandalucia.es\/eielcastillo\/files\/2023\/06\/Imagen_PAC2022-23_jun_23.jpg\"><img loading=\"lazy\" decoding=\"async\" class=\"alignnone size-full wp-image-15926\" src=\"https:\/\/blogsaverroes.juntadeandalucia.es\/eielcastillo\/files\/2023\/06\/Imagen_PAC2022-23_jun_23.jpg\" alt=\"\" width=\"1600\" height=\"737\" srcset=\"https:\/\/blogsaverroes.juntadeandalucia.es\/eielcastillo\/files\/2023\/06\/Imagen_PAC2022-23_jun_23.jpg 1600w, https:\/\/blogsaverroes.juntadeandalucia.es\/eielcastillo\/files\/2023\/06\/Imagen_PAC2022-23_jun_23-300x138.jpg 300w, https:\/\/blogsaverroes.juntadeandalucia.es\/eielcastillo\/files\/2023\/06\/Imagen_PAC2022-23_jun_23-1024x472.jpg 1024w, https:\/\/blogsaverroes.juntadeandalucia.es\/eielcastillo\/files\/2023\/06\/Imagen_PAC2022-23_jun_23-768x354.jpg 768w, https:\/\/blogsaverroes.juntadeandalucia.es\/eielcastillo\/files\/2023\/06\/Imagen_PAC2022-23_jun_23-1536x708.jpg 1536w\" sizes=\"(max-width: 1600px) 100vw, 1600px\" \/><\/a> <a href=\"https:\/\/blogsaverroes.juntadeandalucia.es\/eielcastillo\/files\/2023\/06\/Imagen_PAC2022-23_jun_22.jpeg\"><img loading=\"lazy\" decoding=\"async\" class=\"alignnone wp-image-15925 size-medium\" src=\"https:\/\/blogsaverroes.juntadeandalucia.es\/eielcastillo\/files\/2023\/06\/Imagen_PAC2022-23_jun_22-300x225.jpeg\" alt=\"\" width=\"300\" height=\"225\" srcset=\"https:\/\/blogsaverroes.juntadeandalucia.es\/eielcastillo\/files\/2023\/06\/Imagen_PAC2022-23_jun_22-300x225.jpeg 300w, https:\/\/blogsaverroes.juntadeandalucia.es\/eielcastillo\/files\/2023\/06\/Imagen_PAC2022-23_jun_22-768x576.jpeg 768w, https:\/\/blogsaverroes.juntadeandalucia.es\/eielcastillo\/files\/2023\/06\/Imagen_PAC2022-23_jun_22.jpeg 1024w\" sizes=\"(max-width: 300px) 100vw, 300px\" \/><\/a> <a href=\"https:\/\/blogsaverroes.juntadeandalucia.es\/eielcastillo\/files\/2023\/06\/Imagen_PAC2022-23_jun_21.jpeg\"><img loading=\"lazy\" decoding=\"async\" class=\"alignnone wp-image-15924 size-medium\" src=\"https:\/\/blogsaverroes.juntadeandalucia.es\/eielcastillo\/files\/2023\/06\/Imagen_PAC2022-23_jun_21-300x225.jpeg\" alt=\"\" width=\"300\" height=\"225\" srcset=\"https:\/\/blogsaverroes.juntadeandalucia.es\/eielcastillo\/files\/2023\/06\/Imagen_PAC2022-23_jun_21-300x225.jpeg 300w, https:\/\/blogsaverroes.juntadeandalucia.es\/eielcastillo\/files\/2023\/06\/Imagen_PAC2022-23_jun_21-768x576.jpeg 768w, https:\/\/blogsaverroes.juntadeandalucia.es\/eielcastillo\/files\/2023\/06\/Imagen_PAC2022-23_jun_21.jpeg 1024w\" sizes=\"(max-width: 300px) 100vw, 300px\" \/><\/a> <a href=\"https:\/\/blogsaverroes.juntadeandalucia.es\/eielcastillo\/files\/2023\/06\/Imagen_PAC2022-23_jun_20.jpg\"><img loading=\"lazy\" decoding=\"async\" class=\"alignnone size-full wp-image-15923\" src=\"https:\/\/blogsaverroes.juntadeandalucia.es\/eielcastillo\/files\/2023\/06\/Imagen_PAC2022-23_jun_20.jpg\" alt=\"\" width=\"1600\" height=\"737\" srcset=\"https:\/\/blogsaverroes.juntadeandalucia.es\/eielcastillo\/files\/2023\/06\/Imagen_PAC2022-23_jun_20.jpg 1600w, https:\/\/blogsaverroes.juntadeandalucia.es\/eielcastillo\/files\/2023\/06\/Imagen_PAC2022-23_jun_20-300x138.jpg 300w, https:\/\/blogsaverroes.juntadeandalucia.es\/eielcastillo\/files\/2023\/06\/Imagen_PAC2022-23_jun_20-1024x472.jpg 1024w, https:\/\/blogsaverroes.juntadeandalucia.es\/eielcastillo\/files\/2023\/06\/Imagen_PAC2022-23_jun_20-768x354.jpg 768w, https:\/\/blogsaverroes.juntadeandalucia.es\/eielcastillo\/files\/2023\/06\/Imagen_PAC2022-23_jun_20-1536x708.jpg 1536w\" sizes=\"(max-width: 1600px) 100vw, 1600px\" \/><\/a> <a href=\"https:\/\/blogsaverroes.juntadeandalucia.es\/eielcastillo\/files\/2023\/06\/Imagen_PAC2022-23_jun_18.jpg\"><img loading=\"lazy\" decoding=\"async\" class=\"alignnone wp-image-15922 size-medium\" src=\"https:\/\/blogsaverroes.juntadeandalucia.es\/eielcastillo\/files\/2023\/06\/Imagen_PAC2022-23_jun_18-300x138.jpg\" alt=\"\" width=\"300\" height=\"138\" srcset=\"https:\/\/blogsaverroes.juntadeandalucia.es\/eielcastillo\/files\/2023\/06\/Imagen_PAC2022-23_jun_18-300x138.jpg 300w, https:\/\/blogsaverroes.juntadeandalucia.es\/eielcastillo\/files\/2023\/06\/Imagen_PAC2022-23_jun_18-1024x472.jpg 1024w, https:\/\/blogsaverroes.juntadeandalucia.es\/eielcastillo\/files\/2023\/06\/Imagen_PAC2022-23_jun_18-768x354.jpg 768w, https:\/\/blogsaverroes.juntadeandalucia.es\/eielcastillo\/files\/2023\/06\/Imagen_PAC2022-23_jun_18-1536x708.jpg 1536w, https:\/\/blogsaverroes.juntadeandalucia.es\/eielcastillo\/files\/2023\/06\/Imagen_PAC2022-23_jun_18.jpg 1600w\" sizes=\"(max-width: 300px) 100vw, 300px\" \/><\/a> <a href=\"https:\/\/blogsaverroes.juntadeandalucia.es\/eielcastillo\/files\/2023\/06\/Imagen_PAC2022-23_jun_17.jpg\"><img loading=\"lazy\" decoding=\"async\" class=\"alignnone wp-image-15921 size-medium\" src=\"https:\/\/blogsaverroes.juntadeandalucia.es\/eielcastillo\/files\/2023\/06\/Imagen_PAC2022-23_jun_17-300x138.jpg\" alt=\"\" width=\"300\" height=\"138\" srcset=\"https:\/\/blogsaverroes.juntadeandalucia.es\/eielcastillo\/files\/2023\/06\/Imagen_PAC2022-23_jun_17-300x138.jpg 300w, https:\/\/blogsaverroes.juntadeandalucia.es\/eielcastillo\/files\/2023\/06\/Imagen_PAC2022-23_jun_17-1024x472.jpg 1024w, https:\/\/blogsaverroes.juntadeandalucia.es\/eielcastillo\/files\/2023\/06\/Imagen_PAC2022-23_jun_17-768x354.jpg 768w, https:\/\/blogsaverroes.juntadeandalucia.es\/eielcastillo\/files\/2023\/06\/Imagen_PAC2022-23_jun_17-1536x708.jpg 1536w, https:\/\/blogsaverroes.juntadeandalucia.es\/eielcastillo\/files\/2023\/06\/Imagen_PAC2022-23_jun_17.jpg 1600w\" sizes=\"(max-width: 300px) 100vw, 300px\" \/><\/a> <a href=\"https:\/\/blogsaverroes.juntadeandalucia.es\/eielcastillo\/files\/2023\/06\/Imagen_PAC2022-23_jun_16.jpg\"><img loading=\"lazy\" decoding=\"async\" class=\"alignnone wp-image-15920 size-medium\" src=\"https:\/\/blogsaverroes.juntadeandalucia.es\/eielcastillo\/files\/2023\/06\/Imagen_PAC2022-23_jun_16-300x138.jpg\" alt=\"\" width=\"300\" height=\"138\" srcset=\"https:\/\/blogsaverroes.juntadeandalucia.es\/eielcastillo\/files\/2023\/06\/Imagen_PAC2022-23_jun_16-300x138.jpg 300w, https:\/\/blogsaverroes.juntadeandalucia.es\/eielcastillo\/files\/2023\/06\/Imagen_PAC2022-23_jun_16-1024x472.jpg 1024w, https:\/\/blogsaverroes.juntadeandalucia.es\/eielcastillo\/files\/2023\/06\/Imagen_PAC2022-23_jun_16-768x354.jpg 768w, https:\/\/blogsaverroes.juntadeandalucia.es\/eielcastillo\/files\/2023\/06\/Imagen_PAC2022-23_jun_16-1536x708.jpg 1536w, https:\/\/blogsaverroes.juntadeandalucia.es\/eielcastillo\/files\/2023\/06\/Imagen_PAC2022-23_jun_16.jpg 1600w\" sizes=\"(max-width: 300px) 100vw, 300px\" \/><\/a> <a href=\"https:\/\/blogsaverroes.juntadeandalucia.es\/eielcastillo\/files\/2023\/06\/Imagen_PAC2022-23_jun_15.jpg\"><img loading=\"lazy\" decoding=\"async\" class=\"alignnone wp-image-15919 size-medium\" src=\"https:\/\/blogsaverroes.juntadeandalucia.es\/eielcastillo\/files\/2023\/06\/Imagen_PAC2022-23_jun_15-300x138.jpg\" alt=\"\" width=\"300\" height=\"138\" srcset=\"https:\/\/blogsaverroes.juntadeandalucia.es\/eielcastillo\/files\/2023\/06\/Imagen_PAC2022-23_jun_15-300x138.jpg 300w, https:\/\/blogsaverroes.juntadeandalucia.es\/eielcastillo\/files\/2023\/06\/Imagen_PAC2022-23_jun_15-1024x472.jpg 1024w, https:\/\/blogsaverroes.juntadeandalucia.es\/eielcastillo\/files\/2023\/06\/Imagen_PAC2022-23_jun_15-768x354.jpg 768w, https:\/\/blogsaverroes.juntadeandalucia.es\/eielcastillo\/files\/2023\/06\/Imagen_PAC2022-23_jun_15-1536x708.jpg 1536w, https:\/\/blogsaverroes.juntadeandalucia.es\/eielcastillo\/files\/2023\/06\/Imagen_PAC2022-23_jun_15.jpg 1600w\" sizes=\"(max-width: 300px) 100vw, 300px\" \/><\/a><\/p>\n","protected":false},"excerpt":{"rendered":"<p>&nbsp;&nbsp; Se acerca el final del curso y, como cada a\u00f1o por estas fechas, el alumnado de 5 a\u00f1os visita el centro en el que&hellip;<\/p>\n","protected":false},"author":3249,"featured_media":0,"comment_status":"closed","ping_status":"closed","sticky":false,"template":"","format":"standard","meta":{"ngg_post_thumbnail":0,"footnotes":""},"categories":[926],"tags":[],"aioseo_notices":[],"_links":{"self":[{"href":"https:\/\/blogsaverroes.juntadeandalucia.es\/eielcastillo\/index.php?rest_route=\/wp\/v2\/posts\/15917"}],"collection":[{"href":"https:\/\/blogsaverroes.juntadeandalucia.es\/eielcastillo\/index.php?rest_route=\/wp\/v2\/posts"}],"about":[{"href":"https:\/\/blogsaverroes.juntadeandalucia.es\/eielcastillo\/index.php?rest_route=\/wp\/v2\/types\/post"}],"author":[{"embeddable":true,"href":"https:\/\/blogsaverroes.juntadeandalucia.es\/eielcastillo\/index.php?rest_route=\/wp\/v2\/users\/3249"}],"replies":[{"embeddable":true,"href":"https:\/\/blogsaverroes.juntadeandalucia.es\/eielcastillo\/index.php?rest_route=%2Fwp%2Fv2%2Fcomments&post=15917"}],"version-history":[{"count":4,"href":"https:\/\/blogsaverroes.juntadeandalucia.es\/eielcastillo\/index.php?rest_route=\/wp\/v2\/posts\/15917\/revisions"}],"predecessor-version":[{"id":15929,"href":"https:\/\/blogsaverroes.juntadeandalucia.es\/eielcastillo\/index.php?rest_route=\/wp\/v2\/posts\/15917\/revisions\/15929"}],"wp:attachment":[{"href":"https:\/\/blogsaverroes.juntadeandalucia.es\/eielcastillo\/index.php?rest_route=%2Fwp%2Fv2%2Fmedia&parent=15917"}],"wp:term":[{"taxonomy":"category","embeddable":true,"href":"https:\/\/blogsaverroes.juntadeandalucia.es\/eielcastillo\/index.php?rest_route=%2Fwp%2Fv2%2Fcategories&post=15917"},{"taxonomy":"post_tag","embeddable":true,"href":"https:\/\/blogsaverroes.juntadeandalucia.es\/eielcastillo\/index.php?rest_route=%2Fwp%2Fv2%2Ftags&post=15917"}],"curies":[{"name":"wp","href":"https:\/\/api.w.org\/{rel}","templated":true}]}}