{"id":11831,"date":"2017-06-30T07:41:16","date_gmt":"2017-06-30T07:41:16","guid":{"rendered":"http:\/\/blogsaverroes.juntadeandalucia.es\/eielreal\/?p=11831"},"modified":"2017-06-30T07:41:16","modified_gmt":"2017-06-30T07:41:16","slug":"agradecimientos-a-las-familias-y-al-ampa-el-real","status":"publish","type":"post","link":"https:\/\/blogsaverroes.juntadeandalucia.es\/eielreal\/agradecimientos-a-las-familias-y-al-ampa-el-real\/","title":{"rendered":"AGRADECIMIENTOS A LAS FAMILIAS Y  AL AMPA EL REAL"},"content":{"rendered":"<h3 style=\"text-align: justify\"><strong>Nuestro agradecimiento a todas las familias<\/strong>&nbsp;por haber confiado en nosotros al traer a vuestros hijos\/as &nbsp;a nuestra escuela; por vuestra colaboraci\u00f3n y participaci\u00f3n en el d\u00eda a d\u00eda.<\/h3>\n<h3 style=\"text-align: justify\"><strong>Nuestro agradecimiento al AMPA EL REAL<\/strong> por su enorme labor realizada en beneficio del Centro y de sus ni\u00f1os y ni\u00f1as.<\/h3>\n<h3 style=\"text-align: justify\">Son innumerables las veces que os hab\u00e9is mostrados dispuestos\/as &nbsp;a ayudar cuando el Centro os ha solicitado. Incontables las actividades que hab\u00e9is promovido y realizado por mejorar esta comunidad educativa; numeros\u00edsimas las actividades y juegos en los que hab\u00e9is hecho re\u00edr y disfrutar a m\u00e1s de 200 ni\u00f1os.<\/h3>\n<h3 style=\"text-align: justify\">Yo como directora, y en nombre de todos mis compa\u00f1eros\/as queremos agradeceros a todos y todas los que en alg\u00fan momento de estos a\u00f1os hab\u00e9is aportado vuestro granito de arena. Y felicitar a esta gran mujer que ten\u00e9is el lujo de presidenta: <strong>Maribel Rodr\u00edguez Cabanillas.<\/strong><\/h3>\n<p><a href=\"https:\/\/blogsaverroes.juntadeandalucia.es\/eielreal\/files\/2017\/06\/IMG-20170628-WA0021_resized.jpg\"><img loading=\"lazy\" decoding=\"async\" class=\"alignnone size-medium wp-image-11869\" src=\"https:\/\/blogsaverroes.juntadeandalucia.es\/eielreal\/files\/2017\/06\/IMG-20170628-WA0021_resized-300x225.jpg\" alt=\"\" width=\"300\" height=\"225\" srcset=\"https:\/\/blogsaverroes.juntadeandalucia.es\/eielreal\/files\/2017\/06\/IMG-20170628-WA0021_resized-300x225.jpg 300w, https:\/\/blogsaverroes.juntadeandalucia.es\/eielreal\/files\/2017\/06\/IMG-20170628-WA0021_resized-768x576.jpg 768w, https:\/\/blogsaverroes.juntadeandalucia.es\/eielreal\/files\/2017\/06\/IMG-20170628-WA0021_resized-700x525.jpg 700w, https:\/\/blogsaverroes.juntadeandalucia.es\/eielreal\/files\/2017\/06\/IMG-20170628-WA0021_resized-24x18.jpg 24w, https:\/\/blogsaverroes.juntadeandalucia.es\/eielreal\/files\/2017\/06\/IMG-20170628-WA0021_resized-36x27.jpg 36w, https:\/\/blogsaverroes.juntadeandalucia.es\/eielreal\/files\/2017\/06\/IMG-20170628-WA0021_resized-48x36.jpg 48w, https:\/\/blogsaverroes.juntadeandalucia.es\/eielreal\/files\/2017\/06\/IMG-20170628-WA0021_resized.jpg 800w\" sizes=\"(max-width: 300px) 100vw, 300px\" \/><\/a><a href=\"https:\/\/blogsaverroes.juntadeandalucia.es\/eielreal\/files\/2017\/06\/IMG_8070.jpg\"><img loading=\"lazy\" decoding=\"async\" class=\"alignnone size-medium wp-image-11812\" src=\"https:\/\/blogsaverroes.juntadeandalucia.es\/eielreal\/files\/2017\/06\/IMG_8070-300x225.jpg\" alt=\"\" width=\"300\" height=\"225\" srcset=\"https:\/\/blogsaverroes.juntadeandalucia.es\/eielreal\/files\/2017\/06\/IMG_8070-300x225.jpg 300w, https:\/\/blogsaverroes.juntadeandalucia.es\/eielreal\/files\/2017\/06\/IMG_8070-768x576.jpg 768w, https:\/\/blogsaverroes.juntadeandalucia.es\/eielreal\/files\/2017\/06\/IMG_8070-1024x768.jpg 1024w, https:\/\/blogsaverroes.juntadeandalucia.es\/eielreal\/files\/2017\/06\/IMG_8070-700x525.jpg 700w, https:\/\/blogsaverroes.juntadeandalucia.es\/eielreal\/files\/2017\/06\/IMG_8070-24x18.jpg 24w, https:\/\/blogsaverroes.juntadeandalucia.es\/eielreal\/files\/2017\/06\/IMG_8070-36x27.jpg 36w, https:\/\/blogsaverroes.juntadeandalucia.es\/eielreal\/files\/2017\/06\/IMG_8070-48x36.jpg 48w, https:\/\/blogsaverroes.juntadeandalucia.es\/eielreal\/files\/2017\/06\/IMG_8070.jpg 1600w\" sizes=\"(max-width: 300px) 100vw, 300px\" \/><\/a>&nbsp;<a href=\"https:\/\/blogsaverroes.juntadeandalucia.es\/eielreal\/files\/2017\/06\/IMG-20170621-WA0080.jpg\"><img loading=\"lazy\" decoding=\"async\" class=\"alignnone size-medium wp-image-11845\" src=\"https:\/\/blogsaverroes.juntadeandalucia.es\/eielreal\/files\/2017\/06\/IMG-20170621-WA0080-300x225.jpg\" alt=\"\" width=\"300\" height=\"225\" srcset=\"https:\/\/blogsaverroes.juntadeandalucia.es\/eielreal\/files\/2017\/06\/IMG-20170621-WA0080-300x225.jpg 300w, https:\/\/blogsaverroes.juntadeandalucia.es\/eielreal\/files\/2017\/06\/IMG-20170621-WA0080-768x576.jpg 768w, https:\/\/blogsaverroes.juntadeandalucia.es\/eielreal\/files\/2017\/06\/IMG-20170621-WA0080-1024x768.jpg 1024w, https:\/\/blogsaverroes.juntadeandalucia.es\/eielreal\/files\/2017\/06\/IMG-20170621-WA0080-700x525.jpg 700w, https:\/\/blogsaverroes.juntadeandalucia.es\/eielreal\/files\/2017\/06\/IMG-20170621-WA0080-24x18.jpg 24w, https:\/\/blogsaverroes.juntadeandalucia.es\/eielreal\/files\/2017\/06\/IMG-20170621-WA0080-36x27.jpg 36w, https:\/\/blogsaverroes.juntadeandalucia.es\/eielreal\/files\/2017\/06\/IMG-20170621-WA0080-48x36.jpg 48w, https:\/\/blogsaverroes.juntadeandalucia.es\/eielreal\/files\/2017\/06\/IMG-20170621-WA0080.jpg 1600w\" sizes=\"(max-width: 300px) 100vw, 300px\" \/><\/a> &nbsp; &nbsp; <a href=\"https:\/\/blogsaverroes.juntadeandalucia.es\/eielreal\/files\/2017\/06\/IMG-20170628-WA0022_resized.jpg\"><img loading=\"lazy\" decoding=\"async\" class=\"alignnone size-medium wp-image-11871\" src=\"https:\/\/blogsaverroes.juntadeandalucia.es\/eielreal\/files\/2017\/06\/IMG-20170628-WA0023_resized-300x200.jpg\" alt=\"\" width=\"300\" height=\"200\" srcset=\"https:\/\/blogsaverroes.juntadeandalucia.es\/eielreal\/files\/2017\/06\/IMG-20170628-WA0023_resized-300x200.jpg 300w, https:\/\/blogsaverroes.juntadeandalucia.es\/eielreal\/files\/2017\/06\/IMG-20170628-WA0023_resized-768x512.jpg 768w, https:\/\/blogsaverroes.juntadeandalucia.es\/eielreal\/files\/2017\/06\/IMG-20170628-WA0023_resized-700x467.jpg 700w, https:\/\/blogsaverroes.juntadeandalucia.es\/eielreal\/files\/2017\/06\/IMG-20170628-WA0023_resized-24x16.jpg 24w, https:\/\/blogsaverroes.juntadeandalucia.es\/eielreal\/files\/2017\/06\/IMG-20170628-WA0023_resized-36x24.jpg 36w, https:\/\/blogsaverroes.juntadeandalucia.es\/eielreal\/files\/2017\/06\/IMG-20170628-WA0023_resized-48x32.jpg 48w, https:\/\/blogsaverroes.juntadeandalucia.es\/eielreal\/files\/2017\/06\/IMG-20170628-WA0023_resized.jpg 799w\" sizes=\"(max-width: 300px) 100vw, 300px\" \/><\/a><a href=\"https:\/\/blogsaverroes.juntadeandalucia.es\/eielreal\/files\/2017\/06\/IMG-20170621-WA0079.jpg\"><img loading=\"lazy\" decoding=\"async\" class=\"alignnone size-medium wp-image-11844\" src=\"https:\/\/blogsaverroes.juntadeandalucia.es\/eielreal\/files\/2017\/06\/IMG-20170621-WA0079-300x225.jpg\" alt=\"\" width=\"300\" height=\"225\" srcset=\"https:\/\/blogsaverroes.juntadeandalucia.es\/eielreal\/files\/2017\/06\/IMG-20170621-WA0079-300x225.jpg 300w, https:\/\/blogsaverroes.juntadeandalucia.es\/eielreal\/files\/2017\/06\/IMG-20170621-WA0079-768x576.jpg 768w, https:\/\/blogsaverroes.juntadeandalucia.es\/eielreal\/files\/2017\/06\/IMG-20170621-WA0079-1024x768.jpg 1024w, https:\/\/blogsaverroes.juntadeandalucia.es\/eielreal\/files\/2017\/06\/IMG-20170621-WA0079-700x525.jpg 700w, https:\/\/blogsaverroes.juntadeandalucia.es\/eielreal\/files\/2017\/06\/IMG-20170621-WA0079-24x18.jpg 24w, https:\/\/blogsaverroes.juntadeandalucia.es\/eielreal\/files\/2017\/06\/IMG-20170621-WA0079-36x27.jpg 36w, https:\/\/blogsaverroes.juntadeandalucia.es\/eielreal\/files\/2017\/06\/IMG-20170621-WA0079-48x36.jpg 48w, https:\/\/blogsaverroes.juntadeandalucia.es\/eielreal\/files\/2017\/06\/IMG-20170621-WA0079.jpg 1600w\" sizes=\"(max-width: 300px) 100vw, 300px\" \/><\/a><a href=\"https:\/\/blogsaverroes.juntadeandalucia.es\/eielreal\/files\/2017\/06\/IMG-20170628-WA0022_resized.jpg\"><img loading=\"lazy\" decoding=\"async\" class=\"alignnone size-medium wp-image-11870\" src=\"https:\/\/blogsaverroes.juntadeandalucia.es\/eielreal\/files\/2017\/06\/IMG-20170628-WA0022_resized-300x200.jpg\" alt=\"\" width=\"300\" height=\"200\" srcset=\"https:\/\/blogsaverroes.juntadeandalucia.es\/eielreal\/files\/2017\/06\/IMG-20170628-WA0022_resized-300x200.jpg 300w, https:\/\/blogsaverroes.juntadeandalucia.es\/eielreal\/files\/2017\/06\/IMG-20170628-WA0022_resized-768x512.jpg 768w, https:\/\/blogsaverroes.juntadeandalucia.es\/eielreal\/files\/2017\/06\/IMG-20170628-WA0022_resized-700x467.jpg 700w, https:\/\/blogsaverroes.juntadeandalucia.es\/eielreal\/files\/2017\/06\/IMG-20170628-WA0022_resized-24x16.jpg 24w, https:\/\/blogsaverroes.juntadeandalucia.es\/eielreal\/files\/2017\/06\/IMG-20170628-WA0022_resized-36x24.jpg 36w, https:\/\/blogsaverroes.juntadeandalucia.es\/eielreal\/files\/2017\/06\/IMG-20170628-WA0022_resized-48x32.jpg 48w, https:\/\/blogsaverroes.juntadeandalucia.es\/eielreal\/files\/2017\/06\/IMG-20170628-WA0022_resized.jpg 799w\" sizes=\"(max-width: 300px) 100vw, 300px\" \/><\/a> <a href=\"https:\/\/blogsaverroes.juntadeandalucia.es\/eielreal\/files\/2017\/06\/IMG-20170629-WA0037.jpg\"><img loading=\"lazy\" decoding=\"async\" class=\"size-medium wp-image-11872 aligncenter\" src=\"https:\/\/blogsaverroes.juntadeandalucia.es\/eielreal\/files\/2017\/06\/IMG-20170629-WA0037-300x203.jpg\" alt=\"\" width=\"300\" height=\"203\" srcset=\"https:\/\/blogsaverroes.juntadeandalucia.es\/eielreal\/files\/2017\/06\/IMG-20170629-WA0037-300x203.jpg 300w, https:\/\/blogsaverroes.juntadeandalucia.es\/eielreal\/files\/2017\/06\/IMG-20170629-WA0037-768x521.jpg 768w, https:\/\/blogsaverroes.juntadeandalucia.es\/eielreal\/files\/2017\/06\/IMG-20170629-WA0037-1024x694.jpg 1024w, https:\/\/blogsaverroes.juntadeandalucia.es\/eielreal\/files\/2017\/06\/IMG-20170629-WA0037-700x474.jpg 700w, https:\/\/blogsaverroes.juntadeandalucia.es\/eielreal\/files\/2017\/06\/IMG-20170629-WA0037-24x16.jpg 24w, https:\/\/blogsaverroes.juntadeandalucia.es\/eielreal\/files\/2017\/06\/IMG-20170629-WA0037-36x24.jpg 36w, https:\/\/blogsaverroes.juntadeandalucia.es\/eielreal\/files\/2017\/06\/IMG-20170629-WA0037-48x33.jpg 48w, https:\/\/blogsaverroes.juntadeandalucia.es\/eielreal\/files\/2017\/06\/IMG-20170629-WA0037.jpg 1229w\" sizes=\"(max-width: 300px) 100vw, 300px\" \/><\/a><\/p>\n<h3><strong>Feliz verano a toda la Comunidad educativa y nos vemos el pr\u00f3ximo curso.<\/strong><\/h3>\n<h4><strong>Magdalena Aguilar P\u00e9rez<\/strong><\/h4>\n","protected":false},"excerpt":{"rendered":"<p>Nuestro agradecimiento a todas las familias&nbsp;por haber confiado en nosotros al traer a vuestros hijos\/as &nbsp;a nuestra escuela; por vuestra colaboraci\u00f3n y participaci\u00f3n en el d\u00eda a d\u00eda. Nuestro agradecimiento al AMPA EL REAL&#46;&#46;&#46;<\/p>\n","protected":false},"author":1886,"featured_media":11812,"comment_status":"open","ping_status":"open","sticky":false,"template":"","format":"standard","meta":{"ngg_post_thumbnail":0,"footnotes":""},"categories":[611288,962],"tags":[],"aioseo_notices":[],"_links":{"self":[{"href":"https:\/\/blogsaverroes.juntadeandalucia.es\/eielreal\/wp-json\/wp\/v2\/posts\/11831"}],"collection":[{"href":"https:\/\/blogsaverroes.juntadeandalucia.es\/eielreal\/wp-json\/wp\/v2\/posts"}],"about":[{"href":"https:\/\/blogsaverroes.juntadeandalucia.es\/eielreal\/wp-json\/wp\/v2\/types\/post"}],"author":[{"embeddable":true,"href":"https:\/\/blogsaverroes.juntadeandalucia.es\/eielreal\/wp-json\/wp\/v2\/users\/1886"}],"replies":[{"embeddable":true,"href":"https:\/\/blogsaverroes.juntadeandalucia.es\/eielreal\/wp-json\/wp\/v2\/comments?post=11831"}],"version-history":[{"count":4,"href":"https:\/\/blogsaverroes.juntadeandalucia.es\/eielreal\/wp-json\/wp\/v2\/posts\/11831\/revisions"}],"predecessor-version":[{"id":11874,"href":"https:\/\/blogsaverroes.juntadeandalucia.es\/eielreal\/wp-json\/wp\/v2\/posts\/11831\/revisions\/11874"}],"wp:featuredmedia":[{"embeddable":true,"href":"https:\/\/blogsaverroes.juntadeandalucia.es\/eielreal\/wp-json\/wp\/v2\/media\/11812"}],"wp:attachment":[{"href":"https:\/\/blogsaverroes.juntadeandalucia.es\/eielreal\/wp-json\/wp\/v2\/media?parent=11831"}],"wp:term":[{"taxonomy":"category","embeddable":true,"href":"https:\/\/blogsaverroes.juntadeandalucia.es\/eielreal\/wp-json\/wp\/v2\/categories?post=11831"},{"taxonomy":"post_tag","embeddable":true,"href":"https:\/\/blogsaverroes.juntadeandalucia.es\/eielreal\/wp-json\/wp\/v2\/tags?post=11831"}],"curies":[{"name":"wp","href":"https:\/\/api.w.org\/{rel}","templated":true}]}}