{"id":11961,"date":"2017-09-27T17:46:13","date_gmt":"2017-09-27T17:46:13","guid":{"rendered":"http:\/\/blogsaverroes.juntadeandalucia.es\/eielreal\/?p=11961"},"modified":"2017-09-27T17:47:18","modified_gmt":"2017-09-27T17:47:18","slug":"comienzan-las-actividades-extraescolares","status":"publish","type":"post","link":"https:\/\/blogsaverroes.juntadeandalucia.es\/eielreal\/comienzan-las-actividades-extraescolares\/","title":{"rendered":"COMIENZAN LAS ACTIVIDADES EXTRAESCOLARES"},"content":{"rendered":"<h3><strong>Comenzamos en octubre las actividades extraescolares de ingl\u00e9s, sevillanas y predeporte (de 4 a 5 de la tarde)<\/strong><\/h3>\n<h3><span style=\"font-size: x-large\"><b>Rogamos revisen las listas <\/b>y en caso de alguna incidencia se ponga en contacto con Magdalena, bien personalmente a primera hora de la ma\u00f1ana o llamando al tel\u00e9fono 955649500 ( en horario de 9 a 10 de la ma\u00f1ana)<\/span><\/h3>\n<h3><span style=\"font-size: x-large\"><b>Deseamos que todo est\u00e9 a punto para comenzar el 3 y 4 de octubre.<\/b><\/span><\/h3>\n","protected":false},"excerpt":{"rendered":"<p>Comenzamos en octubre las actividades extraescolares de ingl\u00e9s, sevillanas y predeporte (de 4 a 5 de la tarde) Rogamos revisen las listas y en caso de alguna incidencia se ponga en contacto con Magdalena,&#46;&#46;&#46;<\/p>\n","protected":false},"author":1886,"featured_media":0,"comment_status":"open","ping_status":"open","sticky":false,"template":"","format":"standard","meta":{"ngg_post_thumbnail":0,"footnotes":""},"categories":[1705,611328],"tags":[],"aioseo_notices":[],"_links":{"self":[{"href":"https:\/\/blogsaverroes.juntadeandalucia.es\/eielreal\/wp-json\/wp\/v2\/posts\/11961"}],"collection":[{"href":"https:\/\/blogsaverroes.juntadeandalucia.es\/eielreal\/wp-json\/wp\/v2\/posts"}],"about":[{"href":"https:\/\/blogsaverroes.juntadeandalucia.es\/eielreal\/wp-json\/wp\/v2\/types\/post"}],"author":[{"embeddable":true,"href":"https:\/\/blogsaverroes.juntadeandalucia.es\/eielreal\/wp-json\/wp\/v2\/users\/1886"}],"replies":[{"embeddable":true,"href":"https:\/\/blogsaverroes.juntadeandalucia.es\/eielreal\/wp-json\/wp\/v2\/comments?post=11961"}],"version-history":[{"count":2,"href":"https:\/\/blogsaverroes.juntadeandalucia.es\/eielreal\/wp-json\/wp\/v2\/posts\/11961\/revisions"}],"predecessor-version":[{"id":11963,"href":"https:\/\/blogsaverroes.juntadeandalucia.es\/eielreal\/wp-json\/wp\/v2\/posts\/11961\/revisions\/11963"}],"wp:attachment":[{"href":"https:\/\/blogsaverroes.juntadeandalucia.es\/eielreal\/wp-json\/wp\/v2\/media?parent=11961"}],"wp:term":[{"taxonomy":"category","embeddable":true,"href":"https:\/\/blogsaverroes.juntadeandalucia.es\/eielreal\/wp-json\/wp\/v2\/categories?post=11961"},{"taxonomy":"post_tag","embeddable":true,"href":"https:\/\/blogsaverroes.juntadeandalucia.es\/eielreal\/wp-json\/wp\/v2\/tags?post=11961"}],"curies":[{"name":"wp","href":"https:\/\/api.w.org\/{rel}","templated":true}]}}