{"id":12045,"date":"2017-11-16T22:16:07","date_gmt":"2017-11-16T22:16:07","guid":{"rendered":"http:\/\/blogsaverroes.juntadeandalucia.es\/eielreal\/?p=12045"},"modified":"2017-11-17T09:23:00","modified_gmt":"2017-11-17T09:23:00","slug":"las-abejitas-del-real-3c-aula-3","status":"publish","type":"post","link":"https:\/\/blogsaverroes.juntadeandalucia.es\/eielreal\/las-abejitas-del-real-3c-aula-3\/","title":{"rendered":"LAS ABEJITAS DEL REAL 3C. AULA 3"},"content":{"rendered":"<p>Despu\u00e9s de dos meses, del inicio de curso, nuestras abejitas est\u00e1n ya en el cole como en su propia colmena&#8230;<\/p>\n<p>A continuaci\u00f3n os mostramos c\u00f3mo es nuestro d\u00eda a d\u00eda en el cole:<\/p>\n<p>Al llegar al cole nos saludamos y comenzamos con la rutina<\/p>\n<p><a href=\"https:\/\/blogsaverroes.juntadeandalucia.es\/eielreal\/files\/2017\/11\/20170912_092609.jpg\"><img loading=\"lazy\" decoding=\"async\" class=\"size-medium wp-image-12054 aligncenter\" src=\"https:\/\/blogsaverroes.juntadeandalucia.es\/eielreal\/files\/2017\/11\/20170912_092609-300x225.jpg\" alt=\"\" width=\"300\" height=\"225\" srcset=\"https:\/\/blogsaverroes.juntadeandalucia.es\/eielreal\/files\/2017\/11\/20170912_092609-300x225.jpg 300w, https:\/\/blogsaverroes.juntadeandalucia.es\/eielreal\/files\/2017\/11\/20170912_092609-768x576.jpg 768w, https:\/\/blogsaverroes.juntadeandalucia.es\/eielreal\/files\/2017\/11\/20170912_092609-1024x768.jpg 1024w, https:\/\/blogsaverroes.juntadeandalucia.es\/eielreal\/files\/2017\/11\/20170912_092609-700x525.jpg 700w, https:\/\/blogsaverroes.juntadeandalucia.es\/eielreal\/files\/2017\/11\/20170912_092609-24x18.jpg 24w, https:\/\/blogsaverroes.juntadeandalucia.es\/eielreal\/files\/2017\/11\/20170912_092609-36x27.jpg 36w, https:\/\/blogsaverroes.juntadeandalucia.es\/eielreal\/files\/2017\/11\/20170912_092609-48x36.jpg 48w, https:\/\/blogsaverroes.juntadeandalucia.es\/eielreal\/files\/2017\/11\/20170912_092609.jpg 1600w\" sizes=\"(max-width: 300px) 100vw, 300px\" \/><\/a><\/p>\n<p>En la asamblea pasamos lista, vemos el tiempo, realizamos actividades manipulativas, jugamos con ABN&#8230;<\/p>\n<p><a href=\"https:\/\/blogsaverroes.juntadeandalucia.es\/eielreal\/files\/2017\/11\/20171020_100208.jpg\"><img loading=\"lazy\" decoding=\"async\" class=\"size-medium wp-image-12065 aligncenter\" src=\"https:\/\/blogsaverroes.juntadeandalucia.es\/eielreal\/files\/2017\/11\/20171020_100208-300x225.jpg\" alt=\"\" width=\"300\" height=\"225\" srcset=\"https:\/\/blogsaverroes.juntadeandalucia.es\/eielreal\/files\/2017\/11\/20171020_100208-300x225.jpg 300w, https:\/\/blogsaverroes.juntadeandalucia.es\/eielreal\/files\/2017\/11\/20171020_100208-768x576.jpg 768w, https:\/\/blogsaverroes.juntadeandalucia.es\/eielreal\/files\/2017\/11\/20171020_100208-1024x768.jpg 1024w, https:\/\/blogsaverroes.juntadeandalucia.es\/eielreal\/files\/2017\/11\/20171020_100208-700x525.jpg 700w, https:\/\/blogsaverroes.juntadeandalucia.es\/eielreal\/files\/2017\/11\/20171020_100208-24x18.jpg 24w, https:\/\/blogsaverroes.juntadeandalucia.es\/eielreal\/files\/2017\/11\/20171020_100208-36x27.jpg 36w, https:\/\/blogsaverroes.juntadeandalucia.es\/eielreal\/files\/2017\/11\/20171020_100208-48x36.jpg 48w, https:\/\/blogsaverroes.juntadeandalucia.es\/eielreal\/files\/2017\/11\/20171020_100208.jpg 1600w\" sizes=\"(max-width: 300px) 100vw, 300px\" \/><\/a><\/p>\n<p>Trabajamos en nuestro equipo y en los rincones<\/p>\n<p><a href=\"https:\/\/blogsaverroes.juntadeandalucia.es\/eielreal\/files\/2017\/11\/20170913_100030.jpg\"><img loading=\"lazy\" decoding=\"async\" class=\"size-medium wp-image-12059 alignright\" src=\"https:\/\/blogsaverroes.juntadeandalucia.es\/eielreal\/files\/2017\/11\/20170913_100030-300x225.jpg\" alt=\"\" width=\"300\" height=\"225\" srcset=\"https:\/\/blogsaverroes.juntadeandalucia.es\/eielreal\/files\/2017\/11\/20170913_100030-300x225.jpg 300w, https:\/\/blogsaverroes.juntadeandalucia.es\/eielreal\/files\/2017\/11\/20170913_100030-768x576.jpg 768w, https:\/\/blogsaverroes.juntadeandalucia.es\/eielreal\/files\/2017\/11\/20170913_100030-1024x768.jpg 1024w, https:\/\/blogsaverroes.juntadeandalucia.es\/eielreal\/files\/2017\/11\/20170913_100030-700x525.jpg 700w, https:\/\/blogsaverroes.juntadeandalucia.es\/eielreal\/files\/2017\/11\/20170913_100030-24x18.jpg 24w, https:\/\/blogsaverroes.juntadeandalucia.es\/eielreal\/files\/2017\/11\/20170913_100030-36x27.jpg 36w, https:\/\/blogsaverroes.juntadeandalucia.es\/eielreal\/files\/2017\/11\/20170913_100030-48x36.jpg 48w, https:\/\/blogsaverroes.juntadeandalucia.es\/eielreal\/files\/2017\/11\/20170913_100030.jpg 1600w\" sizes=\"(max-width: 300px) 100vw, 300px\" \/><\/a><\/p>\n<p><a href=\"https:\/\/blogsaverroes.juntadeandalucia.es\/eielreal\/files\/2017\/11\/IMG-20171113-WA0007.jpg\"><img loading=\"lazy\" decoding=\"async\" class=\"size-medium wp-image-12062 alignnone\" src=\"https:\/\/blogsaverroes.juntadeandalucia.es\/eielreal\/files\/2017\/11\/IMG-20171113-WA0007-300x168.jpg\" alt=\"\" width=\"300\" height=\"168\" srcset=\"https:\/\/blogsaverroes.juntadeandalucia.es\/eielreal\/files\/2017\/11\/IMG-20171113-WA0007-300x168.jpg 300w, https:\/\/blogsaverroes.juntadeandalucia.es\/eielreal\/files\/2017\/11\/IMG-20171113-WA0007-768x431.jpg 768w, https:\/\/blogsaverroes.juntadeandalucia.es\/eielreal\/files\/2017\/11\/IMG-20171113-WA0007-1024x575.jpg 1024w, https:\/\/blogsaverroes.juntadeandalucia.es\/eielreal\/files\/2017\/11\/IMG-20171113-WA0007-700x393.jpg 700w, https:\/\/blogsaverroes.juntadeandalucia.es\/eielreal\/files\/2017\/11\/IMG-20171113-WA0007-24x13.jpg 24w, https:\/\/blogsaverroes.juntadeandalucia.es\/eielreal\/files\/2017\/11\/IMG-20171113-WA0007-36x20.jpg 36w, https:\/\/blogsaverroes.juntadeandalucia.es\/eielreal\/files\/2017\/11\/IMG-20171113-WA0007-48x27.jpg 48w, https:\/\/blogsaverroes.juntadeandalucia.es\/eielreal\/files\/2017\/11\/IMG-20171113-WA0007.jpg 1600w\" sizes=\"(max-width: 300px) 100vw, 300px\" \/><\/a><\/p>\n<p><a href=\"https:\/\/blogsaverroes.juntadeandalucia.es\/eielreal\/files\/2017\/11\/20170913_100035.jpg\"><img loading=\"lazy\" decoding=\"async\" class=\"size-medium wp-image-12050 alignright\" src=\"https:\/\/blogsaverroes.juntadeandalucia.es\/eielreal\/files\/2017\/11\/20170913_100035-300x225.jpg\" alt=\"\" width=\"300\" height=\"225\" srcset=\"https:\/\/blogsaverroes.juntadeandalucia.es\/eielreal\/files\/2017\/11\/20170913_100035-300x225.jpg 300w, https:\/\/blogsaverroes.juntadeandalucia.es\/eielreal\/files\/2017\/11\/20170913_100035-768x576.jpg 768w, https:\/\/blogsaverroes.juntadeandalucia.es\/eielreal\/files\/2017\/11\/20170913_100035-1024x768.jpg 1024w, https:\/\/blogsaverroes.juntadeandalucia.es\/eielreal\/files\/2017\/11\/20170913_100035-700x525.jpg 700w, https:\/\/blogsaverroes.juntadeandalucia.es\/eielreal\/files\/2017\/11\/20170913_100035-24x18.jpg 24w, https:\/\/blogsaverroes.juntadeandalucia.es\/eielreal\/files\/2017\/11\/20170913_100035-36x27.jpg 36w, https:\/\/blogsaverroes.juntadeandalucia.es\/eielreal\/files\/2017\/11\/20170913_100035-48x36.jpg 48w, https:\/\/blogsaverroes.juntadeandalucia.es\/eielreal\/files\/2017\/11\/20170913_100035.jpg 1600w\" sizes=\"(max-width: 300px) 100vw, 300px\" \/><\/a><\/p>\n<p>&nbsp;<\/p>\n<p><a href=\"https:\/\/blogsaverroes.juntadeandalucia.es\/eielreal\/files\/2017\/11\/20170913_100044.jpg\"><img loading=\"lazy\" decoding=\"async\" class=\"size-medium wp-image-12060 alignnone\" src=\"https:\/\/blogsaverroes.juntadeandalucia.es\/eielreal\/files\/2017\/11\/20170913_100044-300x225.jpg\" alt=\"\" width=\"300\" height=\"225\" srcset=\"https:\/\/blogsaverroes.juntadeandalucia.es\/eielreal\/files\/2017\/11\/20170913_100044-300x225.jpg 300w, https:\/\/blogsaverroes.juntadeandalucia.es\/eielreal\/files\/2017\/11\/20170913_100044-768x576.jpg 768w, https:\/\/blogsaverroes.juntadeandalucia.es\/eielreal\/files\/2017\/11\/20170913_100044-1024x768.jpg 1024w, https:\/\/blogsaverroes.juntadeandalucia.es\/eielreal\/files\/2017\/11\/20170913_100044-700x525.jpg 700w, https:\/\/blogsaverroes.juntadeandalucia.es\/eielreal\/files\/2017\/11\/20170913_100044-24x18.jpg 24w, https:\/\/blogsaverroes.juntadeandalucia.es\/eielreal\/files\/2017\/11\/20170913_100044-36x27.jpg 36w, https:\/\/blogsaverroes.juntadeandalucia.es\/eielreal\/files\/2017\/11\/20170913_100044-48x36.jpg 48w, https:\/\/blogsaverroes.juntadeandalucia.es\/eielreal\/files\/2017\/11\/20170913_100044.jpg 1600w\" sizes=\"(max-width: 300px) 100vw, 300px\" \/><\/a><\/p>\n<p>&nbsp;<\/p>\n<p>Realizamos sesiones de psicomotricidad y relajaci\u00f3n<\/p>\n<p><a href=\"https:\/\/blogsaverroes.juntadeandalucia.es\/eielreal\/files\/2017\/11\/IMG-20171113-WA0008.jpg\"><img loading=\"lazy\" decoding=\"async\" class=\"size-medium wp-image-12063\" src=\"https:\/\/blogsaverroes.juntadeandalucia.es\/eielreal\/files\/2017\/11\/IMG-20171113-WA0008-300x168.jpg\" alt=\"\" width=\"300\" height=\"168\" srcset=\"https:\/\/blogsaverroes.juntadeandalucia.es\/eielreal\/files\/2017\/11\/IMG-20171113-WA0008-300x168.jpg 300w, https:\/\/blogsaverroes.juntadeandalucia.es\/eielreal\/files\/2017\/11\/IMG-20171113-WA0008-768x431.jpg 768w, https:\/\/blogsaverroes.juntadeandalucia.es\/eielreal\/files\/2017\/11\/IMG-20171113-WA0008-1024x575.jpg 1024w, https:\/\/blogsaverroes.juntadeandalucia.es\/eielreal\/files\/2017\/11\/IMG-20171113-WA0008-700x393.jpg 700w, https:\/\/blogsaverroes.juntadeandalucia.es\/eielreal\/files\/2017\/11\/IMG-20171113-WA0008-24x13.jpg 24w, https:\/\/blogsaverroes.juntadeandalucia.es\/eielreal\/files\/2017\/11\/IMG-20171113-WA0008-36x20.jpg 36w, https:\/\/blogsaverroes.juntadeandalucia.es\/eielreal\/files\/2017\/11\/IMG-20171113-WA0008-48x27.jpg 48w, https:\/\/blogsaverroes.juntadeandalucia.es\/eielreal\/files\/2017\/11\/IMG-20171113-WA0008.jpg 1600w\" sizes=\"(max-width: 300px) 100vw, 300px\" \/><\/a><a href=\"https:\/\/blogsaverroes.juntadeandalucia.es\/eielreal\/files\/2017\/11\/IMG-20171113-WA0009.jpg\"><img loading=\"lazy\" decoding=\"async\" class=\"size-medium wp-image-12064 alignleft\" src=\"https:\/\/blogsaverroes.juntadeandalucia.es\/eielreal\/files\/2017\/11\/IMG-20171113-WA0009-300x168.jpg\" alt=\"\" width=\"300\" height=\"168\" srcset=\"https:\/\/blogsaverroes.juntadeandalucia.es\/eielreal\/files\/2017\/11\/IMG-20171113-WA0009-300x168.jpg 300w, https:\/\/blogsaverroes.juntadeandalucia.es\/eielreal\/files\/2017\/11\/IMG-20171113-WA0009-768x431.jpg 768w, https:\/\/blogsaverroes.juntadeandalucia.es\/eielreal\/files\/2017\/11\/IMG-20171113-WA0009-1024x575.jpg 1024w, https:\/\/blogsaverroes.juntadeandalucia.es\/eielreal\/files\/2017\/11\/IMG-20171113-WA0009-700x393.jpg 700w, https:\/\/blogsaverroes.juntadeandalucia.es\/eielreal\/files\/2017\/11\/IMG-20171113-WA0009-24x13.jpg 24w, https:\/\/blogsaverroes.juntadeandalucia.es\/eielreal\/files\/2017\/11\/IMG-20171113-WA0009-36x20.jpg 36w, https:\/\/blogsaverroes.juntadeandalucia.es\/eielreal\/files\/2017\/11\/IMG-20171113-WA0009-48x27.jpg 48w, https:\/\/blogsaverroes.juntadeandalucia.es\/eielreal\/files\/2017\/11\/IMG-20171113-WA0009.jpg 1600w\" sizes=\"(max-width: 300px) 100vw, 300px\" \/><\/a><\/p>\n<p>&nbsp;<\/p>\n<p>Salimos al patio en orden&#8230;<\/p>\n<p><a href=\"https:\/\/blogsaverroes.juntadeandalucia.es\/eielreal\/files\/2017\/11\/20170913_102601.jpg\"><img loading=\"lazy\" decoding=\"async\" class=\"alignright size-medium wp-image-12052\" src=\"https:\/\/blogsaverroes.juntadeandalucia.es\/eielreal\/files\/2017\/11\/20170913_102601-300x225.jpg\" alt=\"\" width=\"300\" height=\"225\" srcset=\"https:\/\/blogsaverroes.juntadeandalucia.es\/eielreal\/files\/2017\/11\/20170913_102601-300x225.jpg 300w, https:\/\/blogsaverroes.juntadeandalucia.es\/eielreal\/files\/2017\/11\/20170913_102601-768x576.jpg 768w, https:\/\/blogsaverroes.juntadeandalucia.es\/eielreal\/files\/2017\/11\/20170913_102601-1024x768.jpg 1024w, https:\/\/blogsaverroes.juntadeandalucia.es\/eielreal\/files\/2017\/11\/20170913_102601-700x525.jpg 700w, https:\/\/blogsaverroes.juntadeandalucia.es\/eielreal\/files\/2017\/11\/20170913_102601-24x18.jpg 24w, https:\/\/blogsaverroes.juntadeandalucia.es\/eielreal\/files\/2017\/11\/20170913_102601-36x27.jpg 36w, https:\/\/blogsaverroes.juntadeandalucia.es\/eielreal\/files\/2017\/11\/20170913_102601-48x36.jpg 48w, https:\/\/blogsaverroes.juntadeandalucia.es\/eielreal\/files\/2017\/11\/20170913_102601.jpg 1600w\" sizes=\"(max-width: 300px) 100vw, 300px\" \/><\/a><a href=\"https:\/\/blogsaverroes.juntadeandalucia.es\/eielreal\/files\/2017\/11\/20170913_101121.jpg\"><img loading=\"lazy\" decoding=\"async\" class=\"size-medium wp-image-12061 alignnone\" src=\"https:\/\/blogsaverroes.juntadeandalucia.es\/eielreal\/files\/2017\/11\/20170913_101121-300x225.jpg\" alt=\"\" width=\"300\" height=\"225\" srcset=\"https:\/\/blogsaverroes.juntadeandalucia.es\/eielreal\/files\/2017\/11\/20170913_101121-300x225.jpg 300w, https:\/\/blogsaverroes.juntadeandalucia.es\/eielreal\/files\/2017\/11\/20170913_101121-768x576.jpg 768w, https:\/\/blogsaverroes.juntadeandalucia.es\/eielreal\/files\/2017\/11\/20170913_101121-1024x768.jpg 1024w, https:\/\/blogsaverroes.juntadeandalucia.es\/eielreal\/files\/2017\/11\/20170913_101121-700x525.jpg 700w, https:\/\/blogsaverroes.juntadeandalucia.es\/eielreal\/files\/2017\/11\/20170913_101121-24x18.jpg 24w, https:\/\/blogsaverroes.juntadeandalucia.es\/eielreal\/files\/2017\/11\/20170913_101121-36x27.jpg 36w, https:\/\/blogsaverroes.juntadeandalucia.es\/eielreal\/files\/2017\/11\/20170913_101121-48x36.jpg 48w, https:\/\/blogsaverroes.juntadeandalucia.es\/eielreal\/files\/2017\/11\/20170913_101121.jpg 1600w\" sizes=\"(max-width: 300px) 100vw, 300px\" \/><\/a><\/p>\n<p>&nbsp;<\/p>\n<p>Actividades pl\u00e1sticas, murales,&#8230;<a href=\"https:\/\/blogsaverroes.juntadeandalucia.es\/eielreal\/files\/2017\/11\/20171025_124415.jpg\"><img loading=\"lazy\" decoding=\"async\" class=\"size-medium wp-image-12067 alignright\" src=\"https:\/\/blogsaverroes.juntadeandalucia.es\/eielreal\/files\/2017\/11\/20171025_124415-300x225.jpg\" alt=\"\" width=\"300\" height=\"225\" srcset=\"https:\/\/blogsaverroes.juntadeandalucia.es\/eielreal\/files\/2017\/11\/20171025_124415-300x225.jpg 300w, https:\/\/blogsaverroes.juntadeandalucia.es\/eielreal\/files\/2017\/11\/20171025_124415-768x576.jpg 768w, https:\/\/blogsaverroes.juntadeandalucia.es\/eielreal\/files\/2017\/11\/20171025_124415-1024x768.jpg 1024w, https:\/\/blogsaverroes.juntadeandalucia.es\/eielreal\/files\/2017\/11\/20171025_124415-700x525.jpg 700w, https:\/\/blogsaverroes.juntadeandalucia.es\/eielreal\/files\/2017\/11\/20171025_124415-24x18.jpg 24w, https:\/\/blogsaverroes.juntadeandalucia.es\/eielreal\/files\/2017\/11\/20171025_124415-36x27.jpg 36w, https:\/\/blogsaverroes.juntadeandalucia.es\/eielreal\/files\/2017\/11\/20171025_124415-48x36.jpg 48w, https:\/\/blogsaverroes.juntadeandalucia.es\/eielreal\/files\/2017\/11\/20171025_124415.jpg 1600w\" sizes=\"(max-width: 300px) 100vw, 300px\" \/><\/a><\/p>\n<p><a href=\"https:\/\/blogsaverroes.juntadeandalucia.es\/eielreal\/files\/2017\/11\/20171115_103026.jpg\"><img loading=\"lazy\" decoding=\"async\" class=\"size-medium wp-image-12066 alignnone\" src=\"https:\/\/blogsaverroes.juntadeandalucia.es\/eielreal\/files\/2017\/11\/20171115_103026-300x225.jpg\" alt=\"\" width=\"300\" height=\"225\" srcset=\"https:\/\/blogsaverroes.juntadeandalucia.es\/eielreal\/files\/2017\/11\/20171115_103026-300x225.jpg 300w, https:\/\/blogsaverroes.juntadeandalucia.es\/eielreal\/files\/2017\/11\/20171115_103026-768x576.jpg 768w, https:\/\/blogsaverroes.juntadeandalucia.es\/eielreal\/files\/2017\/11\/20171115_103026-1024x768.jpg 1024w, https:\/\/blogsaverroes.juntadeandalucia.es\/eielreal\/files\/2017\/11\/20171115_103026-700x525.jpg 700w, https:\/\/blogsaverroes.juntadeandalucia.es\/eielreal\/files\/2017\/11\/20171115_103026-24x18.jpg 24w, https:\/\/blogsaverroes.juntadeandalucia.es\/eielreal\/files\/2017\/11\/20171115_103026-36x27.jpg 36w, https:\/\/blogsaverroes.juntadeandalucia.es\/eielreal\/files\/2017\/11\/20171115_103026-48x36.jpg 48w, https:\/\/blogsaverroes.juntadeandalucia.es\/eielreal\/files\/2017\/11\/20171115_103026.jpg 1600w\" sizes=\"(max-width: 300px) 100vw, 300px\" \/><\/a><\/p>\n<p><a href=\"https:\/\/blogsaverroes.juntadeandalucia.es\/eielreal\/files\/2017\/11\/20171009_131346.jpg\"><img loading=\"lazy\" decoding=\"async\" class=\"size-medium wp-image-12068 alignright\" src=\"https:\/\/blogsaverroes.juntadeandalucia.es\/eielreal\/files\/2017\/11\/20171009_131346-300x225.jpg\" alt=\"\" width=\"300\" height=\"225\" srcset=\"https:\/\/blogsaverroes.juntadeandalucia.es\/eielreal\/files\/2017\/11\/20171009_131346-300x225.jpg 300w, https:\/\/blogsaverroes.juntadeandalucia.es\/eielreal\/files\/2017\/11\/20171009_131346-768x576.jpg 768w, https:\/\/blogsaverroes.juntadeandalucia.es\/eielreal\/files\/2017\/11\/20171009_131346-1024x768.jpg 1024w, https:\/\/blogsaverroes.juntadeandalucia.es\/eielreal\/files\/2017\/11\/20171009_131346-700x525.jpg 700w, https:\/\/blogsaverroes.juntadeandalucia.es\/eielreal\/files\/2017\/11\/20171009_131346-24x18.jpg 24w, https:\/\/blogsaverroes.juntadeandalucia.es\/eielreal\/files\/2017\/11\/20171009_131346-36x27.jpg 36w, https:\/\/blogsaverroes.juntadeandalucia.es\/eielreal\/files\/2017\/11\/20171009_131346-48x36.jpg 48w, https:\/\/blogsaverroes.juntadeandalucia.es\/eielreal\/files\/2017\/11\/20171009_131346.jpg 1600w\" sizes=\"(max-width: 300px) 100vw, 300px\" \/><\/a><\/p>\n<p>&nbsp;<\/p>\n<p>&nbsp;<\/p>\n<p>&nbsp;<\/p>\n<p><a href=\"https:\/\/blogsaverroes.juntadeandalucia.es\/eielreal\/files\/2017\/11\/20170915_102744.jpg\"><img loading=\"lazy\" decoding=\"async\" class=\"size-medium wp-image-12053 alignnone\" src=\"https:\/\/blogsaverroes.juntadeandalucia.es\/eielreal\/files\/2017\/11\/20170915_102744-300x225.jpg\" alt=\"\" width=\"300\" height=\"225\" srcset=\"https:\/\/blogsaverroes.juntadeandalucia.es\/eielreal\/files\/2017\/11\/20170915_102744-300x225.jpg 300w, https:\/\/blogsaverroes.juntadeandalucia.es\/eielreal\/files\/2017\/11\/20170915_102744-768x576.jpg 768w, https:\/\/blogsaverroes.juntadeandalucia.es\/eielreal\/files\/2017\/11\/20170915_102744-1024x768.jpg 1024w, https:\/\/blogsaverroes.juntadeandalucia.es\/eielreal\/files\/2017\/11\/20170915_102744-700x525.jpg 700w, https:\/\/blogsaverroes.juntadeandalucia.es\/eielreal\/files\/2017\/11\/20170915_102744-24x18.jpg 24w, https:\/\/blogsaverroes.juntadeandalucia.es\/eielreal\/files\/2017\/11\/20170915_102744-36x27.jpg 36w, https:\/\/blogsaverroes.juntadeandalucia.es\/eielreal\/files\/2017\/11\/20170915_102744-48x36.jpg 48w, https:\/\/blogsaverroes.juntadeandalucia.es\/eielreal\/files\/2017\/11\/20170915_102744.jpg 1600w\" sizes=\"(max-width: 300px) 100vw, 300px\" \/><\/a><\/p>\n<p>&nbsp;<\/p>\n<p>Y TODO \u00c9STO SOLO HA HECHO EMPEZAR&#8230;.<\/p>\n<p>ROSARIO<\/p>\n<p>&nbsp;<\/p>\n<p>&nbsp;<\/p>\n","protected":false},"excerpt":{"rendered":"<p>Despu\u00e9s de dos meses, del inicio de curso, nuestras abejitas est\u00e1n ya en el cole como en su propia colmena&#8230; A continuaci\u00f3n os mostramos c\u00f3mo es nuestro d\u00eda a d\u00eda en el cole: Al&#46;&#46;&#46;<\/p>\n","protected":false},"author":3183,"featured_media":12070,"comment_status":"open","ping_status":"open","sticky":false,"template":"","format":"standard","meta":{"ngg_post_thumbnail":0,"footnotes":""},"categories":[827277],"tags":[],"aioseo_notices":[],"_links":{"self":[{"href":"https:\/\/blogsaverroes.juntadeandalucia.es\/eielreal\/wp-json\/wp\/v2\/posts\/12045"}],"collection":[{"href":"https:\/\/blogsaverroes.juntadeandalucia.es\/eielreal\/wp-json\/wp\/v2\/posts"}],"about":[{"href":"https:\/\/blogsaverroes.juntadeandalucia.es\/eielreal\/wp-json\/wp\/v2\/types\/post"}],"author":[{"embeddable":true,"href":"https:\/\/blogsaverroes.juntadeandalucia.es\/eielreal\/wp-json\/wp\/v2\/users\/3183"}],"replies":[{"embeddable":true,"href":"https:\/\/blogsaverroes.juntadeandalucia.es\/eielreal\/wp-json\/wp\/v2\/comments?post=12045"}],"version-history":[{"count":4,"href":"https:\/\/blogsaverroes.juntadeandalucia.es\/eielreal\/wp-json\/wp\/v2\/posts\/12045\/revisions"}],"predecessor-version":[{"id":12072,"href":"https:\/\/blogsaverroes.juntadeandalucia.es\/eielreal\/wp-json\/wp\/v2\/posts\/12045\/revisions\/12072"}],"wp:featuredmedia":[{"embeddable":true,"href":"https:\/\/blogsaverroes.juntadeandalucia.es\/eielreal\/wp-json\/wp\/v2\/media\/12070"}],"wp:attachment":[{"href":"https:\/\/blogsaverroes.juntadeandalucia.es\/eielreal\/wp-json\/wp\/v2\/media?parent=12045"}],"wp:term":[{"taxonomy":"category","embeddable":true,"href":"https:\/\/blogsaverroes.juntadeandalucia.es\/eielreal\/wp-json\/wp\/v2\/categories?post=12045"},{"taxonomy":"post_tag","embeddable":true,"href":"https:\/\/blogsaverroes.juntadeandalucia.es\/eielreal\/wp-json\/wp\/v2\/tags?post=12045"}],"curies":[{"name":"wp","href":"https:\/\/api.w.org\/{rel}","templated":true}]}}