{"id":12339,"date":"2017-11-25T21:22:03","date_gmt":"2017-11-25T21:22:03","guid":{"rendered":"http:\/\/blogsaverroes.juntadeandalucia.es\/eielreal\/?p=12339"},"modified":"2017-12-02T22:51:41","modified_gmt":"2017-12-02T22:51:41","slug":"25-de-noviembre","status":"publish","type":"post","link":"https:\/\/blogsaverroes.juntadeandalucia.es\/eielreal\/25-de-noviembre\/","title":{"rendered":"25 DE NOVIEMBRE"},"content":{"rendered":"<h4><strong>El 25 de Noviembre es el D\u00eda Internacional de la eliminaci\u00f3n de la violencia contra la mujer. <\/strong>Nuestro Centro, se ha unido a su celebraci\u00f3n, y, como parte del Programa \u00bb Igualdad entre hombres y mujeres\u00bb &nbsp;(Coeducaci\u00f3n), y a propuesta de &nbsp;nuestra coordinadora, la se\u00f1o M\u00aa Rosario, &nbsp;se han llevado a cabo una serie de actividades que quedan plasmadas en el siguiente v\u00eddeo.<\/h4>\n[youtube https:\/\/www.youtube.com\/watch?v=zH2u4hp1NdQ]\n<p>&nbsp;<\/p>\n<h3><a href=\"https:\/\/blogsaverroes.juntadeandalucia.es\/eielreal\/files\/2017\/11\/20171115_093745.jpg\"><img loading=\"lazy\" decoding=\"async\" class=\"alignnone size-medium wp-image-12357\" src=\"https:\/\/blogsaverroes.juntadeandalucia.es\/eielreal\/files\/2017\/11\/20171115_093745-300x169.jpg\" alt=\"\" width=\"300\" height=\"169\" srcset=\"https:\/\/blogsaverroes.juntadeandalucia.es\/eielreal\/files\/2017\/11\/20171115_093745-300x169.jpg 300w, https:\/\/blogsaverroes.juntadeandalucia.es\/eielreal\/files\/2017\/11\/20171115_093745-768x432.jpg 768w, https:\/\/blogsaverroes.juntadeandalucia.es\/eielreal\/files\/2017\/11\/20171115_093745-1024x576.jpg 1024w, https:\/\/blogsaverroes.juntadeandalucia.es\/eielreal\/files\/2017\/11\/20171115_093745-700x393.jpg 700w, https:\/\/blogsaverroes.juntadeandalucia.es\/eielreal\/files\/2017\/11\/20171115_093745-24x14.jpg 24w, https:\/\/blogsaverroes.juntadeandalucia.es\/eielreal\/files\/2017\/11\/20171115_093745-36x20.jpg 36w, https:\/\/blogsaverroes.juntadeandalucia.es\/eielreal\/files\/2017\/11\/20171115_093745-48x27.jpg 48w, https:\/\/blogsaverroes.juntadeandalucia.es\/eielreal\/files\/2017\/11\/20171115_093745.jpg 1600w\" sizes=\"(max-width: 300px) 100vw, 300px\" \/><\/a> <a href=\"https:\/\/blogsaverroes.juntadeandalucia.es\/eielreal\/files\/2017\/11\/20171115_093616.jpg\"><img loading=\"lazy\" decoding=\"async\" class=\"alignnone size-medium wp-image-12355\" src=\"https:\/\/blogsaverroes.juntadeandalucia.es\/eielreal\/files\/2017\/11\/20171115_093616-300x169.jpg\" alt=\"\" width=\"300\" height=\"169\" srcset=\"https:\/\/blogsaverroes.juntadeandalucia.es\/eielreal\/files\/2017\/11\/20171115_093616-300x169.jpg 300w, https:\/\/blogsaverroes.juntadeandalucia.es\/eielreal\/files\/2017\/11\/20171115_093616-768x432.jpg 768w, https:\/\/blogsaverroes.juntadeandalucia.es\/eielreal\/files\/2017\/11\/20171115_093616-1024x576.jpg 1024w, https:\/\/blogsaverroes.juntadeandalucia.es\/eielreal\/files\/2017\/11\/20171115_093616-700x393.jpg 700w, https:\/\/blogsaverroes.juntadeandalucia.es\/eielreal\/files\/2017\/11\/20171115_093616-24x14.jpg 24w, https:\/\/blogsaverroes.juntadeandalucia.es\/eielreal\/files\/2017\/11\/20171115_093616-36x20.jpg 36w, https:\/\/blogsaverroes.juntadeandalucia.es\/eielreal\/files\/2017\/11\/20171115_093616-48x27.jpg 48w, https:\/\/blogsaverroes.juntadeandalucia.es\/eielreal\/files\/2017\/11\/20171115_093616.jpg 1600w\" sizes=\"(max-width: 300px) 100vw, 300px\" \/><\/a> <a href=\"https:\/\/blogsaverroes.juntadeandalucia.es\/eielreal\/files\/2017\/11\/IMG-20171123-WA0070.jpg\"><img loading=\"lazy\" decoding=\"async\" class=\"alignnone size-medium wp-image-12352\" src=\"https:\/\/blogsaverroes.juntadeandalucia.es\/eielreal\/files\/2017\/11\/IMG-20171123-WA0070-300x180.jpg\" alt=\"\" width=\"300\" height=\"180\" srcset=\"https:\/\/blogsaverroes.juntadeandalucia.es\/eielreal\/files\/2017\/11\/IMG-20171123-WA0070-300x180.jpg 300w, https:\/\/blogsaverroes.juntadeandalucia.es\/eielreal\/files\/2017\/11\/IMG-20171123-WA0070-768x461.jpg 768w, https:\/\/blogsaverroes.juntadeandalucia.es\/eielreal\/files\/2017\/11\/IMG-20171123-WA0070-1024x614.jpg 1024w, https:\/\/blogsaverroes.juntadeandalucia.es\/eielreal\/files\/2017\/11\/IMG-20171123-WA0070-700x420.jpg 700w, https:\/\/blogsaverroes.juntadeandalucia.es\/eielreal\/files\/2017\/11\/IMG-20171123-WA0070-24x14.jpg 24w, https:\/\/blogsaverroes.juntadeandalucia.es\/eielreal\/files\/2017\/11\/IMG-20171123-WA0070-36x22.jpg 36w, https:\/\/blogsaverroes.juntadeandalucia.es\/eielreal\/files\/2017\/11\/IMG-20171123-WA0070-48x29.jpg 48w, https:\/\/blogsaverroes.juntadeandalucia.es\/eielreal\/files\/2017\/11\/IMG-20171123-WA0070.jpg 1600w\" sizes=\"(max-width: 300px) 100vw, 300px\" \/><\/a> <a href=\"https:\/\/blogsaverroes.juntadeandalucia.es\/eielreal\/files\/2017\/11\/IMG-20171123-WA0067.jpg\"><img loading=\"lazy\" decoding=\"async\" class=\"alignnone size-medium wp-image-12351\" src=\"https:\/\/blogsaverroes.juntadeandalucia.es\/eielreal\/files\/2017\/11\/IMG-20171123-WA0067-300x180.jpg\" alt=\"\" width=\"300\" height=\"180\" srcset=\"https:\/\/blogsaverroes.juntadeandalucia.es\/eielreal\/files\/2017\/11\/IMG-20171123-WA0067-300x180.jpg 300w, https:\/\/blogsaverroes.juntadeandalucia.es\/eielreal\/files\/2017\/11\/IMG-20171123-WA0067-768x461.jpg 768w, https:\/\/blogsaverroes.juntadeandalucia.es\/eielreal\/files\/2017\/11\/IMG-20171123-WA0067-1024x614.jpg 1024w, https:\/\/blogsaverroes.juntadeandalucia.es\/eielreal\/files\/2017\/11\/IMG-20171123-WA0067-700x420.jpg 700w, https:\/\/blogsaverroes.juntadeandalucia.es\/eielreal\/files\/2017\/11\/IMG-20171123-WA0067-24x14.jpg 24w, https:\/\/blogsaverroes.juntadeandalucia.es\/eielreal\/files\/2017\/11\/IMG-20171123-WA0067-36x22.jpg 36w, https:\/\/blogsaverroes.juntadeandalucia.es\/eielreal\/files\/2017\/11\/IMG-20171123-WA0067-48x29.jpg 48w, https:\/\/blogsaverroes.juntadeandalucia.es\/eielreal\/files\/2017\/11\/IMG-20171123-WA0067.jpg 1600w\" sizes=\"(max-width: 300px) 100vw, 300px\" \/><\/a> <a href=\"https:\/\/blogsaverroes.juntadeandalucia.es\/eielreal\/files\/2017\/11\/IMG-20171123-WA0064.jpg\"><img loading=\"lazy\" decoding=\"async\" class=\"alignnone size-medium wp-image-12349\" src=\"https:\/\/blogsaverroes.juntadeandalucia.es\/eielreal\/files\/2017\/11\/IMG-20171123-WA0064-300x225.jpg\" alt=\"\" width=\"300\" height=\"225\" srcset=\"https:\/\/blogsaverroes.juntadeandalucia.es\/eielreal\/files\/2017\/11\/IMG-20171123-WA0064-300x225.jpg 300w, https:\/\/blogsaverroes.juntadeandalucia.es\/eielreal\/files\/2017\/11\/IMG-20171123-WA0064-768x576.jpg 768w, https:\/\/blogsaverroes.juntadeandalucia.es\/eielreal\/files\/2017\/11\/IMG-20171123-WA0064-1024x768.jpg 1024w, https:\/\/blogsaverroes.juntadeandalucia.es\/eielreal\/files\/2017\/11\/IMG-20171123-WA0064-700x525.jpg 700w, https:\/\/blogsaverroes.juntadeandalucia.es\/eielreal\/files\/2017\/11\/IMG-20171123-WA0064-24x18.jpg 24w, https:\/\/blogsaverroes.juntadeandalucia.es\/eielreal\/files\/2017\/11\/IMG-20171123-WA0064-36x27.jpg 36w, https:\/\/blogsaverroes.juntadeandalucia.es\/eielreal\/files\/2017\/11\/IMG-20171123-WA0064-48x36.jpg 48w, https:\/\/blogsaverroes.juntadeandalucia.es\/eielreal\/files\/2017\/11\/IMG-20171123-WA0064.jpg 1600w\" sizes=\"(max-width: 300px) 100vw, 300px\" \/><\/a> <a href=\"https:\/\/blogsaverroes.juntadeandalucia.es\/eielreal\/files\/2017\/11\/IMG-20171123-WA0063.jpg\"><img loading=\"lazy\" decoding=\"async\" class=\"alignnone size-medium wp-image-12348\" src=\"https:\/\/blogsaverroes.juntadeandalucia.es\/eielreal\/files\/2017\/11\/IMG-20171123-WA0063-300x225.jpg\" alt=\"\" width=\"300\" height=\"225\" srcset=\"https:\/\/blogsaverroes.juntadeandalucia.es\/eielreal\/files\/2017\/11\/IMG-20171123-WA0063-300x225.jpg 300w, https:\/\/blogsaverroes.juntadeandalucia.es\/eielreal\/files\/2017\/11\/IMG-20171123-WA0063-768x576.jpg 768w, https:\/\/blogsaverroes.juntadeandalucia.es\/eielreal\/files\/2017\/11\/IMG-20171123-WA0063-1024x768.jpg 1024w, https:\/\/blogsaverroes.juntadeandalucia.es\/eielreal\/files\/2017\/11\/IMG-20171123-WA0063-700x525.jpg 700w, https:\/\/blogsaverroes.juntadeandalucia.es\/eielreal\/files\/2017\/11\/IMG-20171123-WA0063-24x18.jpg 24w, https:\/\/blogsaverroes.juntadeandalucia.es\/eielreal\/files\/2017\/11\/IMG-20171123-WA0063-36x27.jpg 36w, https:\/\/blogsaverroes.juntadeandalucia.es\/eielreal\/files\/2017\/11\/IMG-20171123-WA0063-48x36.jpg 48w, https:\/\/blogsaverroes.juntadeandalucia.es\/eielreal\/files\/2017\/11\/IMG-20171123-WA0063.jpg 1600w\" sizes=\"(max-width: 300px) 100vw, 300px\" \/><\/a> <a href=\"https:\/\/blogsaverroes.juntadeandalucia.es\/eielreal\/files\/2017\/11\/IMG-20171115-WA0009.jpg\"><img loading=\"lazy\" decoding=\"async\" class=\"alignnone size-medium wp-image-12347\" src=\"https:\/\/blogsaverroes.juntadeandalucia.es\/eielreal\/files\/2017\/11\/IMG-20171115-WA0009-300x169.jpg\" alt=\"\" width=\"300\" height=\"169\" srcset=\"https:\/\/blogsaverroes.juntadeandalucia.es\/eielreal\/files\/2017\/11\/IMG-20171115-WA0009-300x169.jpg 300w, https:\/\/blogsaverroes.juntadeandalucia.es\/eielreal\/files\/2017\/11\/IMG-20171115-WA0009-768x432.jpg 768w, https:\/\/blogsaverroes.juntadeandalucia.es\/eielreal\/files\/2017\/11\/IMG-20171115-WA0009-1024x576.jpg 1024w, https:\/\/blogsaverroes.juntadeandalucia.es\/eielreal\/files\/2017\/11\/IMG-20171115-WA0009-700x393.jpg 700w, https:\/\/blogsaverroes.juntadeandalucia.es\/eielreal\/files\/2017\/11\/IMG-20171115-WA0009-24x14.jpg 24w, https:\/\/blogsaverroes.juntadeandalucia.es\/eielreal\/files\/2017\/11\/IMG-20171115-WA0009-36x20.jpg 36w, https:\/\/blogsaverroes.juntadeandalucia.es\/eielreal\/files\/2017\/11\/IMG-20171115-WA0009-48x27.jpg 48w, https:\/\/blogsaverroes.juntadeandalucia.es\/eielreal\/files\/2017\/11\/IMG-20171115-WA0009.jpg 1328w\" sizes=\"(max-width: 300px) 100vw, 300px\" \/><\/a> <a href=\"https:\/\/blogsaverroes.juntadeandalucia.es\/eielreal\/files\/2017\/11\/IMG-20171115-WA0006.jpg\"><img loading=\"lazy\" decoding=\"async\" class=\"alignnone size-medium wp-image-12346\" src=\"https:\/\/blogsaverroes.juntadeandalucia.es\/eielreal\/files\/2017\/11\/IMG-20171115-WA0006-300x169.jpg\" alt=\"\" width=\"300\" height=\"169\" srcset=\"https:\/\/blogsaverroes.juntadeandalucia.es\/eielreal\/files\/2017\/11\/IMG-20171115-WA0006-300x169.jpg 300w, https:\/\/blogsaverroes.juntadeandalucia.es\/eielreal\/files\/2017\/11\/IMG-20171115-WA0006-768x432.jpg 768w, https:\/\/blogsaverroes.juntadeandalucia.es\/eielreal\/files\/2017\/11\/IMG-20171115-WA0006-1024x576.jpg 1024w, https:\/\/blogsaverroes.juntadeandalucia.es\/eielreal\/files\/2017\/11\/IMG-20171115-WA0006-700x393.jpg 700w, https:\/\/blogsaverroes.juntadeandalucia.es\/eielreal\/files\/2017\/11\/IMG-20171115-WA0006-24x14.jpg 24w, https:\/\/blogsaverroes.juntadeandalucia.es\/eielreal\/files\/2017\/11\/IMG-20171115-WA0006-36x20.jpg 36w, https:\/\/blogsaverroes.juntadeandalucia.es\/eielreal\/files\/2017\/11\/IMG-20171115-WA0006-48x27.jpg 48w, https:\/\/blogsaverroes.juntadeandalucia.es\/eielreal\/files\/2017\/11\/IMG-20171115-WA0006.jpg 1328w\" sizes=\"(max-width: 300px) 100vw, 300px\" \/><\/a><\/h3>\n<p><a href=\"https:\/\/blogsaverroes.juntadeandalucia.es\/eielreal\/files\/2017\/11\/IMG-20171123-WA0065.jpg\"><img loading=\"lazy\" decoding=\"async\" class=\"alignnone size-medium wp-image-12350\" src=\"https:\/\/blogsaverroes.juntadeandalucia.es\/eielreal\/files\/2017\/11\/IMG-20171123-WA0065-300x225.jpg\" alt=\"\" width=\"300\" height=\"225\" srcset=\"https:\/\/blogsaverroes.juntadeandalucia.es\/eielreal\/files\/2017\/11\/IMG-20171123-WA0065-300x225.jpg 300w, https:\/\/blogsaverroes.juntadeandalucia.es\/eielreal\/files\/2017\/11\/IMG-20171123-WA0065-768x576.jpg 768w, https:\/\/blogsaverroes.juntadeandalucia.es\/eielreal\/files\/2017\/11\/IMG-20171123-WA0065-1024x768.jpg 1024w, https:\/\/blogsaverroes.juntadeandalucia.es\/eielreal\/files\/2017\/11\/IMG-20171123-WA0065-700x525.jpg 700w, https:\/\/blogsaverroes.juntadeandalucia.es\/eielreal\/files\/2017\/11\/IMG-20171123-WA0065-24x18.jpg 24w, https:\/\/blogsaverroes.juntadeandalucia.es\/eielreal\/files\/2017\/11\/IMG-20171123-WA0065-36x27.jpg 36w, https:\/\/blogsaverroes.juntadeandalucia.es\/eielreal\/files\/2017\/11\/IMG-20171123-WA0065-48x36.jpg 48w, https:\/\/blogsaverroes.juntadeandalucia.es\/eielreal\/files\/2017\/11\/IMG-20171123-WA0065.jpg 1600w\" sizes=\"(max-width: 300px) 100vw, 300px\" \/><\/a><\/p>\n<h3>Magdalena Aguilar<\/h3>\n","protected":false},"excerpt":{"rendered":"<p>El 25 de Noviembre es el D\u00eda Internacional de la eliminaci\u00f3n de la violencia contra la mujer. Nuestro Centro, se ha unido a su celebraci\u00f3n, y, como parte del Programa \u00bb Igualdad entre hombres&#46;&#46;&#46;<\/p>\n","protected":false},"author":1886,"featured_media":12343,"comment_status":"open","ping_status":"open","sticky":false,"template":"","format":"standard","meta":{"ngg_post_thumbnail":0,"footnotes":""},"categories":[5991,611328,1740711],"tags":[],"aioseo_notices":[],"_links":{"self":[{"href":"https:\/\/blogsaverroes.juntadeandalucia.es\/eielreal\/wp-json\/wp\/v2\/posts\/12339"}],"collection":[{"href":"https:\/\/blogsaverroes.juntadeandalucia.es\/eielreal\/wp-json\/wp\/v2\/posts"}],"about":[{"href":"https:\/\/blogsaverroes.juntadeandalucia.es\/eielreal\/wp-json\/wp\/v2\/types\/post"}],"author":[{"embeddable":true,"href":"https:\/\/blogsaverroes.juntadeandalucia.es\/eielreal\/wp-json\/wp\/v2\/users\/1886"}],"replies":[{"embeddable":true,"href":"https:\/\/blogsaverroes.juntadeandalucia.es\/eielreal\/wp-json\/wp\/v2\/comments?post=12339"}],"version-history":[{"count":6,"href":"https:\/\/blogsaverroes.juntadeandalucia.es\/eielreal\/wp-json\/wp\/v2\/posts\/12339\/revisions"}],"predecessor-version":[{"id":12393,"href":"https:\/\/blogsaverroes.juntadeandalucia.es\/eielreal\/wp-json\/wp\/v2\/posts\/12339\/revisions\/12393"}],"wp:featuredmedia":[{"embeddable":true,"href":"https:\/\/blogsaverroes.juntadeandalucia.es\/eielreal\/wp-json\/wp\/v2\/media\/12343"}],"wp:attachment":[{"href":"https:\/\/blogsaverroes.juntadeandalucia.es\/eielreal\/wp-json\/wp\/v2\/media?parent=12339"}],"wp:term":[{"taxonomy":"category","embeddable":true,"href":"https:\/\/blogsaverroes.juntadeandalucia.es\/eielreal\/wp-json\/wp\/v2\/categories?post=12339"},{"taxonomy":"post_tag","embeddable":true,"href":"https:\/\/blogsaverroes.juntadeandalucia.es\/eielreal\/wp-json\/wp\/v2\/tags?post=12339"}],"curies":[{"name":"wp","href":"https:\/\/api.w.org\/{rel}","templated":true}]}}