{"id":13711,"date":"2018-02-27T17:06:42","date_gmt":"2018-02-27T17:06:42","guid":{"rendered":"http:\/\/blogsaverroes.juntadeandalucia.es\/eielreal\/?p=13711"},"modified":"2018-03-04T20:11:10","modified_gmt":"2018-03-04T20:11:10","slug":"nos-divertimos-en-psicomotricidad-aula-4-a","status":"publish","type":"post","link":"https:\/\/blogsaverroes.juntadeandalucia.es\/eielreal\/nos-divertimos-en-psicomotricidad-aula-4-a\/","title":{"rendered":"\u00a1\u00a1 Nos divertimos en PSICOMOTRICIDAD !!   4  A\u00d1OS A"},"content":{"rendered":"<p>Como viene siendo habitual, todos los martes, despu\u00e9s del recreo, realizamos nuestra sesi\u00f3n de psicomotricidad, tanto dentro del aula de psicomotricidad como fuera de ella, en el patio.<\/p>\n<p>Procuramos llevarla a cabo de la mejor manera posible ya que somos conscientes, de los beneficios, que la psicomotricidad aporta a los ni\u00f1os\/as de estas edades :<\/p>\n<ul>\n<li>les ayuda a tomar conciencia del propio cuerpo parado o en movimiento<\/li>\n<li>a dominar progresivamente el equilibrio<\/li>\n<li>a controlar la coordinaci\u00f3n motora<\/li>\n<li>a desarrollar el ritmo<\/li>\n<li>a organizarse en el espacio y en el tiempo<\/li>\n<li>a superar situaciones de conflicto<\/li>\n<li>a relacionarse con los dem\u00e1s&#8230;<\/li>\n<\/ul>\n<p>Y por supuesto supone una diversi\u00f3n segura.<\/p>\n<p>Queremos compartir algunas experiencias vividas a lo largo del curso con estas bonitas im\u00e1genes. Espero que os gusten.<\/p>\n<p>Dentro del aula de Psicomotricidad<br \/>\n<a href=\"https:\/\/blogsaverroes.juntadeandalucia.es\/eielreal\/files\/2018\/02\/IMG-20171217-WA0198.jpg\"><img loading=\"lazy\" decoding=\"async\" class=\"size-medium wp-image-13726 alignleft\" src=\"https:\/\/blogsaverroes.juntadeandalucia.es\/eielreal\/files\/2018\/02\/IMG-20171217-WA0198-300x180.jpg\" alt=\"\" width=\"300\" height=\"180\" srcset=\"https:\/\/blogsaverroes.juntadeandalucia.es\/eielreal\/files\/2018\/02\/IMG-20171217-WA0198-300x180.jpg 300w, https:\/\/blogsaverroes.juntadeandalucia.es\/eielreal\/files\/2018\/02\/IMG-20171217-WA0198-768x461.jpg 768w, https:\/\/blogsaverroes.juntadeandalucia.es\/eielreal\/files\/2018\/02\/IMG-20171217-WA0198-1024x614.jpg 1024w, https:\/\/blogsaverroes.juntadeandalucia.es\/eielreal\/files\/2018\/02\/IMG-20171217-WA0198-700x420.jpg 700w, https:\/\/blogsaverroes.juntadeandalucia.es\/eielreal\/files\/2018\/02\/IMG-20171217-WA0198-24x14.jpg 24w, https:\/\/blogsaverroes.juntadeandalucia.es\/eielreal\/files\/2018\/02\/IMG-20171217-WA0198-36x22.jpg 36w, https:\/\/blogsaverroes.juntadeandalucia.es\/eielreal\/files\/2018\/02\/IMG-20171217-WA0198-48x29.jpg 48w, https:\/\/blogsaverroes.juntadeandalucia.es\/eielreal\/files\/2018\/02\/IMG-20171217-WA0198.jpg 1600w\" sizes=\"(max-width: 300px) 100vw, 300px\" \/><\/a><a href=\"https:\/\/blogsaverroes.juntadeandalucia.es\/eielreal\/files\/2018\/02\/IMG-20171217-WA0202.jpg\"><img loading=\"lazy\" decoding=\"async\" class=\"size-medium wp-image-13727 alignleft\" src=\"https:\/\/blogsaverroes.juntadeandalucia.es\/eielreal\/files\/2018\/02\/IMG-20171217-WA0202-300x180.jpg\" alt=\"\" width=\"300\" height=\"180\" srcset=\"https:\/\/blogsaverroes.juntadeandalucia.es\/eielreal\/files\/2018\/02\/IMG-20171217-WA0202-300x180.jpg 300w, https:\/\/blogsaverroes.juntadeandalucia.es\/eielreal\/files\/2018\/02\/IMG-20171217-WA0202-768x461.jpg 768w, https:\/\/blogsaverroes.juntadeandalucia.es\/eielreal\/files\/2018\/02\/IMG-20171217-WA0202-1024x614.jpg 1024w, https:\/\/blogsaverroes.juntadeandalucia.es\/eielreal\/files\/2018\/02\/IMG-20171217-WA0202-700x420.jpg 700w, https:\/\/blogsaverroes.juntadeandalucia.es\/eielreal\/files\/2018\/02\/IMG-20171217-WA0202-24x14.jpg 24w, https:\/\/blogsaverroes.juntadeandalucia.es\/eielreal\/files\/2018\/02\/IMG-20171217-WA0202-36x22.jpg 36w, https:\/\/blogsaverroes.juntadeandalucia.es\/eielreal\/files\/2018\/02\/IMG-20171217-WA0202-48x29.jpg 48w, https:\/\/blogsaverroes.juntadeandalucia.es\/eielreal\/files\/2018\/02\/IMG-20171217-WA0202.jpg 1600w\" sizes=\"(max-width: 300px) 100vw, 300px\" \/><\/a><a href=\"https:\/\/blogsaverroes.juntadeandalucia.es\/eielreal\/files\/2018\/02\/IMG-20171217-WA0187.jpg\"><img loading=\"lazy\" decoding=\"async\" class=\"size-medium wp-image-13723 alignnone\" src=\"https:\/\/blogsaverroes.juntadeandalucia.es\/eielreal\/files\/2018\/02\/IMG-20171217-WA0187-300x180.jpg\" alt=\"\" width=\"300\" height=\"180\" srcset=\"https:\/\/blogsaverroes.juntadeandalucia.es\/eielreal\/files\/2018\/02\/IMG-20171217-WA0187-300x180.jpg 300w, https:\/\/blogsaverroes.juntadeandalucia.es\/eielreal\/files\/2018\/02\/IMG-20171217-WA0187-768x461.jpg 768w, https:\/\/blogsaverroes.juntadeandalucia.es\/eielreal\/files\/2018\/02\/IMG-20171217-WA0187-1024x614.jpg 1024w, https:\/\/blogsaverroes.juntadeandalucia.es\/eielreal\/files\/2018\/02\/IMG-20171217-WA0187-700x420.jpg 700w, https:\/\/blogsaverroes.juntadeandalucia.es\/eielreal\/files\/2018\/02\/IMG-20171217-WA0187-24x14.jpg 24w, https:\/\/blogsaverroes.juntadeandalucia.es\/eielreal\/files\/2018\/02\/IMG-20171217-WA0187-36x22.jpg 36w, https:\/\/blogsaverroes.juntadeandalucia.es\/eielreal\/files\/2018\/02\/IMG-20171217-WA0187-48x29.jpg 48w, https:\/\/blogsaverroes.juntadeandalucia.es\/eielreal\/files\/2018\/02\/IMG-20171217-WA0187.jpg 1600w\" sizes=\"(max-width: 300px) 100vw, 300px\" \/><\/a><a href=\"https:\/\/blogsaverroes.juntadeandalucia.es\/eielreal\/files\/2018\/02\/IMG-20171217-WA0178.jpg\"><img loading=\"lazy\" decoding=\"async\" class=\"size-medium wp-image-13718 alignleft\" src=\"https:\/\/blogsaverroes.juntadeandalucia.es\/eielreal\/files\/2018\/02\/IMG-20171217-WA0178-300x180.jpg\" alt=\"\" width=\"300\" height=\"180\" srcset=\"https:\/\/blogsaverroes.juntadeandalucia.es\/eielreal\/files\/2018\/02\/IMG-20171217-WA0178-300x180.jpg 300w, https:\/\/blogsaverroes.juntadeandalucia.es\/eielreal\/files\/2018\/02\/IMG-20171217-WA0178-768x461.jpg 768w, https:\/\/blogsaverroes.juntadeandalucia.es\/eielreal\/files\/2018\/02\/IMG-20171217-WA0178-1024x614.jpg 1024w, https:\/\/blogsaverroes.juntadeandalucia.es\/eielreal\/files\/2018\/02\/IMG-20171217-WA0178-700x420.jpg 700w, https:\/\/blogsaverroes.juntadeandalucia.es\/eielreal\/files\/2018\/02\/IMG-20171217-WA0178-24x14.jpg 24w, https:\/\/blogsaverroes.juntadeandalucia.es\/eielreal\/files\/2018\/02\/IMG-20171217-WA0178-36x22.jpg 36w, https:\/\/blogsaverroes.juntadeandalucia.es\/eielreal\/files\/2018\/02\/IMG-20171217-WA0178-48x29.jpg 48w, https:\/\/blogsaverroes.juntadeandalucia.es\/eielreal\/files\/2018\/02\/IMG-20171217-WA0178.jpg 1600w\" sizes=\"(max-width: 300px) 100vw, 300px\" \/><\/a><a href=\"https:\/\/blogsaverroes.juntadeandalucia.es\/eielreal\/files\/2018\/02\/IMG-20171217-WA0186.jpg\"><img loading=\"lazy\" decoding=\"async\" class=\"size-medium wp-image-13722 alignleft\" src=\"https:\/\/blogsaverroes.juntadeandalucia.es\/eielreal\/files\/2018\/02\/IMG-20171217-WA0186-300x180.jpg\" alt=\"\" width=\"300\" height=\"180\" srcset=\"https:\/\/blogsaverroes.juntadeandalucia.es\/eielreal\/files\/2018\/02\/IMG-20171217-WA0186-300x180.jpg 300w, https:\/\/blogsaverroes.juntadeandalucia.es\/eielreal\/files\/2018\/02\/IMG-20171217-WA0186-768x461.jpg 768w, https:\/\/blogsaverroes.juntadeandalucia.es\/eielreal\/files\/2018\/02\/IMG-20171217-WA0186-1024x614.jpg 1024w, https:\/\/blogsaverroes.juntadeandalucia.es\/eielreal\/files\/2018\/02\/IMG-20171217-WA0186-700x420.jpg 700w, https:\/\/blogsaverroes.juntadeandalucia.es\/eielreal\/files\/2018\/02\/IMG-20171217-WA0186-24x14.jpg 24w, https:\/\/blogsaverroes.juntadeandalucia.es\/eielreal\/files\/2018\/02\/IMG-20171217-WA0186-36x22.jpg 36w, https:\/\/blogsaverroes.juntadeandalucia.es\/eielreal\/files\/2018\/02\/IMG-20171217-WA0186-48x29.jpg 48w, https:\/\/blogsaverroes.juntadeandalucia.es\/eielreal\/files\/2018\/02\/IMG-20171217-WA0186.jpg 1600w\" sizes=\"(max-width: 300px) 100vw, 300px\" \/><\/a><a href=\"https:\/\/blogsaverroes.juntadeandalucia.es\/eielreal\/files\/2018\/02\/IMG-20171217-WA0188.jpg\"><img loading=\"lazy\" decoding=\"async\" class=\"size-medium wp-image-13724 alignnone\" src=\"https:\/\/blogsaverroes.juntadeandalucia.es\/eielreal\/files\/2018\/02\/IMG-20171217-WA0188-300x180.jpg\" alt=\"\" width=\"300\" height=\"180\" srcset=\"https:\/\/blogsaverroes.juntadeandalucia.es\/eielreal\/files\/2018\/02\/IMG-20171217-WA0188-300x180.jpg 300w, https:\/\/blogsaverroes.juntadeandalucia.es\/eielreal\/files\/2018\/02\/IMG-20171217-WA0188-768x461.jpg 768w, https:\/\/blogsaverroes.juntadeandalucia.es\/eielreal\/files\/2018\/02\/IMG-20171217-WA0188-1024x614.jpg 1024w, https:\/\/blogsaverroes.juntadeandalucia.es\/eielreal\/files\/2018\/02\/IMG-20171217-WA0188-700x420.jpg 700w, https:\/\/blogsaverroes.juntadeandalucia.es\/eielreal\/files\/2018\/02\/IMG-20171217-WA0188-24x14.jpg 24w, https:\/\/blogsaverroes.juntadeandalucia.es\/eielreal\/files\/2018\/02\/IMG-20171217-WA0188-36x22.jpg 36w, https:\/\/blogsaverroes.juntadeandalucia.es\/eielreal\/files\/2018\/02\/IMG-20171217-WA0188-48x29.jpg 48w, https:\/\/blogsaverroes.juntadeandalucia.es\/eielreal\/files\/2018\/02\/IMG-20171217-WA0188.jpg 1600w\" sizes=\"(max-width: 300px) 100vw, 300px\" \/><\/a><a href=\"https:\/\/blogsaverroes.juntadeandalucia.es\/eielreal\/files\/2018\/02\/IMG-20171217-WA0179.jpg\"><img loading=\"lazy\" decoding=\"async\" class=\"size-medium wp-image-13719 alignleft\" src=\"https:\/\/blogsaverroes.juntadeandalucia.es\/eielreal\/files\/2018\/02\/IMG-20171217-WA0179-300x180.jpg\" alt=\"\" width=\"300\" height=\"180\" srcset=\"https:\/\/blogsaverroes.juntadeandalucia.es\/eielreal\/files\/2018\/02\/IMG-20171217-WA0179-300x180.jpg 300w, https:\/\/blogsaverroes.juntadeandalucia.es\/eielreal\/files\/2018\/02\/IMG-20171217-WA0179-768x461.jpg 768w, https:\/\/blogsaverroes.juntadeandalucia.es\/eielreal\/files\/2018\/02\/IMG-20171217-WA0179-1024x614.jpg 1024w, https:\/\/blogsaverroes.juntadeandalucia.es\/eielreal\/files\/2018\/02\/IMG-20171217-WA0179-700x420.jpg 700w, https:\/\/blogsaverroes.juntadeandalucia.es\/eielreal\/files\/2018\/02\/IMG-20171217-WA0179-24x14.jpg 24w, https:\/\/blogsaverroes.juntadeandalucia.es\/eielreal\/files\/2018\/02\/IMG-20171217-WA0179-36x22.jpg 36w, https:\/\/blogsaverroes.juntadeandalucia.es\/eielreal\/files\/2018\/02\/IMG-20171217-WA0179-48x29.jpg 48w, https:\/\/blogsaverroes.juntadeandalucia.es\/eielreal\/files\/2018\/02\/IMG-20171217-WA0179.jpg 1600w\" sizes=\"(max-width: 300px) 100vw, 300px\" \/><\/a><a href=\"https:\/\/blogsaverroes.juntadeandalucia.es\/eielreal\/files\/2018\/02\/IMG-20171217-WA0180.jpg\"><img loading=\"lazy\" decoding=\"async\" class=\"size-medium wp-image-13720 alignleft\" src=\"https:\/\/blogsaverroes.juntadeandalucia.es\/eielreal\/files\/2018\/02\/IMG-20171217-WA0180-300x180.jpg\" alt=\"\" width=\"300\" height=\"180\" srcset=\"https:\/\/blogsaverroes.juntadeandalucia.es\/eielreal\/files\/2018\/02\/IMG-20171217-WA0180-300x180.jpg 300w, https:\/\/blogsaverroes.juntadeandalucia.es\/eielreal\/files\/2018\/02\/IMG-20171217-WA0180-768x461.jpg 768w, https:\/\/blogsaverroes.juntadeandalucia.es\/eielreal\/files\/2018\/02\/IMG-20171217-WA0180-1024x614.jpg 1024w, https:\/\/blogsaverroes.juntadeandalucia.es\/eielreal\/files\/2018\/02\/IMG-20171217-WA0180-700x420.jpg 700w, https:\/\/blogsaverroes.juntadeandalucia.es\/eielreal\/files\/2018\/02\/IMG-20171217-WA0180-24x14.jpg 24w, https:\/\/blogsaverroes.juntadeandalucia.es\/eielreal\/files\/2018\/02\/IMG-20171217-WA0180-36x22.jpg 36w, https:\/\/blogsaverroes.juntadeandalucia.es\/eielreal\/files\/2018\/02\/IMG-20171217-WA0180-48x29.jpg 48w, https:\/\/blogsaverroes.juntadeandalucia.es\/eielreal\/files\/2018\/02\/IMG-20171217-WA0180.jpg 1600w\" sizes=\"(max-width: 300px) 100vw, 300px\" \/><\/a><\/p>\n<p>&nbsp;<\/p>\n<p>&nbsp;<\/p>\n<p>&nbsp;<\/p>\n<p><a href=\"https:\/\/blogsaverroes.juntadeandalucia.es\/eielreal\/files\/2018\/02\/IMG-20171217-WA0173.jpg\"><img loading=\"lazy\" decoding=\"async\" class=\"size-medium wp-image-13713 aligncenter\" src=\"https:\/\/blogsaverroes.juntadeandalucia.es\/eielreal\/files\/2018\/02\/IMG-20171217-WA0173-300x180.jpg\" alt=\"\" width=\"300\" height=\"180\" srcset=\"https:\/\/blogsaverroes.juntadeandalucia.es\/eielreal\/files\/2018\/02\/IMG-20171217-WA0173-300x180.jpg 300w, https:\/\/blogsaverroes.juntadeandalucia.es\/eielreal\/files\/2018\/02\/IMG-20171217-WA0173-768x461.jpg 768w, https:\/\/blogsaverroes.juntadeandalucia.es\/eielreal\/files\/2018\/02\/IMG-20171217-WA0173-1024x614.jpg 1024w, https:\/\/blogsaverroes.juntadeandalucia.es\/eielreal\/files\/2018\/02\/IMG-20171217-WA0173-700x420.jpg 700w, https:\/\/blogsaverroes.juntadeandalucia.es\/eielreal\/files\/2018\/02\/IMG-20171217-WA0173-24x14.jpg 24w, https:\/\/blogsaverroes.juntadeandalucia.es\/eielreal\/files\/2018\/02\/IMG-20171217-WA0173-36x22.jpg 36w, https:\/\/blogsaverroes.juntadeandalucia.es\/eielreal\/files\/2018\/02\/IMG-20171217-WA0173-48x29.jpg 48w, https:\/\/blogsaverroes.juntadeandalucia.es\/eielreal\/files\/2018\/02\/IMG-20171217-WA0173.jpg 1600w\" sizes=\"(max-width: 300px) 100vw, 300px\" \/><\/a><\/p>\n<p>Fuera, en el patio<br \/>\n<a href=\"https:\/\/blogsaverroes.juntadeandalucia.es\/eielreal\/files\/2018\/02\/IMG-20180222-WA0026.jpg\"><img loading=\"lazy\" decoding=\"async\" class=\"size-medium wp-image-13743 alignleft\" src=\"https:\/\/blogsaverroes.juntadeandalucia.es\/eielreal\/files\/2018\/02\/IMG-20180222-WA0026-300x225.jpg\" alt=\"\" width=\"300\" height=\"225\" srcset=\"https:\/\/blogsaverroes.juntadeandalucia.es\/eielreal\/files\/2018\/02\/IMG-20180222-WA0026-300x225.jpg 300w, https:\/\/blogsaverroes.juntadeandalucia.es\/eielreal\/files\/2018\/02\/IMG-20180222-WA0026-768x576.jpg 768w, https:\/\/blogsaverroes.juntadeandalucia.es\/eielreal\/files\/2018\/02\/IMG-20180222-WA0026-1024x768.jpg 1024w, https:\/\/blogsaverroes.juntadeandalucia.es\/eielreal\/files\/2018\/02\/IMG-20180222-WA0026-700x525.jpg 700w, https:\/\/blogsaverroes.juntadeandalucia.es\/eielreal\/files\/2018\/02\/IMG-20180222-WA0026-24x18.jpg 24w, https:\/\/blogsaverroes.juntadeandalucia.es\/eielreal\/files\/2018\/02\/IMG-20180222-WA0026-36x27.jpg 36w, https:\/\/blogsaverroes.juntadeandalucia.es\/eielreal\/files\/2018\/02\/IMG-20180222-WA0026-48x36.jpg 48w, https:\/\/blogsaverroes.juntadeandalucia.es\/eielreal\/files\/2018\/02\/IMG-20180222-WA0026.jpg 1600w\" sizes=\"(max-width: 300px) 100vw, 300px\" \/><\/a><a href=\"https:\/\/blogsaverroes.juntadeandalucia.es\/eielreal\/files\/2018\/02\/IMG-20180222-WA0005.jpg\"><br \/>\n<\/a><\/p>\n<p>\u00daltimamente estamos realizando carreras donde se trabajan aspectos muy positivos como comenzar a la orden de salida, respetar las distancias entre ellos y las calles por las que tienen que correr,aprender que lo importante es participar, alegrarse del triunfo de los dem\u00e1s&#8230;.<\/p>\n<p><img loading=\"lazy\" decoding=\"async\" class=\"size-medium wp-image-13737 alignnone\" src=\"https:\/\/blogsaverroes.juntadeandalucia.es\/eielreal\/files\/2018\/02\/IMG-20180222-WA0010-300x225.jpg\" alt=\"\" width=\"300\" height=\"225\" srcset=\"https:\/\/blogsaverroes.juntadeandalucia.es\/eielreal\/files\/2018\/02\/IMG-20180222-WA0010-300x225.jpg 300w, https:\/\/blogsaverroes.juntadeandalucia.es\/eielreal\/files\/2018\/02\/IMG-20180222-WA0010-768x576.jpg 768w, https:\/\/blogsaverroes.juntadeandalucia.es\/eielreal\/files\/2018\/02\/IMG-20180222-WA0010-1024x768.jpg 1024w, https:\/\/blogsaverroes.juntadeandalucia.es\/eielreal\/files\/2018\/02\/IMG-20180222-WA0010-700x525.jpg 700w, https:\/\/blogsaverroes.juntadeandalucia.es\/eielreal\/files\/2018\/02\/IMG-20180222-WA0010-24x18.jpg 24w, https:\/\/blogsaverroes.juntadeandalucia.es\/eielreal\/files\/2018\/02\/IMG-20180222-WA0010-36x27.jpg 36w, https:\/\/blogsaverroes.juntadeandalucia.es\/eielreal\/files\/2018\/02\/IMG-20180222-WA0010-48x36.jpg 48w, https:\/\/blogsaverroes.juntadeandalucia.es\/eielreal\/files\/2018\/02\/IMG-20180222-WA0010.jpg 1600w\" sizes=\"(max-width: 300px) 100vw, 300px\" \/><\/p>\n<p><a href=\"https:\/\/blogsaverroes.juntadeandalucia.es\/eielreal\/files\/2018\/02\/IMG-20180223-WA0016.jpg\"><img loading=\"lazy\" decoding=\"async\" class=\"size-medium wp-image-13955 alignnone\" src=\"https:\/\/blogsaverroes.juntadeandalucia.es\/eielreal\/files\/2018\/02\/IMG-20180223-WA0016-300x225.jpg\" alt=\"\" width=\"300\" height=\"225\" srcset=\"https:\/\/blogsaverroes.juntadeandalucia.es\/eielreal\/files\/2018\/02\/IMG-20180223-WA0016-300x225.jpg 300w, https:\/\/blogsaverroes.juntadeandalucia.es\/eielreal\/files\/2018\/02\/IMG-20180223-WA0016-768x576.jpg 768w, https:\/\/blogsaverroes.juntadeandalucia.es\/eielreal\/files\/2018\/02\/IMG-20180223-WA0016-1024x768.jpg 1024w, https:\/\/blogsaverroes.juntadeandalucia.es\/eielreal\/files\/2018\/02\/IMG-20180223-WA0016-700x525.jpg 700w, https:\/\/blogsaverroes.juntadeandalucia.es\/eielreal\/files\/2018\/02\/IMG-20180223-WA0016-24x18.jpg 24w, https:\/\/blogsaverroes.juntadeandalucia.es\/eielreal\/files\/2018\/02\/IMG-20180223-WA0016-36x27.jpg 36w, https:\/\/blogsaverroes.juntadeandalucia.es\/eielreal\/files\/2018\/02\/IMG-20180223-WA0016-48x36.jpg 48w, https:\/\/blogsaverroes.juntadeandalucia.es\/eielreal\/files\/2018\/02\/IMG-20180223-WA0016.jpg 1600w\" sizes=\"(max-width: 300px) 100vw, 300px\" \/><\/a><a href=\"https:\/\/blogsaverroes.juntadeandalucia.es\/eielreal\/files\/2018\/02\/IMG-20180222-WA0029.jpg\"><img loading=\"lazy\" decoding=\"async\" class=\"size-medium wp-image-13745 aligncenter\" src=\"https:\/\/blogsaverroes.juntadeandalucia.es\/eielreal\/files\/2018\/02\/IMG-20180222-WA0029-300x225.jpg\" alt=\"\" width=\"300\" height=\"225\" srcset=\"https:\/\/blogsaverroes.juntadeandalucia.es\/eielreal\/files\/2018\/02\/IMG-20180222-WA0029-300x225.jpg 300w, https:\/\/blogsaverroes.juntadeandalucia.es\/eielreal\/files\/2018\/02\/IMG-20180222-WA0029-768x576.jpg 768w, https:\/\/blogsaverroes.juntadeandalucia.es\/eielreal\/files\/2018\/02\/IMG-20180222-WA0029-1024x768.jpg 1024w, https:\/\/blogsaverroes.juntadeandalucia.es\/eielreal\/files\/2018\/02\/IMG-20180222-WA0029-700x525.jpg 700w, https:\/\/blogsaverroes.juntadeandalucia.es\/eielreal\/files\/2018\/02\/IMG-20180222-WA0029-24x18.jpg 24w, https:\/\/blogsaverroes.juntadeandalucia.es\/eielreal\/files\/2018\/02\/IMG-20180222-WA0029-36x27.jpg 36w, https:\/\/blogsaverroes.juntadeandalucia.es\/eielreal\/files\/2018\/02\/IMG-20180222-WA0029-48x36.jpg 48w, https:\/\/blogsaverroes.juntadeandalucia.es\/eielreal\/files\/2018\/02\/IMG-20180222-WA0029.jpg 1600w\" sizes=\"(max-width: 300px) 100vw, 300px\" \/><\/a><a href=\"https:\/\/blogsaverroes.juntadeandalucia.es\/eielreal\/files\/2018\/02\/IMG-20180223-WA0020.jpg\"><img loading=\"lazy\" decoding=\"async\" class=\"size-medium wp-image-13957 aligncenter\" src=\"https:\/\/blogsaverroes.juntadeandalucia.es\/eielreal\/files\/2018\/02\/IMG-20180223-WA0020-300x225.jpg\" alt=\"\" width=\"300\" height=\"225\" srcset=\"https:\/\/blogsaverroes.juntadeandalucia.es\/eielreal\/files\/2018\/02\/IMG-20180223-WA0020-300x225.jpg 300w, https:\/\/blogsaverroes.juntadeandalucia.es\/eielreal\/files\/2018\/02\/IMG-20180223-WA0020-768x576.jpg 768w, https:\/\/blogsaverroes.juntadeandalucia.es\/eielreal\/files\/2018\/02\/IMG-20180223-WA0020-1024x768.jpg 1024w, https:\/\/blogsaverroes.juntadeandalucia.es\/eielreal\/files\/2018\/02\/IMG-20180223-WA0020-700x525.jpg 700w, https:\/\/blogsaverroes.juntadeandalucia.es\/eielreal\/files\/2018\/02\/IMG-20180223-WA0020-24x18.jpg 24w, https:\/\/blogsaverroes.juntadeandalucia.es\/eielreal\/files\/2018\/02\/IMG-20180223-WA0020-36x27.jpg 36w, https:\/\/blogsaverroes.juntadeandalucia.es\/eielreal\/files\/2018\/02\/IMG-20180223-WA0020-48x36.jpg 48w, https:\/\/blogsaverroes.juntadeandalucia.es\/eielreal\/files\/2018\/02\/IMG-20180223-WA0020.jpg 1600w\" sizes=\"(max-width: 300px) 100vw, 300px\" \/>&nbsp; &nbsp; &nbsp; &nbsp;<\/a><a href=\"https:\/\/blogsaverroes.juntadeandalucia.es\/eielreal\/files\/2018\/02\/IMG-20180223-WA0009.jpg\"><img loading=\"lazy\" decoding=\"async\" class=\"size-medium wp-image-13952 aligncenter\" src=\"https:\/\/blogsaverroes.juntadeandalucia.es\/eielreal\/files\/2018\/02\/IMG-20180223-WA0009-300x225.jpg\" alt=\"\" width=\"300\" height=\"225\" srcset=\"https:\/\/blogsaverroes.juntadeandalucia.es\/eielreal\/files\/2018\/02\/IMG-20180223-WA0009-300x225.jpg 300w, https:\/\/blogsaverroes.juntadeandalucia.es\/eielreal\/files\/2018\/02\/IMG-20180223-WA0009-768x576.jpg 768w, https:\/\/blogsaverroes.juntadeandalucia.es\/eielreal\/files\/2018\/02\/IMG-20180223-WA0009-1024x768.jpg 1024w, https:\/\/blogsaverroes.juntadeandalucia.es\/eielreal\/files\/2018\/02\/IMG-20180223-WA0009-700x525.jpg 700w, https:\/\/blogsaverroes.juntadeandalucia.es\/eielreal\/files\/2018\/02\/IMG-20180223-WA0009-24x18.jpg 24w, https:\/\/blogsaverroes.juntadeandalucia.es\/eielreal\/files\/2018\/02\/IMG-20180223-WA0009-36x27.jpg 36w, https:\/\/blogsaverroes.juntadeandalucia.es\/eielreal\/files\/2018\/02\/IMG-20180223-WA0009-48x36.jpg 48w, https:\/\/blogsaverroes.juntadeandalucia.es\/eielreal\/files\/2018\/02\/IMG-20180223-WA0009.jpg 1600w\" sizes=\"(max-width: 300px) 100vw, 300px\" \/><\/a><a href=\"https:\/\/blogsaverroes.juntadeandalucia.es\/eielreal\/files\/2018\/02\/IMG-20180223-WA0020.jpg\">&nbsp; &nbsp;<\/a>Aqu\u00ed aprendiendo a guardar el equilibrio, que es otro de los grandes objetivos en estas edades.<a href=\"https:\/\/blogsaverroes.juntadeandalucia.es\/eielreal\/files\/2018\/02\/IMG-20180222-WA0004.jpg\"><img loading=\"lazy\" decoding=\"async\" class=\"size-medium wp-image-13731 aligncenter\" src=\"https:\/\/blogsaverroes.juntadeandalucia.es\/eielreal\/files\/2018\/02\/IMG-20180222-WA0004-300x225.jpg\" alt=\"\" width=\"300\" height=\"225\" srcset=\"https:\/\/blogsaverroes.juntadeandalucia.es\/eielreal\/files\/2018\/02\/IMG-20180222-WA0004-300x225.jpg 300w, https:\/\/blogsaverroes.juntadeandalucia.es\/eielreal\/files\/2018\/02\/IMG-20180222-WA0004-768x576.jpg 768w, https:\/\/blogsaverroes.juntadeandalucia.es\/eielreal\/files\/2018\/02\/IMG-20180222-WA0004-1024x768.jpg 1024w, https:\/\/blogsaverroes.juntadeandalucia.es\/eielreal\/files\/2018\/02\/IMG-20180222-WA0004-700x525.jpg 700w, https:\/\/blogsaverroes.juntadeandalucia.es\/eielreal\/files\/2018\/02\/IMG-20180222-WA0004-24x18.jpg 24w, https:\/\/blogsaverroes.juntadeandalucia.es\/eielreal\/files\/2018\/02\/IMG-20180222-WA0004-36x27.jpg 36w, https:\/\/blogsaverroes.juntadeandalucia.es\/eielreal\/files\/2018\/02\/IMG-20180222-WA0004-48x36.jpg 48w, https:\/\/blogsaverroes.juntadeandalucia.es\/eielreal\/files\/2018\/02\/IMG-20180222-WA0004.jpg 1600w\" sizes=\"(max-width: 300px) 100vw, 300px\" \/><\/a><a href=\"https:\/\/blogsaverroes.juntadeandalucia.es\/eielreal\/files\/2018\/02\/IMG-20180222-WA0003.jpg\"><img loading=\"lazy\" decoding=\"async\" class=\"size-medium wp-image-13730 aligncenter\" src=\"https:\/\/blogsaverroes.juntadeandalucia.es\/eielreal\/files\/2018\/02\/IMG-20180222-WA0003-300x225.jpg\" alt=\"\" width=\"300\" height=\"225\" srcset=\"https:\/\/blogsaverroes.juntadeandalucia.es\/eielreal\/files\/2018\/02\/IMG-20180222-WA0003-300x225.jpg 300w, https:\/\/blogsaverroes.juntadeandalucia.es\/eielreal\/files\/2018\/02\/IMG-20180222-WA0003-768x576.jpg 768w, https:\/\/blogsaverroes.juntadeandalucia.es\/eielreal\/files\/2018\/02\/IMG-20180222-WA0003-1024x768.jpg 1024w, https:\/\/blogsaverroes.juntadeandalucia.es\/eielreal\/files\/2018\/02\/IMG-20180222-WA0003-700x525.jpg 700w, https:\/\/blogsaverroes.juntadeandalucia.es\/eielreal\/files\/2018\/02\/IMG-20180222-WA0003-24x18.jpg 24w, https:\/\/blogsaverroes.juntadeandalucia.es\/eielreal\/files\/2018\/02\/IMG-20180222-WA0003-36x27.jpg 36w, https:\/\/blogsaverroes.juntadeandalucia.es\/eielreal\/files\/2018\/02\/IMG-20180222-WA0003-48x36.jpg 48w, https:\/\/blogsaverroes.juntadeandalucia.es\/eielreal\/files\/2018\/02\/IMG-20180222-WA0003.jpg 1600w\" sizes=\"(max-width: 300px) 100vw, 300px\" \/><\/a><a href=\"https:\/\/blogsaverroes.juntadeandalucia.es\/eielreal\/files\/2018\/02\/IMG-20180222-WA0006.jpg\"><img loading=\"lazy\" decoding=\"async\" class=\"size-medium wp-image-13733 aligncenter\" src=\"https:\/\/blogsaverroes.juntadeandalucia.es\/eielreal\/files\/2018\/02\/IMG-20180222-WA0006-300x225.jpg\" alt=\"\" width=\"300\" height=\"225\" srcset=\"https:\/\/blogsaverroes.juntadeandalucia.es\/eielreal\/files\/2018\/02\/IMG-20180222-WA0006-300x225.jpg 300w, https:\/\/blogsaverroes.juntadeandalucia.es\/eielreal\/files\/2018\/02\/IMG-20180222-WA0006-768x576.jpg 768w, https:\/\/blogsaverroes.juntadeandalucia.es\/eielreal\/files\/2018\/02\/IMG-20180222-WA0006-1024x768.jpg 1024w, https:\/\/blogsaverroes.juntadeandalucia.es\/eielreal\/files\/2018\/02\/IMG-20180222-WA0006-700x525.jpg 700w, https:\/\/blogsaverroes.juntadeandalucia.es\/eielreal\/files\/2018\/02\/IMG-20180222-WA0006-24x18.jpg 24w, https:\/\/blogsaverroes.juntadeandalucia.es\/eielreal\/files\/2018\/02\/IMG-20180222-WA0006-36x27.jpg 36w, https:\/\/blogsaverroes.juntadeandalucia.es\/eielreal\/files\/2018\/02\/IMG-20180222-WA0006-48x36.jpg 48w, https:\/\/blogsaverroes.juntadeandalucia.es\/eielreal\/files\/2018\/02\/IMG-20180222-WA0006.jpg 1600w\" sizes=\"(max-width: 300px) 100vw, 300px\" \/><\/a><\/p>\n<p><a href=\"https:\/\/blogsaverroes.juntadeandalucia.es\/eielreal\/files\/2018\/02\/IMG-20180222-WA0005.jpg\"><img loading=\"lazy\" decoding=\"async\" class=\"size-medium wp-image-13732 aligncenter\" src=\"https:\/\/blogsaverroes.juntadeandalucia.es\/eielreal\/files\/2018\/02\/IMG-20180222-WA0005-300x225.jpg\" alt=\"\" width=\"300\" height=\"225\" srcset=\"https:\/\/blogsaverroes.juntadeandalucia.es\/eielreal\/files\/2018\/02\/IMG-20180222-WA0005-300x225.jpg 300w, https:\/\/blogsaverroes.juntadeandalucia.es\/eielreal\/files\/2018\/02\/IMG-20180222-WA0005-768x576.jpg 768w, https:\/\/blogsaverroes.juntadeandalucia.es\/eielreal\/files\/2018\/02\/IMG-20180222-WA0005-1024x768.jpg 1024w, https:\/\/blogsaverroes.juntadeandalucia.es\/eielreal\/files\/2018\/02\/IMG-20180222-WA0005-700x525.jpg 700w, https:\/\/blogsaverroes.juntadeandalucia.es\/eielreal\/files\/2018\/02\/IMG-20180222-WA0005-24x18.jpg 24w, https:\/\/blogsaverroes.juntadeandalucia.es\/eielreal\/files\/2018\/02\/IMG-20180222-WA0005-36x27.jpg 36w, https:\/\/blogsaverroes.juntadeandalucia.es\/eielreal\/files\/2018\/02\/IMG-20180222-WA0005-48x36.jpg 48w, https:\/\/blogsaverroes.juntadeandalucia.es\/eielreal\/files\/2018\/02\/IMG-20180222-WA0005.jpg 1600w\" sizes=\"(max-width: 300px) 100vw, 300px\" \/><\/a>Seguiremos trabajando en esta l\u00ednea durante el curso y siempre marc\u00e1ndonos nuevos retos para que de esta forma vayan desarrollando progresivamente sus habilidades motoras.<\/p>\n<p>Hasta la pr\u00f3xima!!!!!!!<\/p>\n<p>GRACIA<\/p>\n","protected":false},"excerpt":{"rendered":"<p>Como viene siendo habitual, todos los martes, despu\u00e9s del recreo, realizamos nuestra sesi\u00f3n de psicomotricidad, tanto dentro del aula de psicomotricidad como fuera de ella, en el patio. Procuramos llevarla a cabo de la&#46;&#46;&#46;<\/p>\n","protected":false},"author":3183,"featured_media":13732,"comment_status":"open","ping_status":"open","sticky":false,"template":"","format":"standard","meta":{"ngg_post_thumbnail":0,"footnotes":""},"categories":[827278,611328],"tags":[],"aioseo_notices":[],"_links":{"self":[{"href":"https:\/\/blogsaverroes.juntadeandalucia.es\/eielreal\/wp-json\/wp\/v2\/posts\/13711"}],"collection":[{"href":"https:\/\/blogsaverroes.juntadeandalucia.es\/eielreal\/wp-json\/wp\/v2\/posts"}],"about":[{"href":"https:\/\/blogsaverroes.juntadeandalucia.es\/eielreal\/wp-json\/wp\/v2\/types\/post"}],"author":[{"embeddable":true,"href":"https:\/\/blogsaverroes.juntadeandalucia.es\/eielreal\/wp-json\/wp\/v2\/users\/3183"}],"replies":[{"embeddable":true,"href":"https:\/\/blogsaverroes.juntadeandalucia.es\/eielreal\/wp-json\/wp\/v2\/comments?post=13711"}],"version-history":[{"count":8,"href":"https:\/\/blogsaverroes.juntadeandalucia.es\/eielreal\/wp-json\/wp\/v2\/posts\/13711\/revisions"}],"predecessor-version":[{"id":14010,"href":"https:\/\/blogsaverroes.juntadeandalucia.es\/eielreal\/wp-json\/wp\/v2\/posts\/13711\/revisions\/14010"}],"wp:featuredmedia":[{"embeddable":true,"href":"https:\/\/blogsaverroes.juntadeandalucia.es\/eielreal\/wp-json\/wp\/v2\/media\/13732"}],"wp:attachment":[{"href":"https:\/\/blogsaverroes.juntadeandalucia.es\/eielreal\/wp-json\/wp\/v2\/media?parent=13711"}],"wp:term":[{"taxonomy":"category","embeddable":true,"href":"https:\/\/blogsaverroes.juntadeandalucia.es\/eielreal\/wp-json\/wp\/v2\/categories?post=13711"},{"taxonomy":"post_tag","embeddable":true,"href":"https:\/\/blogsaverroes.juntadeandalucia.es\/eielreal\/wp-json\/wp\/v2\/tags?post=13711"}],"curies":[{"name":"wp","href":"https:\/\/api.w.org\/{rel}","templated":true}]}}