{"id":15832,"date":"2018-04-25T18:43:08","date_gmt":"2018-04-25T18:43:08","guid":{"rendered":"http:\/\/blogsaverroes.juntadeandalucia.es\/eielreal\/?p=15832"},"modified":"2018-04-25T18:45:25","modified_gmt":"2018-04-25T18:45:25","slug":"15832-2","status":"publish","type":"post","link":"https:\/\/blogsaverroes.juntadeandalucia.es\/eielreal\/15832-2\/","title":{"rendered":"CONOCEMOS LAS EMOCIONES"},"content":{"rendered":"<div>\n<p><span style=\"color: #38761d;font-family: inherit;font-size: x-large\">\u00bfConoc\u00e9is la pel\u00edcula Del rev\u00e9s?&#8230;<\/span><\/p>\n<\/div>\n<div><\/div>\n<div>\n<p><span style=\"color: #38761d;font-family: inherit\">Desde la Coordinaci\u00f3n de Salud hemos empezado a trabajar en todo el cole sobre esta pel\u00edcula de Disney, que si no la hab\u00e9is visto con vuestros hijos os animo a que lo hag\u00e1is. Sus protagonistas son 5 personajes peculiares&#8230;las 5 EMOCIONES con las que cuenta el ser humano desde que nace y va pasando por diferentes etapas de su vida. Os los presento&#8230;ellos son ALEGR\u00cdA, IRA, TRISTEZA, MIEDO Y ASCO.<\/span><\/p>\n<p><span style=\"color: #38761d;font-family: inherit\"><a href=\"https:\/\/blogsaverroes.juntadeandalucia.es\/eielreal\/files\/2018\/04\/que-personaje-de-del-reves-inside-out-es-tu-favorito.jpg\"><img loading=\"lazy\" decoding=\"async\" class=\"size-medium wp-image-15834 alignnone\" src=\"https:\/\/blogsaverroes.juntadeandalucia.es\/eielreal\/files\/2018\/04\/que-personaje-de-del-reves-inside-out-es-tu-favorito-300x138.jpg\" alt=\"\" width=\"300\" height=\"138\" srcset=\"https:\/\/blogsaverroes.juntadeandalucia.es\/eielreal\/files\/2018\/04\/que-personaje-de-del-reves-inside-out-es-tu-favorito-300x138.jpg 300w, https:\/\/blogsaverroes.juntadeandalucia.es\/eielreal\/files\/2018\/04\/que-personaje-de-del-reves-inside-out-es-tu-favorito-700x323.jpg 700w, https:\/\/blogsaverroes.juntadeandalucia.es\/eielreal\/files\/2018\/04\/que-personaje-de-del-reves-inside-out-es-tu-favorito-24x11.jpg 24w, https:\/\/blogsaverroes.juntadeandalucia.es\/eielreal\/files\/2018\/04\/que-personaje-de-del-reves-inside-out-es-tu-favorito-36x17.jpg 36w, https:\/\/blogsaverroes.juntadeandalucia.es\/eielreal\/files\/2018\/04\/que-personaje-de-del-reves-inside-out-es-tu-favorito-48x22.jpg 48w, https:\/\/blogsaverroes.juntadeandalucia.es\/eielreal\/files\/2018\/04\/que-personaje-de-del-reves-inside-out-es-tu-favorito.jpg 750w\" sizes=\"(max-width: 300px) 100vw, 300px\" \/><\/a><a href=\"https:\/\/blogsaverroes.juntadeandalucia.es\/eielreal\/files\/2018\/04\/866eee12cc4c35adebc5a7850f519448.jpg\"><img loading=\"lazy\" decoding=\"async\" class=\"size-medium wp-image-15833 alignnone\" src=\"https:\/\/blogsaverroes.juntadeandalucia.es\/eielreal\/files\/2018\/04\/866eee12cc4c35adebc5a7850f519448-300x92.jpg\" alt=\"\" width=\"300\" height=\"92\" srcset=\"https:\/\/blogsaverroes.juntadeandalucia.es\/eielreal\/files\/2018\/04\/866eee12cc4c35adebc5a7850f519448-300x92.jpg 300w, https:\/\/blogsaverroes.juntadeandalucia.es\/eielreal\/files\/2018\/04\/866eee12cc4c35adebc5a7850f519448-24x7.jpg 24w, https:\/\/blogsaverroes.juntadeandalucia.es\/eielreal\/files\/2018\/04\/866eee12cc4c35adebc5a7850f519448-36x11.jpg 36w, https:\/\/blogsaverroes.juntadeandalucia.es\/eielreal\/files\/2018\/04\/866eee12cc4c35adebc5a7850f519448-48x15.jpg 48w, https:\/\/blogsaverroes.juntadeandalucia.es\/eielreal\/files\/2018\/04\/866eee12cc4c35adebc5a7850f519448.jpg 640w\" sizes=\"(max-width: 300px) 100vw, 300px\" \/><\/a><\/span><\/p>\n<p class=\"separator\" style=\"text-align: center\"><span style=\"color: #990000\"><b>\u00bfQui\u00e9n no ha sentido alguna de estas emociones?<\/b><\/span><\/p>\n<p class=\"separator\" style=\"text-align: center\"><span style=\"color: #990000\"><b>\u00bfSon importantes las emociones en uno mismo? \u00bfY las de los dem\u00e1s?<\/b><\/span><\/p>\n<p class=\"separator\" style=\"text-align: center\"><span style=\"color: #990000\"><b>\u00bfC\u00f3mo podemos controlarlas?<\/b><\/span><\/p>\n<p class=\"separator\" style=\"text-align: center\"><span style=\"color: #990000\"><b>\u00bfC\u00f3mo nos gusta sentirnos?<\/b><\/span><\/p>\n<p class=\"separator\" style=\"text-align: center\"><span style=\"color: #990000\"><b>\u00bfEstamos m\u00e1s veces alegres al d\u00eda o enfadados?<\/b><\/span><\/p>\n<p class=\"separator\" style=\"text-align: center\"><span style=\"color: #990000\"><b>\u00bfQu\u00e9 me da asco? \u00bfY miedo?<\/b><\/span><\/p>\n<p class=\"separator\" style=\"text-align: center\"><span style=\"color: #990000\"><b>\u00bfCu\u00e1ndo me siento triste y porqu\u00e9? \u00bfQu\u00e9 se puede hacer para solucionarlo?<\/b><\/span><\/p>\n<p class=\"separator\"><span style=\"color: #38761d\">Muchas son las cuestiones que se pueden trabajar a trav\u00e9s de este maravilloso recurso y que nos brinda la oportunidad de trabajar la EDUCACI\u00d3N EMOCIONAL, tan importante como cualquier otro aspecto del ser. En nuestra clase ya hemos empezado y hemos creado nuestro propio rinc\u00f3n de las emociones.\u00a0<\/span><a href=\"https:\/\/blogsaverroes.juntadeandalucia.es\/eielreal\/files\/2018\/04\/20180425_131004.jpg\"><img loading=\"lazy\" decoding=\"async\" class=\"size-medium wp-image-15835 aligncenter\" src=\"https:\/\/blogsaverroes.juntadeandalucia.es\/eielreal\/files\/2018\/04\/20180425_131004-300x225.jpg\" alt=\"\" width=\"300\" height=\"225\" srcset=\"https:\/\/blogsaverroes.juntadeandalucia.es\/eielreal\/files\/2018\/04\/20180425_131004-300x225.jpg 300w, https:\/\/blogsaverroes.juntadeandalucia.es\/eielreal\/files\/2018\/04\/20180425_131004-768x576.jpg 768w, https:\/\/blogsaverroes.juntadeandalucia.es\/eielreal\/files\/2018\/04\/20180425_131004-1024x768.jpg 1024w, https:\/\/blogsaverroes.juntadeandalucia.es\/eielreal\/files\/2018\/04\/20180425_131004-700x525.jpg 700w, https:\/\/blogsaverroes.juntadeandalucia.es\/eielreal\/files\/2018\/04\/20180425_131004-24x18.jpg 24w, https:\/\/blogsaverroes.juntadeandalucia.es\/eielreal\/files\/2018\/04\/20180425_131004-36x27.jpg 36w, https:\/\/blogsaverroes.juntadeandalucia.es\/eielreal\/files\/2018\/04\/20180425_131004-48x36.jpg 48w, https:\/\/blogsaverroes.juntadeandalucia.es\/eielreal\/files\/2018\/04\/20180425_131004.jpg 1600w\" sizes=\"(max-width: 300px) 100vw, 300px\" \/><\/a><span style=\"color: #38761d\">Este rinc\u00f3n no servir\u00e1 solo para decorar la clase y ponerla bonita, sino que lo utilizaremos como herramienta en s\u00ed mismo. Varias son las veces que nos enfadamos con alg\u00fan compi en clase, o en el patio, o que nos sentimos tristes por algo que nos ha pasado&#8230; y si os fij\u00e1is ALEGR\u00cdA ocupa un papel protagonista en medio de todos, porque hemos llegado a la conclusi\u00f3n de que es mejor estar alegre que sentirse enfadado o furioso, no hay m\u00e1s que ver lo feo que se pone IRA cuando se enfada. Hemos concretado unas pautas entre todos para cuando nos sintamos mal, como por ejemplo contar hasta 10, respirar hondo, beber agua y pensar mientras&#8230;<\/span><\/p>\n<p class=\"separator\"><span style=\"color: #38761d\">Expresar lo que sentimos es important\u00edsimo, exteriorizar y hablar de ello, buscar soluciones o simplemente compartir un momento de alegr\u00eda\u00a0con los dem\u00e1s puede llegar a ser maravilloso y que nuestros peque\u00f1os tomen conciencia de ello es un gran paso al que se tienen que enfrentar.<\/span><\/p>\n<p class=\"separator\"><span style=\"color: #38761d\">\u00a1SE AVECINA UN TRIMESTRE MUY EMOCIONAL!<\/span><\/p>\n<p><a href=\"https:\/\/www.youtube.com\/watch?v=rosQbV_ILjM\" target=\"_blank\" rel=\"noopener\">Enlace al tr\u00e1iler oficial<\/a><\/p>\n<p><a href=\"https:\/\/www.youtube.com\/watch?v=YRnDyvCMLE0\" target=\"_blank\" rel=\"noopener\">Los mejores momentos de la pel\u00edcula (peque\u00f1o resumen)<\/a><\/p>\n<p><a href=\"https:\/\/www.educaciontrespuntocero.com\/recursos\/educacion-emocional\/analizamos-la-pelicula-del-reves-desde-punto-vista-psicologico\/48026.html\" target=\"_blank\" rel=\"noopener\">An\u00e1lisis de la pel\u00edcula desde el punto de vista de la psicolog\u00eda<\/a><\/p>\n<p>Coordinaci\u00f3n de Salud, se\u00f1o M\u00aa Jes\u00fas.<\/p>\n<\/div>\n","protected":false},"excerpt":{"rendered":"<p>\u00bfConoc\u00e9is la pel\u00edcula Del rev\u00e9s?&#8230; Desde la Coordinaci\u00f3n de Salud hemos empezado a trabajar en todo el cole sobre esta pel\u00edcula de Disney, que si no la hab\u00e9is visto con vuestros hijos os animo&#46;&#46;&#46;<\/p>\n","protected":false},"author":3183,"featured_media":15834,"comment_status":"open","ping_status":"open","sticky":false,"template":"","format":"standard","meta":{"ngg_post_thumbnail":0,"footnotes":""},"categories":[611328],"tags":[],"aioseo_notices":[],"_links":{"self":[{"href":"https:\/\/blogsaverroes.juntadeandalucia.es\/eielreal\/wp-json\/wp\/v2\/posts\/15832"}],"collection":[{"href":"https:\/\/blogsaverroes.juntadeandalucia.es\/eielreal\/wp-json\/wp\/v2\/posts"}],"about":[{"href":"https:\/\/blogsaverroes.juntadeandalucia.es\/eielreal\/wp-json\/wp\/v2\/types\/post"}],"author":[{"embeddable":true,"href":"https:\/\/blogsaverroes.juntadeandalucia.es\/eielreal\/wp-json\/wp\/v2\/users\/3183"}],"replies":[{"embeddable":true,"href":"https:\/\/blogsaverroes.juntadeandalucia.es\/eielreal\/wp-json\/wp\/v2\/comments?post=15832"}],"version-history":[{"count":4,"href":"https:\/\/blogsaverroes.juntadeandalucia.es\/eielreal\/wp-json\/wp\/v2\/posts\/15832\/revisions"}],"predecessor-version":[{"id":15839,"href":"https:\/\/blogsaverroes.juntadeandalucia.es\/eielreal\/wp-json\/wp\/v2\/posts\/15832\/revisions\/15839"}],"wp:featuredmedia":[{"embeddable":true,"href":"https:\/\/blogsaverroes.juntadeandalucia.es\/eielreal\/wp-json\/wp\/v2\/media\/15834"}],"wp:attachment":[{"href":"https:\/\/blogsaverroes.juntadeandalucia.es\/eielreal\/wp-json\/wp\/v2\/media?parent=15832"}],"wp:term":[{"taxonomy":"category","embeddable":true,"href":"https:\/\/blogsaverroes.juntadeandalucia.es\/eielreal\/wp-json\/wp\/v2\/categories?post=15832"},{"taxonomy":"post_tag","embeddable":true,"href":"https:\/\/blogsaverroes.juntadeandalucia.es\/eielreal\/wp-json\/wp\/v2\/tags?post=15832"}],"curies":[{"name":"wp","href":"https:\/\/api.w.org\/{rel}","templated":true}]}}