{"id":16174,"date":"2018-05-09T11:15:36","date_gmt":"2018-05-09T11:15:36","guid":{"rendered":"http:\/\/blogsaverroes.juntadeandalucia.es\/eielreal\/?p=16174"},"modified":"2018-06-03T18:58:00","modified_gmt":"2018-06-03T18:58:00","slug":"dia-del-libro-apadrinamiento-lector","status":"publish","type":"post","link":"https:\/\/blogsaverroes.juntadeandalucia.es\/eielreal\/dia-del-libro-apadrinamiento-lector\/","title":{"rendered":"DIA DEL LIBRO: APADRINAMIENTO LECTOR"},"content":{"rendered":"<p>Como todos sab\u00e9is ,nuestro Centro, El Real, est\u00e1 adscrito al Colegio Beato Juan Grande.<\/p>\n<p>Este a\u00f1o,<strong> con motivo del d\u00eda del libro acogimos gustosamente una propuesta de Beato.<\/strong><a href=\"https:\/\/blogsaverroes.juntadeandalucia.es\/eielreal\/files\/2018\/05\/IMG_0776.jpg\"><img loading=\"lazy\" decoding=\"async\" class=\"size-medium wp-image-16175 aligncenter\" src=\"https:\/\/blogsaverroes.juntadeandalucia.es\/eielreal\/files\/2018\/05\/IMG_0776-300x225.jpg\" alt=\"\" width=\"300\" height=\"225\" srcset=\"https:\/\/blogsaverroes.juntadeandalucia.es\/eielreal\/files\/2018\/05\/IMG_0776-300x225.jpg 300w, https:\/\/blogsaverroes.juntadeandalucia.es\/eielreal\/files\/2018\/05\/IMG_0776-768x576.jpg 768w, https:\/\/blogsaverroes.juntadeandalucia.es\/eielreal\/files\/2018\/05\/IMG_0776-1024x768.jpg 1024w, https:\/\/blogsaverroes.juntadeandalucia.es\/eielreal\/files\/2018\/05\/IMG_0776-700x525.jpg 700w, https:\/\/blogsaverroes.juntadeandalucia.es\/eielreal\/files\/2018\/05\/IMG_0776-24x18.jpg 24w, https:\/\/blogsaverroes.juntadeandalucia.es\/eielreal\/files\/2018\/05\/IMG_0776-36x27.jpg 36w, https:\/\/blogsaverroes.juntadeandalucia.es\/eielreal\/files\/2018\/05\/IMG_0776-48x36.jpg 48w, https:\/\/blogsaverroes.juntadeandalucia.es\/eielreal\/files\/2018\/05\/IMG_0776.jpg 1600w\" sizes=\"(max-width: 300px) 100vw, 300px\" \/><\/a><\/p>\n<p style=\"text-align: justify\">Se trataba de <strong>un \u00abapadrinamiento lector\u00bb<\/strong> consistente en una marat\u00f3n de cuenta-cuentos:<\/p>\n<p style=\"text-align: justify\">nuestros antiguos alumnos\/as&nbsp; de 5\u00ba y 6\u00ba curso contar\u00edan cuentos a los m\u00e1s peque\u00f1os.<\/p>\n<p><a href=\"https:\/\/blogsaverroes.juntadeandalucia.es\/eielreal\/files\/2018\/05\/IMG_0782.jpg\"><img loading=\"lazy\" decoding=\"async\" class=\"alignnone size-medium wp-image-16176\" src=\"https:\/\/blogsaverroes.juntadeandalucia.es\/eielreal\/files\/2018\/05\/IMG_0782-300x225.jpg\" alt=\"\" width=\"300\" height=\"225\" srcset=\"https:\/\/blogsaverroes.juntadeandalucia.es\/eielreal\/files\/2018\/05\/IMG_0782-300x225.jpg 300w, https:\/\/blogsaverroes.juntadeandalucia.es\/eielreal\/files\/2018\/05\/IMG_0782-768x576.jpg 768w, https:\/\/blogsaverroes.juntadeandalucia.es\/eielreal\/files\/2018\/05\/IMG_0782-1024x768.jpg 1024w, https:\/\/blogsaverroes.juntadeandalucia.es\/eielreal\/files\/2018\/05\/IMG_0782-700x525.jpg 700w, https:\/\/blogsaverroes.juntadeandalucia.es\/eielreal\/files\/2018\/05\/IMG_0782-24x18.jpg 24w, https:\/\/blogsaverroes.juntadeandalucia.es\/eielreal\/files\/2018\/05\/IMG_0782-36x27.jpg 36w, https:\/\/blogsaverroes.juntadeandalucia.es\/eielreal\/files\/2018\/05\/IMG_0782-48x36.jpg 48w, https:\/\/blogsaverroes.juntadeandalucia.es\/eielreal\/files\/2018\/05\/IMG_0782.jpg 1600w\" sizes=\"(max-width: 300px) 100vw, 300px\" \/>&nbsp;<\/a><a href=\"https:\/\/blogsaverroes.juntadeandalucia.es\/eielreal\/files\/2018\/05\/IMG_0824.jpg\"><img loading=\"lazy\" decoding=\"async\" class=\"alignnone size-medium wp-image-16190\" src=\"https:\/\/blogsaverroes.juntadeandalucia.es\/eielreal\/files\/2018\/05\/IMG_0824-300x225.jpg\" alt=\"\" width=\"300\" height=\"225\" srcset=\"https:\/\/blogsaverroes.juntadeandalucia.es\/eielreal\/files\/2018\/05\/IMG_0824-300x225.jpg 300w, https:\/\/blogsaverroes.juntadeandalucia.es\/eielreal\/files\/2018\/05\/IMG_0824-768x576.jpg 768w, https:\/\/blogsaverroes.juntadeandalucia.es\/eielreal\/files\/2018\/05\/IMG_0824-1024x768.jpg 1024w, https:\/\/blogsaverroes.juntadeandalucia.es\/eielreal\/files\/2018\/05\/IMG_0824-700x525.jpg 700w, https:\/\/blogsaverroes.juntadeandalucia.es\/eielreal\/files\/2018\/05\/IMG_0824-24x18.jpg 24w, https:\/\/blogsaverroes.juntadeandalucia.es\/eielreal\/files\/2018\/05\/IMG_0824-36x27.jpg 36w, https:\/\/blogsaverroes.juntadeandalucia.es\/eielreal\/files\/2018\/05\/IMG_0824-48x36.jpg 48w, https:\/\/blogsaverroes.juntadeandalucia.es\/eielreal\/files\/2018\/05\/IMG_0824.jpg 1600w\" sizes=\"(max-width: 300px) 100vw, 300px\" \/><\/a><img loading=\"lazy\" decoding=\"async\" class=\"alignnone size-medium wp-image-16180\" src=\"https:\/\/blogsaverroes.juntadeandalucia.es\/eielreal\/files\/2018\/05\/IMG_0794-300x225.jpg\" alt=\"\" width=\"300\" height=\"225\" srcset=\"https:\/\/blogsaverroes.juntadeandalucia.es\/eielreal\/files\/2018\/05\/IMG_0794-300x225.jpg 300w, https:\/\/blogsaverroes.juntadeandalucia.es\/eielreal\/files\/2018\/05\/IMG_0794-768x576.jpg 768w, https:\/\/blogsaverroes.juntadeandalucia.es\/eielreal\/files\/2018\/05\/IMG_0794-1024x768.jpg 1024w, https:\/\/blogsaverroes.juntadeandalucia.es\/eielreal\/files\/2018\/05\/IMG_0794-700x525.jpg 700w, https:\/\/blogsaverroes.juntadeandalucia.es\/eielreal\/files\/2018\/05\/IMG_0794-24x18.jpg 24w, https:\/\/blogsaverroes.juntadeandalucia.es\/eielreal\/files\/2018\/05\/IMG_0794-36x27.jpg 36w, https:\/\/blogsaverroes.juntadeandalucia.es\/eielreal\/files\/2018\/05\/IMG_0794-48x36.jpg 48w, https:\/\/blogsaverroes.juntadeandalucia.es\/eielreal\/files\/2018\/05\/IMG_0794.jpg 1600w\" sizes=\"(max-width: 300px) 100vw, 300px\" \/>&nbsp;&nbsp;<a href=\"https:\/\/blogsaverroes.juntadeandalucia.es\/eielreal\/files\/2018\/05\/IMG_0790.jpg\"><img loading=\"lazy\" decoding=\"async\" class=\"alignnone size-medium wp-image-16179\" src=\"https:\/\/blogsaverroes.juntadeandalucia.es\/eielreal\/files\/2018\/05\/IMG_0790-300x225.jpg\" alt=\"\" width=\"300\" height=\"225\" srcset=\"https:\/\/blogsaverroes.juntadeandalucia.es\/eielreal\/files\/2018\/05\/IMG_0790-300x225.jpg 300w, https:\/\/blogsaverroes.juntadeandalucia.es\/eielreal\/files\/2018\/05\/IMG_0790-768x576.jpg 768w, https:\/\/blogsaverroes.juntadeandalucia.es\/eielreal\/files\/2018\/05\/IMG_0790-1024x768.jpg 1024w, https:\/\/blogsaverroes.juntadeandalucia.es\/eielreal\/files\/2018\/05\/IMG_0790-700x525.jpg 700w, https:\/\/blogsaverroes.juntadeandalucia.es\/eielreal\/files\/2018\/05\/IMG_0790-24x18.jpg 24w, https:\/\/blogsaverroes.juntadeandalucia.es\/eielreal\/files\/2018\/05\/IMG_0790-36x27.jpg 36w, https:\/\/blogsaverroes.juntadeandalucia.es\/eielreal\/files\/2018\/05\/IMG_0790-48x36.jpg 48w, https:\/\/blogsaverroes.juntadeandalucia.es\/eielreal\/files\/2018\/05\/IMG_0790.jpg 1600w\" sizes=\"(max-width: 300px) 100vw, 300px\" \/><\/a>&nbsp;<a href=\"https:\/\/blogsaverroes.juntadeandalucia.es\/eielreal\/files\/2018\/05\/IMG_0812.jpg\"><img loading=\"lazy\" decoding=\"async\" class=\"alignnone size-medium wp-image-16187\" src=\"https:\/\/blogsaverroes.juntadeandalucia.es\/eielreal\/files\/2018\/05\/IMG_0812-300x225.jpg\" alt=\"\" width=\"300\" height=\"225\" srcset=\"https:\/\/blogsaverroes.juntadeandalucia.es\/eielreal\/files\/2018\/05\/IMG_0812-300x225.jpg 300w, https:\/\/blogsaverroes.juntadeandalucia.es\/eielreal\/files\/2018\/05\/IMG_0812-768x576.jpg 768w, https:\/\/blogsaverroes.juntadeandalucia.es\/eielreal\/files\/2018\/05\/IMG_0812-1024x768.jpg 1024w, https:\/\/blogsaverroes.juntadeandalucia.es\/eielreal\/files\/2018\/05\/IMG_0812-700x525.jpg 700w, https:\/\/blogsaverroes.juntadeandalucia.es\/eielreal\/files\/2018\/05\/IMG_0812-24x18.jpg 24w, https:\/\/blogsaverroes.juntadeandalucia.es\/eielreal\/files\/2018\/05\/IMG_0812-36x27.jpg 36w, https:\/\/blogsaverroes.juntadeandalucia.es\/eielreal\/files\/2018\/05\/IMG_0812-48x36.jpg 48w, https:\/\/blogsaverroes.juntadeandalucia.es\/eielreal\/files\/2018\/05\/IMG_0812.jpg 1600w\" sizes=\"(max-width: 300px) 100vw, 300px\" \/><\/a> <a href=\"https:\/\/blogsaverroes.juntadeandalucia.es\/eielreal\/files\/2018\/05\/IMG_0813.jpg\"><img loading=\"lazy\" decoding=\"async\" class=\"alignnone size-medium wp-image-16188\" src=\"https:\/\/blogsaverroes.juntadeandalucia.es\/eielreal\/files\/2018\/05\/IMG_0813-300x225.jpg\" alt=\"\" width=\"300\" height=\"225\" srcset=\"https:\/\/blogsaverroes.juntadeandalucia.es\/eielreal\/files\/2018\/05\/IMG_0813-300x225.jpg 300w, https:\/\/blogsaverroes.juntadeandalucia.es\/eielreal\/files\/2018\/05\/IMG_0813-768x576.jpg 768w, https:\/\/blogsaverroes.juntadeandalucia.es\/eielreal\/files\/2018\/05\/IMG_0813-1024x768.jpg 1024w, https:\/\/blogsaverroes.juntadeandalucia.es\/eielreal\/files\/2018\/05\/IMG_0813-700x525.jpg 700w, https:\/\/blogsaverroes.juntadeandalucia.es\/eielreal\/files\/2018\/05\/IMG_0813-24x18.jpg 24w, https:\/\/blogsaverroes.juntadeandalucia.es\/eielreal\/files\/2018\/05\/IMG_0813-36x27.jpg 36w, https:\/\/blogsaverroes.juntadeandalucia.es\/eielreal\/files\/2018\/05\/IMG_0813-48x36.jpg 48w, https:\/\/blogsaverroes.juntadeandalucia.es\/eielreal\/files\/2018\/05\/IMG_0813.jpg 1600w\" sizes=\"(max-width: 300px) 100vw, 300px\" \/><\/a><\/p>\n<p style=\"text-align: justify\">Las maestras del Real organizamos en peque\u00f1os grupos a los infantiles, que se sentaron, alrededor de todo el cole, sobre alfombras, sillas o escalones.<\/p>\n<p>Los mayores rotaban con sus cuentos llevando sus historias de ac\u00e1 para all\u00e1 pero en un orden admirable.<\/p>\n<p><a href=\"https:\/\/blogsaverroes.juntadeandalucia.es\/eielreal\/files\/2018\/05\/IMG_0787.jpg\"><img loading=\"lazy\" decoding=\"async\" class=\"alignnone size-medium wp-image-16178\" src=\"https:\/\/blogsaverroes.juntadeandalucia.es\/eielreal\/files\/2018\/05\/IMG_0787-300x225.jpg\" alt=\"\" width=\"300\" height=\"225\" srcset=\"https:\/\/blogsaverroes.juntadeandalucia.es\/eielreal\/files\/2018\/05\/IMG_0787-300x225.jpg 300w, https:\/\/blogsaverroes.juntadeandalucia.es\/eielreal\/files\/2018\/05\/IMG_0787-768x576.jpg 768w, https:\/\/blogsaverroes.juntadeandalucia.es\/eielreal\/files\/2018\/05\/IMG_0787-1024x768.jpg 1024w, https:\/\/blogsaverroes.juntadeandalucia.es\/eielreal\/files\/2018\/05\/IMG_0787-700x525.jpg 700w, https:\/\/blogsaverroes.juntadeandalucia.es\/eielreal\/files\/2018\/05\/IMG_0787-24x18.jpg 24w, https:\/\/blogsaverroes.juntadeandalucia.es\/eielreal\/files\/2018\/05\/IMG_0787-36x27.jpg 36w, https:\/\/blogsaverroes.juntadeandalucia.es\/eielreal\/files\/2018\/05\/IMG_0787-48x36.jpg 48w, https:\/\/blogsaverroes.juntadeandalucia.es\/eielreal\/files\/2018\/05\/IMG_0787.jpg 1600w\" sizes=\"(max-width: 300px) 100vw, 300px\" \/>&nbsp;<\/a> <a href=\"https:\/\/blogsaverroes.juntadeandalucia.es\/eielreal\/files\/2018\/05\/IMG_0785.jpg\"><img loading=\"lazy\" decoding=\"async\" class=\"alignnone size-medium wp-image-16177\" src=\"https:\/\/blogsaverroes.juntadeandalucia.es\/eielreal\/files\/2018\/05\/IMG_0785-300x225.jpg\" alt=\"\" width=\"300\" height=\"225\" srcset=\"https:\/\/blogsaverroes.juntadeandalucia.es\/eielreal\/files\/2018\/05\/IMG_0785-300x225.jpg 300w, https:\/\/blogsaverroes.juntadeandalucia.es\/eielreal\/files\/2018\/05\/IMG_0785-768x576.jpg 768w, https:\/\/blogsaverroes.juntadeandalucia.es\/eielreal\/files\/2018\/05\/IMG_0785-1024x768.jpg 1024w, https:\/\/blogsaverroes.juntadeandalucia.es\/eielreal\/files\/2018\/05\/IMG_0785-700x525.jpg 700w, https:\/\/blogsaverroes.juntadeandalucia.es\/eielreal\/files\/2018\/05\/IMG_0785-24x18.jpg 24w, https:\/\/blogsaverroes.juntadeandalucia.es\/eielreal\/files\/2018\/05\/IMG_0785-36x27.jpg 36w, https:\/\/blogsaverroes.juntadeandalucia.es\/eielreal\/files\/2018\/05\/IMG_0785-48x36.jpg 48w, https:\/\/blogsaverroes.juntadeandalucia.es\/eielreal\/files\/2018\/05\/IMG_0785.jpg 1600w\" sizes=\"(max-width: 300px) 100vw, 300px\" \/><\/a> <a href=\"https:\/\/blogsaverroes.juntadeandalucia.es\/eielreal\/files\/2018\/05\/IMG_0800.jpg\"><img loading=\"lazy\" decoding=\"async\" class=\"alignnone size-medium wp-image-16183\" src=\"https:\/\/blogsaverroes.juntadeandalucia.es\/eielreal\/files\/2018\/05\/IMG_0800-300x225.jpg\" alt=\"\" width=\"300\" height=\"225\" srcset=\"https:\/\/blogsaverroes.juntadeandalucia.es\/eielreal\/files\/2018\/05\/IMG_0800-300x225.jpg 300w, https:\/\/blogsaverroes.juntadeandalucia.es\/eielreal\/files\/2018\/05\/IMG_0800-768x576.jpg 768w, https:\/\/blogsaverroes.juntadeandalucia.es\/eielreal\/files\/2018\/05\/IMG_0800-1024x768.jpg 1024w, https:\/\/blogsaverroes.juntadeandalucia.es\/eielreal\/files\/2018\/05\/IMG_0800-700x525.jpg 700w, https:\/\/blogsaverroes.juntadeandalucia.es\/eielreal\/files\/2018\/05\/IMG_0800-24x18.jpg 24w, https:\/\/blogsaverroes.juntadeandalucia.es\/eielreal\/files\/2018\/05\/IMG_0800-36x27.jpg 36w, https:\/\/blogsaverroes.juntadeandalucia.es\/eielreal\/files\/2018\/05\/IMG_0800-48x36.jpg 48w, https:\/\/blogsaverroes.juntadeandalucia.es\/eielreal\/files\/2018\/05\/IMG_0800.jpg 1600w\" sizes=\"(max-width: 300px) 100vw, 300px\" \/>&nbsp;<\/a><a href=\"https:\/\/blogsaverroes.juntadeandalucia.es\/eielreal\/files\/2018\/05\/IMG_0836.jpg\"><img loading=\"lazy\" decoding=\"async\" class=\"alignnone size-medium wp-image-16193\" src=\"https:\/\/blogsaverroes.juntadeandalucia.es\/eielreal\/files\/2018\/05\/IMG_0836-300x225.jpg\" alt=\"\" width=\"300\" height=\"225\" srcset=\"https:\/\/blogsaverroes.juntadeandalucia.es\/eielreal\/files\/2018\/05\/IMG_0836-300x225.jpg 300w, https:\/\/blogsaverroes.juntadeandalucia.es\/eielreal\/files\/2018\/05\/IMG_0836-768x576.jpg 768w, https:\/\/blogsaverroes.juntadeandalucia.es\/eielreal\/files\/2018\/05\/IMG_0836-1024x768.jpg 1024w, https:\/\/blogsaverroes.juntadeandalucia.es\/eielreal\/files\/2018\/05\/IMG_0836-700x525.jpg 700w, https:\/\/blogsaverroes.juntadeandalucia.es\/eielreal\/files\/2018\/05\/IMG_0836-24x18.jpg 24w, https:\/\/blogsaverroes.juntadeandalucia.es\/eielreal\/files\/2018\/05\/IMG_0836-36x27.jpg 36w, https:\/\/blogsaverroes.juntadeandalucia.es\/eielreal\/files\/2018\/05\/IMG_0836-48x36.jpg 48w, https:\/\/blogsaverroes.juntadeandalucia.es\/eielreal\/files\/2018\/05\/IMG_0836.jpg 1600w\" sizes=\"(max-width: 300px) 100vw, 300px\" \/><\/a><\/p>\n<p style=\"text-align: justify\">Los alumnos y alumnas de Beato estaban muy ilusionados, y trataban a los peque\u00f1os con una delicadeza extraordinaria, esforz\u00e1ndose para que entendieran aquellas historias que tra\u00edan preparadas.<\/p>\n<p><a href=\"https:\/\/blogsaverroes.juntadeandalucia.es\/eielreal\/files\/2018\/05\/IMG_0805.jpg\"><img loading=\"lazy\" decoding=\"async\" class=\"alignnone size-medium wp-image-16185\" src=\"https:\/\/blogsaverroes.juntadeandalucia.es\/eielreal\/files\/2018\/05\/IMG_0805-300x225.jpg\" alt=\"\" width=\"300\" height=\"225\" srcset=\"https:\/\/blogsaverroes.juntadeandalucia.es\/eielreal\/files\/2018\/05\/IMG_0805-300x225.jpg 300w, https:\/\/blogsaverroes.juntadeandalucia.es\/eielreal\/files\/2018\/05\/IMG_0805-768x576.jpg 768w, https:\/\/blogsaverroes.juntadeandalucia.es\/eielreal\/files\/2018\/05\/IMG_0805-1024x768.jpg 1024w, https:\/\/blogsaverroes.juntadeandalucia.es\/eielreal\/files\/2018\/05\/IMG_0805-700x525.jpg 700w, https:\/\/blogsaverroes.juntadeandalucia.es\/eielreal\/files\/2018\/05\/IMG_0805-24x18.jpg 24w, https:\/\/blogsaverroes.juntadeandalucia.es\/eielreal\/files\/2018\/05\/IMG_0805-36x27.jpg 36w, https:\/\/blogsaverroes.juntadeandalucia.es\/eielreal\/files\/2018\/05\/IMG_0805-48x36.jpg 48w, https:\/\/blogsaverroes.juntadeandalucia.es\/eielreal\/files\/2018\/05\/IMG_0805.jpg 1600w\" sizes=\"(max-width: 300px) 100vw, 300px\" \/><\/a>&nbsp; &nbsp;<a href=\"https:\/\/blogsaverroes.juntadeandalucia.es\/eielreal\/files\/2018\/05\/IMG_0809.jpg\"><img loading=\"lazy\" decoding=\"async\" class=\"alignnone size-medium wp-image-16186\" src=\"https:\/\/blogsaverroes.juntadeandalucia.es\/eielreal\/files\/2018\/05\/IMG_0809-300x225.jpg\" alt=\"\" width=\"300\" height=\"225\" srcset=\"https:\/\/blogsaverroes.juntadeandalucia.es\/eielreal\/files\/2018\/05\/IMG_0809-300x225.jpg 300w, https:\/\/blogsaverroes.juntadeandalucia.es\/eielreal\/files\/2018\/05\/IMG_0809-768x576.jpg 768w, https:\/\/blogsaverroes.juntadeandalucia.es\/eielreal\/files\/2018\/05\/IMG_0809-1024x768.jpg 1024w, https:\/\/blogsaverroes.juntadeandalucia.es\/eielreal\/files\/2018\/05\/IMG_0809-700x525.jpg 700w, https:\/\/blogsaverroes.juntadeandalucia.es\/eielreal\/files\/2018\/05\/IMG_0809-24x18.jpg 24w, https:\/\/blogsaverroes.juntadeandalucia.es\/eielreal\/files\/2018\/05\/IMG_0809-36x27.jpg 36w, https:\/\/blogsaverroes.juntadeandalucia.es\/eielreal\/files\/2018\/05\/IMG_0809-48x36.jpg 48w, https:\/\/blogsaverroes.juntadeandalucia.es\/eielreal\/files\/2018\/05\/IMG_0809.jpg 1600w\" sizes=\"(max-width: 300px) 100vw, 300px\" \/><\/a> <a href=\"https:\/\/blogsaverroes.juntadeandalucia.es\/eielreal\/files\/2018\/05\/IMG_0813.jpg\"><img loading=\"lazy\" decoding=\"async\" class=\"alignnone size-medium wp-image-16188\" src=\"https:\/\/blogsaverroes.juntadeandalucia.es\/eielreal\/files\/2018\/05\/IMG_0813-300x225.jpg\" alt=\"\" width=\"300\" height=\"225\" srcset=\"https:\/\/blogsaverroes.juntadeandalucia.es\/eielreal\/files\/2018\/05\/IMG_0813-300x225.jpg 300w, https:\/\/blogsaverroes.juntadeandalucia.es\/eielreal\/files\/2018\/05\/IMG_0813-768x576.jpg 768w, https:\/\/blogsaverroes.juntadeandalucia.es\/eielreal\/files\/2018\/05\/IMG_0813-1024x768.jpg 1024w, https:\/\/blogsaverroes.juntadeandalucia.es\/eielreal\/files\/2018\/05\/IMG_0813-700x525.jpg 700w, https:\/\/blogsaverroes.juntadeandalucia.es\/eielreal\/files\/2018\/05\/IMG_0813-24x18.jpg 24w, https:\/\/blogsaverroes.juntadeandalucia.es\/eielreal\/files\/2018\/05\/IMG_0813-36x27.jpg 36w, https:\/\/blogsaverroes.juntadeandalucia.es\/eielreal\/files\/2018\/05\/IMG_0813-48x36.jpg 48w, https:\/\/blogsaverroes.juntadeandalucia.es\/eielreal\/files\/2018\/05\/IMG_0813.jpg 1600w\" sizes=\"(max-width: 300px) 100vw, 300px\" \/><\/a>&nbsp; &nbsp;<a href=\"https:\/\/blogsaverroes.juntadeandalucia.es\/eielreal\/files\/2018\/05\/IMG_0820.jpg\"><img loading=\"lazy\" decoding=\"async\" class=\"alignnone size-medium wp-image-16189\" src=\"https:\/\/blogsaverroes.juntadeandalucia.es\/eielreal\/files\/2018\/05\/IMG_0820-300x225.jpg\" alt=\"\" width=\"300\" height=\"225\" srcset=\"https:\/\/blogsaverroes.juntadeandalucia.es\/eielreal\/files\/2018\/05\/IMG_0820-300x225.jpg 300w, https:\/\/blogsaverroes.juntadeandalucia.es\/eielreal\/files\/2018\/05\/IMG_0820-768x576.jpg 768w, https:\/\/blogsaverroes.juntadeandalucia.es\/eielreal\/files\/2018\/05\/IMG_0820-1024x768.jpg 1024w, https:\/\/blogsaverroes.juntadeandalucia.es\/eielreal\/files\/2018\/05\/IMG_0820-700x525.jpg 700w, https:\/\/blogsaverroes.juntadeandalucia.es\/eielreal\/files\/2018\/05\/IMG_0820-24x18.jpg 24w, https:\/\/blogsaverroes.juntadeandalucia.es\/eielreal\/files\/2018\/05\/IMG_0820-36x27.jpg 36w, https:\/\/blogsaverroes.juntadeandalucia.es\/eielreal\/files\/2018\/05\/IMG_0820-48x36.jpg 48w, https:\/\/blogsaverroes.juntadeandalucia.es\/eielreal\/files\/2018\/05\/IMG_0820.jpg 1600w\" sizes=\"(max-width: 300px) 100vw, 300px\" \/>&nbsp;<\/a><\/p>\n<p style=\"text-align: justify\"><strong>Utilizaron no s\u00f3lo cuentos, sino que teatralizaron personalmente las escenas y hasta se sirvieron de marionetas<\/strong>. No faltaron regalitos de manualidades que ya tra\u00edan preparadas para obsequiar a los m\u00e1s peque\u00f1ines.<\/p>\n<p><a href=\"https:\/\/blogsaverroes.juntadeandalucia.es\/eielreal\/files\/2018\/05\/IMG_0848.jpg\"><img loading=\"lazy\" decoding=\"async\" class=\"alignnone size-medium wp-image-16194\" src=\"https:\/\/blogsaverroes.juntadeandalucia.es\/eielreal\/files\/2018\/05\/IMG_0848-300x225.jpg\" alt=\"\" width=\"300\" height=\"225\" srcset=\"https:\/\/blogsaverroes.juntadeandalucia.es\/eielreal\/files\/2018\/05\/IMG_0848-300x225.jpg 300w, https:\/\/blogsaverroes.juntadeandalucia.es\/eielreal\/files\/2018\/05\/IMG_0848-768x576.jpg 768w, https:\/\/blogsaverroes.juntadeandalucia.es\/eielreal\/files\/2018\/05\/IMG_0848-1024x768.jpg 1024w, https:\/\/blogsaverroes.juntadeandalucia.es\/eielreal\/files\/2018\/05\/IMG_0848-700x525.jpg 700w, https:\/\/blogsaverroes.juntadeandalucia.es\/eielreal\/files\/2018\/05\/IMG_0848-24x18.jpg 24w, https:\/\/blogsaverroes.juntadeandalucia.es\/eielreal\/files\/2018\/05\/IMG_0848-36x27.jpg 36w, https:\/\/blogsaverroes.juntadeandalucia.es\/eielreal\/files\/2018\/05\/IMG_0848-48x36.jpg 48w, https:\/\/blogsaverroes.juntadeandalucia.es\/eielreal\/files\/2018\/05\/IMG_0848.jpg 1600w\" sizes=\"(max-width: 300px) 100vw, 300px\" \/>&nbsp;<\/a> <a href=\"https:\/\/blogsaverroes.juntadeandalucia.es\/eielreal\/files\/2018\/05\/IMG_0832.jpg\"><img loading=\"lazy\" decoding=\"async\" class=\"alignnone size-medium wp-image-16192\" src=\"https:\/\/blogsaverroes.juntadeandalucia.es\/eielreal\/files\/2018\/05\/IMG_0832-300x225.jpg\" alt=\"\" width=\"300\" height=\"225\" srcset=\"https:\/\/blogsaverroes.juntadeandalucia.es\/eielreal\/files\/2018\/05\/IMG_0832-300x225.jpg 300w, https:\/\/blogsaverroes.juntadeandalucia.es\/eielreal\/files\/2018\/05\/IMG_0832-768x576.jpg 768w, https:\/\/blogsaverroes.juntadeandalucia.es\/eielreal\/files\/2018\/05\/IMG_0832-1024x768.jpg 1024w, https:\/\/blogsaverroes.juntadeandalucia.es\/eielreal\/files\/2018\/05\/IMG_0832-700x525.jpg 700w, https:\/\/blogsaverroes.juntadeandalucia.es\/eielreal\/files\/2018\/05\/IMG_0832-24x18.jpg 24w, https:\/\/blogsaverroes.juntadeandalucia.es\/eielreal\/files\/2018\/05\/IMG_0832-36x27.jpg 36w, https:\/\/blogsaverroes.juntadeandalucia.es\/eielreal\/files\/2018\/05\/IMG_0832-48x36.jpg 48w, https:\/\/blogsaverroes.juntadeandalucia.es\/eielreal\/files\/2018\/05\/IMG_0832.jpg 1600w\" sizes=\"(max-width: 300px) 100vw, 300px\" \/><\/a> <a href=\"https:\/\/blogsaverroes.juntadeandalucia.es\/eielreal\/files\/2018\/05\/IMG_0830.jpg\"><img loading=\"lazy\" decoding=\"async\" class=\"alignnone size-medium wp-image-16191\" src=\"https:\/\/blogsaverroes.juntadeandalucia.es\/eielreal\/files\/2018\/05\/IMG_0830-300x225.jpg\" alt=\"\" width=\"300\" height=\"225\" srcset=\"https:\/\/blogsaverroes.juntadeandalucia.es\/eielreal\/files\/2018\/05\/IMG_0830-300x225.jpg 300w, https:\/\/blogsaverroes.juntadeandalucia.es\/eielreal\/files\/2018\/05\/IMG_0830-768x576.jpg 768w, https:\/\/blogsaverroes.juntadeandalucia.es\/eielreal\/files\/2018\/05\/IMG_0830-1024x768.jpg 1024w, https:\/\/blogsaverroes.juntadeandalucia.es\/eielreal\/files\/2018\/05\/IMG_0830-700x525.jpg 700w, https:\/\/blogsaverroes.juntadeandalucia.es\/eielreal\/files\/2018\/05\/IMG_0830-24x18.jpg 24w, https:\/\/blogsaverroes.juntadeandalucia.es\/eielreal\/files\/2018\/05\/IMG_0830-36x27.jpg 36w, https:\/\/blogsaverroes.juntadeandalucia.es\/eielreal\/files\/2018\/05\/IMG_0830-48x36.jpg 48w, https:\/\/blogsaverroes.juntadeandalucia.es\/eielreal\/files\/2018\/05\/IMG_0830.jpg 1600w\" sizes=\"(max-width: 300px) 100vw, 300px\" \/>&nbsp;<\/a> <a href=\"https:\/\/blogsaverroes.juntadeandalucia.es\/eielreal\/files\/2018\/05\/IMG_0804.jpg\"><img loading=\"lazy\" decoding=\"async\" class=\"alignnone size-medium wp-image-16184\" src=\"https:\/\/blogsaverroes.juntadeandalucia.es\/eielreal\/files\/2018\/05\/IMG_0804-300x225.jpg\" alt=\"\" width=\"300\" height=\"225\" srcset=\"https:\/\/blogsaverroes.juntadeandalucia.es\/eielreal\/files\/2018\/05\/IMG_0804-300x225.jpg 300w, https:\/\/blogsaverroes.juntadeandalucia.es\/eielreal\/files\/2018\/05\/IMG_0804-768x576.jpg 768w, https:\/\/blogsaverroes.juntadeandalucia.es\/eielreal\/files\/2018\/05\/IMG_0804-1024x768.jpg 1024w, https:\/\/blogsaverroes.juntadeandalucia.es\/eielreal\/files\/2018\/05\/IMG_0804-700x525.jpg 700w, https:\/\/blogsaverroes.juntadeandalucia.es\/eielreal\/files\/2018\/05\/IMG_0804-24x18.jpg 24w, https:\/\/blogsaverroes.juntadeandalucia.es\/eielreal\/files\/2018\/05\/IMG_0804-36x27.jpg 36w, https:\/\/blogsaverroes.juntadeandalucia.es\/eielreal\/files\/2018\/05\/IMG_0804-48x36.jpg 48w, https:\/\/blogsaverroes.juntadeandalucia.es\/eielreal\/files\/2018\/05\/IMG_0804.jpg 1600w\" sizes=\"(max-width: 300px) 100vw, 300px\" \/><\/a><a href=\"https:\/\/blogsaverroes.juntadeandalucia.es\/eielreal\/files\/2018\/05\/IMG_0787.jpg\"><img loading=\"lazy\" decoding=\"async\" class=\"size-medium wp-image-16178 aligncenter\" src=\"https:\/\/blogsaverroes.juntadeandalucia.es\/eielreal\/files\/2018\/05\/IMG_0787-300x225.jpg\" alt=\"\" width=\"300\" height=\"225\" srcset=\"https:\/\/blogsaverroes.juntadeandalucia.es\/eielreal\/files\/2018\/05\/IMG_0787-300x225.jpg 300w, https:\/\/blogsaverroes.juntadeandalucia.es\/eielreal\/files\/2018\/05\/IMG_0787-768x576.jpg 768w, https:\/\/blogsaverroes.juntadeandalucia.es\/eielreal\/files\/2018\/05\/IMG_0787-1024x768.jpg 1024w, https:\/\/blogsaverroes.juntadeandalucia.es\/eielreal\/files\/2018\/05\/IMG_0787-700x525.jpg 700w, https:\/\/blogsaverroes.juntadeandalucia.es\/eielreal\/files\/2018\/05\/IMG_0787-24x18.jpg 24w, https:\/\/blogsaverroes.juntadeandalucia.es\/eielreal\/files\/2018\/05\/IMG_0787-36x27.jpg 36w, https:\/\/blogsaverroes.juntadeandalucia.es\/eielreal\/files\/2018\/05\/IMG_0787-48x36.jpg 48w, https:\/\/blogsaverroes.juntadeandalucia.es\/eielreal\/files\/2018\/05\/IMG_0787.jpg 1600w\" sizes=\"(max-width: 300px) 100vw, 300px\" \/><\/a><strong>Ha sido un placer colaborar con esta actividad con los maestros y maestras del Centro vecino. Y estamos abiertos a seguir realizando actividades conjuntas<\/strong>.&nbsp;<\/p>\n<p><iframe loading=\"lazy\" title=\"Apadrinamiento lector Real-Beato\" width=\"500\" height=\"281\" src=\"https:\/\/www.youtube.com\/embed\/jcvSRGcEayc?feature=oembed&#038;wmode=opaque\" frameborder=\"0\" allow=\"accelerometer; autoplay; clipboard-write; encrypted-media; gyroscope; picture-in-picture; web-share\" referrerpolicy=\"strict-origin-when-cross-origin\" allowfullscreen><\/iframe><\/p>\n<p>Magdalena Aguilar.<\/p>\n","protected":false},"excerpt":{"rendered":"<p>Como todos sab\u00e9is ,nuestro Centro, El Real, est\u00e1 adscrito al Colegio Beato Juan Grande. Este a\u00f1o, con motivo del d\u00eda del libro acogimos gustosamente una propuesta de Beato. Se trataba de un \u00abapadrinamiento lector\u00bb&#46;&#46;&#46;<\/p>\n","protected":false},"author":1886,"featured_media":16175,"comment_status":"open","ping_status":"open","sticky":false,"template":"","format":"standard","meta":{"ngg_post_thumbnail":0,"footnotes":""},"categories":[1705,611328,1740711],"tags":[],"aioseo_notices":[],"_links":{"self":[{"href":"https:\/\/blogsaverroes.juntadeandalucia.es\/eielreal\/wp-json\/wp\/v2\/posts\/16174"}],"collection":[{"href":"https:\/\/blogsaverroes.juntadeandalucia.es\/eielreal\/wp-json\/wp\/v2\/posts"}],"about":[{"href":"https:\/\/blogsaverroes.juntadeandalucia.es\/eielreal\/wp-json\/wp\/v2\/types\/post"}],"author":[{"embeddable":true,"href":"https:\/\/blogsaverroes.juntadeandalucia.es\/eielreal\/wp-json\/wp\/v2\/users\/1886"}],"replies":[{"embeddable":true,"href":"https:\/\/blogsaverroes.juntadeandalucia.es\/eielreal\/wp-json\/wp\/v2\/comments?post=16174"}],"version-history":[{"count":8,"href":"https:\/\/blogsaverroes.juntadeandalucia.es\/eielreal\/wp-json\/wp\/v2\/posts\/16174\/revisions"}],"predecessor-version":[{"id":16577,"href":"https:\/\/blogsaverroes.juntadeandalucia.es\/eielreal\/wp-json\/wp\/v2\/posts\/16174\/revisions\/16577"}],"wp:featuredmedia":[{"embeddable":true,"href":"https:\/\/blogsaverroes.juntadeandalucia.es\/eielreal\/wp-json\/wp\/v2\/media\/16175"}],"wp:attachment":[{"href":"https:\/\/blogsaverroes.juntadeandalucia.es\/eielreal\/wp-json\/wp\/v2\/media?parent=16174"}],"wp:term":[{"taxonomy":"category","embeddable":true,"href":"https:\/\/blogsaverroes.juntadeandalucia.es\/eielreal\/wp-json\/wp\/v2\/categories?post=16174"},{"taxonomy":"post_tag","embeddable":true,"href":"https:\/\/blogsaverroes.juntadeandalucia.es\/eielreal\/wp-json\/wp\/v2\/tags?post=16174"}],"curies":[{"name":"wp","href":"https:\/\/api.w.org\/{rel}","templated":true}]}}