{"id":16753,"date":"2018-06-13T11:49:22","date_gmt":"2018-06-13T11:49:22","guid":{"rendered":"https:\/\/blogsaverroes.juntadeandalucia.es\/eielreal\/?p=16753"},"modified":"2018-06-13T15:34:15","modified_gmt":"2018-06-13T15:34:15","slug":"yo-tambien-puedo-ser","status":"publish","type":"post","link":"https:\/\/blogsaverroes.juntadeandalucia.es\/eielreal\/yo-tambien-puedo-ser\/","title":{"rendered":"YO TAMBI\u00c9N PUEDO SER&#8230;"},"content":{"rendered":"<p style=\"text-align: justify\">Desde el<strong> Programa de Igualdad entre hombres y mujeres<\/strong> <strong>que desarrollamos en el Centro, se pidi\u00f3 vuestra colaboraci\u00f3n para que enviaseis fotograf\u00edas de mujeres realizando tareas o trabajos en los&nbsp; que no es habitual verlas. <\/strong>Este es el resultado. Agradecemos a todas las familias que han contribuido a hacer realidad<strong> una idea de nuestra coordinadora de Coeducaci\u00f3n, la se\u00f1o M\u00aa Rosario.<\/strong><a href=\"https:\/\/blogsaverroes.juntadeandalucia.es\/eielreal\/files\/2018\/06\/IMG_1676.jpg\"><img loading=\"lazy\" decoding=\"async\" class=\"size-medium wp-image-16754 aligncenter\" src=\"https:\/\/blogsaverroes.juntadeandalucia.es\/eielreal\/files\/2018\/06\/IMG_1676-300x225.jpg\" alt=\"\" width=\"300\" height=\"225\" srcset=\"https:\/\/blogsaverroes.juntadeandalucia.es\/eielreal\/files\/2018\/06\/IMG_1676-300x225.jpg 300w, https:\/\/blogsaverroes.juntadeandalucia.es\/eielreal\/files\/2018\/06\/IMG_1676-768x576.jpg 768w, https:\/\/blogsaverroes.juntadeandalucia.es\/eielreal\/files\/2018\/06\/IMG_1676-1024x768.jpg 1024w, https:\/\/blogsaverroes.juntadeandalucia.es\/eielreal\/files\/2018\/06\/IMG_1676-700x525.jpg 700w, https:\/\/blogsaverroes.juntadeandalucia.es\/eielreal\/files\/2018\/06\/IMG_1676-24x18.jpg 24w, https:\/\/blogsaverroes.juntadeandalucia.es\/eielreal\/files\/2018\/06\/IMG_1676-36x27.jpg 36w, https:\/\/blogsaverroes.juntadeandalucia.es\/eielreal\/files\/2018\/06\/IMG_1676-48x36.jpg 48w, https:\/\/blogsaverroes.juntadeandalucia.es\/eielreal\/files\/2018\/06\/IMG_1676.jpg 1600w\" sizes=\"(max-width: 300px) 100vw, 300px\" \/><\/a><\/p>\n<p>Lo hemos titulado <strong>\u00bb Yo tambi\u00e9n puedo ser\u00bb<\/strong>. <strong>Y va&nbsp; a estar expuesto en el cole hasta finalizaci\u00f3n del curso. Invitamos a todas las familias a que lo visiten.<\/strong><\/p>\n<p><strong>Y aqu\u00ed va nuestra reflexi\u00f3n:&nbsp;<\/strong><span style=\"text-align: justify\">El papel de la mujer ha cambiado radicalmente en las sociedades m\u00e1s desarrolladas durante las \u00faltimas cuatro d\u00e9cadas. Pero a\u00fan queda mucho por hacer y adem\u00e1s tenemos claro que para conseguir la ansiada igualdad, <\/span><strong style=\"text-align: justify\">el apoyo de los hombres es clave<\/strong><span style=\"text-align: justify\">. Desde nuestra escuela os ofrecemos una peque\u00f1a muestra fotogr\u00e1ficas de mujeres que se agarran a nuestro t\u00edtulo <\/span><strong style=\"text-align: justify\">\u00abYo tambi\u00e9n puedo ser\u00bb<\/strong><span style=\"text-align: justify\">.<\/span><\/p>\n<p style=\"text-align: justify\"><strong>La palabra empoderarse<\/strong> <strong>le viene como anillo al dedo a la mujer del siglo XXI<\/strong>. La mujer todoterreno se siente fuerte, capaz, independiente, emocional y econ\u00f3micamente. <strong>Su papel en la sociedad ha cambiado en los \u00faltimos cuarenta a\u00f1os, en parte debido a su paulatina incorporaci\u00f3n al mercado laboral<\/strong>. Desde entonces, la incesante lucha por la igualdad salarial, por ocupar posiciones de poder en el \u00e1mbito empresarial e institucional, la conciliaci\u00f3n laboral o las medidas de discriminaci\u00f3n positiva han configurado un rol femenino m\u00e1s activo. Pero a\u00fan con todo, las estad\u00edsticas demuestran que todo lo andado hasta ahora no es suficiente. Ning\u00fan pa\u00eds ha alcanzado la igualdad de g\u00e9nero e incluso los m\u00e1s igualitarios ofrecen menos oportunidades para ellas.<\/p>\n<p><a href=\"https:\/\/blogsaverroes.juntadeandalucia.es\/eielreal\/files\/2018\/06\/IMG_1682.jpg\"><img loading=\"lazy\" decoding=\"async\" class=\"alignnone size-medium wp-image-16762\" src=\"https:\/\/blogsaverroes.juntadeandalucia.es\/eielreal\/files\/2018\/06\/IMG_1682-300x225.jpg\" alt=\"\" width=\"300\" height=\"225\" srcset=\"https:\/\/blogsaverroes.juntadeandalucia.es\/eielreal\/files\/2018\/06\/IMG_1682-300x225.jpg 300w, https:\/\/blogsaverroes.juntadeandalucia.es\/eielreal\/files\/2018\/06\/IMG_1682-768x576.jpg 768w, https:\/\/blogsaverroes.juntadeandalucia.es\/eielreal\/files\/2018\/06\/IMG_1682-1024x768.jpg 1024w, https:\/\/blogsaverroes.juntadeandalucia.es\/eielreal\/files\/2018\/06\/IMG_1682-700x525.jpg 700w, https:\/\/blogsaverroes.juntadeandalucia.es\/eielreal\/files\/2018\/06\/IMG_1682-24x18.jpg 24w, https:\/\/blogsaverroes.juntadeandalucia.es\/eielreal\/files\/2018\/06\/IMG_1682-36x27.jpg 36w, https:\/\/blogsaverroes.juntadeandalucia.es\/eielreal\/files\/2018\/06\/IMG_1682-48x36.jpg 48w, https:\/\/blogsaverroes.juntadeandalucia.es\/eielreal\/files\/2018\/06\/IMG_1682.jpg 1600w\" sizes=\"(max-width: 300px) 100vw, 300px\" \/>&nbsp;&nbsp;&nbsp;<\/a> <a href=\"https:\/\/blogsaverroes.juntadeandalucia.es\/eielreal\/files\/2018\/06\/IMG_1681.jpg\"><img loading=\"lazy\" decoding=\"async\" class=\"alignnone size-medium wp-image-16761\" src=\"https:\/\/blogsaverroes.juntadeandalucia.es\/eielreal\/files\/2018\/06\/IMG_1681-300x225.jpg\" alt=\"\" width=\"300\" height=\"225\" srcset=\"https:\/\/blogsaverroes.juntadeandalucia.es\/eielreal\/files\/2018\/06\/IMG_1681-300x225.jpg 300w, https:\/\/blogsaverroes.juntadeandalucia.es\/eielreal\/files\/2018\/06\/IMG_1681-768x576.jpg 768w, https:\/\/blogsaverroes.juntadeandalucia.es\/eielreal\/files\/2018\/06\/IMG_1681-1024x768.jpg 1024w, https:\/\/blogsaverroes.juntadeandalucia.es\/eielreal\/files\/2018\/06\/IMG_1681-700x525.jpg 700w, https:\/\/blogsaverroes.juntadeandalucia.es\/eielreal\/files\/2018\/06\/IMG_1681-24x18.jpg 24w, https:\/\/blogsaverroes.juntadeandalucia.es\/eielreal\/files\/2018\/06\/IMG_1681-36x27.jpg 36w, https:\/\/blogsaverroes.juntadeandalucia.es\/eielreal\/files\/2018\/06\/IMG_1681-48x36.jpg 48w, https:\/\/blogsaverroes.juntadeandalucia.es\/eielreal\/files\/2018\/06\/IMG_1681.jpg 1600w\" sizes=\"(max-width: 300px) 100vw, 300px\" \/><\/a><\/p>\n<p style=\"text-align: justify\">Un dato significativo: <strong>el 44% de los europeos sigue pensando que el papel m\u00e1s importante es cuidar de la casa y de la familia. Y lo creen el 44% de las mujeres y el 43% de los hombres<\/strong>. El mismo porcentaje estima que el papel m\u00e1s importante del hombre es ganar dinero. Ellas siguen ganando mucho menos. As\u00ed que estos datos reflejan que ambos g\u00e9neros tienen mucho camino por recorrer hasta alcanzar la verdadera igualdad. Para ello es necesario no s\u00f3lo definir los roles de ambos. Las mujeres, por nuestra parte, hemos necesitado tanto tiempo para luchar por nuestros derechos que hemos olvidado que estos cambios repercuten en la figura tradicional del var\u00f3n. Ahora les toca tambi\u00e9n a los hombres hacerse preguntas. Es necesario que entiendan la causa. <strong>No queremos depender unos de otros, pero s\u00ed compartir y caminar en paralelo<\/strong> para trasmitir un modelo de aut\u00e9ntica igualdad. S\u00f3lo si trabajamos estos valores desde la infancia, entre hermanos y hermanas, compa\u00f1eros y compa\u00f1eras, madres y padres o parejas de todos los g\u00e9neros lograremos adecuar las tareas y romper los esquemas hasta encontrar un equilibrio.<\/p>\n<p style=\"text-align: justify\"><a href=\"https:\/\/blogsaverroes.juntadeandalucia.es\/eielreal\/files\/2018\/06\/IMG_1683.jpg\"><img loading=\"lazy\" decoding=\"async\" class=\"alignnone size-medium wp-image-16763\" src=\"https:\/\/blogsaverroes.juntadeandalucia.es\/eielreal\/files\/2018\/06\/IMG_1683-300x225.jpg\" alt=\"\" width=\"300\" height=\"225\" srcset=\"https:\/\/blogsaverroes.juntadeandalucia.es\/eielreal\/files\/2018\/06\/IMG_1683-300x225.jpg 300w, https:\/\/blogsaverroes.juntadeandalucia.es\/eielreal\/files\/2018\/06\/IMG_1683-768x576.jpg 768w, https:\/\/blogsaverroes.juntadeandalucia.es\/eielreal\/files\/2018\/06\/IMG_1683-1024x768.jpg 1024w, https:\/\/blogsaverroes.juntadeandalucia.es\/eielreal\/files\/2018\/06\/IMG_1683-700x525.jpg 700w, https:\/\/blogsaverroes.juntadeandalucia.es\/eielreal\/files\/2018\/06\/IMG_1683-24x18.jpg 24w, https:\/\/blogsaverroes.juntadeandalucia.es\/eielreal\/files\/2018\/06\/IMG_1683-36x27.jpg 36w, https:\/\/blogsaverroes.juntadeandalucia.es\/eielreal\/files\/2018\/06\/IMG_1683-48x36.jpg 48w, https:\/\/blogsaverroes.juntadeandalucia.es\/eielreal\/files\/2018\/06\/IMG_1683.jpg 1600w\" sizes=\"(max-width: 300px) 100vw, 300px\" \/><\/a> <a href=\"https:\/\/blogsaverroes.juntadeandalucia.es\/eielreal\/files\/2018\/06\/IMG_1678.jpg\"><img loading=\"lazy\" decoding=\"async\" class=\"alignnone size-medium wp-image-16756\" src=\"https:\/\/blogsaverroes.juntadeandalucia.es\/eielreal\/files\/2018\/06\/IMG_1678-300x225.jpg\" alt=\"\" width=\"300\" height=\"225\" srcset=\"https:\/\/blogsaverroes.juntadeandalucia.es\/eielreal\/files\/2018\/06\/IMG_1678-300x225.jpg 300w, https:\/\/blogsaverroes.juntadeandalucia.es\/eielreal\/files\/2018\/06\/IMG_1678-768x576.jpg 768w, https:\/\/blogsaverroes.juntadeandalucia.es\/eielreal\/files\/2018\/06\/IMG_1678-1024x768.jpg 1024w, https:\/\/blogsaverroes.juntadeandalucia.es\/eielreal\/files\/2018\/06\/IMG_1678-700x525.jpg 700w, https:\/\/blogsaverroes.juntadeandalucia.es\/eielreal\/files\/2018\/06\/IMG_1678-24x18.jpg 24w, https:\/\/blogsaverroes.juntadeandalucia.es\/eielreal\/files\/2018\/06\/IMG_1678-36x27.jpg 36w, https:\/\/blogsaverroes.juntadeandalucia.es\/eielreal\/files\/2018\/06\/IMG_1678-48x36.jpg 48w, https:\/\/blogsaverroes.juntadeandalucia.es\/eielreal\/files\/2018\/06\/IMG_1678.jpg 1600w\" sizes=\"(max-width: 300px) 100vw, 300px\" \/><\/a><strong>Cuando hablamos con familias en tutor\u00edas,<\/strong> reuniones generales o a lo mejor en algunos contactos informales y espontaneos, tenemos la sensaci\u00f3n de que&nbsp;<strong>a veces<\/strong> los padres sienten descolocados. \u201cMe dice que participe m\u00e1s en casa y cuando lo hago resulta que todo lo hago mal porque tiene que ser a su manera\u201d. \u201cSi le digo que salga a correr&nbsp;tranquila, que yo me quedo solo con los ni\u00f1os, me dice que se va a agobiada. Realmente no s\u00e9 lo que quiere\u201d. \u201cCuando tengo la iniciativa de preparar la cena, al final tenemos una pelea porque no&nbsp;<em>consegu\u00ed adivinar<\/em>&nbsp;lo que ella hubiera puesto para cenar\u201d. \u201cHemos cambiado de residencia porque su trabajo era mejor, ella ganaba m\u00e1s que yo. Mientras yo encuentro empleo, me dedico a la casa, pero de verdad que me siento como un completo in\u00fatil, tengo la sensaci\u00f3n de no aportar lo que&nbsp;<em>deber\u00eda<\/em>, me da verg\u00fcenza que mi mujer aporte econ\u00f3micamente y yo no pueda\u201d. Estas frases reflejan hasta qu\u00e9 punto la cultura machista est\u00e1 arraigada en nuestra sociedad y el desconcierto que tienen los hombres con el cambio del papel de la mujer. Muchos hombres han cambiado el chip y se adaptan a su <strong>nuevo rol<\/strong>: disfrutan al m\u00e1ximo la baja por paternidad, intentan salir antes del trabajo y estar m\u00e1s con los peque\u00f1os, se involucran en los roles dom\u00e9sticos. Otros, no tienen la iniciativa ni idea de c\u00f3mo ejercer su funci\u00f3n familiar y social. Pero <strong>todo es cuesti\u00f3n de tiempo, concienciaci\u00f3n y lucha.<\/strong> <strong>Y si estamos unidos en esta encrucijada, saldremos ganando ambos g\u00e9neros.<\/strong><\/p>\n<p>Magdalena Aguilar y Sonia Lora.<\/p>\n","protected":false},"excerpt":{"rendered":"<p>Desde el Programa de Igualdad entre hombres y mujeres que desarrollamos en el Centro, se pidi\u00f3 vuestra colaboraci\u00f3n para que enviaseis fotograf\u00edas de mujeres realizando tareas o trabajos en los&nbsp; que no es habitual&#46;&#46;&#46;<\/p>\n","protected":false},"author":1886,"featured_media":16754,"comment_status":"open","ping_status":"open","sticky":false,"template":"","format":"standard","meta":{"ngg_post_thumbnail":0,"footnotes":""},"categories":[611328,827281],"tags":[],"aioseo_notices":[],"_links":{"self":[{"href":"https:\/\/blogsaverroes.juntadeandalucia.es\/eielreal\/wp-json\/wp\/v2\/posts\/16753"}],"collection":[{"href":"https:\/\/blogsaverroes.juntadeandalucia.es\/eielreal\/wp-json\/wp\/v2\/posts"}],"about":[{"href":"https:\/\/blogsaverroes.juntadeandalucia.es\/eielreal\/wp-json\/wp\/v2\/types\/post"}],"author":[{"embeddable":true,"href":"https:\/\/blogsaverroes.juntadeandalucia.es\/eielreal\/wp-json\/wp\/v2\/users\/1886"}],"replies":[{"embeddable":true,"href":"https:\/\/blogsaverroes.juntadeandalucia.es\/eielreal\/wp-json\/wp\/v2\/comments?post=16753"}],"version-history":[{"count":9,"href":"https:\/\/blogsaverroes.juntadeandalucia.es\/eielreal\/wp-json\/wp\/v2\/posts\/16753\/revisions"}],"predecessor-version":[{"id":16770,"href":"https:\/\/blogsaverroes.juntadeandalucia.es\/eielreal\/wp-json\/wp\/v2\/posts\/16753\/revisions\/16770"}],"wp:featuredmedia":[{"embeddable":true,"href":"https:\/\/blogsaverroes.juntadeandalucia.es\/eielreal\/wp-json\/wp\/v2\/media\/16754"}],"wp:attachment":[{"href":"https:\/\/blogsaverroes.juntadeandalucia.es\/eielreal\/wp-json\/wp\/v2\/media?parent=16753"}],"wp:term":[{"taxonomy":"category","embeddable":true,"href":"https:\/\/blogsaverroes.juntadeandalucia.es\/eielreal\/wp-json\/wp\/v2\/categories?post=16753"},{"taxonomy":"post_tag","embeddable":true,"href":"https:\/\/blogsaverroes.juntadeandalucia.es\/eielreal\/wp-json\/wp\/v2\/tags?post=16753"}],"curies":[{"name":"wp","href":"https:\/\/api.w.org\/{rel}","templated":true}]}}