{"id":17580,"date":"2018-09-05T08:34:56","date_gmt":"2018-09-05T08:34:56","guid":{"rendered":"https:\/\/blogsaverroes.juntadeandalucia.es\/eielreal\/?p=17580"},"modified":"2018-09-05T08:34:56","modified_gmt":"2018-09-05T08:34:56","slug":"inicio-de-curso-201819","status":"publish","type":"post","link":"https:\/\/blogsaverroes.juntadeandalucia.es\/eielreal\/inicio-de-curso-201819\/","title":{"rendered":"INICIO DE CURSO 2018\/19"},"content":{"rendered":"<h4><strong>Estimadas familias, comienza un nuevo curso lleno de ilusiones. Con nuevos proyectos y nuevas metas.<\/strong><\/h4>\n<h4><strong>Para iniciarlo, nada mejor que convocaros a una reuni\u00f3n donde os informaremos y resolveremos vuestras dudas. Os pedimos, eso s\u00ed, que no veng\u00e1is con vuestros hijos, ya que interrumpir\u00eda el objetivo de esta reuni\u00f3n.<\/strong><\/h4>\n<h2 class=\"western\" align=\"JUSTIFY\"><span style=\"color: #000000\"><span style=\"font-size: large\"><b>REUNI\u00d3N 3 , 4 Y 5 A\u00d1OS<\/b><\/span><\/span><\/h2>\n<p align=\"JUSTIFY\"><span style=\"color: #00ae00\"><span style=\"font-size: large\"><b>DIRIGIDA A LOS PADRES Y \/ O MADRES DE TODO EL ALUMNADO DEL CENTRO PARA DAR LA INFORMACI\u00d3N DEL INICIO DE CURSO: HORARIOS, LIBROS, MATERIALES, NORMAS, ETC<\/b><\/span><\/span><\/p>\n<p align=\"JUSTIFY\"><span style=\"font-size: large\"><span style=\"color: #008000\"><b>&nbsp; &nbsp; &nbsp; &nbsp; &nbsp; &nbsp; &nbsp; &nbsp; &nbsp; &nbsp; &nbsp; &nbsp; &nbsp; &nbsp; &nbsp; &nbsp; &nbsp;D\u00cdA:<\/b><\/span> <b>7<\/b><b> DE SEPTIEMBRE<\/b><\/span><\/p>\n<p align=\"JUSTIFY\"><span style=\"font-size: large\"><span style=\"color: #008000\"><b>HORA ALUMNADO DE 3 A\u00d1OS:<\/b><\/span>&nbsp;&nbsp;<\/span><span style=\"font-size: large\"><b>11,30 DE LA MA\u00d1ANA.<\/b><\/span><\/p>\n<p align=\"JUSTIFY\"><span style=\"font-size: large\"><span style=\"color: #008000\"><b>HORA ALUMNADO DE 4 Y 5 A\u00d1OS:<\/b><\/span><b> 12,30 DE LA MA\u00d1ANA.<\/b><\/span><\/p>\n<p><span style=\"font-size: large\"><span style=\"color: #008000\"><b>IMPORTANTE<\/b><\/span>: SE RUEGA LA <b>NO ASISTENCIA<\/b> <b>DE NI\u00d1OS Y NI\u00d1AS<\/b> A DICHA REUNI\u00d3N. EN CASO DE NO PODER USTED ASISTIR, PODR\u00c1 VENIR EN SU LUGAR UNA PERSONA DE SU CONFIANZA.<\/span><\/p>\n<p><span style=\"font-size: large\"><b>Magdalena Aguilar<\/b><\/span><\/p>\n","protected":false},"excerpt":{"rendered":"<p>Estimadas familias, comienza un nuevo curso lleno de ilusiones. Con nuevos proyectos y nuevas metas. Para iniciarlo, nada mejor que convocaros a una reuni\u00f3n donde os informaremos y resolveremos vuestras dudas. Os pedimos, eso&#46;&#46;&#46;<\/p>\n","protected":false},"author":1886,"featured_media":16189,"comment_status":"open","ping_status":"open","sticky":false,"template":"","format":"standard","meta":{"ngg_post_thumbnail":0,"footnotes":""},"categories":[1705],"tags":[],"aioseo_notices":[],"_links":{"self":[{"href":"https:\/\/blogsaverroes.juntadeandalucia.es\/eielreal\/wp-json\/wp\/v2\/posts\/17580"}],"collection":[{"href":"https:\/\/blogsaverroes.juntadeandalucia.es\/eielreal\/wp-json\/wp\/v2\/posts"}],"about":[{"href":"https:\/\/blogsaverroes.juntadeandalucia.es\/eielreal\/wp-json\/wp\/v2\/types\/post"}],"author":[{"embeddable":true,"href":"https:\/\/blogsaverroes.juntadeandalucia.es\/eielreal\/wp-json\/wp\/v2\/users\/1886"}],"replies":[{"embeddable":true,"href":"https:\/\/blogsaverroes.juntadeandalucia.es\/eielreal\/wp-json\/wp\/v2\/comments?post=17580"}],"version-history":[{"count":1,"href":"https:\/\/blogsaverroes.juntadeandalucia.es\/eielreal\/wp-json\/wp\/v2\/posts\/17580\/revisions"}],"predecessor-version":[{"id":17581,"href":"https:\/\/blogsaverroes.juntadeandalucia.es\/eielreal\/wp-json\/wp\/v2\/posts\/17580\/revisions\/17581"}],"wp:featuredmedia":[{"embeddable":true,"href":"https:\/\/blogsaverroes.juntadeandalucia.es\/eielreal\/wp-json\/wp\/v2\/media\/16189"}],"wp:attachment":[{"href":"https:\/\/blogsaverroes.juntadeandalucia.es\/eielreal\/wp-json\/wp\/v2\/media?parent=17580"}],"wp:term":[{"taxonomy":"category","embeddable":true,"href":"https:\/\/blogsaverroes.juntadeandalucia.es\/eielreal\/wp-json\/wp\/v2\/categories?post=17580"},{"taxonomy":"post_tag","embeddable":true,"href":"https:\/\/blogsaverroes.juntadeandalucia.es\/eielreal\/wp-json\/wp\/v2\/tags?post=17580"}],"curies":[{"name":"wp","href":"https:\/\/api.w.org\/{rel}","templated":true}]}}