{"id":17721,"date":"2018-10-16T17:28:52","date_gmt":"2018-10-16T17:28:52","guid":{"rendered":"https:\/\/blogsaverroes.juntadeandalucia.es\/eielreal\/?p=17721"},"modified":"2018-10-20T17:19:57","modified_gmt":"2018-10-20T17:19:57","slug":"aprendemos-experimentando-5-anos-a","status":"publish","type":"post","link":"https:\/\/blogsaverroes.juntadeandalucia.es\/eielreal\/aprendemos-experimentando-5-anos-a\/","title":{"rendered":"APRENDEMOS EXPERIMENTANDO. 5 A\u00d1OS A"},"content":{"rendered":"<p>Nuestro trabajo por proyectos se basa en la concepci\u00f3n constructivista del aprendizaje y a trav\u00e9s de ellos pretendemos dar una respuesta a la necesidad de organizar los contenidos educativos desde la perspectiva de la globalizaci\u00f3n, para que los ni\u00f1os y ni\u00f1as se inicien en el aprendizaje de procedimientos que los ayuden a organizar, comprender y asimilar la informaci\u00f3n.<a href=\"https:\/\/blogsaverroes.juntadeandalucia.es\/eielreal\/files\/2018\/10\/20181011_103613.jpg\"><img loading=\"lazy\" decoding=\"async\" class=\"wp-image-17724 size-medium aligncenter\" src=\"https:\/\/blogsaverroes.juntadeandalucia.es\/eielreal\/files\/2018\/10\/20181011_103613-e1539709960383-300x225.jpg\" alt=\"\" width=\"300\" height=\"225\" srcset=\"https:\/\/blogsaverroes.juntadeandalucia.es\/eielreal\/files\/2018\/10\/20181011_103613-e1539709960383-300x225.jpg 300w, https:\/\/blogsaverroes.juntadeandalucia.es\/eielreal\/files\/2018\/10\/20181011_103613-e1539709960383-768x576.jpg 768w, https:\/\/blogsaverroes.juntadeandalucia.es\/eielreal\/files\/2018\/10\/20181011_103613-e1539709960383-1024x768.jpg 1024w, https:\/\/blogsaverroes.juntadeandalucia.es\/eielreal\/files\/2018\/10\/20181011_103613-e1539709960383-700x525.jpg 700w, https:\/\/blogsaverroes.juntadeandalucia.es\/eielreal\/files\/2018\/10\/20181011_103613-e1539709960383-24x18.jpg 24w, https:\/\/blogsaverroes.juntadeandalucia.es\/eielreal\/files\/2018\/10\/20181011_103613-e1539709960383-36x27.jpg 36w, https:\/\/blogsaverroes.juntadeandalucia.es\/eielreal\/files\/2018\/10\/20181011_103613-e1539709960383-48x36.jpg 48w, https:\/\/blogsaverroes.juntadeandalucia.es\/eielreal\/files\/2018\/10\/20181011_103613-e1539709960383.jpg 1600w\" sizes=\"(max-width: 300px) 100vw, 300px\" \/><\/a><\/p>\n<p>Les proponemos a nuestros alumnos realizar un experimento a trav\u00e9s del cual les ayudaremos a pensar y aprender por si mismos, proporcion\u00e1ndoles las herramientas y estrategias para encontrar la informaci\u00f3n, de manera que sean ellos mismos los protagonistas de sus aprendizajes.<\/p>\n<p>Para ello hemos llevado a clase unas flores blancas ( rosas y adelfas), colorante alimenticio y tinta de color verde.<a href=\"https:\/\/blogsaverroes.juntadeandalucia.es\/eielreal\/files\/2018\/10\/20181011_103707.jpg\"><img loading=\"lazy\" decoding=\"async\" class=\"wp-image-17722 size-medium aligncenter\" src=\"https:\/\/blogsaverroes.juntadeandalucia.es\/eielreal\/files\/2018\/10\/20181011_103707-e1539710505715-300x225.jpg\" alt=\"\" width=\"300\" height=\"225\" srcset=\"https:\/\/blogsaverroes.juntadeandalucia.es\/eielreal\/files\/2018\/10\/20181011_103707-e1539710505715-300x225.jpg 300w, https:\/\/blogsaverroes.juntadeandalucia.es\/eielreal\/files\/2018\/10\/20181011_103707-e1539710505715-768x576.jpg 768w, https:\/\/blogsaverroes.juntadeandalucia.es\/eielreal\/files\/2018\/10\/20181011_103707-e1539710505715-1024x768.jpg 1024w, https:\/\/blogsaverroes.juntadeandalucia.es\/eielreal\/files\/2018\/10\/20181011_103707-e1539710505715-700x525.jpg 700w, https:\/\/blogsaverroes.juntadeandalucia.es\/eielreal\/files\/2018\/10\/20181011_103707-e1539710505715-24x18.jpg 24w, https:\/\/blogsaverroes.juntadeandalucia.es\/eielreal\/files\/2018\/10\/20181011_103707-e1539710505715-36x27.jpg 36w, https:\/\/blogsaverroes.juntadeandalucia.es\/eielreal\/files\/2018\/10\/20181011_103707-e1539710505715-48x36.jpg 48w, https:\/\/blogsaverroes.juntadeandalucia.es\/eielreal\/files\/2018\/10\/20181011_103707-e1539710505715.jpg 1600w\" sizes=\"(max-width: 300px) 100vw, 300px\" \/><\/a><\/p>\n<p>Echamos el colorante y la tinta en unos tarros con agua.<a href=\"https:\/\/blogsaverroes.juntadeandalucia.es\/eielreal\/files\/2018\/10\/20181011_104455-e1539710112873.jpg\"><img loading=\"lazy\" decoding=\"async\" class=\"size-medium wp-image-17725 aligncenter\" src=\"https:\/\/blogsaverroes.juntadeandalucia.es\/eielreal\/files\/2018\/10\/20181011_104455-e1539710112873-300x225.jpg\" alt=\"\" width=\"300\" height=\"225\" srcset=\"https:\/\/blogsaverroes.juntadeandalucia.es\/eielreal\/files\/2018\/10\/20181011_104455-e1539710112873-300x225.jpg 300w, https:\/\/blogsaverroes.juntadeandalucia.es\/eielreal\/files\/2018\/10\/20181011_104455-e1539710112873-768x576.jpg 768w, https:\/\/blogsaverroes.juntadeandalucia.es\/eielreal\/files\/2018\/10\/20181011_104455-e1539710112873-1024x768.jpg 1024w, https:\/\/blogsaverroes.juntadeandalucia.es\/eielreal\/files\/2018\/10\/20181011_104455-e1539710112873-700x525.jpg 700w, https:\/\/blogsaverroes.juntadeandalucia.es\/eielreal\/files\/2018\/10\/20181011_104455-e1539710112873-24x18.jpg 24w, https:\/\/blogsaverroes.juntadeandalucia.es\/eielreal\/files\/2018\/10\/20181011_104455-e1539710112873-36x27.jpg 36w, https:\/\/blogsaverroes.juntadeandalucia.es\/eielreal\/files\/2018\/10\/20181011_104455-e1539710112873-48x36.jpg 48w, https:\/\/blogsaverroes.juntadeandalucia.es\/eielreal\/files\/2018\/10\/20181011_104455-e1539710112873.jpg 1600w\" sizes=\"(max-width: 300px) 100vw, 300px\" \/><\/a><\/p>\n<p>Al cabo de unas horas vemos que ocurre.<a href=\"https:\/\/blogsaverroes.juntadeandalucia.es\/eielreal\/files\/2018\/10\/20181011_122806-e1539710241237.jpg\"><img loading=\"lazy\" decoding=\"async\" class=\"size-medium wp-image-17726 aligncenter\" src=\"https:\/\/blogsaverroes.juntadeandalucia.es\/eielreal\/files\/2018\/10\/20181011_122806-e1539710241237-300x225.jpg\" alt=\"\" width=\"300\" height=\"225\" srcset=\"https:\/\/blogsaverroes.juntadeandalucia.es\/eielreal\/files\/2018\/10\/20181011_122806-e1539710241237-300x225.jpg 300w, https:\/\/blogsaverroes.juntadeandalucia.es\/eielreal\/files\/2018\/10\/20181011_122806-e1539710241237-768x576.jpg 768w, https:\/\/blogsaverroes.juntadeandalucia.es\/eielreal\/files\/2018\/10\/20181011_122806-e1539710241237-1024x768.jpg 1024w, https:\/\/blogsaverroes.juntadeandalucia.es\/eielreal\/files\/2018\/10\/20181011_122806-e1539710241237-700x525.jpg 700w, https:\/\/blogsaverroes.juntadeandalucia.es\/eielreal\/files\/2018\/10\/20181011_122806-e1539710241237-24x18.jpg 24w, https:\/\/blogsaverroes.juntadeandalucia.es\/eielreal\/files\/2018\/10\/20181011_122806-e1539710241237-36x27.jpg 36w, https:\/\/blogsaverroes.juntadeandalucia.es\/eielreal\/files\/2018\/10\/20181011_122806-e1539710241237-48x36.jpg 48w, https:\/\/blogsaverroes.juntadeandalucia.es\/eielreal\/files\/2018\/10\/20181011_122806-e1539710241237.jpg 1600w\" sizes=\"(max-width: 300px) 100vw, 300px\" \/><\/a><\/p>\n<p>Despu\u00e9s de 48 horas, \u00bfqu\u00e9 ha pasado?<a href=\"https:\/\/blogsaverroes.juntadeandalucia.es\/eielreal\/files\/2018\/10\/20181013_113331.jpg\"><img loading=\"lazy\" decoding=\"async\" class=\"wp-image-17727 size-medium aligncenter\" src=\"https:\/\/blogsaverroes.juntadeandalucia.es\/eielreal\/files\/2018\/10\/20181013_113331-e1539710611129-300x225.jpg\" alt=\"\" width=\"300\" height=\"225\" srcset=\"https:\/\/blogsaverroes.juntadeandalucia.es\/eielreal\/files\/2018\/10\/20181013_113331-e1539710611129-300x225.jpg 300w, https:\/\/blogsaverroes.juntadeandalucia.es\/eielreal\/files\/2018\/10\/20181013_113331-e1539710611129-768x576.jpg 768w, https:\/\/blogsaverroes.juntadeandalucia.es\/eielreal\/files\/2018\/10\/20181013_113331-e1539710611129-1024x768.jpg 1024w, https:\/\/blogsaverroes.juntadeandalucia.es\/eielreal\/files\/2018\/10\/20181013_113331-e1539710611129-700x525.jpg 700w, https:\/\/blogsaverroes.juntadeandalucia.es\/eielreal\/files\/2018\/10\/20181013_113331-e1539710611129-24x18.jpg 24w, https:\/\/blogsaverroes.juntadeandalucia.es\/eielreal\/files\/2018\/10\/20181013_113331-e1539710611129-36x27.jpg 36w, https:\/\/blogsaverroes.juntadeandalucia.es\/eielreal\/files\/2018\/10\/20181013_113331-e1539710611129-48x36.jpg 48w, https:\/\/blogsaverroes.juntadeandalucia.es\/eielreal\/files\/2018\/10\/20181013_113331-e1539710611129.jpg 1600w\" sizes=\"(max-width: 300px) 100vw, 300px\" \/><\/a><\/p>\n<p>Preguntamos a los ni\u00f1os y ni\u00f1as \u00bfQu\u00e9 le ha acorrido a las flores?<\/p>\n<p>CAMILA: Las flores se han bebido el agua del tarro<\/p>\n<p>LUC\u00cdA: \u00a1 Han cambiado de color!<\/p>\n<p>De esta forma los ni\u00f1os y ni\u00f1as comprender\u00e1n mejor como las plantas a trav\u00e9s de las ra\u00edces y del tallo absorben el agua y las sustancias disueltas en ellas y de esta forma crecen sanas y fuertes.<\/p>\n<p>Gracia Garc\u00eda Garc\u00eda<\/p>\n","protected":false},"excerpt":{"rendered":"<p>Nuestro trabajo por proyectos se basa en la concepci\u00f3n constructivista del aprendizaje y a trav\u00e9s de ellos pretendemos dar una respuesta a la necesidad de organizar los contenidos educativos desde la perspectiva de la&#46;&#46;&#46;<\/p>\n","protected":false},"author":3183,"featured_media":17722,"comment_status":"open","ping_status":"open","sticky":false,"template":"","format":"standard","meta":{"ngg_post_thumbnail":0,"footnotes":""},"categories":[827286,911479],"tags":[],"aioseo_notices":[],"_links":{"self":[{"href":"https:\/\/blogsaverroes.juntadeandalucia.es\/eielreal\/wp-json\/wp\/v2\/posts\/17721"}],"collection":[{"href":"https:\/\/blogsaverroes.juntadeandalucia.es\/eielreal\/wp-json\/wp\/v2\/posts"}],"about":[{"href":"https:\/\/blogsaverroes.juntadeandalucia.es\/eielreal\/wp-json\/wp\/v2\/types\/post"}],"author":[{"embeddable":true,"href":"https:\/\/blogsaverroes.juntadeandalucia.es\/eielreal\/wp-json\/wp\/v2\/users\/3183"}],"replies":[{"embeddable":true,"href":"https:\/\/blogsaverroes.juntadeandalucia.es\/eielreal\/wp-json\/wp\/v2\/comments?post=17721"}],"version-history":[{"count":4,"href":"https:\/\/blogsaverroes.juntadeandalucia.es\/eielreal\/wp-json\/wp\/v2\/posts\/17721\/revisions"}],"predecessor-version":[{"id":17733,"href":"https:\/\/blogsaverroes.juntadeandalucia.es\/eielreal\/wp-json\/wp\/v2\/posts\/17721\/revisions\/17733"}],"wp:featuredmedia":[{"embeddable":true,"href":"https:\/\/blogsaverroes.juntadeandalucia.es\/eielreal\/wp-json\/wp\/v2\/media\/17722"}],"wp:attachment":[{"href":"https:\/\/blogsaverroes.juntadeandalucia.es\/eielreal\/wp-json\/wp\/v2\/media?parent=17721"}],"wp:term":[{"taxonomy":"category","embeddable":true,"href":"https:\/\/blogsaverroes.juntadeandalucia.es\/eielreal\/wp-json\/wp\/v2\/categories?post=17721"},{"taxonomy":"post_tag","embeddable":true,"href":"https:\/\/blogsaverroes.juntadeandalucia.es\/eielreal\/wp-json\/wp\/v2\/tags?post=17721"}],"curies":[{"name":"wp","href":"https:\/\/api.w.org\/{rel}","templated":true}]}}