{"id":17998,"date":"2018-11-13T17:15:50","date_gmt":"2018-11-13T17:15:50","guid":{"rendered":"https:\/\/blogsaverroes.juntadeandalucia.es\/eielreal\/?p=17998"},"modified":"2018-11-13T20:48:39","modified_gmt":"2018-11-13T20:48:39","slug":"proyecto-el-veterinario","status":"publish","type":"post","link":"https:\/\/blogsaverroes.juntadeandalucia.es\/eielreal\/proyecto-el-veterinario\/","title":{"rendered":"PROYECTO EL VETERINARIO"},"content":{"rendered":"<h2>NUESTRA MASCOTA, ARDILLA LILLA ESTA MALITA<\/h2>\n<p>Comienza nuestro proyecto de investigacion sobre \u00bb el veterinario\u00bb y ni m\u00e1s ni menos que por una buena causa. Nuestra mascota, ardilla Lilla est\u00e1 malita.<\/p>\n<p>Ella es una ardillita muy cari\u00f1osa que todas las ma\u00f1anas nos da los buenos dias a todos. Juega con nosotros a juegos muy divertidos en la asamblea. Por ejemplo jugamos a contar bellotas, a examinar si hay&nbsp; \u00bb gorritos\u00bb para cada una de ellas, a calcular cuantas come de un dia para otro&#8230;<a href=\"https:\/\/blogsaverroes.juntadeandalucia.es\/eielreal\/files\/2018\/11\/20181017_094428.jpg\"><img loading=\"lazy\" decoding=\"async\" class=\"size-medium wp-image-17999 aligncenter\" src=\"https:\/\/blogsaverroes.juntadeandalucia.es\/eielreal\/files\/2018\/11\/20181017_094428-300x169.jpg\" alt=\"\" width=\"300\" height=\"169\" srcset=\"https:\/\/blogsaverroes.juntadeandalucia.es\/eielreal\/files\/2018\/11\/20181017_094428-300x169.jpg 300w, https:\/\/blogsaverroes.juntadeandalucia.es\/eielreal\/files\/2018\/11\/20181017_094428-768x432.jpg 768w, https:\/\/blogsaverroes.juntadeandalucia.es\/eielreal\/files\/2018\/11\/20181017_094428-1024x576.jpg 1024w, https:\/\/blogsaverroes.juntadeandalucia.es\/eielreal\/files\/2018\/11\/20181017_094428-700x393.jpg 700w, https:\/\/blogsaverroes.juntadeandalucia.es\/eielreal\/files\/2018\/11\/20181017_094428-24x14.jpg 24w, https:\/\/blogsaverroes.juntadeandalucia.es\/eielreal\/files\/2018\/11\/20181017_094428-36x20.jpg 36w, https:\/\/blogsaverroes.juntadeandalucia.es\/eielreal\/files\/2018\/11\/20181017_094428-48x27.jpg 48w, https:\/\/blogsaverroes.juntadeandalucia.es\/eielreal\/files\/2018\/11\/20181017_094428.jpg 1600w\" sizes=\"(max-width: 300px) 100vw, 300px\" \/><\/a><\/p>\n<p>Pero una ma\u00f1ana ardilla no despertaba, segu\u00eda metida en la cama y no hab\u00eda comido nada&#8230;nos preocupamos mucho por ella, y comprendimos que estaba enferma.<a href=\"https:\/\/blogsaverroes.juntadeandalucia.es\/eielreal\/files\/2018\/11\/20181018_092926.jpg\"><img loading=\"lazy\" decoding=\"async\" class=\"size-medium wp-image-18000 alignnone\" src=\"https:\/\/blogsaverroes.juntadeandalucia.es\/eielreal\/files\/2018\/11\/20181018_092926-300x169.jpg\" alt=\"\" width=\"300\" height=\"169\" srcset=\"https:\/\/blogsaverroes.juntadeandalucia.es\/eielreal\/files\/2018\/11\/20181018_092926-300x169.jpg 300w, https:\/\/blogsaverroes.juntadeandalucia.es\/eielreal\/files\/2018\/11\/20181018_092926-768x432.jpg 768w, https:\/\/blogsaverroes.juntadeandalucia.es\/eielreal\/files\/2018\/11\/20181018_092926-1024x576.jpg 1024w, https:\/\/blogsaverroes.juntadeandalucia.es\/eielreal\/files\/2018\/11\/20181018_092926-700x393.jpg 700w, https:\/\/blogsaverroes.juntadeandalucia.es\/eielreal\/files\/2018\/11\/20181018_092926-24x14.jpg 24w, https:\/\/blogsaverroes.juntadeandalucia.es\/eielreal\/files\/2018\/11\/20181018_092926-36x20.jpg 36w, https:\/\/blogsaverroes.juntadeandalucia.es\/eielreal\/files\/2018\/11\/20181018_092926-48x27.jpg 48w, https:\/\/blogsaverroes.juntadeandalucia.es\/eielreal\/files\/2018\/11\/20181018_092926.jpg 1600w\" sizes=\"(max-width: 300px) 100vw, 300px\" \/><\/a> <a href=\"https:\/\/blogsaverroes.juntadeandalucia.es\/eielreal\/files\/2018\/11\/20181019_093832.jpg\"><img loading=\"lazy\" decoding=\"async\" class=\"size-medium wp-image-18001 alignright\" src=\"https:\/\/blogsaverroes.juntadeandalucia.es\/eielreal\/files\/2018\/11\/20181019_093832-300x169.jpg\" alt=\"\" width=\"300\" height=\"169\" srcset=\"https:\/\/blogsaverroes.juntadeandalucia.es\/eielreal\/files\/2018\/11\/20181019_093832-300x169.jpg 300w, https:\/\/blogsaverroes.juntadeandalucia.es\/eielreal\/files\/2018\/11\/20181019_093832-768x432.jpg 768w, https:\/\/blogsaverroes.juntadeandalucia.es\/eielreal\/files\/2018\/11\/20181019_093832-1024x576.jpg 1024w, https:\/\/blogsaverroes.juntadeandalucia.es\/eielreal\/files\/2018\/11\/20181019_093832-700x393.jpg 700w, https:\/\/blogsaverroes.juntadeandalucia.es\/eielreal\/files\/2018\/11\/20181019_093832-24x14.jpg 24w, https:\/\/blogsaverroes.juntadeandalucia.es\/eielreal\/files\/2018\/11\/20181019_093832-36x20.jpg 36w, https:\/\/blogsaverroes.juntadeandalucia.es\/eielreal\/files\/2018\/11\/20181019_093832-48x27.jpg 48w, https:\/\/blogsaverroes.juntadeandalucia.es\/eielreal\/files\/2018\/11\/20181019_093832.jpg 1600w\" sizes=\"(max-width: 300px) 100vw, 300px\" \/><\/a><\/p>\n<p>De esta manera, entre todos hemos decidido que nuestra mascota debe ir al medico. Y hemos descubierto que no es el mismo que nuestro m\u00e9dico. Se llama veterinario. Es una profesi\u00f3n m\u00e1s, como la de maestro, mec\u00e1nico, cartero&#8230;<\/p>\n<p style=\"text-align: justify\"><a href=\"https:\/\/blogsaverroes.juntadeandalucia.es\/eielreal\/files\/2018\/11\/20181026_115203.jpg\"><img loading=\"lazy\" decoding=\"async\" class=\"wp-image-18002 alignnone\" src=\"https:\/\/blogsaverroes.juntadeandalucia.es\/eielreal\/files\/2018\/11\/20181026_115203-300x169.jpg\" alt=\"\" width=\"300\" height=\"169\" srcset=\"https:\/\/blogsaverroes.juntadeandalucia.es\/eielreal\/files\/2018\/11\/20181026_115203-300x169.jpg 300w, https:\/\/blogsaverroes.juntadeandalucia.es\/eielreal\/files\/2018\/11\/20181026_115203-768x432.jpg 768w, https:\/\/blogsaverroes.juntadeandalucia.es\/eielreal\/files\/2018\/11\/20181026_115203-1024x576.jpg 1024w, https:\/\/blogsaverroes.juntadeandalucia.es\/eielreal\/files\/2018\/11\/20181026_115203-700x393.jpg 700w, https:\/\/blogsaverroes.juntadeandalucia.es\/eielreal\/files\/2018\/11\/20181026_115203-24x14.jpg 24w, https:\/\/blogsaverroes.juntadeandalucia.es\/eielreal\/files\/2018\/11\/20181026_115203-36x20.jpg 36w, https:\/\/blogsaverroes.juntadeandalucia.es\/eielreal\/files\/2018\/11\/20181026_115203-48x27.jpg 48w, https:\/\/blogsaverroes.juntadeandalucia.es\/eielreal\/files\/2018\/11\/20181026_115203.jpg 1600w\" sizes=\"(max-width: 300px) 100vw, 300px\" \/><\/a><a href=\"https:\/\/blogsaverroes.juntadeandalucia.es\/eielreal\/files\/2018\/11\/20181026_115220.jpg\"><img loading=\"lazy\" decoding=\"async\" class=\"size-medium wp-image-18004 alignleft\" src=\"https:\/\/blogsaverroes.juntadeandalucia.es\/eielreal\/files\/2018\/11\/20181026_115220-300x169.jpg\" alt=\"\" width=\"300\" height=\"169\" srcset=\"https:\/\/blogsaverroes.juntadeandalucia.es\/eielreal\/files\/2018\/11\/20181026_115220-300x169.jpg 300w, https:\/\/blogsaverroes.juntadeandalucia.es\/eielreal\/files\/2018\/11\/20181026_115220-768x432.jpg 768w, https:\/\/blogsaverroes.juntadeandalucia.es\/eielreal\/files\/2018\/11\/20181026_115220-1024x576.jpg 1024w, https:\/\/blogsaverroes.juntadeandalucia.es\/eielreal\/files\/2018\/11\/20181026_115220-700x393.jpg 700w, https:\/\/blogsaverroes.juntadeandalucia.es\/eielreal\/files\/2018\/11\/20181026_115220-24x14.jpg 24w, https:\/\/blogsaverroes.juntadeandalucia.es\/eielreal\/files\/2018\/11\/20181026_115220-36x20.jpg 36w, https:\/\/blogsaverroes.juntadeandalucia.es\/eielreal\/files\/2018\/11\/20181026_115220-48x27.jpg 48w, https:\/\/blogsaverroes.juntadeandalucia.es\/eielreal\/files\/2018\/11\/20181026_115220.jpg 1600w\" sizes=\"(max-width: 300px) 100vw, 300px\" \/><\/a><a href=\"https:\/\/blogsaverroes.juntadeandalucia.es\/eielreal\/files\/2018\/11\/20181026_115212.jpg\"><img loading=\"lazy\" decoding=\"async\" class=\"size-medium wp-image-18003 aligncenter\" src=\"https:\/\/blogsaverroes.juntadeandalucia.es\/eielreal\/files\/2018\/11\/20181026_115212-300x169.jpg\" alt=\"\" width=\"300\" height=\"169\" srcset=\"https:\/\/blogsaverroes.juntadeandalucia.es\/eielreal\/files\/2018\/11\/20181026_115212-300x169.jpg 300w, https:\/\/blogsaverroes.juntadeandalucia.es\/eielreal\/files\/2018\/11\/20181026_115212-768x432.jpg 768w, https:\/\/blogsaverroes.juntadeandalucia.es\/eielreal\/files\/2018\/11\/20181026_115212-1024x576.jpg 1024w, https:\/\/blogsaverroes.juntadeandalucia.es\/eielreal\/files\/2018\/11\/20181026_115212-700x393.jpg 700w, https:\/\/blogsaverroes.juntadeandalucia.es\/eielreal\/files\/2018\/11\/20181026_115212-24x14.jpg 24w, https:\/\/blogsaverroes.juntadeandalucia.es\/eielreal\/files\/2018\/11\/20181026_115212-36x20.jpg 36w, https:\/\/blogsaverroes.juntadeandalucia.es\/eielreal\/files\/2018\/11\/20181026_115212-48x27.jpg 48w, https:\/\/blogsaverroes.juntadeandalucia.es\/eielreal\/files\/2018\/11\/20181026_115212.jpg 1600w\" sizes=\"(max-width: 300px) 100vw, 300px\" \/><\/a><\/p>\n<p style=\"text-align: justify\">Como todav\u00eda no nos han dicho cu\u00e1ndo podemos ir a la cl\u00ednica veterinaria a llevar a Lilla, en nuestra clase hemos montado una&#8230;y a ella vienen otros animalitos a que los curen&#8230;<a href=\"https:\/\/blogsaverroes.juntadeandalucia.es\/eielreal\/files\/2018\/11\/20181029_131414.jpg\"><img loading=\"lazy\" decoding=\"async\" class=\"size-medium wp-image-18005 alignleft\" src=\"https:\/\/blogsaverroes.juntadeandalucia.es\/eielreal\/files\/2018\/11\/20181029_131414-300x169.jpg\" alt=\"\" width=\"300\" height=\"169\" srcset=\"https:\/\/blogsaverroes.juntadeandalucia.es\/eielreal\/files\/2018\/11\/20181029_131414-300x169.jpg 300w, https:\/\/blogsaverroes.juntadeandalucia.es\/eielreal\/files\/2018\/11\/20181029_131414-768x432.jpg 768w, https:\/\/blogsaverroes.juntadeandalucia.es\/eielreal\/files\/2018\/11\/20181029_131414-1024x576.jpg 1024w, https:\/\/blogsaverroes.juntadeandalucia.es\/eielreal\/files\/2018\/11\/20181029_131414-700x393.jpg 700w, https:\/\/blogsaverroes.juntadeandalucia.es\/eielreal\/files\/2018\/11\/20181029_131414-24x14.jpg 24w, https:\/\/blogsaverroes.juntadeandalucia.es\/eielreal\/files\/2018\/11\/20181029_131414-36x20.jpg 36w, https:\/\/blogsaverroes.juntadeandalucia.es\/eielreal\/files\/2018\/11\/20181029_131414-48x27.jpg 48w, https:\/\/blogsaverroes.juntadeandalucia.es\/eielreal\/files\/2018\/11\/20181029_131414.jpg 1600w\" sizes=\"(max-width: 300px) 100vw, 300px\" \/><\/a> <a href=\"https:\/\/blogsaverroes.juntadeandalucia.es\/eielreal\/files\/2018\/11\/20181029_131429.jpg\"><img loading=\"lazy\" decoding=\"async\" class=\"size-medium wp-image-18006 alignnone\" src=\"https:\/\/blogsaverroes.juntadeandalucia.es\/eielreal\/files\/2018\/11\/20181029_131429-300x169.jpg\" alt=\"\" width=\"300\" height=\"169\" srcset=\"https:\/\/blogsaverroes.juntadeandalucia.es\/eielreal\/files\/2018\/11\/20181029_131429-300x169.jpg 300w, https:\/\/blogsaverroes.juntadeandalucia.es\/eielreal\/files\/2018\/11\/20181029_131429-768x432.jpg 768w, https:\/\/blogsaverroes.juntadeandalucia.es\/eielreal\/files\/2018\/11\/20181029_131429-1024x576.jpg 1024w, https:\/\/blogsaverroes.juntadeandalucia.es\/eielreal\/files\/2018\/11\/20181029_131429-700x393.jpg 700w, https:\/\/blogsaverroes.juntadeandalucia.es\/eielreal\/files\/2018\/11\/20181029_131429-24x14.jpg 24w, https:\/\/blogsaverroes.juntadeandalucia.es\/eielreal\/files\/2018\/11\/20181029_131429-36x20.jpg 36w, https:\/\/blogsaverroes.juntadeandalucia.es\/eielreal\/files\/2018\/11\/20181029_131429-48x27.jpg 48w, https:\/\/blogsaverroes.juntadeandalucia.es\/eielreal\/files\/2018\/11\/20181029_131429.jpg 1600w\" sizes=\"(max-width: 300px) 100vw, 300px\" \/><\/a> <a href=\"https:\/\/blogsaverroes.juntadeandalucia.es\/eielreal\/files\/2018\/11\/20181031_104017-e1541109583943.jpg\"><img loading=\"lazy\" decoding=\"async\" class=\"size-medium wp-image-18008 aligncenter\" src=\"https:\/\/blogsaverroes.juntadeandalucia.es\/eielreal\/files\/2018\/11\/20181031_104017-e1541109583943-169x300.jpg\" alt=\"\" width=\"169\" height=\"300\" srcset=\"https:\/\/blogsaverroes.juntadeandalucia.es\/eielreal\/files\/2018\/11\/20181031_104017-e1541109583943-169x300.jpg 169w, https:\/\/blogsaverroes.juntadeandalucia.es\/eielreal\/files\/2018\/11\/20181031_104017-e1541109583943-768x1365.jpg 768w, https:\/\/blogsaverroes.juntadeandalucia.es\/eielreal\/files\/2018\/11\/20181031_104017-e1541109583943-576x1024.jpg 576w, https:\/\/blogsaverroes.juntadeandalucia.es\/eielreal\/files\/2018\/11\/20181031_104017-e1541109583943-700x1244.jpg 700w, https:\/\/blogsaverroes.juntadeandalucia.es\/eielreal\/files\/2018\/11\/20181031_104017-e1541109583943-14x24.jpg 14w, https:\/\/blogsaverroes.juntadeandalucia.es\/eielreal\/files\/2018\/11\/20181031_104017-e1541109583943-20x36.jpg 20w, https:\/\/blogsaverroes.juntadeandalucia.es\/eielreal\/files\/2018\/11\/20181031_104017-e1541109583943-27x48.jpg 27w, https:\/\/blogsaverroes.juntadeandalucia.es\/eielreal\/files\/2018\/11\/20181031_104017-e1541109583943.jpg 900w\" sizes=\"(max-width: 169px) 100vw, 169px\" \/><\/a><\/p>\n<p>De esta manera tan&nbsp; vivenciada que&nbsp; parte de sus propios intereses, nuestros alumnos-as est\u00e1n ampliando sus conocimientos a partir de la indagaci\u00f3n, la b\u00fasqueda de informaci\u00f3n,&nbsp; y el descubrimiento.<\/p>\n<p>Sara<\/p>\n","protected":false},"excerpt":{"rendered":"<p>NUESTRA MASCOTA, ARDILLA LILLA ESTA MALITA Comienza nuestro proyecto de investigacion sobre \u00bb el veterinario\u00bb y ni m\u00e1s ni menos que por una buena causa. Nuestra mascota, ardilla Lilla est\u00e1 malita. Ella es una&#46;&#46;&#46;<\/p>\n","protected":false},"author":3183,"featured_media":18007,"comment_status":"open","ping_status":"open","sticky":false,"template":"","format":"standard","meta":{"ngg_post_thumbnail":0,"footnotes":""},"categories":[827284,911479],"tags":[205244,827290],"aioseo_notices":[],"_links":{"self":[{"href":"https:\/\/blogsaverroes.juntadeandalucia.es\/eielreal\/wp-json\/wp\/v2\/posts\/17998"}],"collection":[{"href":"https:\/\/blogsaverroes.juntadeandalucia.es\/eielreal\/wp-json\/wp\/v2\/posts"}],"about":[{"href":"https:\/\/blogsaverroes.juntadeandalucia.es\/eielreal\/wp-json\/wp\/v2\/types\/post"}],"author":[{"embeddable":true,"href":"https:\/\/blogsaverroes.juntadeandalucia.es\/eielreal\/wp-json\/wp\/v2\/users\/3183"}],"replies":[{"embeddable":true,"href":"https:\/\/blogsaverroes.juntadeandalucia.es\/eielreal\/wp-json\/wp\/v2\/comments?post=17998"}],"version-history":[{"count":8,"href":"https:\/\/blogsaverroes.juntadeandalucia.es\/eielreal\/wp-json\/wp\/v2\/posts\/17998\/revisions"}],"predecessor-version":[{"id":18105,"href":"https:\/\/blogsaverroes.juntadeandalucia.es\/eielreal\/wp-json\/wp\/v2\/posts\/17998\/revisions\/18105"}],"wp:featuredmedia":[{"embeddable":true,"href":"https:\/\/blogsaverroes.juntadeandalucia.es\/eielreal\/wp-json\/wp\/v2\/media\/18007"}],"wp:attachment":[{"href":"https:\/\/blogsaverroes.juntadeandalucia.es\/eielreal\/wp-json\/wp\/v2\/media?parent=17998"}],"wp:term":[{"taxonomy":"category","embeddable":true,"href":"https:\/\/blogsaverroes.juntadeandalucia.es\/eielreal\/wp-json\/wp\/v2\/categories?post=17998"},{"taxonomy":"post_tag","embeddable":true,"href":"https:\/\/blogsaverroes.juntadeandalucia.es\/eielreal\/wp-json\/wp\/v2\/tags?post=17998"}],"curies":[{"name":"wp","href":"https:\/\/api.w.org\/{rel}","templated":true}]}}