{"id":18100,"date":"2018-11-13T17:36:14","date_gmt":"2018-11-13T17:36:14","guid":{"rendered":"https:\/\/blogsaverroes.juntadeandalucia.es\/eielreal\/?p=18100"},"modified":"2018-11-14T19:14:36","modified_gmt":"2018-11-14T19:14:36","slug":"__trashed-2","status":"publish","type":"post","link":"https:\/\/blogsaverroes.juntadeandalucia.es\/eielreal\/__trashed-2\/","title":{"rendered":"APERTURA DE NUESTRA BIBLIOTECA ESCOLAR CURSO 2018-19"},"content":{"rendered":"<p>Desde la Biblioteca de nuestro cole os damos la bienvenida un curso m\u00e1s.<\/p>\n<p>Nuevamente abrimos nuestras puertas con un gran evento. Ni m\u00e1s ni menos que viene a visitarnos una gran&nbsp; escritora de nuestra localidad, amante de la literatura infantil y de los ni\u00f1os y ni\u00f1as.&nbsp;<a href=\"https:\/\/blogsaverroes.juntadeandalucia.es\/eielreal\/files\/2018\/11\/esperanza-climaco.jpg\"><img loading=\"lazy\" decoding=\"async\" class=\"size-medium wp-image-18109 aligncenter\" src=\"https:\/\/blogsaverroes.juntadeandalucia.es\/eielreal\/files\/2018\/11\/esperanza-climaco-300x225.jpg\" alt=\"\" width=\"300\" height=\"225\" srcset=\"https:\/\/blogsaverroes.juntadeandalucia.es\/eielreal\/files\/2018\/11\/esperanza-climaco-300x225.jpg 300w, https:\/\/blogsaverroes.juntadeandalucia.es\/eielreal\/files\/2018\/11\/esperanza-climaco-768x576.jpg 768w, https:\/\/blogsaverroes.juntadeandalucia.es\/eielreal\/files\/2018\/11\/esperanza-climaco-1024x768.jpg 1024w, https:\/\/blogsaverroes.juntadeandalucia.es\/eielreal\/files\/2018\/11\/esperanza-climaco-700x525.jpg 700w, https:\/\/blogsaverroes.juntadeandalucia.es\/eielreal\/files\/2018\/11\/esperanza-climaco-24x18.jpg 24w, https:\/\/blogsaverroes.juntadeandalucia.es\/eielreal\/files\/2018\/11\/esperanza-climaco-36x27.jpg 36w, https:\/\/blogsaverroes.juntadeandalucia.es\/eielreal\/files\/2018\/11\/esperanza-climaco-48x36.jpg 48w, https:\/\/blogsaverroes.juntadeandalucia.es\/eielreal\/files\/2018\/11\/esperanza-climaco.jpg 1600w\" sizes=\"(max-width: 300px) 100vw, 300px\" \/><\/a><\/p>\n<p><strong>Ella es Esperanza Cl\u00cdmaco,&nbsp;<\/strong>que con su libro<strong> \u00bb Tripol\u00edn no quiere abrazos<\/strong>\u00bb nos va a contar la historia de este personaje creado por ella.<a href=\"https:\/\/blogsaverroes.juntadeandalucia.es\/eielreal\/files\/2018\/11\/Foto-de-Sara-Martin.jpg\"><img loading=\"lazy\" decoding=\"async\" class=\"size-medium wp-image-18101 aligncenter\" src=\"https:\/\/blogsaverroes.juntadeandalucia.es\/eielreal\/files\/2018\/11\/Foto-de-Sara-Martin-300x222.jpg\" alt=\"\" width=\"300\" height=\"222\" srcset=\"https:\/\/blogsaverroes.juntadeandalucia.es\/eielreal\/files\/2018\/11\/Foto-de-Sara-Martin-300x222.jpg 300w, https:\/\/blogsaverroes.juntadeandalucia.es\/eielreal\/files\/2018\/11\/Foto-de-Sara-Martin-768x567.jpg 768w, https:\/\/blogsaverroes.juntadeandalucia.es\/eielreal\/files\/2018\/11\/Foto-de-Sara-Martin-1024x756.jpg 1024w, https:\/\/blogsaverroes.juntadeandalucia.es\/eielreal\/files\/2018\/11\/Foto-de-Sara-Martin-700x517.jpg 700w, https:\/\/blogsaverroes.juntadeandalucia.es\/eielreal\/files\/2018\/11\/Foto-de-Sara-Martin-24x18.jpg 24w, https:\/\/blogsaverroes.juntadeandalucia.es\/eielreal\/files\/2018\/11\/Foto-de-Sara-Martin-36x27.jpg 36w, https:\/\/blogsaverroes.juntadeandalucia.es\/eielreal\/files\/2018\/11\/Foto-de-Sara-Martin-48x35.jpg 48w, https:\/\/blogsaverroes.juntadeandalucia.es\/eielreal\/files\/2018\/11\/Foto-de-Sara-Martin.jpg 1600w\" sizes=\"(max-width: 300px) 100vw, 300px\" \/><\/a><\/p>\n<p><strong>Con esta especial visita iniciamos los viernes a partir de las 4 de la tarde la apertura en horario no lectivo de la biblioteca de Centro.<\/strong><\/p>\n<p style=\"text-align: justify\">Ser\u00e1 llevada de la mano del<strong> AMPA<\/strong>&nbsp;, que ir\u00e1 organizando distintas actividades a lo largo de todo el curso. Pap\u00e1s y mam\u00e1s voluntarios&nbsp; amenizar\u00e1n con su esfuerzo y trabajo las tardes de los viernes para que vuestros hijos\/as pasen unos buenos momentos.&nbsp; Y, por supuesto, para que puedan tener acceso a&nbsp; libros y cuentos, disfrutando de ellos desde su m\u00e1s temprana infancia.<\/p>\n<p style=\"text-align: justify\"><strong>Como siempre, esperamos que acompa\u00f1\u00e9is a vuestros hijos\/as. Y para celebrar la inauguraci\u00f3n, la endulzaremos con una merienda. <\/strong><\/p>\n<p style=\"text-align: justify\"><strong>\u00a1 Est\u00e1is todos invitados!<\/strong><\/p>\n<p style=\"text-align: justify\">Un cordial saludo:<\/p>\n<p>La coordinadora de Organizaci\u00f3n y Funcionamiento de la Biblioteca Escolar, Sara.<\/p>\n","protected":false},"excerpt":{"rendered":"<p>Desde la Biblioteca de nuestro cole os damos la bienvenida un curso m\u00e1s. Nuevamente abrimos nuestras puertas con un gran evento. Ni m\u00e1s ni menos que viene a visitarnos una gran&nbsp; escritora de nuestra&#46;&#46;&#46;<\/p>\n","protected":false},"author":3183,"featured_media":18101,"comment_status":"open","ping_status":"open","sticky":false,"template":"","format":"standard","meta":{"ngg_post_thumbnail":0,"footnotes":""},"categories":[911479],"tags":[827292],"aioseo_notices":[],"_links":{"self":[{"href":"https:\/\/blogsaverroes.juntadeandalucia.es\/eielreal\/wp-json\/wp\/v2\/posts\/18100"}],"collection":[{"href":"https:\/\/blogsaverroes.juntadeandalucia.es\/eielreal\/wp-json\/wp\/v2\/posts"}],"about":[{"href":"https:\/\/blogsaverroes.juntadeandalucia.es\/eielreal\/wp-json\/wp\/v2\/types\/post"}],"author":[{"embeddable":true,"href":"https:\/\/blogsaverroes.juntadeandalucia.es\/eielreal\/wp-json\/wp\/v2\/users\/3183"}],"replies":[{"embeddable":true,"href":"https:\/\/blogsaverroes.juntadeandalucia.es\/eielreal\/wp-json\/wp\/v2\/comments?post=18100"}],"version-history":[{"count":7,"href":"https:\/\/blogsaverroes.juntadeandalucia.es\/eielreal\/wp-json\/wp\/v2\/posts\/18100\/revisions"}],"predecessor-version":[{"id":18112,"href":"https:\/\/blogsaverroes.juntadeandalucia.es\/eielreal\/wp-json\/wp\/v2\/posts\/18100\/revisions\/18112"}],"wp:featuredmedia":[{"embeddable":true,"href":"https:\/\/blogsaverroes.juntadeandalucia.es\/eielreal\/wp-json\/wp\/v2\/media\/18101"}],"wp:attachment":[{"href":"https:\/\/blogsaverroes.juntadeandalucia.es\/eielreal\/wp-json\/wp\/v2\/media?parent=18100"}],"wp:term":[{"taxonomy":"category","embeddable":true,"href":"https:\/\/blogsaverroes.juntadeandalucia.es\/eielreal\/wp-json\/wp\/v2\/categories?post=18100"},{"taxonomy":"post_tag","embeddable":true,"href":"https:\/\/blogsaverroes.juntadeandalucia.es\/eielreal\/wp-json\/wp\/v2\/tags?post=18100"}],"curies":[{"name":"wp","href":"https:\/\/api.w.org\/{rel}","templated":true}]}}