{"id":18262,"date":"2018-11-21T22:06:29","date_gmt":"2018-11-21T22:06:29","guid":{"rendered":"https:\/\/blogsaverroes.juntadeandalucia.es\/eielreal\/?p=18262"},"modified":"2018-11-22T12:08:25","modified_gmt":"2018-11-22T12:08:25","slug":"dia-de-la-infancia","status":"publish","type":"post","link":"https:\/\/blogsaverroes.juntadeandalucia.es\/eielreal\/dia-de-la-infancia\/","title":{"rendered":"D\u00cdA DE LA INFANCIA"},"content":{"rendered":"<p style=\"text-align: justify\"><strong>Una vez m\u00e1s, en nuestro querido cole, celebramos el pasado 20 de Noviembre, el D\u00cdA DE LA INFANCIA.<\/strong><\/p>\n<p style=\"text-align: justify\">Es importante, hacer una parada en el tiempo y reflexionar sobre la importancia que tiene el que se haya aprobado en 1989 la Convenci\u00f3n sobre los Derechos del Ni\u00f1o , el tratado internacional m\u00e1s ratificado de toda la historia y adem\u00e1s de obligado cumplimiento para todos los pa\u00edses que la han firmado.<\/p>\n<p style=\"text-align: justify\">Es un d\u00eda de celebraci\u00f3n por los avances conseguidos, pero sobre todo es un d\u00eda para llamar la atenci\u00f3n sobre la situaci\u00f3n de los ni\u00f1os\/as m\u00e1s desfavorecidos, dar a conocer los derechos de la infancia y concienciar a las personas de la importancia de trabajar d\u00eda a d\u00eda por su bienestar y desarrollo.<\/p>\n<p style=\"text-align: justify\">Todo ello lo hemos trabajado en Asamblea con los ni\u00f1os\/as y tambi\u00e9n&nbsp; lo hemos plasmado&nbsp; en las paredes de nuestras aulas para una mayor concienciaci\u00f3n de la comunidad educativa.<\/p>\n<p><a href=\"https:\/\/blogsaverroes.juntadeandalucia.es\/eielreal\/files\/2018\/11\/IMG_20181121_205254.jpg\"><img loading=\"lazy\" decoding=\"async\" class=\"size-medium wp-image-18315\" src=\"https:\/\/blogsaverroes.juntadeandalucia.es\/eielreal\/files\/2018\/11\/IMG_20181121_205254-285x300.jpg\" alt=\"\" width=\"285\" height=\"300\" srcset=\"https:\/\/blogsaverroes.juntadeandalucia.es\/eielreal\/files\/2018\/11\/IMG_20181121_205254-285x300.jpg 285w, https:\/\/blogsaverroes.juntadeandalucia.es\/eielreal\/files\/2018\/11\/IMG_20181121_205254-24x24.jpg 24w, https:\/\/blogsaverroes.juntadeandalucia.es\/eielreal\/files\/2018\/11\/IMG_20181121_205254-34x36.jpg 34w, https:\/\/blogsaverroes.juntadeandalucia.es\/eielreal\/files\/2018\/11\/IMG_20181121_205254-46x48.jpg 46w, https:\/\/blogsaverroes.juntadeandalucia.es\/eielreal\/files\/2018\/11\/IMG_20181121_205254.jpg 619w\" sizes=\"(max-width: 285px) 100vw, 285px\" \/><\/a><a href=\"https:\/\/blogsaverroes.juntadeandalucia.es\/eielreal\/files\/2018\/11\/IMG_20181121_205329.jpg\"><img loading=\"lazy\" decoding=\"async\" class=\"size-medium wp-image-18316\" src=\"https:\/\/blogsaverroes.juntadeandalucia.es\/eielreal\/files\/2018\/11\/IMG_20181121_205329-229x300.jpg\" alt=\"\" width=\"229\" height=\"300\" srcset=\"https:\/\/blogsaverroes.juntadeandalucia.es\/eielreal\/files\/2018\/11\/IMG_20181121_205329-229x300.jpg 229w, https:\/\/blogsaverroes.juntadeandalucia.es\/eielreal\/files\/2018\/11\/IMG_20181121_205329-18x24.jpg 18w, https:\/\/blogsaverroes.juntadeandalucia.es\/eielreal\/files\/2018\/11\/IMG_20181121_205329-28x36.jpg 28w, https:\/\/blogsaverroes.juntadeandalucia.es\/eielreal\/files\/2018\/11\/IMG_20181121_205329-37x48.jpg 37w, https:\/\/blogsaverroes.juntadeandalucia.es\/eielreal\/files\/2018\/11\/IMG_20181121_205329.jpg 610w\" sizes=\"(max-width: 229px) 100vw, 229px\" \/><\/a><\/p>\n<p>&nbsp;<\/p>\n<p><a href=\"https:\/\/blogsaverroes.juntadeandalucia.es\/eielreal\/files\/2018\/11\/IMG_20181121_205232.jpg\"><img loading=\"lazy\" decoding=\"async\" class=\"size-medium wp-image-18314\" src=\"https:\/\/blogsaverroes.juntadeandalucia.es\/eielreal\/files\/2018\/11\/IMG_20181121_205232-300x245.jpg\" alt=\"\" width=\"300\" height=\"245\" srcset=\"https:\/\/blogsaverroes.juntadeandalucia.es\/eielreal\/files\/2018\/11\/IMG_20181121_205232-300x245.jpg 300w, https:\/\/blogsaverroes.juntadeandalucia.es\/eielreal\/files\/2018\/11\/IMG_20181121_205232-24x20.jpg 24w, https:\/\/blogsaverroes.juntadeandalucia.es\/eielreal\/files\/2018\/11\/IMG_20181121_205232-36x29.jpg 36w, https:\/\/blogsaverroes.juntadeandalucia.es\/eielreal\/files\/2018\/11\/IMG_20181121_205232-48x39.jpg 48w, https:\/\/blogsaverroes.juntadeandalucia.es\/eielreal\/files\/2018\/11\/IMG_20181121_205232.jpg 663w\" sizes=\"(max-width: 300px) 100vw, 300px\" \/><\/a><a href=\"https:\/\/blogsaverroes.juntadeandalucia.es\/eielreal\/files\/2018\/11\/IMG_20181121_205111.jpg\"><img loading=\"lazy\" decoding=\"async\" class=\"size-medium wp-image-18313\" src=\"https:\/\/blogsaverroes.juntadeandalucia.es\/eielreal\/files\/2018\/11\/IMG_20181121_205111-300x233.jpg\" alt=\"\" width=\"300\" height=\"233\" srcset=\"https:\/\/blogsaverroes.juntadeandalucia.es\/eielreal\/files\/2018\/11\/IMG_20181121_205111-300x233.jpg 300w, https:\/\/blogsaverroes.juntadeandalucia.es\/eielreal\/files\/2018\/11\/IMG_20181121_205111-24x19.jpg 24w, https:\/\/blogsaverroes.juntadeandalucia.es\/eielreal\/files\/2018\/11\/IMG_20181121_205111-36x28.jpg 36w, https:\/\/blogsaverroes.juntadeandalucia.es\/eielreal\/files\/2018\/11\/IMG_20181121_205111-48x37.jpg 48w, https:\/\/blogsaverroes.juntadeandalucia.es\/eielreal\/files\/2018\/11\/IMG_20181121_205111.jpg 639w\" sizes=\"(max-width: 300px) 100vw, 300px\" \/><\/a><\/p>\n<p>Hemos trabajado el lema <strong>\u00abTodos los ni\u00f1os del mundo y todas las ni\u00f1as del mundo tienen derecho a ser felices\u00bb.<\/strong> Una actividad muy bonita donde cada ni\u00f1o\/a ha tra\u00eddo de su casa una foto de ni\u00f1os \/as felices de distinta nacionalidad&nbsp; y finalmente hemos realizado un bonito mural.<a href=\"https:\/\/blogsaverroes.juntadeandalucia.es\/eielreal\/files\/2018\/11\/IMG_20181119_121706.jpg\"><img loading=\"lazy\" decoding=\"async\" class=\"size-medium wp-image-18279 alignright\" src=\"https:\/\/blogsaverroes.juntadeandalucia.es\/eielreal\/files\/2018\/11\/IMG_20181119_121706-300x225.jpg\" alt=\"\" width=\"300\" height=\"225\" srcset=\"https:\/\/blogsaverroes.juntadeandalucia.es\/eielreal\/files\/2018\/11\/IMG_20181119_121706-300x225.jpg 300w, https:\/\/blogsaverroes.juntadeandalucia.es\/eielreal\/files\/2018\/11\/IMG_20181119_121706-768x576.jpg 768w, https:\/\/blogsaverroes.juntadeandalucia.es\/eielreal\/files\/2018\/11\/IMG_20181119_121706-1024x768.jpg 1024w, https:\/\/blogsaverroes.juntadeandalucia.es\/eielreal\/files\/2018\/11\/IMG_20181119_121706-700x525.jpg 700w, https:\/\/blogsaverroes.juntadeandalucia.es\/eielreal\/files\/2018\/11\/IMG_20181119_121706-24x18.jpg 24w, https:\/\/blogsaverroes.juntadeandalucia.es\/eielreal\/files\/2018\/11\/IMG_20181119_121706-36x27.jpg 36w, https:\/\/blogsaverroes.juntadeandalucia.es\/eielreal\/files\/2018\/11\/IMG_20181119_121706-48x36.jpg 48w, https:\/\/blogsaverroes.juntadeandalucia.es\/eielreal\/files\/2018\/11\/IMG_20181119_121706.jpg 1600w\" sizes=\"(max-width: 300px) 100vw, 300px\" \/><\/a><\/p>\n<p><a href=\"https:\/\/blogsaverroes.juntadeandalucia.es\/eielreal\/files\/2018\/11\/IMG_20181120_114031.jpg\"><img loading=\"lazy\" decoding=\"async\" class=\"size-medium wp-image-18308\" src=\"https:\/\/blogsaverroes.juntadeandalucia.es\/eielreal\/files\/2018\/11\/IMG_20181120_114031-300x225.jpg\" alt=\"\" width=\"300\" height=\"225\" srcset=\"https:\/\/blogsaverroes.juntadeandalucia.es\/eielreal\/files\/2018\/11\/IMG_20181120_114031-300x225.jpg 300w, https:\/\/blogsaverroes.juntadeandalucia.es\/eielreal\/files\/2018\/11\/IMG_20181120_114031-768x576.jpg 768w, https:\/\/blogsaverroes.juntadeandalucia.es\/eielreal\/files\/2018\/11\/IMG_20181120_114031-1024x768.jpg 1024w, https:\/\/blogsaverroes.juntadeandalucia.es\/eielreal\/files\/2018\/11\/IMG_20181120_114031-700x525.jpg 700w, https:\/\/blogsaverroes.juntadeandalucia.es\/eielreal\/files\/2018\/11\/IMG_20181120_114031-24x18.jpg 24w, https:\/\/blogsaverroes.juntadeandalucia.es\/eielreal\/files\/2018\/11\/IMG_20181120_114031-36x27.jpg 36w, https:\/\/blogsaverroes.juntadeandalucia.es\/eielreal\/files\/2018\/11\/IMG_20181120_114031-48x36.jpg 48w, https:\/\/blogsaverroes.juntadeandalucia.es\/eielreal\/files\/2018\/11\/IMG_20181120_114031.jpg 1600w\" sizes=\"(max-width: 300px) 100vw, 300px\" \/><\/a><\/p>\n<p><a href=\"https:\/\/blogsaverroes.juntadeandalucia.es\/eielreal\/files\/2018\/11\/IMG_20181119_131537.jpg\"><img loading=\"lazy\" decoding=\"async\" class=\"size-medium wp-image-18281 aligncenter\" src=\"https:\/\/blogsaverroes.juntadeandalucia.es\/eielreal\/files\/2018\/11\/IMG_20181119_131537-300x225.jpg\" alt=\"\" width=\"300\" height=\"225\" srcset=\"https:\/\/blogsaverroes.juntadeandalucia.es\/eielreal\/files\/2018\/11\/IMG_20181119_131537-300x225.jpg 300w, https:\/\/blogsaverroes.juntadeandalucia.es\/eielreal\/files\/2018\/11\/IMG_20181119_131537-768x576.jpg 768w, https:\/\/blogsaverroes.juntadeandalucia.es\/eielreal\/files\/2018\/11\/IMG_20181119_131537-1024x768.jpg 1024w, https:\/\/blogsaverroes.juntadeandalucia.es\/eielreal\/files\/2018\/11\/IMG_20181119_131537-700x525.jpg 700w, https:\/\/blogsaverroes.juntadeandalucia.es\/eielreal\/files\/2018\/11\/IMG_20181119_131537-24x18.jpg 24w, https:\/\/blogsaverroes.juntadeandalucia.es\/eielreal\/files\/2018\/11\/IMG_20181119_131537-36x27.jpg 36w, https:\/\/blogsaverroes.juntadeandalucia.es\/eielreal\/files\/2018\/11\/IMG_20181119_131537-48x36.jpg 48w, https:\/\/blogsaverroes.juntadeandalucia.es\/eielreal\/files\/2018\/11\/IMG_20181119_131537.jpg 1600w\" sizes=\"(max-width: 300px) 100vw, 300px\" \/><\/a><\/p>\n<p><strong>Lo hemos pasado muy bien, en clase,&nbsp; seleccionando y comentando las fotos de nuestro mural.<\/strong><\/p>\n<p><a href=\"https:\/\/blogsaverroes.juntadeandalucia.es\/eielreal\/files\/2018\/11\/IMG_20181119_095106.jpg\"><img loading=\"lazy\" decoding=\"async\" class=\"size-medium wp-image-18270\" src=\"https:\/\/blogsaverroes.juntadeandalucia.es\/eielreal\/files\/2018\/11\/IMG_20181119_095106-300x225.jpg\" alt=\"\" width=\"300\" height=\"225\" srcset=\"https:\/\/blogsaverroes.juntadeandalucia.es\/eielreal\/files\/2018\/11\/IMG_20181119_095106-300x225.jpg 300w, https:\/\/blogsaverroes.juntadeandalucia.es\/eielreal\/files\/2018\/11\/IMG_20181119_095106-768x576.jpg 768w, https:\/\/blogsaverroes.juntadeandalucia.es\/eielreal\/files\/2018\/11\/IMG_20181119_095106-1024x768.jpg 1024w, https:\/\/blogsaverroes.juntadeandalucia.es\/eielreal\/files\/2018\/11\/IMG_20181119_095106-700x525.jpg 700w, https:\/\/blogsaverroes.juntadeandalucia.es\/eielreal\/files\/2018\/11\/IMG_20181119_095106-24x18.jpg 24w, https:\/\/blogsaverroes.juntadeandalucia.es\/eielreal\/files\/2018\/11\/IMG_20181119_095106-36x27.jpg 36w, https:\/\/blogsaverroes.juntadeandalucia.es\/eielreal\/files\/2018\/11\/IMG_20181119_095106-48x36.jpg 48w, https:\/\/blogsaverroes.juntadeandalucia.es\/eielreal\/files\/2018\/11\/IMG_20181119_095106.jpg 1600w\" sizes=\"(max-width: 300px) 100vw, 300px\" \/><\/a><a href=\"https:\/\/blogsaverroes.juntadeandalucia.es\/eielreal\/files\/2018\/11\/IMG_20181119_094616.jpg\"><img loading=\"lazy\" decoding=\"async\" class=\"size-medium wp-image-18268\" src=\"https:\/\/blogsaverroes.juntadeandalucia.es\/eielreal\/files\/2018\/11\/IMG_20181119_094616-300x225.jpg\" alt=\"\" width=\"300\" height=\"225\" srcset=\"https:\/\/blogsaverroes.juntadeandalucia.es\/eielreal\/files\/2018\/11\/IMG_20181119_094616-300x225.jpg 300w, https:\/\/blogsaverroes.juntadeandalucia.es\/eielreal\/files\/2018\/11\/IMG_20181119_094616-768x576.jpg 768w, https:\/\/blogsaverroes.juntadeandalucia.es\/eielreal\/files\/2018\/11\/IMG_20181119_094616-1024x768.jpg 1024w, https:\/\/blogsaverroes.juntadeandalucia.es\/eielreal\/files\/2018\/11\/IMG_20181119_094616-700x525.jpg 700w, https:\/\/blogsaverroes.juntadeandalucia.es\/eielreal\/files\/2018\/11\/IMG_20181119_094616-24x18.jpg 24w, https:\/\/blogsaverroes.juntadeandalucia.es\/eielreal\/files\/2018\/11\/IMG_20181119_094616-36x27.jpg 36w, https:\/\/blogsaverroes.juntadeandalucia.es\/eielreal\/files\/2018\/11\/IMG_20181119_094616-48x36.jpg 48w, https:\/\/blogsaverroes.juntadeandalucia.es\/eielreal\/files\/2018\/11\/IMG_20181119_094616.jpg 1600w\" sizes=\"(max-width: 300px) 100vw, 300px\" \/><\/a><\/p>\n<p><strong>Tambi\u00e9n adornamos nuestro patio del cole<\/strong> con globos tra\u00eddos de casa, d\u00e1ndole un colorido muy bonito. A pesar de la lluvia celebramos nuestro gran d\u00eda con esa nota de color.<\/p>\n<p><a href=\"https:\/\/blogsaverroes.juntadeandalucia.es\/eielreal\/files\/2018\/11\/IMG_20181120_091822.jpg\"><img loading=\"lazy\" decoding=\"async\" class=\"size-medium wp-image-18307\" src=\"https:\/\/blogsaverroes.juntadeandalucia.es\/eielreal\/files\/2018\/11\/IMG_20181120_091822-300x225.jpg\" alt=\"\" width=\"300\" height=\"225\" srcset=\"https:\/\/blogsaverroes.juntadeandalucia.es\/eielreal\/files\/2018\/11\/IMG_20181120_091822-300x225.jpg 300w, https:\/\/blogsaverroes.juntadeandalucia.es\/eielreal\/files\/2018\/11\/IMG_20181120_091822-768x576.jpg 768w, https:\/\/blogsaverroes.juntadeandalucia.es\/eielreal\/files\/2018\/11\/IMG_20181120_091822-1024x768.jpg 1024w, https:\/\/blogsaverroes.juntadeandalucia.es\/eielreal\/files\/2018\/11\/IMG_20181120_091822-700x525.jpg 700w, https:\/\/blogsaverroes.juntadeandalucia.es\/eielreal\/files\/2018\/11\/IMG_20181120_091822-24x18.jpg 24w, https:\/\/blogsaverroes.juntadeandalucia.es\/eielreal\/files\/2018\/11\/IMG_20181120_091822-36x27.jpg 36w, https:\/\/blogsaverroes.juntadeandalucia.es\/eielreal\/files\/2018\/11\/IMG_20181120_091822-48x36.jpg 48w, https:\/\/blogsaverroes.juntadeandalucia.es\/eielreal\/files\/2018\/11\/IMG_20181120_091822.jpg 1600w\" sizes=\"(max-width: 300px) 100vw, 300px\" \/><\/a><a href=\"https:\/\/blogsaverroes.juntadeandalucia.es\/eielreal\/files\/2018\/11\/IMG_20181120_090223.jpg\"><img loading=\"lazy\" decoding=\"async\" class=\"size-medium wp-image-18296\" src=\"https:\/\/blogsaverroes.juntadeandalucia.es\/eielreal\/files\/2018\/11\/IMG_20181120_090223-300x225.jpg\" alt=\"\" width=\"300\" height=\"225\" srcset=\"https:\/\/blogsaverroes.juntadeandalucia.es\/eielreal\/files\/2018\/11\/IMG_20181120_090223-300x225.jpg 300w, https:\/\/blogsaverroes.juntadeandalucia.es\/eielreal\/files\/2018\/11\/IMG_20181120_090223-768x576.jpg 768w, https:\/\/blogsaverroes.juntadeandalucia.es\/eielreal\/files\/2018\/11\/IMG_20181120_090223-1024x768.jpg 1024w, https:\/\/blogsaverroes.juntadeandalucia.es\/eielreal\/files\/2018\/11\/IMG_20181120_090223-700x525.jpg 700w, https:\/\/blogsaverroes.juntadeandalucia.es\/eielreal\/files\/2018\/11\/IMG_20181120_090223-24x18.jpg 24w, https:\/\/blogsaverroes.juntadeandalucia.es\/eielreal\/files\/2018\/11\/IMG_20181120_090223-36x27.jpg 36w, https:\/\/blogsaverroes.juntadeandalucia.es\/eielreal\/files\/2018\/11\/IMG_20181120_090223-48x36.jpg 48w, https:\/\/blogsaverroes.juntadeandalucia.es\/eielreal\/files\/2018\/11\/IMG_20181120_090223.jpg 1600w\" sizes=\"(max-width: 300px) 100vw, 300px\" \/><\/a><\/p>\n<p><a href=\"https:\/\/blogsaverroes.juntadeandalucia.es\/eielreal\/files\/2018\/11\/IMG_20181120_090650.jpg\"><img loading=\"lazy\" decoding=\"async\" class=\"size-medium wp-image-18305\" src=\"https:\/\/blogsaverroes.juntadeandalucia.es\/eielreal\/files\/2018\/11\/IMG_20181120_090650-300x225.jpg\" alt=\"\" width=\"300\" height=\"225\" srcset=\"https:\/\/blogsaverroes.juntadeandalucia.es\/eielreal\/files\/2018\/11\/IMG_20181120_090650-300x225.jpg 300w, https:\/\/blogsaverroes.juntadeandalucia.es\/eielreal\/files\/2018\/11\/IMG_20181120_090650-768x576.jpg 768w, https:\/\/blogsaverroes.juntadeandalucia.es\/eielreal\/files\/2018\/11\/IMG_20181120_090650-1024x768.jpg 1024w, https:\/\/blogsaverroes.juntadeandalucia.es\/eielreal\/files\/2018\/11\/IMG_20181120_090650-700x525.jpg 700w, https:\/\/blogsaverroes.juntadeandalucia.es\/eielreal\/files\/2018\/11\/IMG_20181120_090650-24x18.jpg 24w, https:\/\/blogsaverroes.juntadeandalucia.es\/eielreal\/files\/2018\/11\/IMG_20181120_090650-36x27.jpg 36w, https:\/\/blogsaverroes.juntadeandalucia.es\/eielreal\/files\/2018\/11\/IMG_20181120_090650-48x36.jpg 48w, https:\/\/blogsaverroes.juntadeandalucia.es\/eielreal\/files\/2018\/11\/IMG_20181120_090650.jpg 1600w\" sizes=\"(max-width: 300px) 100vw, 300px\" \/><\/a><a href=\"https:\/\/blogsaverroes.juntadeandalucia.es\/eielreal\/files\/2018\/11\/IMG_20181120_090700.jpg\"><img loading=\"lazy\" decoding=\"async\" class=\"size-medium wp-image-18306\" src=\"https:\/\/blogsaverroes.juntadeandalucia.es\/eielreal\/files\/2018\/11\/IMG_20181120_090700-225x300.jpg\" alt=\"\" width=\"225\" height=\"300\" srcset=\"https:\/\/blogsaverroes.juntadeandalucia.es\/eielreal\/files\/2018\/11\/IMG_20181120_090700-225x300.jpg 225w, https:\/\/blogsaverroes.juntadeandalucia.es\/eielreal\/files\/2018\/11\/IMG_20181120_090700-768x1024.jpg 768w, https:\/\/blogsaverroes.juntadeandalucia.es\/eielreal\/files\/2018\/11\/IMG_20181120_090700-700x933.jpg 700w, https:\/\/blogsaverroes.juntadeandalucia.es\/eielreal\/files\/2018\/11\/IMG_20181120_090700-18x24.jpg 18w, https:\/\/blogsaverroes.juntadeandalucia.es\/eielreal\/files\/2018\/11\/IMG_20181120_090700-27x36.jpg 27w, https:\/\/blogsaverroes.juntadeandalucia.es\/eielreal\/files\/2018\/11\/IMG_20181120_090700-36x48.jpg 36w, https:\/\/blogsaverroes.juntadeandalucia.es\/eielreal\/files\/2018\/11\/IMG_20181120_090700.jpg 1200w\" sizes=\"(max-width: 225px) 100vw, 225px\" \/><\/a><\/p>\n<p><a href=\"https:\/\/blogsaverroes.juntadeandalucia.es\/eielreal\/files\/2018\/11\/IMG_20181120_090607.jpg\"><img loading=\"lazy\" decoding=\"async\" class=\"size-medium wp-image-18303\" src=\"https:\/\/blogsaverroes.juntadeandalucia.es\/eielreal\/files\/2018\/11\/IMG_20181120_090607-225x300.jpg\" alt=\"\" width=\"225\" height=\"300\" srcset=\"https:\/\/blogsaverroes.juntadeandalucia.es\/eielreal\/files\/2018\/11\/IMG_20181120_090607-225x300.jpg 225w, https:\/\/blogsaverroes.juntadeandalucia.es\/eielreal\/files\/2018\/11\/IMG_20181120_090607-768x1024.jpg 768w, https:\/\/blogsaverroes.juntadeandalucia.es\/eielreal\/files\/2018\/11\/IMG_20181120_090607-700x933.jpg 700w, https:\/\/blogsaverroes.juntadeandalucia.es\/eielreal\/files\/2018\/11\/IMG_20181120_090607-18x24.jpg 18w, https:\/\/blogsaverroes.juntadeandalucia.es\/eielreal\/files\/2018\/11\/IMG_20181120_090607-27x36.jpg 27w, https:\/\/blogsaverroes.juntadeandalucia.es\/eielreal\/files\/2018\/11\/IMG_20181120_090607-36x48.jpg 36w, https:\/\/blogsaverroes.juntadeandalucia.es\/eielreal\/files\/2018\/11\/IMG_20181120_090607.jpg 1200w\" sizes=\"(max-width: 225px) 100vw, 225px\" \/><\/a><img loading=\"lazy\" decoding=\"async\" class=\"size-medium wp-image-18304\" src=\"https:\/\/blogsaverroes.juntadeandalucia.es\/eielreal\/files\/2018\/11\/IMG_20181120_090629-300x225.jpg\" alt=\"\" width=\"300\" height=\"225\" srcset=\"https:\/\/blogsaverroes.juntadeandalucia.es\/eielreal\/files\/2018\/11\/IMG_20181120_090629-300x225.jpg 300w, https:\/\/blogsaverroes.juntadeandalucia.es\/eielreal\/files\/2018\/11\/IMG_20181120_090629-768x576.jpg 768w, https:\/\/blogsaverroes.juntadeandalucia.es\/eielreal\/files\/2018\/11\/IMG_20181120_090629-1024x768.jpg 1024w, https:\/\/blogsaverroes.juntadeandalucia.es\/eielreal\/files\/2018\/11\/IMG_20181120_090629-700x525.jpg 700w, https:\/\/blogsaverroes.juntadeandalucia.es\/eielreal\/files\/2018\/11\/IMG_20181120_090629-24x18.jpg 24w, https:\/\/blogsaverroes.juntadeandalucia.es\/eielreal\/files\/2018\/11\/IMG_20181120_090629-36x27.jpg 36w, https:\/\/blogsaverroes.juntadeandalucia.es\/eielreal\/files\/2018\/11\/IMG_20181120_090629-48x36.jpg 48w, https:\/\/blogsaverroes.juntadeandalucia.es\/eielreal\/files\/2018\/11\/IMG_20181120_090629.jpg 1600w\" sizes=\"(max-width: 300px) 100vw, 300px\" \/><\/p>\n<p><a href=\"https:\/\/blogsaverroes.juntadeandalucia.es\/eielreal\/files\/2018\/11\/IMG_20181120_090440.jpg\"><img loading=\"lazy\" decoding=\"async\" class=\"size-medium wp-image-18302\" src=\"https:\/\/blogsaverroes.juntadeandalucia.es\/eielreal\/files\/2018\/11\/IMG_20181120_090440-300x225.jpg\" alt=\"\" width=\"300\" height=\"225\" srcset=\"https:\/\/blogsaverroes.juntadeandalucia.es\/eielreal\/files\/2018\/11\/IMG_20181120_090440-300x225.jpg 300w, https:\/\/blogsaverroes.juntadeandalucia.es\/eielreal\/files\/2018\/11\/IMG_20181120_090440-768x576.jpg 768w, https:\/\/blogsaverroes.juntadeandalucia.es\/eielreal\/files\/2018\/11\/IMG_20181120_090440-1024x768.jpg 1024w, https:\/\/blogsaverroes.juntadeandalucia.es\/eielreal\/files\/2018\/11\/IMG_20181120_090440-700x525.jpg 700w, https:\/\/blogsaverroes.juntadeandalucia.es\/eielreal\/files\/2018\/11\/IMG_20181120_090440-24x18.jpg 24w, https:\/\/blogsaverroes.juntadeandalucia.es\/eielreal\/files\/2018\/11\/IMG_20181120_090440-36x27.jpg 36w, https:\/\/blogsaverroes.juntadeandalucia.es\/eielreal\/files\/2018\/11\/IMG_20181120_090440-48x36.jpg 48w, https:\/\/blogsaverroes.juntadeandalucia.es\/eielreal\/files\/2018\/11\/IMG_20181120_090440.jpg 1600w\" sizes=\"(max-width: 300px) 100vw, 300px\" \/><\/a><a href=\"https:\/\/blogsaverroes.juntadeandalucia.es\/eielreal\/files\/2018\/11\/IMG_20181120_090418.jpg\"><img loading=\"lazy\" decoding=\"async\" class=\"size-medium wp-image-18301\" src=\"https:\/\/blogsaverroes.juntadeandalucia.es\/eielreal\/files\/2018\/11\/IMG_20181120_090418-225x300.jpg\" alt=\"\" width=\"225\" height=\"300\" srcset=\"https:\/\/blogsaverroes.juntadeandalucia.es\/eielreal\/files\/2018\/11\/IMG_20181120_090418-225x300.jpg 225w, https:\/\/blogsaverroes.juntadeandalucia.es\/eielreal\/files\/2018\/11\/IMG_20181120_090418-768x1024.jpg 768w, https:\/\/blogsaverroes.juntadeandalucia.es\/eielreal\/files\/2018\/11\/IMG_20181120_090418-700x933.jpg 700w, https:\/\/blogsaverroes.juntadeandalucia.es\/eielreal\/files\/2018\/11\/IMG_20181120_090418-18x24.jpg 18w, https:\/\/blogsaverroes.juntadeandalucia.es\/eielreal\/files\/2018\/11\/IMG_20181120_090418-27x36.jpg 27w, https:\/\/blogsaverroes.juntadeandalucia.es\/eielreal\/files\/2018\/11\/IMG_20181120_090418-36x48.jpg 36w, https:\/\/blogsaverroes.juntadeandalucia.es\/eielreal\/files\/2018\/11\/IMG_20181120_090418.jpg 1200w\" sizes=\"(max-width: 225px) 100vw, 225px\" \/><\/a><\/p>\n<p><a href=\"https:\/\/blogsaverroes.juntadeandalucia.es\/eielreal\/files\/2018\/11\/IMG_20181120_090252.jpg\"><img loading=\"lazy\" decoding=\"async\" class=\"size-medium wp-image-18298\" src=\"https:\/\/blogsaverroes.juntadeandalucia.es\/eielreal\/files\/2018\/11\/IMG_20181120_090252-225x300.jpg\" alt=\"\" width=\"225\" height=\"300\" srcset=\"https:\/\/blogsaverroes.juntadeandalucia.es\/eielreal\/files\/2018\/11\/IMG_20181120_090252-225x300.jpg 225w, https:\/\/blogsaverroes.juntadeandalucia.es\/eielreal\/files\/2018\/11\/IMG_20181120_090252-768x1024.jpg 768w, https:\/\/blogsaverroes.juntadeandalucia.es\/eielreal\/files\/2018\/11\/IMG_20181120_090252-700x933.jpg 700w, https:\/\/blogsaverroes.juntadeandalucia.es\/eielreal\/files\/2018\/11\/IMG_20181120_090252-18x24.jpg 18w, https:\/\/blogsaverroes.juntadeandalucia.es\/eielreal\/files\/2018\/11\/IMG_20181120_090252-27x36.jpg 27w, https:\/\/blogsaverroes.juntadeandalucia.es\/eielreal\/files\/2018\/11\/IMG_20181120_090252-36x48.jpg 36w, https:\/\/blogsaverroes.juntadeandalucia.es\/eielreal\/files\/2018\/11\/IMG_20181120_090252.jpg 1200w\" sizes=\"(max-width: 225px) 100vw, 225px\" \/><\/a><a href=\"https:\/\/blogsaverroes.juntadeandalucia.es\/eielreal\/files\/2018\/11\/IMG_20181120_090350.jpg\"><img loading=\"lazy\" decoding=\"async\" class=\"size-medium wp-image-18299\" src=\"https:\/\/blogsaverroes.juntadeandalucia.es\/eielreal\/files\/2018\/11\/IMG_20181120_090350-225x300.jpg\" alt=\"\" width=\"225\" height=\"300\" srcset=\"https:\/\/blogsaverroes.juntadeandalucia.es\/eielreal\/files\/2018\/11\/IMG_20181120_090350-225x300.jpg 225w, https:\/\/blogsaverroes.juntadeandalucia.es\/eielreal\/files\/2018\/11\/IMG_20181120_090350-768x1024.jpg 768w, https:\/\/blogsaverroes.juntadeandalucia.es\/eielreal\/files\/2018\/11\/IMG_20181120_090350-700x933.jpg 700w, https:\/\/blogsaverroes.juntadeandalucia.es\/eielreal\/files\/2018\/11\/IMG_20181120_090350-18x24.jpg 18w, https:\/\/blogsaverroes.juntadeandalucia.es\/eielreal\/files\/2018\/11\/IMG_20181120_090350-27x36.jpg 27w, https:\/\/blogsaverroes.juntadeandalucia.es\/eielreal\/files\/2018\/11\/IMG_20181120_090350-36x48.jpg 36w, https:\/\/blogsaverroes.juntadeandalucia.es\/eielreal\/files\/2018\/11\/IMG_20181120_090350.jpg 1200w\" sizes=\"(max-width: 225px) 100vw, 225px\" \/><\/a><\/p>\n<p><a href=\"https:\/\/blogsaverroes.juntadeandalucia.es\/eielreal\/files\/2018\/11\/IMG_20181120_090129.jpg\"><img loading=\"lazy\" decoding=\"async\" class=\"size-medium wp-image-18294\" src=\"https:\/\/blogsaverroes.juntadeandalucia.es\/eielreal\/files\/2018\/11\/IMG_20181120_090129-225x300.jpg\" alt=\"\" width=\"225\" height=\"300\" srcset=\"https:\/\/blogsaverroes.juntadeandalucia.es\/eielreal\/files\/2018\/11\/IMG_20181120_090129-225x300.jpg 225w, https:\/\/blogsaverroes.juntadeandalucia.es\/eielreal\/files\/2018\/11\/IMG_20181120_090129-768x1024.jpg 768w, https:\/\/blogsaverroes.juntadeandalucia.es\/eielreal\/files\/2018\/11\/IMG_20181120_090129-700x933.jpg 700w, https:\/\/blogsaverroes.juntadeandalucia.es\/eielreal\/files\/2018\/11\/IMG_20181120_090129-18x24.jpg 18w, https:\/\/blogsaverroes.juntadeandalucia.es\/eielreal\/files\/2018\/11\/IMG_20181120_090129-27x36.jpg 27w, https:\/\/blogsaverroes.juntadeandalucia.es\/eielreal\/files\/2018\/11\/IMG_20181120_090129-36x48.jpg 36w, https:\/\/blogsaverroes.juntadeandalucia.es\/eielreal\/files\/2018\/11\/IMG_20181120_090129.jpg 1200w\" sizes=\"(max-width: 225px) 100vw, 225px\" \/><\/a><a href=\"https:\/\/blogsaverroes.juntadeandalucia.es\/eielreal\/files\/2018\/11\/IMG_20181120_090120.jpg\"><img loading=\"lazy\" decoding=\"async\" class=\"size-medium wp-image-18293\" src=\"https:\/\/blogsaverroes.juntadeandalucia.es\/eielreal\/files\/2018\/11\/IMG_20181120_090120-225x300.jpg\" alt=\"\" width=\"225\" height=\"300\" srcset=\"https:\/\/blogsaverroes.juntadeandalucia.es\/eielreal\/files\/2018\/11\/IMG_20181120_090120-225x300.jpg 225w, https:\/\/blogsaverroes.juntadeandalucia.es\/eielreal\/files\/2018\/11\/IMG_20181120_090120-768x1024.jpg 768w, https:\/\/blogsaverroes.juntadeandalucia.es\/eielreal\/files\/2018\/11\/IMG_20181120_090120-700x933.jpg 700w, https:\/\/blogsaverroes.juntadeandalucia.es\/eielreal\/files\/2018\/11\/IMG_20181120_090120-18x24.jpg 18w, https:\/\/blogsaverroes.juntadeandalucia.es\/eielreal\/files\/2018\/11\/IMG_20181120_090120-27x36.jpg 27w, https:\/\/blogsaverroes.juntadeandalucia.es\/eielreal\/files\/2018\/11\/IMG_20181120_090120-36x48.jpg 36w, https:\/\/blogsaverroes.juntadeandalucia.es\/eielreal\/files\/2018\/11\/IMG_20181120_090120.jpg 1200w\" sizes=\"(max-width: 225px) 100vw, 225px\" \/><\/a><\/p>\n<p><a href=\"https:\/\/blogsaverroes.juntadeandalucia.es\/eielreal\/files\/2018\/11\/IMG_20181120_090114.jpg\"><img loading=\"lazy\" decoding=\"async\" class=\"size-medium wp-image-18292\" src=\"https:\/\/blogsaverroes.juntadeandalucia.es\/eielreal\/files\/2018\/11\/IMG_20181120_090114-300x225.jpg\" alt=\"\" width=\"300\" height=\"225\" srcset=\"https:\/\/blogsaverroes.juntadeandalucia.es\/eielreal\/files\/2018\/11\/IMG_20181120_090114-300x225.jpg 300w, https:\/\/blogsaverroes.juntadeandalucia.es\/eielreal\/files\/2018\/11\/IMG_20181120_090114-768x576.jpg 768w, https:\/\/blogsaverroes.juntadeandalucia.es\/eielreal\/files\/2018\/11\/IMG_20181120_090114-1024x768.jpg 1024w, https:\/\/blogsaverroes.juntadeandalucia.es\/eielreal\/files\/2018\/11\/IMG_20181120_090114-700x525.jpg 700w, https:\/\/blogsaverroes.juntadeandalucia.es\/eielreal\/files\/2018\/11\/IMG_20181120_090114-24x18.jpg 24w, https:\/\/blogsaverroes.juntadeandalucia.es\/eielreal\/files\/2018\/11\/IMG_20181120_090114-36x27.jpg 36w, https:\/\/blogsaverroes.juntadeandalucia.es\/eielreal\/files\/2018\/11\/IMG_20181120_090114-48x36.jpg 48w, https:\/\/blogsaverroes.juntadeandalucia.es\/eielreal\/files\/2018\/11\/IMG_20181120_090114.jpg 1600w\" sizes=\"(max-width: 300px) 100vw, 300px\" \/><\/a><a href=\"https:\/\/blogsaverroes.juntadeandalucia.es\/eielreal\/files\/2018\/11\/IMG_20181120_090058.jpg\"><img loading=\"lazy\" decoding=\"async\" class=\"size-medium wp-image-18291\" src=\"https:\/\/blogsaverroes.juntadeandalucia.es\/eielreal\/files\/2018\/11\/IMG_20181120_090058-300x225.jpg\" alt=\"\" width=\"300\" height=\"225\" srcset=\"https:\/\/blogsaverroes.juntadeandalucia.es\/eielreal\/files\/2018\/11\/IMG_20181120_090058-300x225.jpg 300w, https:\/\/blogsaverroes.juntadeandalucia.es\/eielreal\/files\/2018\/11\/IMG_20181120_090058-768x576.jpg 768w, https:\/\/blogsaverroes.juntadeandalucia.es\/eielreal\/files\/2018\/11\/IMG_20181120_090058-1024x768.jpg 1024w, https:\/\/blogsaverroes.juntadeandalucia.es\/eielreal\/files\/2018\/11\/IMG_20181120_090058-700x525.jpg 700w, https:\/\/blogsaverroes.juntadeandalucia.es\/eielreal\/files\/2018\/11\/IMG_20181120_090058-24x18.jpg 24w, https:\/\/blogsaverroes.juntadeandalucia.es\/eielreal\/files\/2018\/11\/IMG_20181120_090058-36x27.jpg 36w, https:\/\/blogsaverroes.juntadeandalucia.es\/eielreal\/files\/2018\/11\/IMG_20181120_090058-48x36.jpg 48w, https:\/\/blogsaverroes.juntadeandalucia.es\/eielreal\/files\/2018\/11\/IMG_20181120_090058.jpg 1600w\" sizes=\"(max-width: 300px) 100vw, 300px\" \/><\/a><\/p>\n<p><a href=\"https:\/\/blogsaverroes.juntadeandalucia.es\/eielreal\/files\/2018\/11\/IMG_20181120_090046.jpg\"><img loading=\"lazy\" decoding=\"async\" class=\"size-medium wp-image-18290\" src=\"https:\/\/blogsaverroes.juntadeandalucia.es\/eielreal\/files\/2018\/11\/IMG_20181120_090046-300x225.jpg\" alt=\"\" width=\"300\" height=\"225\" srcset=\"https:\/\/blogsaverroes.juntadeandalucia.es\/eielreal\/files\/2018\/11\/IMG_20181120_090046-300x225.jpg 300w, https:\/\/blogsaverroes.juntadeandalucia.es\/eielreal\/files\/2018\/11\/IMG_20181120_090046-768x576.jpg 768w, https:\/\/blogsaverroes.juntadeandalucia.es\/eielreal\/files\/2018\/11\/IMG_20181120_090046-1024x768.jpg 1024w, https:\/\/blogsaverroes.juntadeandalucia.es\/eielreal\/files\/2018\/11\/IMG_20181120_090046-700x525.jpg 700w, https:\/\/blogsaverroes.juntadeandalucia.es\/eielreal\/files\/2018\/11\/IMG_20181120_090046-24x18.jpg 24w, https:\/\/blogsaverroes.juntadeandalucia.es\/eielreal\/files\/2018\/11\/IMG_20181120_090046-36x27.jpg 36w, https:\/\/blogsaverroes.juntadeandalucia.es\/eielreal\/files\/2018\/11\/IMG_20181120_090046-48x36.jpg 48w, https:\/\/blogsaverroes.juntadeandalucia.es\/eielreal\/files\/2018\/11\/IMG_20181120_090046.jpg 1600w\" sizes=\"(max-width: 300px) 100vw, 300px\" \/><\/a><a href=\"https:\/\/blogsaverroes.juntadeandalucia.es\/eielreal\/files\/2018\/11\/IMG_20181120_090022.jpg\"><img loading=\"lazy\" decoding=\"async\" class=\"size-medium wp-image-18288\" src=\"https:\/\/blogsaverroes.juntadeandalucia.es\/eielreal\/files\/2018\/11\/IMG_20181120_090022-300x225.jpg\" alt=\"\" width=\"300\" height=\"225\" srcset=\"https:\/\/blogsaverroes.juntadeandalucia.es\/eielreal\/files\/2018\/11\/IMG_20181120_090022-300x225.jpg 300w, https:\/\/blogsaverroes.juntadeandalucia.es\/eielreal\/files\/2018\/11\/IMG_20181120_090022-768x576.jpg 768w, https:\/\/blogsaverroes.juntadeandalucia.es\/eielreal\/files\/2018\/11\/IMG_20181120_090022-1024x768.jpg 1024w, https:\/\/blogsaverroes.juntadeandalucia.es\/eielreal\/files\/2018\/11\/IMG_20181120_090022-700x525.jpg 700w, https:\/\/blogsaverroes.juntadeandalucia.es\/eielreal\/files\/2018\/11\/IMG_20181120_090022-24x18.jpg 24w, https:\/\/blogsaverroes.juntadeandalucia.es\/eielreal\/files\/2018\/11\/IMG_20181120_090022-36x27.jpg 36w, https:\/\/blogsaverroes.juntadeandalucia.es\/eielreal\/files\/2018\/11\/IMG_20181120_090022-48x36.jpg 48w, https:\/\/blogsaverroes.juntadeandalucia.es\/eielreal\/files\/2018\/11\/IMG_20181120_090022.jpg 1600w\" sizes=\"(max-width: 300px) 100vw, 300px\" \/><\/a><\/p>\n<p><a href=\"https:\/\/blogsaverroes.juntadeandalucia.es\/eielreal\/files\/2018\/11\/IMG_20181120_090031.jpg\"><img loading=\"lazy\" decoding=\"async\" class=\"size-medium wp-image-18289\" src=\"https:\/\/blogsaverroes.juntadeandalucia.es\/eielreal\/files\/2018\/11\/IMG_20181120_090031-300x225.jpg\" alt=\"\" width=\"300\" height=\"225\" srcset=\"https:\/\/blogsaverroes.juntadeandalucia.es\/eielreal\/files\/2018\/11\/IMG_20181120_090031-300x225.jpg 300w, https:\/\/blogsaverroes.juntadeandalucia.es\/eielreal\/files\/2018\/11\/IMG_20181120_090031-768x576.jpg 768w, https:\/\/blogsaverroes.juntadeandalucia.es\/eielreal\/files\/2018\/11\/IMG_20181120_090031-1024x768.jpg 1024w, https:\/\/blogsaverroes.juntadeandalucia.es\/eielreal\/files\/2018\/11\/IMG_20181120_090031-700x525.jpg 700w, https:\/\/blogsaverroes.juntadeandalucia.es\/eielreal\/files\/2018\/11\/IMG_20181120_090031-24x18.jpg 24w, https:\/\/blogsaverroes.juntadeandalucia.es\/eielreal\/files\/2018\/11\/IMG_20181120_090031-36x27.jpg 36w, https:\/\/blogsaverroes.juntadeandalucia.es\/eielreal\/files\/2018\/11\/IMG_20181120_090031-48x36.jpg 48w, https:\/\/blogsaverroes.juntadeandalucia.es\/eielreal\/files\/2018\/11\/IMG_20181120_090031.jpg 1600w\" sizes=\"(max-width: 300px) 100vw, 300px\" \/><\/a><a href=\"https:\/\/blogsaverroes.juntadeandalucia.es\/eielreal\/files\/2018\/11\/IMG_20181120_085951.jpg\"><img loading=\"lazy\" decoding=\"async\" class=\"size-medium wp-image-18286\" src=\"https:\/\/blogsaverroes.juntadeandalucia.es\/eielreal\/files\/2018\/11\/IMG_20181120_085951-300x225.jpg\" alt=\"\" width=\"300\" height=\"225\" srcset=\"https:\/\/blogsaverroes.juntadeandalucia.es\/eielreal\/files\/2018\/11\/IMG_20181120_085951-300x225.jpg 300w, https:\/\/blogsaverroes.juntadeandalucia.es\/eielreal\/files\/2018\/11\/IMG_20181120_085951-768x576.jpg 768w, https:\/\/blogsaverroes.juntadeandalucia.es\/eielreal\/files\/2018\/11\/IMG_20181120_085951-1024x768.jpg 1024w, https:\/\/blogsaverroes.juntadeandalucia.es\/eielreal\/files\/2018\/11\/IMG_20181120_085951-700x525.jpg 700w, https:\/\/blogsaverroes.juntadeandalucia.es\/eielreal\/files\/2018\/11\/IMG_20181120_085951-24x18.jpg 24w, https:\/\/blogsaverroes.juntadeandalucia.es\/eielreal\/files\/2018\/11\/IMG_20181120_085951-36x27.jpg 36w, https:\/\/blogsaverroes.juntadeandalucia.es\/eielreal\/files\/2018\/11\/IMG_20181120_085951-48x36.jpg 48w, https:\/\/blogsaverroes.juntadeandalucia.es\/eielreal\/files\/2018\/11\/IMG_20181120_085951.jpg 1600w\" sizes=\"(max-width: 300px) 100vw, 300px\" \/><\/a><\/p>\n<p><a href=\"https:\/\/blogsaverroes.juntadeandalucia.es\/eielreal\/files\/2018\/11\/IMG_20181120_085906.jpg\"><img loading=\"lazy\" decoding=\"async\" class=\"size-medium wp-image-18283\" src=\"https:\/\/blogsaverroes.juntadeandalucia.es\/eielreal\/files\/2018\/11\/IMG_20181120_085906-300x225.jpg\" alt=\"\" width=\"300\" height=\"225\" srcset=\"https:\/\/blogsaverroes.juntadeandalucia.es\/eielreal\/files\/2018\/11\/IMG_20181120_085906-300x225.jpg 300w, https:\/\/blogsaverroes.juntadeandalucia.es\/eielreal\/files\/2018\/11\/IMG_20181120_085906-768x576.jpg 768w, https:\/\/blogsaverroes.juntadeandalucia.es\/eielreal\/files\/2018\/11\/IMG_20181120_085906-1024x768.jpg 1024w, https:\/\/blogsaverroes.juntadeandalucia.es\/eielreal\/files\/2018\/11\/IMG_20181120_085906-700x525.jpg 700w, https:\/\/blogsaverroes.juntadeandalucia.es\/eielreal\/files\/2018\/11\/IMG_20181120_085906-24x18.jpg 24w, https:\/\/blogsaverroes.juntadeandalucia.es\/eielreal\/files\/2018\/11\/IMG_20181120_085906-36x27.jpg 36w, https:\/\/blogsaverroes.juntadeandalucia.es\/eielreal\/files\/2018\/11\/IMG_20181120_085906-48x36.jpg 48w, https:\/\/blogsaverroes.juntadeandalucia.es\/eielreal\/files\/2018\/11\/IMG_20181120_085906.jpg 1600w\" sizes=\"(max-width: 300px) 100vw, 300px\" \/><\/a><a href=\"https:\/\/blogsaverroes.juntadeandalucia.es\/eielreal\/files\/2018\/11\/IMG_20181120_114559.jpg\"><img loading=\"lazy\" decoding=\"async\" class=\"size-medium wp-image-18318\" src=\"https:\/\/blogsaverroes.juntadeandalucia.es\/eielreal\/files\/2018\/11\/IMG_20181120_114559-300x225.jpg\" alt=\"\" width=\"300\" height=\"225\" srcset=\"https:\/\/blogsaverroes.juntadeandalucia.es\/eielreal\/files\/2018\/11\/IMG_20181120_114559-300x225.jpg 300w, https:\/\/blogsaverroes.juntadeandalucia.es\/eielreal\/files\/2018\/11\/IMG_20181120_114559-768x576.jpg 768w, https:\/\/blogsaverroes.juntadeandalucia.es\/eielreal\/files\/2018\/11\/IMG_20181120_114559-1024x768.jpg 1024w, https:\/\/blogsaverroes.juntadeandalucia.es\/eielreal\/files\/2018\/11\/IMG_20181120_114559-700x525.jpg 700w, https:\/\/blogsaverroes.juntadeandalucia.es\/eielreal\/files\/2018\/11\/IMG_20181120_114559-24x18.jpg 24w, https:\/\/blogsaverroes.juntadeandalucia.es\/eielreal\/files\/2018\/11\/IMG_20181120_114559-36x27.jpg 36w, https:\/\/blogsaverroes.juntadeandalucia.es\/eielreal\/files\/2018\/11\/IMG_20181120_114559-48x36.jpg 48w, https:\/\/blogsaverroes.juntadeandalucia.es\/eielreal\/files\/2018\/11\/IMG_20181120_114559.jpg 1600w\" sizes=\"(max-width: 300px) 100vw, 300px\" \/><\/a><a href=\"https:\/\/blogsaverroes.juntadeandalucia.es\/eielreal\/files\/2018\/11\/IMG_20181120_120401.jpg\"><img loading=\"lazy\" decoding=\"async\" class=\"size-medium wp-image-18317 aligncenter\" src=\"https:\/\/blogsaverroes.juntadeandalucia.es\/eielreal\/files\/2018\/11\/IMG_20181120_120401-225x300.jpg\" alt=\"\" width=\"225\" height=\"300\" srcset=\"https:\/\/blogsaverroes.juntadeandalucia.es\/eielreal\/files\/2018\/11\/IMG_20181120_120401-225x300.jpg 225w, https:\/\/blogsaverroes.juntadeandalucia.es\/eielreal\/files\/2018\/11\/IMG_20181120_120401-768x1024.jpg 768w, https:\/\/blogsaverroes.juntadeandalucia.es\/eielreal\/files\/2018\/11\/IMG_20181120_120401-700x933.jpg 700w, https:\/\/blogsaverroes.juntadeandalucia.es\/eielreal\/files\/2018\/11\/IMG_20181120_120401-18x24.jpg 18w, https:\/\/blogsaverroes.juntadeandalucia.es\/eielreal\/files\/2018\/11\/IMG_20181120_120401-27x36.jpg 27w, https:\/\/blogsaverroes.juntadeandalucia.es\/eielreal\/files\/2018\/11\/IMG_20181120_120401-36x48.jpg 36w, https:\/\/blogsaverroes.juntadeandalucia.es\/eielreal\/files\/2018\/11\/IMG_20181120_120401.jpg 1200w\" sizes=\"(max-width: 225px) 100vw, 225px\" \/><\/a><\/p>\n<p>Espero que os haya gustado.<\/p>\n<p>Muchas gracias por vuestra colaboraci\u00f3n.<\/p>\n<p>TERE. Coordinadora del Plan de&nbsp; Igualdad entre hombres y Mujeres<\/p>\n","protected":false},"excerpt":{"rendered":"<p>Una vez m\u00e1s, en nuestro querido cole, celebramos el pasado 20 de Noviembre, el D\u00cdA DE LA INFANCIA. Es importante, hacer una parada en el tiempo y reflexionar sobre la importancia que tiene el&#46;&#46;&#46;<\/p>\n","protected":false},"author":3183,"featured_media":18312,"comment_status":"open","ping_status":"open","sticky":false,"template":"","format":"standard","meta":{"ngg_post_thumbnail":0,"footnotes":""},"categories":[911479,1740710],"tags":[827294],"aioseo_notices":[],"_links":{"self":[{"href":"https:\/\/blogsaverroes.juntadeandalucia.es\/eielreal\/wp-json\/wp\/v2\/posts\/18262"}],"collection":[{"href":"https:\/\/blogsaverroes.juntadeandalucia.es\/eielreal\/wp-json\/wp\/v2\/posts"}],"about":[{"href":"https:\/\/blogsaverroes.juntadeandalucia.es\/eielreal\/wp-json\/wp\/v2\/types\/post"}],"author":[{"embeddable":true,"href":"https:\/\/blogsaverroes.juntadeandalucia.es\/eielreal\/wp-json\/wp\/v2\/users\/3183"}],"replies":[{"embeddable":true,"href":"https:\/\/blogsaverroes.juntadeandalucia.es\/eielreal\/wp-json\/wp\/v2\/comments?post=18262"}],"version-history":[{"count":8,"href":"https:\/\/blogsaverroes.juntadeandalucia.es\/eielreal\/wp-json\/wp\/v2\/posts\/18262\/revisions"}],"predecessor-version":[{"id":18325,"href":"https:\/\/blogsaverroes.juntadeandalucia.es\/eielreal\/wp-json\/wp\/v2\/posts\/18262\/revisions\/18325"}],"wp:featuredmedia":[{"embeddable":true,"href":"https:\/\/blogsaverroes.juntadeandalucia.es\/eielreal\/wp-json\/wp\/v2\/media\/18312"}],"wp:attachment":[{"href":"https:\/\/blogsaverroes.juntadeandalucia.es\/eielreal\/wp-json\/wp\/v2\/media?parent=18262"}],"wp:term":[{"taxonomy":"category","embeddable":true,"href":"https:\/\/blogsaverroes.juntadeandalucia.es\/eielreal\/wp-json\/wp\/v2\/categories?post=18262"},{"taxonomy":"post_tag","embeddable":true,"href":"https:\/\/blogsaverroes.juntadeandalucia.es\/eielreal\/wp-json\/wp\/v2\/tags?post=18262"}],"curies":[{"name":"wp","href":"https:\/\/api.w.org\/{rel}","templated":true}]}}