{"id":20108,"date":"2019-02-13T09:40:43","date_gmt":"2019-02-13T09:40:43","guid":{"rendered":"https:\/\/blogsaverroes.juntadeandalucia.es\/eielreal\/?p=20108"},"modified":"2019-02-13T09:42:05","modified_gmt":"2019-02-13T09:42:05","slug":"i-ginkana-intercentro","status":"publish","type":"post","link":"https:\/\/blogsaverroes.juntadeandalucia.es\/eielreal\/i-ginkana-intercentro\/","title":{"rendered":"I GINKANA INTERCENTRO"},"content":{"rendered":"<p>Queridas familias.<br \/>\nComo actividad incluida en nuestro <strong>Programa \u00abCreciendo en Salud\u00bb<\/strong>, dise\u00f1ado especialmente para favorecer h\u00e1bitos de vida saludable, el <strong>pr\u00f3ximo viernes, 15 de febrero a las 10:45 h<\/strong>, los alumnos de 5 a\u00f1os participar\u00e1n en la<strong> I GINKANA INTERCENTRO.<\/strong><br \/>\n<a href=\"https:\/\/blogsaverroes.juntadeandalucia.es\/eielreal\/files\/2019\/02\/habitos-saludables-2.jpg\"><img loading=\"lazy\" decoding=\"async\" class=\" wp-image-20110 alignleft\" src=\"https:\/\/blogsaverroes.juntadeandalucia.es\/eielreal\/files\/2019\/02\/habitos-saludables-2-300x262.jpg\" alt=\"\" width=\"229\" height=\"201\" srcset=\"https:\/\/blogsaverroes.juntadeandalucia.es\/eielreal\/files\/2019\/02\/habitos-saludables-2-300x262.jpg 300w, https:\/\/blogsaverroes.juntadeandalucia.es\/eielreal\/files\/2019\/02\/habitos-saludables-2-24x21.jpg 24w, https:\/\/blogsaverroes.juntadeandalucia.es\/eielreal\/files\/2019\/02\/habitos-saludables-2-36x31.jpg 36w, https:\/\/blogsaverroes.juntadeandalucia.es\/eielreal\/files\/2019\/02\/habitos-saludables-2-48x42.jpg 48w, https:\/\/blogsaverroes.juntadeandalucia.es\/eielreal\/files\/2019\/02\/habitos-saludables-2.jpg 320w\" sizes=\"(max-width: 229px) 100vw, 229px\" \/><\/a>A su vez est\u00e1 actividad formar\u00e1 parte del Programa de Tr\u00e1nsito a Educaci\u00f3n Primaria.<br \/>\nLos alumnos y alumnas de 5 a\u00f1os saldr\u00e1n acompa\u00f1ados de sus tutoras as\u00ed como de personal de apoyo hac\u00eda el <strong>C.E.Pr Beato Juan Grande<\/strong>. All\u00ed nos recibir\u00e1n los tres grupos de 1\u00aa de Educaci\u00f3n Primar\u00eda para participar conjuntamente en actividades y juegos en exterior. Recomendamos que ese d\u00eda usen ropa deportiva para su mayor comodidad.<br \/>\nLos alumnos podr\u00e1n desarrollar 7 actividades diferentes dise\u00f1adas especialmente para el nivel en que los alumnos se encuentran. Cada alumno\/a llevar\u00e1 un carnet que ser\u00e1 sellado al pasar por cada actividad.\u00a0 La actividad contar\u00e1 con una duraci\u00f3n aproximada de una hora y media.<\/p>\n<p>Un saludo.<\/p>\n<p>Sonia Lora<br \/>\nCoordinadora del Programa Creciendo en Salud<\/p>\n","protected":false},"excerpt":{"rendered":"<p>Queridas familias. Como actividad incluida en nuestro Programa \u00abCreciendo en Salud\u00bb, dise\u00f1ado especialmente para favorecer h\u00e1bitos de vida saludable, el pr\u00f3ximo viernes, 15 de febrero a las 10:45 h, los alumnos de 5 a\u00f1os&#46;&#46;&#46;<\/p>\n","protected":false},"author":3183,"featured_media":20110,"comment_status":"open","ping_status":"open","sticky":false,"template":"","format":"standard","meta":{"ngg_post_thumbnail":0,"footnotes":""},"categories":[5991,1740709],"tags":[307409],"aioseo_notices":[],"_links":{"self":[{"href":"https:\/\/blogsaverroes.juntadeandalucia.es\/eielreal\/wp-json\/wp\/v2\/posts\/20108"}],"collection":[{"href":"https:\/\/blogsaverroes.juntadeandalucia.es\/eielreal\/wp-json\/wp\/v2\/posts"}],"about":[{"href":"https:\/\/blogsaverroes.juntadeandalucia.es\/eielreal\/wp-json\/wp\/v2\/types\/post"}],"author":[{"embeddable":true,"href":"https:\/\/blogsaverroes.juntadeandalucia.es\/eielreal\/wp-json\/wp\/v2\/users\/3183"}],"replies":[{"embeddable":true,"href":"https:\/\/blogsaverroes.juntadeandalucia.es\/eielreal\/wp-json\/wp\/v2\/comments?post=20108"}],"version-history":[{"count":1,"href":"https:\/\/blogsaverroes.juntadeandalucia.es\/eielreal\/wp-json\/wp\/v2\/posts\/20108\/revisions"}],"predecessor-version":[{"id":20111,"href":"https:\/\/blogsaverroes.juntadeandalucia.es\/eielreal\/wp-json\/wp\/v2\/posts\/20108\/revisions\/20111"}],"wp:featuredmedia":[{"embeddable":true,"href":"https:\/\/blogsaverroes.juntadeandalucia.es\/eielreal\/wp-json\/wp\/v2\/media\/20110"}],"wp:attachment":[{"href":"https:\/\/blogsaverroes.juntadeandalucia.es\/eielreal\/wp-json\/wp\/v2\/media?parent=20108"}],"wp:term":[{"taxonomy":"category","embeddable":true,"href":"https:\/\/blogsaverroes.juntadeandalucia.es\/eielreal\/wp-json\/wp\/v2\/categories?post=20108"},{"taxonomy":"post_tag","embeddable":true,"href":"https:\/\/blogsaverroes.juntadeandalucia.es\/eielreal\/wp-json\/wp\/v2\/tags?post=20108"}],"curies":[{"name":"wp","href":"https:\/\/api.w.org\/{rel}","templated":true}]}}