{"id":20257,"date":"2019-02-26T21:14:18","date_gmt":"2019-02-26T21:14:18","guid":{"rendered":"https:\/\/blogsaverroes.juntadeandalucia.es\/eielreal\/?p=20257"},"modified":"2019-03-07T08:27:14","modified_gmt":"2019-03-07T08:27:14","slug":"talleres-cultura-andaluza","status":"publish","type":"post","link":"https:\/\/blogsaverroes.juntadeandalucia.es\/eielreal\/talleres-cultura-andaluza\/","title":{"rendered":"TALLERES CULTURA ANDALUZA"},"content":{"rendered":"<p style=\"text-align: justify\">Todos los centros docentes de nuestra Comunidad Aut\u00f3noma celebrar\u00e1n, con anterioridad al pr\u00f3ximo d\u00eda <strong>28 de febrero<\/strong>, el <strong>D\u00eda de Andaluc\u00eda.<\/strong> Los centros programar\u00e1n actividades para la conmemoraci\u00f3n del D\u00eda de Andaluc\u00eda con el alumnado. Dichas actividades se orientar\u00e1n a promover el conocimiento y la reflexi\u00f3n en torno a la realidad andaluza.<\/p>\n<p style=\"text-align: justify\">En nuestro centro llevamos d\u00edas preparando las actividades relacionadas con esta celebraci\u00f3n y hoy d\u00eda 26 de febrero nos ha tocado realizar los tradicionales <strong>TALLERES DE CULTURA ANDALUZA.<\/strong><\/p>\n<p style=\"text-align: justify\">Todos los alumnos han pasado por los cuatro talleres que inicialmente hab\u00edamos planificado.<\/p>\n<ul>\n<li>Taller de Gastronom\u00eda: Gazpacho.<\/li>\n<li>Taller de Flamenco.<\/li>\n<li>Taller de Poes\u00eda \u00abFederico Garc\u00eda Lorca\u00bb<\/li>\n<li>Taller de cuentos: \u00abH\u00e9rcules llega a Andaluc\u00eda\u00bb<\/li>\n<\/ul>\n<p style=\"text-align: justify\"><strong>TALLER DE GASTRONOM\u00cdA: GAZPACHO<\/strong>. En las clases de la se\u00f1o Gracia e Isabel ha tenido lugar nuestro taller de Gastronom\u00eda. Ha consistido en la elaboraci\u00f3n y degustaci\u00f3n de GAZPACHO ANDALUZ.&nbsp;<strong>El gazpacho<\/strong>&nbsp;es una de los platos m\u00e1s t\u00edpicos de la gastronom\u00eda andaluza. Aunque se puede degustar en cualquier \u00e9poca del a\u00f1o, lo habitual es que se haga en verano, ya que es un plato que se sirve muy fr\u00edo. Una cualidad que posee el gazpacho es su <strong>aporte de vitaminas, as\u00ed como fibra vegetal, sales minerales, \u00e1cidos grasos polisaturados y gl\u00facidos.&nbsp;<\/strong> Un plato muy completo que cumple con creces con la llamada dieta mediterr\u00e1nea.<\/p>\n<p><a href=\"https:\/\/blogsaverroes.juntadeandalucia.es\/eielreal\/files\/2019\/02\/IMG_0341.jpg\"><img loading=\"lazy\" decoding=\"async\" class=\"size-medium wp-image-20299 alignnone\" src=\"https:\/\/blogsaverroes.juntadeandalucia.es\/eielreal\/files\/2019\/02\/IMG_0341-300x225.jpg\" alt=\"\" width=\"300\" height=\"225\" srcset=\"https:\/\/blogsaverroes.juntadeandalucia.es\/eielreal\/files\/2019\/02\/IMG_0341-300x225.jpg 300w, https:\/\/blogsaverroes.juntadeandalucia.es\/eielreal\/files\/2019\/02\/IMG_0341-768x576.jpg 768w, https:\/\/blogsaverroes.juntadeandalucia.es\/eielreal\/files\/2019\/02\/IMG_0341-1024x768.jpg 1024w, https:\/\/blogsaverroes.juntadeandalucia.es\/eielreal\/files\/2019\/02\/IMG_0341-700x525.jpg 700w, https:\/\/blogsaverroes.juntadeandalucia.es\/eielreal\/files\/2019\/02\/IMG_0341-24x18.jpg 24w, https:\/\/blogsaverroes.juntadeandalucia.es\/eielreal\/files\/2019\/02\/IMG_0341-36x27.jpg 36w, https:\/\/blogsaverroes.juntadeandalucia.es\/eielreal\/files\/2019\/02\/IMG_0341-48x36.jpg 48w, https:\/\/blogsaverroes.juntadeandalucia.es\/eielreal\/files\/2019\/02\/IMG_0341.jpg 1600w\" sizes=\"(max-width: 300px) 100vw, 300px\" \/>&nbsp;&nbsp;&nbsp;<\/a> <a href=\"https:\/\/blogsaverroes.juntadeandalucia.es\/eielreal\/files\/2019\/02\/IMG_0331.jpg\"><img loading=\"lazy\" decoding=\"async\" class=\"size-medium wp-image-20294 alignnone\" src=\"https:\/\/blogsaverroes.juntadeandalucia.es\/eielreal\/files\/2019\/02\/IMG_0331-300x225.jpg\" alt=\"\" width=\"300\" height=\"225\" srcset=\"https:\/\/blogsaverroes.juntadeandalucia.es\/eielreal\/files\/2019\/02\/IMG_0331-300x225.jpg 300w, https:\/\/blogsaverroes.juntadeandalucia.es\/eielreal\/files\/2019\/02\/IMG_0331-768x576.jpg 768w, https:\/\/blogsaverroes.juntadeandalucia.es\/eielreal\/files\/2019\/02\/IMG_0331-1024x768.jpg 1024w, https:\/\/blogsaverroes.juntadeandalucia.es\/eielreal\/files\/2019\/02\/IMG_0331-700x525.jpg 700w, https:\/\/blogsaverroes.juntadeandalucia.es\/eielreal\/files\/2019\/02\/IMG_0331-24x18.jpg 24w, https:\/\/blogsaverroes.juntadeandalucia.es\/eielreal\/files\/2019\/02\/IMG_0331-36x27.jpg 36w, https:\/\/blogsaverroes.juntadeandalucia.es\/eielreal\/files\/2019\/02\/IMG_0331-48x36.jpg 48w, https:\/\/blogsaverroes.juntadeandalucia.es\/eielreal\/files\/2019\/02\/IMG_0331.jpg 1600w\" sizes=\"(max-width: 300px) 100vw, 300px\" \/><\/a> <a href=\"https:\/\/blogsaverroes.juntadeandalucia.es\/eielreal\/files\/2019\/02\/IMG_0304.jpg\"><img loading=\"lazy\" decoding=\"async\" class=\"size-medium wp-image-20281 alignnone\" src=\"https:\/\/blogsaverroes.juntadeandalucia.es\/eielreal\/files\/2019\/02\/IMG_0304-300x225.jpg\" alt=\"\" width=\"300\" height=\"225\" srcset=\"https:\/\/blogsaverroes.juntadeandalucia.es\/eielreal\/files\/2019\/02\/IMG_0304-300x225.jpg 300w, https:\/\/blogsaverroes.juntadeandalucia.es\/eielreal\/files\/2019\/02\/IMG_0304-768x576.jpg 768w, https:\/\/blogsaverroes.juntadeandalucia.es\/eielreal\/files\/2019\/02\/IMG_0304-1024x768.jpg 1024w, https:\/\/blogsaverroes.juntadeandalucia.es\/eielreal\/files\/2019\/02\/IMG_0304-700x525.jpg 700w, https:\/\/blogsaverroes.juntadeandalucia.es\/eielreal\/files\/2019\/02\/IMG_0304-24x18.jpg 24w, https:\/\/blogsaverroes.juntadeandalucia.es\/eielreal\/files\/2019\/02\/IMG_0304-36x27.jpg 36w, https:\/\/blogsaverroes.juntadeandalucia.es\/eielreal\/files\/2019\/02\/IMG_0304-48x36.jpg 48w, https:\/\/blogsaverroes.juntadeandalucia.es\/eielreal\/files\/2019\/02\/IMG_0304.jpg 1600w\" sizes=\"(max-width: 300px) 100vw, 300px\" \/>&nbsp;&nbsp;&nbsp;<\/a> <a href=\"https:\/\/blogsaverroes.juntadeandalucia.es\/eielreal\/files\/2019\/02\/IMG_0305.jpg\"><img loading=\"lazy\" decoding=\"async\" class=\"size-medium wp-image-20282 alignnone\" src=\"https:\/\/blogsaverroes.juntadeandalucia.es\/eielreal\/files\/2019\/02\/IMG_0305-300x225.jpg\" alt=\"\" width=\"300\" height=\"225\" srcset=\"https:\/\/blogsaverroes.juntadeandalucia.es\/eielreal\/files\/2019\/02\/IMG_0305-300x225.jpg 300w, https:\/\/blogsaverroes.juntadeandalucia.es\/eielreal\/files\/2019\/02\/IMG_0305-768x576.jpg 768w, https:\/\/blogsaverroes.juntadeandalucia.es\/eielreal\/files\/2019\/02\/IMG_0305-1024x768.jpg 1024w, https:\/\/blogsaverroes.juntadeandalucia.es\/eielreal\/files\/2019\/02\/IMG_0305-700x525.jpg 700w, https:\/\/blogsaverroes.juntadeandalucia.es\/eielreal\/files\/2019\/02\/IMG_0305-24x18.jpg 24w, https:\/\/blogsaverroes.juntadeandalucia.es\/eielreal\/files\/2019\/02\/IMG_0305-36x27.jpg 36w, https:\/\/blogsaverroes.juntadeandalucia.es\/eielreal\/files\/2019\/02\/IMG_0305-48x36.jpg 48w, https:\/\/blogsaverroes.juntadeandalucia.es\/eielreal\/files\/2019\/02\/IMG_0305.jpg 1600w\" sizes=\"(max-width: 300px) 100vw, 300px\" \/><\/a><\/p>\n<p style=\"text-align: justify\"><strong>TALLER DE FLAMENCO<\/strong> De la mano de las se\u00f1os Tere y Manoli ha tenido lugar el taller de flamenco, un taller con unas pinceladas de teor\u00eda pero principalmente un taller pr\u00e1ctico y din\u00e1mico. Hemos aprendido qu\u00e9 son y como se tocan las <strong>\u00abpalmas sordas\u00bb<\/strong>.&nbsp; Las&nbsp;<i>palmas sordas<\/i>&nbsp;se obtienen ahuecando las palmas de ambas manos al golpearlas entre s\u00ed,se ahuecan las manos para no ahogar la voz del cantaor o el sonido de la guitarra. Suelen acompa\u00f1ar los cantes m\u00e1s solemnes, y sirven tanto de \u00e1nimo como de marco respetuoso a la voz del cantaor. Hemos aprendido unos pasos de<strong> baile flamenco<\/strong>, acompa\u00f1ados de una canci\u00f3n de un grupo andaluz, \u00abLos del R\u00edo\u00bb titulada \u00abSevilla\u00bb.<\/p>\n<p><a href=\"https:\/\/blogsaverroes.juntadeandalucia.es\/eielreal\/files\/2019\/02\/IMG_0312.jpg\"><img loading=\"lazy\" decoding=\"async\" class=\"size-medium wp-image-20287 alignnone\" src=\"https:\/\/blogsaverroes.juntadeandalucia.es\/eielreal\/files\/2019\/02\/IMG_0312-300x225.jpg\" alt=\"\" width=\"300\" height=\"225\" srcset=\"https:\/\/blogsaverroes.juntadeandalucia.es\/eielreal\/files\/2019\/02\/IMG_0312-300x225.jpg 300w, https:\/\/blogsaverroes.juntadeandalucia.es\/eielreal\/files\/2019\/02\/IMG_0312-768x576.jpg 768w, https:\/\/blogsaverroes.juntadeandalucia.es\/eielreal\/files\/2019\/02\/IMG_0312-1024x768.jpg 1024w, https:\/\/blogsaverroes.juntadeandalucia.es\/eielreal\/files\/2019\/02\/IMG_0312-700x525.jpg 700w, https:\/\/blogsaverroes.juntadeandalucia.es\/eielreal\/files\/2019\/02\/IMG_0312-24x18.jpg 24w, https:\/\/blogsaverroes.juntadeandalucia.es\/eielreal\/files\/2019\/02\/IMG_0312-36x27.jpg 36w, https:\/\/blogsaverroes.juntadeandalucia.es\/eielreal\/files\/2019\/02\/IMG_0312-48x36.jpg 48w, https:\/\/blogsaverroes.juntadeandalucia.es\/eielreal\/files\/2019\/02\/IMG_0312.jpg 1600w\" sizes=\"(max-width: 300px) 100vw, 300px\" \/>&nbsp;&nbsp;&nbsp;&nbsp;<\/a> <a href=\"https:\/\/blogsaverroes.juntadeandalucia.es\/eielreal\/files\/2019\/02\/IMG_0337.jpg\"><img loading=\"lazy\" decoding=\"async\" class=\"size-medium wp-image-20297 alignnone\" src=\"https:\/\/blogsaverroes.juntadeandalucia.es\/eielreal\/files\/2019\/02\/IMG_0337-300x225.jpg\" alt=\"\" width=\"300\" height=\"225\" srcset=\"https:\/\/blogsaverroes.juntadeandalucia.es\/eielreal\/files\/2019\/02\/IMG_0337-300x225.jpg 300w, https:\/\/blogsaverroes.juntadeandalucia.es\/eielreal\/files\/2019\/02\/IMG_0337-768x576.jpg 768w, https:\/\/blogsaverroes.juntadeandalucia.es\/eielreal\/files\/2019\/02\/IMG_0337-1024x768.jpg 1024w, https:\/\/blogsaverroes.juntadeandalucia.es\/eielreal\/files\/2019\/02\/IMG_0337-700x525.jpg 700w, https:\/\/blogsaverroes.juntadeandalucia.es\/eielreal\/files\/2019\/02\/IMG_0337-24x18.jpg 24w, https:\/\/blogsaverroes.juntadeandalucia.es\/eielreal\/files\/2019\/02\/IMG_0337-36x27.jpg 36w, https:\/\/blogsaverroes.juntadeandalucia.es\/eielreal\/files\/2019\/02\/IMG_0337-48x36.jpg 48w, https:\/\/blogsaverroes.juntadeandalucia.es\/eielreal\/files\/2019\/02\/IMG_0337.jpg 1600w\" sizes=\"(max-width: 300px) 100vw, 300px\" \/><\/a> <a href=\"https:\/\/blogsaverroes.juntadeandalucia.es\/eielreal\/files\/2019\/02\/IMG_0316.jpg\"><img loading=\"lazy\" decoding=\"async\" class=\"size-medium wp-image-20289 alignnone\" src=\"https:\/\/blogsaverroes.juntadeandalucia.es\/eielreal\/files\/2019\/02\/IMG_0316-300x225.jpg\" alt=\"\" width=\"300\" height=\"225\" srcset=\"https:\/\/blogsaverroes.juntadeandalucia.es\/eielreal\/files\/2019\/02\/IMG_0316-300x225.jpg 300w, https:\/\/blogsaverroes.juntadeandalucia.es\/eielreal\/files\/2019\/02\/IMG_0316-768x576.jpg 768w, https:\/\/blogsaverroes.juntadeandalucia.es\/eielreal\/files\/2019\/02\/IMG_0316-1024x768.jpg 1024w, https:\/\/blogsaverroes.juntadeandalucia.es\/eielreal\/files\/2019\/02\/IMG_0316-700x525.jpg 700w, https:\/\/blogsaverroes.juntadeandalucia.es\/eielreal\/files\/2019\/02\/IMG_0316-24x18.jpg 24w, https:\/\/blogsaverroes.juntadeandalucia.es\/eielreal\/files\/2019\/02\/IMG_0316-36x27.jpg 36w, https:\/\/blogsaverroes.juntadeandalucia.es\/eielreal\/files\/2019\/02\/IMG_0316-48x36.jpg 48w, https:\/\/blogsaverroes.juntadeandalucia.es\/eielreal\/files\/2019\/02\/IMG_0316.jpg 1600w\" sizes=\"(max-width: 300px) 100vw, 300px\" \/>&nbsp;&nbsp;&nbsp;&nbsp;<\/a> <a href=\"https:\/\/blogsaverroes.juntadeandalucia.es\/eielreal\/files\/2019\/02\/IMG_0307.jpg\"><img loading=\"lazy\" decoding=\"async\" class=\"size-medium wp-image-20284 alignnone\" src=\"https:\/\/blogsaverroes.juntadeandalucia.es\/eielreal\/files\/2019\/02\/IMG_0307-300x225.jpg\" alt=\"\" width=\"300\" height=\"225\" srcset=\"https:\/\/blogsaverroes.juntadeandalucia.es\/eielreal\/files\/2019\/02\/IMG_0307-300x225.jpg 300w, https:\/\/blogsaverroes.juntadeandalucia.es\/eielreal\/files\/2019\/02\/IMG_0307-768x576.jpg 768w, https:\/\/blogsaverroes.juntadeandalucia.es\/eielreal\/files\/2019\/02\/IMG_0307-1024x768.jpg 1024w, https:\/\/blogsaverroes.juntadeandalucia.es\/eielreal\/files\/2019\/02\/IMG_0307-700x525.jpg 700w, https:\/\/blogsaverroes.juntadeandalucia.es\/eielreal\/files\/2019\/02\/IMG_0307-24x18.jpg 24w, https:\/\/blogsaverroes.juntadeandalucia.es\/eielreal\/files\/2019\/02\/IMG_0307-36x27.jpg 36w, https:\/\/blogsaverroes.juntadeandalucia.es\/eielreal\/files\/2019\/02\/IMG_0307-48x36.jpg 48w, https:\/\/blogsaverroes.juntadeandalucia.es\/eielreal\/files\/2019\/02\/IMG_0307.jpg 1600w\" sizes=\"(max-width: 300px) 100vw, 300px\" \/><\/a><\/p>\n<p style=\"text-align: justify\"><strong>TALLER DE POES\u00cdA: FEDERICO GARC\u00cdA LORCA<\/strong>. Las se\u00f1os Mar\u00eda Rosario y Rosario han acercado a <strong>Federico Garc\u00eda Lorca<\/strong> a nuestros alumnos.&nbsp;Federico Garc\u00eda Lorca, uno de los poetas m\u00e1s insignes de nuestra \u00e9poca, naci\u00f3 en Fuente Vaqueros, un pueblo andaluz de la vega granadina, el 5 de junio de 1898. Hemos conocido un poco su biograf\u00eda y escenificado y recitado alguna de sus obras.<\/p>\n<p><a href=\"https:\/\/blogsaverroes.juntadeandalucia.es\/eielreal\/files\/2019\/02\/IMG_0342.jpg\"><img loading=\"lazy\" decoding=\"async\" class=\"size-medium wp-image-20300 alignnone\" src=\"https:\/\/blogsaverroes.juntadeandalucia.es\/eielreal\/files\/2019\/02\/IMG_0342-300x225.jpg\" alt=\"\" width=\"300\" height=\"225\" srcset=\"https:\/\/blogsaverroes.juntadeandalucia.es\/eielreal\/files\/2019\/02\/IMG_0342-300x225.jpg 300w, https:\/\/blogsaverroes.juntadeandalucia.es\/eielreal\/files\/2019\/02\/IMG_0342-768x576.jpg 768w, https:\/\/blogsaverroes.juntadeandalucia.es\/eielreal\/files\/2019\/02\/IMG_0342-1024x768.jpg 1024w, https:\/\/blogsaverroes.juntadeandalucia.es\/eielreal\/files\/2019\/02\/IMG_0342-700x525.jpg 700w, https:\/\/blogsaverroes.juntadeandalucia.es\/eielreal\/files\/2019\/02\/IMG_0342-24x18.jpg 24w, https:\/\/blogsaverroes.juntadeandalucia.es\/eielreal\/files\/2019\/02\/IMG_0342-36x27.jpg 36w, https:\/\/blogsaverroes.juntadeandalucia.es\/eielreal\/files\/2019\/02\/IMG_0342-48x36.jpg 48w, https:\/\/blogsaverroes.juntadeandalucia.es\/eielreal\/files\/2019\/02\/IMG_0342.jpg 1600w\" sizes=\"(max-width: 300px) 100vw, 300px\" \/>&nbsp;&nbsp;&nbsp;&nbsp;&nbsp;<\/a> <a href=\"https:\/\/blogsaverroes.juntadeandalucia.es\/eielreal\/files\/2019\/02\/IMG_0276.jpg\"><img loading=\"lazy\" decoding=\"async\" class=\"size-medium wp-image-20263 alignnone\" src=\"https:\/\/blogsaverroes.juntadeandalucia.es\/eielreal\/files\/2019\/02\/IMG_0276-300x225.jpg\" alt=\"\" width=\"300\" height=\"225\" srcset=\"https:\/\/blogsaverroes.juntadeandalucia.es\/eielreal\/files\/2019\/02\/IMG_0276-300x225.jpg 300w, https:\/\/blogsaverroes.juntadeandalucia.es\/eielreal\/files\/2019\/02\/IMG_0276-768x576.jpg 768w, https:\/\/blogsaverroes.juntadeandalucia.es\/eielreal\/files\/2019\/02\/IMG_0276-1024x768.jpg 1024w, https:\/\/blogsaverroes.juntadeandalucia.es\/eielreal\/files\/2019\/02\/IMG_0276-700x525.jpg 700w, https:\/\/blogsaverroes.juntadeandalucia.es\/eielreal\/files\/2019\/02\/IMG_0276-24x18.jpg 24w, https:\/\/blogsaverroes.juntadeandalucia.es\/eielreal\/files\/2019\/02\/IMG_0276-36x27.jpg 36w, https:\/\/blogsaverroes.juntadeandalucia.es\/eielreal\/files\/2019\/02\/IMG_0276-48x36.jpg 48w, https:\/\/blogsaverroes.juntadeandalucia.es\/eielreal\/files\/2019\/02\/IMG_0276.jpg 1600w\" sizes=\"(max-width: 300px) 100vw, 300px\" \/><\/a> <a href=\"https:\/\/blogsaverroes.juntadeandalucia.es\/eielreal\/files\/2019\/02\/IMG_0274.jpg\"><img loading=\"lazy\" decoding=\"async\" class=\"size-medium wp-image-20261 alignnone\" src=\"https:\/\/blogsaverroes.juntadeandalucia.es\/eielreal\/files\/2019\/02\/IMG_0274-300x225.jpg\" alt=\"\" width=\"300\" height=\"225\" srcset=\"https:\/\/blogsaverroes.juntadeandalucia.es\/eielreal\/files\/2019\/02\/IMG_0274-300x225.jpg 300w, https:\/\/blogsaverroes.juntadeandalucia.es\/eielreal\/files\/2019\/02\/IMG_0274-768x576.jpg 768w, https:\/\/blogsaverroes.juntadeandalucia.es\/eielreal\/files\/2019\/02\/IMG_0274-1024x768.jpg 1024w, https:\/\/blogsaverroes.juntadeandalucia.es\/eielreal\/files\/2019\/02\/IMG_0274-700x525.jpg 700w, https:\/\/blogsaverroes.juntadeandalucia.es\/eielreal\/files\/2019\/02\/IMG_0274-24x18.jpg 24w, https:\/\/blogsaverroes.juntadeandalucia.es\/eielreal\/files\/2019\/02\/IMG_0274-36x27.jpg 36w, https:\/\/blogsaverroes.juntadeandalucia.es\/eielreal\/files\/2019\/02\/IMG_0274-48x36.jpg 48w, https:\/\/blogsaverroes.juntadeandalucia.es\/eielreal\/files\/2019\/02\/IMG_0274.jpg 1600w\" sizes=\"(max-width: 300px) 100vw, 300px\" \/>&nbsp;&nbsp;&nbsp;&nbsp;&nbsp;<\/a> <a href=\"https:\/\/blogsaverroes.juntadeandalucia.es\/eielreal\/files\/2019\/02\/IMG_0328.jpg\"><img loading=\"lazy\" decoding=\"async\" class=\"size-medium wp-image-20292 alignnone\" src=\"https:\/\/blogsaverroes.juntadeandalucia.es\/eielreal\/files\/2019\/02\/IMG_0328-300x225.jpg\" alt=\"\" width=\"300\" height=\"225\" srcset=\"https:\/\/blogsaverroes.juntadeandalucia.es\/eielreal\/files\/2019\/02\/IMG_0328-300x225.jpg 300w, https:\/\/blogsaverroes.juntadeandalucia.es\/eielreal\/files\/2019\/02\/IMG_0328-768x576.jpg 768w, https:\/\/blogsaverroes.juntadeandalucia.es\/eielreal\/files\/2019\/02\/IMG_0328-1024x768.jpg 1024w, https:\/\/blogsaverroes.juntadeandalucia.es\/eielreal\/files\/2019\/02\/IMG_0328-700x525.jpg 700w, https:\/\/blogsaverroes.juntadeandalucia.es\/eielreal\/files\/2019\/02\/IMG_0328-24x18.jpg 24w, https:\/\/blogsaverroes.juntadeandalucia.es\/eielreal\/files\/2019\/02\/IMG_0328-36x27.jpg 36w, https:\/\/blogsaverroes.juntadeandalucia.es\/eielreal\/files\/2019\/02\/IMG_0328-48x36.jpg 48w, https:\/\/blogsaverroes.juntadeandalucia.es\/eielreal\/files\/2019\/02\/IMG_0328.jpg 1600w\" sizes=\"(max-width: 300px) 100vw, 300px\" \/><\/a><\/p>\n<p style=\"text-align: justify\"><strong>TALLER DE CUENTOS: \u00abH\u00c9RCULES LLEGA A ANDALUC\u00cdA.<\/strong> La se\u00f1os Sara y Mari \u00c1ngeles, han captado la atenci\u00f3n de nuestros ni\u00f1os con el cuento<strong> \u00abH\u00e9rcules llega a Andaluc\u00eda\u00bb.&nbsp;<\/strong>Este cuento est\u00e1&nbsp;relacionado con la tem\u00e1tica de&nbsp;<strong>Andaluc\u00eda<\/strong>, en concreto con la bandera y el escudo de nuestra Comunidad.&nbsp;Es un cuento que hemos trabajado otros cursos pero que les ha vuelto a gustar mucho.<br \/>\nLa verdad es que es una historia&nbsp;bonita, donde su protagonista es un ni\u00f1o llamado H\u00e9rcules, cuyas mascotas&nbsp;son dos leones peque\u00f1itos, que incluso&nbsp;duermen con&nbsp;\u00e9l y recorren nuestra tierra, qued\u00e1ndose con lo m\u00e1s significativo.<br \/>\nAl terminar, formamos el <strong>escudo, <\/strong>donde<strong>&nbsp;<\/strong>hemos reconocido a H\u00e9rcules,&nbsp; a Leoncio y Poponcio, sus dos leones.<\/p>\n<p><a href=\"https:\/\/blogsaverroes.juntadeandalucia.es\/eielreal\/files\/2019\/02\/IMG_0334.jpg\"><img loading=\"lazy\" decoding=\"async\" class=\"size-medium wp-image-20295 alignnone\" src=\"https:\/\/blogsaverroes.juntadeandalucia.es\/eielreal\/files\/2019\/02\/IMG_0334-300x225.jpg\" alt=\"\" width=\"300\" height=\"225\" srcset=\"https:\/\/blogsaverroes.juntadeandalucia.es\/eielreal\/files\/2019\/02\/IMG_0334-300x225.jpg 300w, https:\/\/blogsaverroes.juntadeandalucia.es\/eielreal\/files\/2019\/02\/IMG_0334-768x576.jpg 768w, https:\/\/blogsaverroes.juntadeandalucia.es\/eielreal\/files\/2019\/02\/IMG_0334-1024x768.jpg 1024w, https:\/\/blogsaverroes.juntadeandalucia.es\/eielreal\/files\/2019\/02\/IMG_0334-700x525.jpg 700w, https:\/\/blogsaverroes.juntadeandalucia.es\/eielreal\/files\/2019\/02\/IMG_0334-24x18.jpg 24w, https:\/\/blogsaverroes.juntadeandalucia.es\/eielreal\/files\/2019\/02\/IMG_0334-36x27.jpg 36w, https:\/\/blogsaverroes.juntadeandalucia.es\/eielreal\/files\/2019\/02\/IMG_0334-48x36.jpg 48w, https:\/\/blogsaverroes.juntadeandalucia.es\/eielreal\/files\/2019\/02\/IMG_0334.jpg 1600w\" sizes=\"(max-width: 300px) 100vw, 300px\" \/>&nbsp;&nbsp;&nbsp;&nbsp;&nbsp;<\/a> <a href=\"https:\/\/blogsaverroes.juntadeandalucia.es\/eielreal\/files\/2019\/02\/IMG_0303.jpg\"><img loading=\"lazy\" decoding=\"async\" class=\"size-medium wp-image-20280 alignnone\" src=\"https:\/\/blogsaverroes.juntadeandalucia.es\/eielreal\/files\/2019\/02\/IMG_0303-300x225.jpg\" alt=\"\" width=\"300\" height=\"225\" srcset=\"https:\/\/blogsaverroes.juntadeandalucia.es\/eielreal\/files\/2019\/02\/IMG_0303-300x225.jpg 300w, https:\/\/blogsaverroes.juntadeandalucia.es\/eielreal\/files\/2019\/02\/IMG_0303-768x576.jpg 768w, https:\/\/blogsaverroes.juntadeandalucia.es\/eielreal\/files\/2019\/02\/IMG_0303-1024x768.jpg 1024w, https:\/\/blogsaverroes.juntadeandalucia.es\/eielreal\/files\/2019\/02\/IMG_0303-700x525.jpg 700w, https:\/\/blogsaverroes.juntadeandalucia.es\/eielreal\/files\/2019\/02\/IMG_0303-24x18.jpg 24w, https:\/\/blogsaverroes.juntadeandalucia.es\/eielreal\/files\/2019\/02\/IMG_0303-36x27.jpg 36w, https:\/\/blogsaverroes.juntadeandalucia.es\/eielreal\/files\/2019\/02\/IMG_0303-48x36.jpg 48w, https:\/\/blogsaverroes.juntadeandalucia.es\/eielreal\/files\/2019\/02\/IMG_0303.jpg 1600w\" sizes=\"(max-width: 300px) 100vw, 300px\" \/><\/a> <a href=\"https:\/\/blogsaverroes.juntadeandalucia.es\/eielreal\/files\/2019\/02\/IMG_0300.jpg\"><img loading=\"lazy\" decoding=\"async\" class=\"size-medium wp-image-20279 alignnone\" src=\"https:\/\/blogsaverroes.juntadeandalucia.es\/eielreal\/files\/2019\/02\/IMG_0300-300x225.jpg\" alt=\"\" width=\"300\" height=\"225\" srcset=\"https:\/\/blogsaverroes.juntadeandalucia.es\/eielreal\/files\/2019\/02\/IMG_0300-300x225.jpg 300w, https:\/\/blogsaverroes.juntadeandalucia.es\/eielreal\/files\/2019\/02\/IMG_0300-768x576.jpg 768w, https:\/\/blogsaverroes.juntadeandalucia.es\/eielreal\/files\/2019\/02\/IMG_0300-1024x768.jpg 1024w, https:\/\/blogsaverroes.juntadeandalucia.es\/eielreal\/files\/2019\/02\/IMG_0300-700x525.jpg 700w, https:\/\/blogsaverroes.juntadeandalucia.es\/eielreal\/files\/2019\/02\/IMG_0300-24x18.jpg 24w, https:\/\/blogsaverroes.juntadeandalucia.es\/eielreal\/files\/2019\/02\/IMG_0300-36x27.jpg 36w, https:\/\/blogsaverroes.juntadeandalucia.es\/eielreal\/files\/2019\/02\/IMG_0300-48x36.jpg 48w, https:\/\/blogsaverroes.juntadeandalucia.es\/eielreal\/files\/2019\/02\/IMG_0300.jpg 1600w\" sizes=\"(max-width: 300px) 100vw, 300px\" \/>&nbsp;&nbsp;&nbsp;&nbsp;&nbsp;<\/a> <a href=\"https:\/\/blogsaverroes.juntadeandalucia.es\/eielreal\/files\/2019\/02\/IMG_0297.jpg\"><img loading=\"lazy\" decoding=\"async\" class=\"size-medium wp-image-20278 alignnone\" src=\"https:\/\/blogsaverroes.juntadeandalucia.es\/eielreal\/files\/2019\/02\/IMG_0297-300x225.jpg\" alt=\"\" width=\"300\" height=\"225\" srcset=\"https:\/\/blogsaverroes.juntadeandalucia.es\/eielreal\/files\/2019\/02\/IMG_0297-300x225.jpg 300w, https:\/\/blogsaverroes.juntadeandalucia.es\/eielreal\/files\/2019\/02\/IMG_0297-768x576.jpg 768w, https:\/\/blogsaverroes.juntadeandalucia.es\/eielreal\/files\/2019\/02\/IMG_0297-1024x768.jpg 1024w, https:\/\/blogsaverroes.juntadeandalucia.es\/eielreal\/files\/2019\/02\/IMG_0297-700x525.jpg 700w, https:\/\/blogsaverroes.juntadeandalucia.es\/eielreal\/files\/2019\/02\/IMG_0297-24x18.jpg 24w, https:\/\/blogsaverroes.juntadeandalucia.es\/eielreal\/files\/2019\/02\/IMG_0297-36x27.jpg 36w, https:\/\/blogsaverroes.juntadeandalucia.es\/eielreal\/files\/2019\/02\/IMG_0297-48x36.jpg 48w, https:\/\/blogsaverroes.juntadeandalucia.es\/eielreal\/files\/2019\/02\/IMG_0297.jpg 1600w\" sizes=\"(max-width: 300px) 100vw, 300px\" \/><\/a><\/p>\n<p style=\"text-align: justify\">Bueno pues este ha sido nuestro peque\u00f1o resumen de lo que ha sido el d\u00eda de hoy en nuestro cole, hemos disfrutado much\u00edsimo y&#8230; ma\u00f1ana&#8230;. seguiremos disfrutando de actividades para la celebraci\u00f3n del D\u00eda de Andaluc\u00eda.<\/p>\n<p>Se\u00f1o Sonia.<\/p>\n<p>&nbsp;<\/p>\n","protected":false},"excerpt":{"rendered":"<p>Todos los centros docentes de nuestra Comunidad Aut\u00f3noma celebrar\u00e1n, con anterioridad al pr\u00f3ximo d\u00eda 28 de febrero, el D\u00eda de Andaluc\u00eda. Los centros programar\u00e1n actividades para la conmemoraci\u00f3n del D\u00eda de Andaluc\u00eda con el&#46;&#46;&#46;<\/p>\n","protected":false},"author":3183,"featured_media":20306,"comment_status":"open","ping_status":"open","sticky":false,"template":"","format":"standard","meta":{"ngg_post_thumbnail":0,"footnotes":""},"categories":[827284,827285,827286,911479,962],"tags":[],"aioseo_notices":[],"_links":{"self":[{"href":"https:\/\/blogsaverroes.juntadeandalucia.es\/eielreal\/wp-json\/wp\/v2\/posts\/20257"}],"collection":[{"href":"https:\/\/blogsaverroes.juntadeandalucia.es\/eielreal\/wp-json\/wp\/v2\/posts"}],"about":[{"href":"https:\/\/blogsaverroes.juntadeandalucia.es\/eielreal\/wp-json\/wp\/v2\/types\/post"}],"author":[{"embeddable":true,"href":"https:\/\/blogsaverroes.juntadeandalucia.es\/eielreal\/wp-json\/wp\/v2\/users\/3183"}],"replies":[{"embeddable":true,"href":"https:\/\/blogsaverroes.juntadeandalucia.es\/eielreal\/wp-json\/wp\/v2\/comments?post=20257"}],"version-history":[{"count":5,"href":"https:\/\/blogsaverroes.juntadeandalucia.es\/eielreal\/wp-json\/wp\/v2\/posts\/20257\/revisions"}],"predecessor-version":[{"id":20323,"href":"https:\/\/blogsaverroes.juntadeandalucia.es\/eielreal\/wp-json\/wp\/v2\/posts\/20257\/revisions\/20323"}],"wp:featuredmedia":[{"embeddable":true,"href":"https:\/\/blogsaverroes.juntadeandalucia.es\/eielreal\/wp-json\/wp\/v2\/media\/20306"}],"wp:attachment":[{"href":"https:\/\/blogsaverroes.juntadeandalucia.es\/eielreal\/wp-json\/wp\/v2\/media?parent=20257"}],"wp:term":[{"taxonomy":"category","embeddable":true,"href":"https:\/\/blogsaverroes.juntadeandalucia.es\/eielreal\/wp-json\/wp\/v2\/categories?post=20257"},{"taxonomy":"post_tag","embeddable":true,"href":"https:\/\/blogsaverroes.juntadeandalucia.es\/eielreal\/wp-json\/wp\/v2\/tags?post=20257"}],"curies":[{"name":"wp","href":"https:\/\/api.w.org\/{rel}","templated":true}]}}