{"id":20682,"date":"2019-03-07T16:29:30","date_gmt":"2019-03-07T16:29:30","guid":{"rendered":"https:\/\/blogsaverroes.juntadeandalucia.es\/eielreal\/?p=20682"},"modified":"2019-03-07T16:29:30","modified_gmt":"2019-03-07T16:29:30","slug":"hay-que-comer-sano","status":"publish","type":"post","link":"https:\/\/blogsaverroes.juntadeandalucia.es\/eielreal\/hay-que-comer-sano\/","title":{"rendered":"\u00a1\u00a1\u00a1HAY QUE COMER SANO!!!"},"content":{"rendered":"<p style=\"text-align: justify\">Siempre insistimos en la necesidad de comer bien, entendiendo este concepto\u00a0como comer de todo un poco de manera moderada (calidad, no cantidad) y creemos firmemente que\u00a0<strong>la mejor manera de que nuestros peques aprendan a alimentarse de manera equilibrada es a trav\u00e9s de nuestro ejemplo y dedic\u00e1ndole un peque\u00f1o gran espacio en nuestras aulas.<\/strong><br \/>\n<a href=\"https:\/\/blogsaverroes.juntadeandalucia.es\/eielreal\/files\/2019\/03\/20190307_120559.jpg\"><img loading=\"lazy\" decoding=\"async\" class=\"size-medium wp-image-20685 aligncenter\" src=\"https:\/\/blogsaverroes.juntadeandalucia.es\/eielreal\/files\/2019\/03\/20190307_120559-300x169.jpg\" alt=\"\" width=\"300\" height=\"169\" srcset=\"https:\/\/blogsaverroes.juntadeandalucia.es\/eielreal\/files\/2019\/03\/20190307_120559-300x169.jpg 300w, https:\/\/blogsaverroes.juntadeandalucia.es\/eielreal\/files\/2019\/03\/20190307_120559-768x432.jpg 768w, https:\/\/blogsaverroes.juntadeandalucia.es\/eielreal\/files\/2019\/03\/20190307_120559-1024x576.jpg 1024w, https:\/\/blogsaverroes.juntadeandalucia.es\/eielreal\/files\/2019\/03\/20190307_120559-700x393.jpg 700w, https:\/\/blogsaverroes.juntadeandalucia.es\/eielreal\/files\/2019\/03\/20190307_120559-24x14.jpg 24w, https:\/\/blogsaverroes.juntadeandalucia.es\/eielreal\/files\/2019\/03\/20190307_120559-36x20.jpg 36w, https:\/\/blogsaverroes.juntadeandalucia.es\/eielreal\/files\/2019\/03\/20190307_120559-48x27.jpg 48w, https:\/\/blogsaverroes.juntadeandalucia.es\/eielreal\/files\/2019\/03\/20190307_120559.jpg 1600w\" sizes=\"(max-width: 300px) 100vw, 300px\" \/><\/a><\/p>\n<p style=\"text-align: justify\">Hoy la Se\u00f1orita Tere y con sus ni\u00f1os (5 a\u00f1os B) han dedicado parte de la jornada a la alimentaci\u00f3n saludable, ellos lo han llamado<strong> \u00abComer Sano\u00bb<\/strong>.<a href=\"https:\/\/blogsaverroes.juntadeandalucia.es\/eielreal\/files\/2019\/03\/IMG-20190307-WA0026.jpg\"><img loading=\"lazy\" decoding=\"async\" class=\"size-medium wp-image-20686 aligncenter\" src=\"https:\/\/blogsaverroes.juntadeandalucia.es\/eielreal\/files\/2019\/03\/IMG-20190307-WA0026-300x225.jpg\" alt=\"\" width=\"300\" height=\"225\" srcset=\"https:\/\/blogsaverroes.juntadeandalucia.es\/eielreal\/files\/2019\/03\/IMG-20190307-WA0026-300x225.jpg 300w, https:\/\/blogsaverroes.juntadeandalucia.es\/eielreal\/files\/2019\/03\/IMG-20190307-WA0026-768x576.jpg 768w, https:\/\/blogsaverroes.juntadeandalucia.es\/eielreal\/files\/2019\/03\/IMG-20190307-WA0026-1024x768.jpg 1024w, https:\/\/blogsaverroes.juntadeandalucia.es\/eielreal\/files\/2019\/03\/IMG-20190307-WA0026-700x525.jpg 700w, https:\/\/blogsaverroes.juntadeandalucia.es\/eielreal\/files\/2019\/03\/IMG-20190307-WA0026-24x18.jpg 24w, https:\/\/blogsaverroes.juntadeandalucia.es\/eielreal\/files\/2019\/03\/IMG-20190307-WA0026-36x27.jpg 36w, https:\/\/blogsaverroes.juntadeandalucia.es\/eielreal\/files\/2019\/03\/IMG-20190307-WA0026-48x36.jpg 48w, https:\/\/blogsaverroes.juntadeandalucia.es\/eielreal\/files\/2019\/03\/IMG-20190307-WA0026.jpg 1600w\" sizes=\"(max-width: 300px) 100vw, 300px\" \/><\/a><\/p>\n<p style=\"text-align: justify\">Como si de un proyecto se tratara han hecho una lluvia de ideas (ideas previas), han aclarado conceptos, han clasificado alimentos (saludables y no saludables), han sacado conclusiones y&#8230; lo m\u00e1s importante es que<strong> se han divertido<\/strong>.<\/p>\n<p><a href=\"https:\/\/blogsaverroes.juntadeandalucia.es\/eielreal\/files\/2019\/03\/IMG-20190307-WA0037.jpg\"><img loading=\"lazy\" decoding=\"async\" class=\"size-medium wp-image-20690 alignnone\" src=\"https:\/\/blogsaverroes.juntadeandalucia.es\/eielreal\/files\/2019\/03\/IMG-20190307-WA0037-300x225.jpg\" alt=\"\" width=\"300\" height=\"225\" srcset=\"https:\/\/blogsaverroes.juntadeandalucia.es\/eielreal\/files\/2019\/03\/IMG-20190307-WA0037-300x225.jpg 300w, https:\/\/blogsaverroes.juntadeandalucia.es\/eielreal\/files\/2019\/03\/IMG-20190307-WA0037-768x576.jpg 768w, https:\/\/blogsaverroes.juntadeandalucia.es\/eielreal\/files\/2019\/03\/IMG-20190307-WA0037-1024x768.jpg 1024w, https:\/\/blogsaverroes.juntadeandalucia.es\/eielreal\/files\/2019\/03\/IMG-20190307-WA0037-700x525.jpg 700w, https:\/\/blogsaverroes.juntadeandalucia.es\/eielreal\/files\/2019\/03\/IMG-20190307-WA0037-24x18.jpg 24w, https:\/\/blogsaverroes.juntadeandalucia.es\/eielreal\/files\/2019\/03\/IMG-20190307-WA0037-36x27.jpg 36w, https:\/\/blogsaverroes.juntadeandalucia.es\/eielreal\/files\/2019\/03\/IMG-20190307-WA0037-48x36.jpg 48w, https:\/\/blogsaverroes.juntadeandalucia.es\/eielreal\/files\/2019\/03\/IMG-20190307-WA0037.jpg 1600w\" sizes=\"(max-width: 300px) 100vw, 300px\" \/><\/a>\u00a0 \u00a0 \u00a0 \u00a0<a href=\"https:\/\/blogsaverroes.juntadeandalucia.es\/eielreal\/files\/2019\/03\/IMG-20190307-WA0035.jpg\"><img loading=\"lazy\" decoding=\"async\" class=\"size-medium wp-image-20689 alignnone\" src=\"https:\/\/blogsaverroes.juntadeandalucia.es\/eielreal\/files\/2019\/03\/IMG-20190307-WA0035-300x225.jpg\" alt=\"\" width=\"300\" height=\"225\" srcset=\"https:\/\/blogsaverroes.juntadeandalucia.es\/eielreal\/files\/2019\/03\/IMG-20190307-WA0035-300x225.jpg 300w, https:\/\/blogsaverroes.juntadeandalucia.es\/eielreal\/files\/2019\/03\/IMG-20190307-WA0035-768x576.jpg 768w, https:\/\/blogsaverroes.juntadeandalucia.es\/eielreal\/files\/2019\/03\/IMG-20190307-WA0035-1024x768.jpg 1024w, https:\/\/blogsaverroes.juntadeandalucia.es\/eielreal\/files\/2019\/03\/IMG-20190307-WA0035-700x525.jpg 700w, https:\/\/blogsaverroes.juntadeandalucia.es\/eielreal\/files\/2019\/03\/IMG-20190307-WA0035-24x18.jpg 24w, https:\/\/blogsaverroes.juntadeandalucia.es\/eielreal\/files\/2019\/03\/IMG-20190307-WA0035-36x27.jpg 36w, https:\/\/blogsaverroes.juntadeandalucia.es\/eielreal\/files\/2019\/03\/IMG-20190307-WA0035-48x36.jpg 48w, https:\/\/blogsaverroes.juntadeandalucia.es\/eielreal\/files\/2019\/03\/IMG-20190307-WA0035.jpg 1600w\" sizes=\"(max-width: 300px) 100vw, 300px\" \/><\/a><\/p>\n<p><a href=\"https:\/\/blogsaverroes.juntadeandalucia.es\/eielreal\/files\/2019\/03\/IMG-20190307-WA0034.jpg\"><img loading=\"lazy\" decoding=\"async\" class=\"size-medium wp-image-20688 alignnone\" src=\"https:\/\/blogsaverroes.juntadeandalucia.es\/eielreal\/files\/2019\/03\/IMG-20190307-WA0034-300x225.jpg\" alt=\"\" width=\"300\" height=\"225\" srcset=\"https:\/\/blogsaverroes.juntadeandalucia.es\/eielreal\/files\/2019\/03\/IMG-20190307-WA0034-300x225.jpg 300w, https:\/\/blogsaverroes.juntadeandalucia.es\/eielreal\/files\/2019\/03\/IMG-20190307-WA0034-768x576.jpg 768w, https:\/\/blogsaverroes.juntadeandalucia.es\/eielreal\/files\/2019\/03\/IMG-20190307-WA0034-1024x768.jpg 1024w, https:\/\/blogsaverroes.juntadeandalucia.es\/eielreal\/files\/2019\/03\/IMG-20190307-WA0034-700x525.jpg 700w, https:\/\/blogsaverroes.juntadeandalucia.es\/eielreal\/files\/2019\/03\/IMG-20190307-WA0034-24x18.jpg 24w, https:\/\/blogsaverroes.juntadeandalucia.es\/eielreal\/files\/2019\/03\/IMG-20190307-WA0034-36x27.jpg 36w, https:\/\/blogsaverroes.juntadeandalucia.es\/eielreal\/files\/2019\/03\/IMG-20190307-WA0034-48x36.jpg 48w, https:\/\/blogsaverroes.juntadeandalucia.es\/eielreal\/files\/2019\/03\/IMG-20190307-WA0034.jpg 1600w\" sizes=\"(max-width: 300px) 100vw, 300px\" \/><\/a>\u00a0 \u00a0 \u00a0 \u00a0<a href=\"https:\/\/blogsaverroes.juntadeandalucia.es\/eielreal\/files\/2019\/03\/IMG-20190307-WA0032.jpg\"><img loading=\"lazy\" decoding=\"async\" class=\"size-medium wp-image-20687 alignnone\" src=\"https:\/\/blogsaverroes.juntadeandalucia.es\/eielreal\/files\/2019\/03\/IMG-20190307-WA0032-300x225.jpg\" alt=\"\" width=\"300\" height=\"225\" srcset=\"https:\/\/blogsaverroes.juntadeandalucia.es\/eielreal\/files\/2019\/03\/IMG-20190307-WA0032-300x225.jpg 300w, https:\/\/blogsaverroes.juntadeandalucia.es\/eielreal\/files\/2019\/03\/IMG-20190307-WA0032-768x576.jpg 768w, https:\/\/blogsaverroes.juntadeandalucia.es\/eielreal\/files\/2019\/03\/IMG-20190307-WA0032-1024x768.jpg 1024w, https:\/\/blogsaverroes.juntadeandalucia.es\/eielreal\/files\/2019\/03\/IMG-20190307-WA0032-700x525.jpg 700w, https:\/\/blogsaverroes.juntadeandalucia.es\/eielreal\/files\/2019\/03\/IMG-20190307-WA0032-24x18.jpg 24w, https:\/\/blogsaverroes.juntadeandalucia.es\/eielreal\/files\/2019\/03\/IMG-20190307-WA0032-36x27.jpg 36w, https:\/\/blogsaverroes.juntadeandalucia.es\/eielreal\/files\/2019\/03\/IMG-20190307-WA0032-48x36.jpg 48w, https:\/\/blogsaverroes.juntadeandalucia.es\/eielreal\/files\/2019\/03\/IMG-20190307-WA0032.jpg 1600w\" sizes=\"(max-width: 300px) 100vw, 300px\" \/><\/a><\/p>\n<p style=\"text-align: justify\">Es muy recomendable que en ni\u00f1os\u00a0 ya tengan capacidad de razonamiento y les expliquemos cu\u00e1les son los alimentos m\u00e1s saludables y cuales menos, aquellos que seg\u00fan la pir\u00e1mide de la alimentaci\u00f3n (que ya conocen y hemos trabajado en otras ocasiones as\u00ed como en el Proyecto \u00ablas Olimpiadas\u00bb de este 2\u00ba Trimestre) deben consumir cada d\u00eda y cu\u00e1les son los que pueden comerse de manera espor\u00e1dica.<\/p>\n<p>Se\u00f1o Sonia.<\/p>\n<p>Coord. Creciendo en Salud<\/p>\n","protected":false},"excerpt":{"rendered":"<p>Siempre insistimos en la necesidad de comer bien, entendiendo este concepto\u00a0como comer de todo un poco de manera moderada (calidad, no cantidad) y creemos firmemente que\u00a0la mejor manera de que nuestros peques aprendan a&#46;&#46;&#46;<\/p>\n","protected":false},"author":3183,"featured_media":20684,"comment_status":"open","ping_status":"open","sticky":false,"template":"","format":"standard","meta":{"ngg_post_thumbnail":0,"footnotes":""},"categories":[827286,1740709,911479],"tags":[],"aioseo_notices":[],"_links":{"self":[{"href":"https:\/\/blogsaverroes.juntadeandalucia.es\/eielreal\/wp-json\/wp\/v2\/posts\/20682"}],"collection":[{"href":"https:\/\/blogsaverroes.juntadeandalucia.es\/eielreal\/wp-json\/wp\/v2\/posts"}],"about":[{"href":"https:\/\/blogsaverroes.juntadeandalucia.es\/eielreal\/wp-json\/wp\/v2\/types\/post"}],"author":[{"embeddable":true,"href":"https:\/\/blogsaverroes.juntadeandalucia.es\/eielreal\/wp-json\/wp\/v2\/users\/3183"}],"replies":[{"embeddable":true,"href":"https:\/\/blogsaverroes.juntadeandalucia.es\/eielreal\/wp-json\/wp\/v2\/comments?post=20682"}],"version-history":[{"count":1,"href":"https:\/\/blogsaverroes.juntadeandalucia.es\/eielreal\/wp-json\/wp\/v2\/posts\/20682\/revisions"}],"predecessor-version":[{"id":20697,"href":"https:\/\/blogsaverroes.juntadeandalucia.es\/eielreal\/wp-json\/wp\/v2\/posts\/20682\/revisions\/20697"}],"wp:featuredmedia":[{"embeddable":true,"href":"https:\/\/blogsaverroes.juntadeandalucia.es\/eielreal\/wp-json\/wp\/v2\/media\/20684"}],"wp:attachment":[{"href":"https:\/\/blogsaverroes.juntadeandalucia.es\/eielreal\/wp-json\/wp\/v2\/media?parent=20682"}],"wp:term":[{"taxonomy":"category","embeddable":true,"href":"https:\/\/blogsaverroes.juntadeandalucia.es\/eielreal\/wp-json\/wp\/v2\/categories?post=20682"},{"taxonomy":"post_tag","embeddable":true,"href":"https:\/\/blogsaverroes.juntadeandalucia.es\/eielreal\/wp-json\/wp\/v2\/tags?post=20682"}],"curies":[{"name":"wp","href":"https:\/\/api.w.org\/{rel}","templated":true}]}}