{"id":21714,"date":"2019-03-25T15:00:44","date_gmt":"2019-03-25T15:00:44","guid":{"rendered":"https:\/\/blogsaverroes.juntadeandalucia.es\/eielreal\/?p=21714"},"modified":"2019-03-28T09:38:57","modified_gmt":"2019-03-28T09:38:57","slug":"la-primavera-ya-llego","status":"publish","type":"post","link":"https:\/\/blogsaverroes.juntadeandalucia.es\/eielreal\/la-primavera-ya-llego\/","title":{"rendered":"\u00a1 LA PRIMAVERA YA LLEG\u00d3!."},"content":{"rendered":"<p>Con motivo de la llegada de la nueva estaci\u00f3n, la <em><strong>primavera<\/strong><\/em>, el mi\u00e9rcoles d\u00eda 20 de marzo celebramos en nuestro colegio una gran fiesta.<\/p>\n<p>Para llevarla a cabo programamos diversas actividades a lo largo de varios d\u00edas:<\/p>\n<ul>\n<li style=\"text-align: justify\"><span style=\"color: #ff00ff\">CORONA DE PRIMAVERA<\/span>: Se convirti\u00f3 en nuestro complemento ideal para ponernos guapos y guapas para la fiesta. Gracias a las familias por su colaboraci\u00f3n poniendo a los ni\u00f1os\/as camisetas de colores llamativos.<\/li>\n<\/ul>\n<p><img loading=\"lazy\" decoding=\"async\" class=\"size-medium wp-image-21717 aligncenter\" src=\"https:\/\/blogsaverroes.juntadeandalucia.es\/eielreal\/files\/2019\/03\/IMG_20190320_111626-300x225.jpg\" alt=\"\" width=\"300\" height=\"225\" srcset=\"https:\/\/blogsaverroes.juntadeandalucia.es\/eielreal\/files\/2019\/03\/IMG_20190320_111626-300x225.jpg 300w, https:\/\/blogsaverroes.juntadeandalucia.es\/eielreal\/files\/2019\/03\/IMG_20190320_111626-768x576.jpg 768w, https:\/\/blogsaverroes.juntadeandalucia.es\/eielreal\/files\/2019\/03\/IMG_20190320_111626-1024x768.jpg 1024w, https:\/\/blogsaverroes.juntadeandalucia.es\/eielreal\/files\/2019\/03\/IMG_20190320_111626-700x525.jpg 700w, https:\/\/blogsaverroes.juntadeandalucia.es\/eielreal\/files\/2019\/03\/IMG_20190320_111626-24x18.jpg 24w, https:\/\/blogsaverroes.juntadeandalucia.es\/eielreal\/files\/2019\/03\/IMG_20190320_111626-36x27.jpg 36w, https:\/\/blogsaverroes.juntadeandalucia.es\/eielreal\/files\/2019\/03\/IMG_20190320_111626-48x36.jpg 48w, https:\/\/blogsaverroes.juntadeandalucia.es\/eielreal\/files\/2019\/03\/IMG_20190320_111626.jpg 1600w\" sizes=\"(max-width: 300px) 100vw, 300px\" \/><\/p>\n<ul>\n<li style=\"text-align: justify\"><span style=\"color: #ff00ff\">\u00c1RBOL DE PRIMAVERA:<\/span> Cada alumno\/a ha decorado un coraz\u00f3n teniendo en cuenta las edades y caracter\u00edsticas de cada uno (colorear, escribir, recortar&#8230;). Esos corazones simulaban las hojas de nuestro \u00e1rbol de <em><strong>primavera<\/strong><\/em>.<\/li>\n<\/ul>\n<p><a href=\"https:\/\/blogsaverroes.juntadeandalucia.es\/eielreal\/files\/2019\/03\/IMG-20190320-WA0008.jpg\"><img loading=\"lazy\" decoding=\"async\" class=\"size-medium wp-image-21719 alignnone\" src=\"https:\/\/blogsaverroes.juntadeandalucia.es\/eielreal\/files\/2019\/03\/IMG-20190320-WA0008-300x148.jpg\" alt=\"\" width=\"300\" height=\"148\" srcset=\"https:\/\/blogsaverroes.juntadeandalucia.es\/eielreal\/files\/2019\/03\/IMG-20190320-WA0008-300x148.jpg 300w, https:\/\/blogsaverroes.juntadeandalucia.es\/eielreal\/files\/2019\/03\/IMG-20190320-WA0008-768x378.jpg 768w, https:\/\/blogsaverroes.juntadeandalucia.es\/eielreal\/files\/2019\/03\/IMG-20190320-WA0008-1024x505.jpg 1024w, https:\/\/blogsaverroes.juntadeandalucia.es\/eielreal\/files\/2019\/03\/IMG-20190320-WA0008-700x345.jpg 700w, https:\/\/blogsaverroes.juntadeandalucia.es\/eielreal\/files\/2019\/03\/IMG-20190320-WA0008-24x12.jpg 24w, https:\/\/blogsaverroes.juntadeandalucia.es\/eielreal\/files\/2019\/03\/IMG-20190320-WA0008-36x18.jpg 36w, https:\/\/blogsaverroes.juntadeandalucia.es\/eielreal\/files\/2019\/03\/IMG-20190320-WA0008-48x24.jpg 48w, https:\/\/blogsaverroes.juntadeandalucia.es\/eielreal\/files\/2019\/03\/IMG-20190320-WA0008.jpg 1599w\" sizes=\"(max-width: 300px) 100vw, 300px\" \/><\/a> <a href=\"https:\/\/blogsaverroes.juntadeandalucia.es\/eielreal\/files\/2019\/03\/IMG-20190320-WA0007.jpg\"><img loading=\"lazy\" decoding=\"async\" class=\"size-medium wp-image-21718 alignnone\" src=\"https:\/\/blogsaverroes.juntadeandalucia.es\/eielreal\/files\/2019\/03\/IMG-20190320-WA0007-300x148.jpg\" alt=\"\" width=\"300\" height=\"148\" srcset=\"https:\/\/blogsaverroes.juntadeandalucia.es\/eielreal\/files\/2019\/03\/IMG-20190320-WA0007-300x148.jpg 300w, https:\/\/blogsaverroes.juntadeandalucia.es\/eielreal\/files\/2019\/03\/IMG-20190320-WA0007-768x378.jpg 768w, https:\/\/blogsaverroes.juntadeandalucia.es\/eielreal\/files\/2019\/03\/IMG-20190320-WA0007-1024x505.jpg 1024w, https:\/\/blogsaverroes.juntadeandalucia.es\/eielreal\/files\/2019\/03\/IMG-20190320-WA0007-700x345.jpg 700w, https:\/\/blogsaverroes.juntadeandalucia.es\/eielreal\/files\/2019\/03\/IMG-20190320-WA0007-24x12.jpg 24w, https:\/\/blogsaverroes.juntadeandalucia.es\/eielreal\/files\/2019\/03\/IMG-20190320-WA0007-36x18.jpg 36w, https:\/\/blogsaverroes.juntadeandalucia.es\/eielreal\/files\/2019\/03\/IMG-20190320-WA0007-48x24.jpg 48w, https:\/\/blogsaverroes.juntadeandalucia.es\/eielreal\/files\/2019\/03\/IMG-20190320-WA0007.jpg 1599w\" sizes=\"(max-width: 300px) 100vw, 300px\" \/><\/a><\/p>\n<ul>\n<li><span style=\"color: #ff00ff\">LA FIESTA DE PRIMAVERA<\/span>:&nbsp; El recreo del colegio se ha llenado de m\u00fasica, colores, bailes y alegr\u00eda.<\/li>\n<\/ul>\n<p><a href=\"https:\/\/blogsaverroes.juntadeandalucia.es\/eielreal\/files\/2019\/03\/IMG_0802.jpg\"><img loading=\"lazy\" decoding=\"async\" class=\"alignnone size-medium wp-image-21824\" src=\"https:\/\/blogsaverroes.juntadeandalucia.es\/eielreal\/files\/2019\/03\/IMG_0802-300x225.jpg\" alt=\"\" width=\"300\" height=\"225\" srcset=\"https:\/\/blogsaverroes.juntadeandalucia.es\/eielreal\/files\/2019\/03\/IMG_0802-300x225.jpg 300w, https:\/\/blogsaverroes.juntadeandalucia.es\/eielreal\/files\/2019\/03\/IMG_0802-768x576.jpg 768w, https:\/\/blogsaverroes.juntadeandalucia.es\/eielreal\/files\/2019\/03\/IMG_0802-1024x768.jpg 1024w, https:\/\/blogsaverroes.juntadeandalucia.es\/eielreal\/files\/2019\/03\/IMG_0802-700x525.jpg 700w, https:\/\/blogsaverroes.juntadeandalucia.es\/eielreal\/files\/2019\/03\/IMG_0802-24x18.jpg 24w, https:\/\/blogsaverroes.juntadeandalucia.es\/eielreal\/files\/2019\/03\/IMG_0802-36x27.jpg 36w, https:\/\/blogsaverroes.juntadeandalucia.es\/eielreal\/files\/2019\/03\/IMG_0802-48x36.jpg 48w, https:\/\/blogsaverroes.juntadeandalucia.es\/eielreal\/files\/2019\/03\/IMG_0802.jpg 1600w\" sizes=\"(max-width: 300px) 100vw, 300px\" \/><\/a> <a href=\"https:\/\/blogsaverroes.juntadeandalucia.es\/eielreal\/files\/2019\/03\/IMG_0805.jpg\"><img loading=\"lazy\" decoding=\"async\" class=\"alignnone size-medium wp-image-21825\" src=\"https:\/\/blogsaverroes.juntadeandalucia.es\/eielreal\/files\/2019\/03\/IMG_0805-300x225.jpg\" alt=\"\" width=\"300\" height=\"225\" srcset=\"https:\/\/blogsaverroes.juntadeandalucia.es\/eielreal\/files\/2019\/03\/IMG_0805-300x225.jpg 300w, https:\/\/blogsaverroes.juntadeandalucia.es\/eielreal\/files\/2019\/03\/IMG_0805-768x576.jpg 768w, https:\/\/blogsaverroes.juntadeandalucia.es\/eielreal\/files\/2019\/03\/IMG_0805-1024x768.jpg 1024w, https:\/\/blogsaverroes.juntadeandalucia.es\/eielreal\/files\/2019\/03\/IMG_0805-700x525.jpg 700w, https:\/\/blogsaverroes.juntadeandalucia.es\/eielreal\/files\/2019\/03\/IMG_0805-24x18.jpg 24w, https:\/\/blogsaverroes.juntadeandalucia.es\/eielreal\/files\/2019\/03\/IMG_0805-36x27.jpg 36w, https:\/\/blogsaverroes.juntadeandalucia.es\/eielreal\/files\/2019\/03\/IMG_0805-48x36.jpg 48w, https:\/\/blogsaverroes.juntadeandalucia.es\/eielreal\/files\/2019\/03\/IMG_0805.jpg 1600w\" sizes=\"(max-width: 300px) 100vw, 300px\" \/><\/a><\/p>\n<ul>\n<li style=\"text-align: justify\"><span style=\"color: #ff00ff\">TALLERES DE MAQUILLAJE FACIAL PRIMAVERAL<\/span>: Durante el recreo los ni\u00f1os\/as pod\u00edan acudir a distintos puntos para pintarse la cara con motivos primaverales ( flores, mariposas, corazones).<\/li>\n<\/ul>\n<p><a href=\"https:\/\/blogsaverroes.juntadeandalucia.es\/eielreal\/files\/2019\/03\/IMG_20190320_113500.jpg\"><img loading=\"lazy\" decoding=\"async\" class=\"size-medium wp-image-21722 alignnone\" src=\"https:\/\/blogsaverroes.juntadeandalucia.es\/eielreal\/files\/2019\/03\/IMG_20190320_113500-300x225.jpg\" alt=\"\" width=\"300\" height=\"225\" srcset=\"https:\/\/blogsaverroes.juntadeandalucia.es\/eielreal\/files\/2019\/03\/IMG_20190320_113500-300x225.jpg 300w, https:\/\/blogsaverroes.juntadeandalucia.es\/eielreal\/files\/2019\/03\/IMG_20190320_113500-768x576.jpg 768w, https:\/\/blogsaverroes.juntadeandalucia.es\/eielreal\/files\/2019\/03\/IMG_20190320_113500-1024x768.jpg 1024w, https:\/\/blogsaverroes.juntadeandalucia.es\/eielreal\/files\/2019\/03\/IMG_20190320_113500-700x525.jpg 700w, https:\/\/blogsaverroes.juntadeandalucia.es\/eielreal\/files\/2019\/03\/IMG_20190320_113500-24x18.jpg 24w, https:\/\/blogsaverroes.juntadeandalucia.es\/eielreal\/files\/2019\/03\/IMG_20190320_113500-36x27.jpg 36w, https:\/\/blogsaverroes.juntadeandalucia.es\/eielreal\/files\/2019\/03\/IMG_20190320_113500-48x36.jpg 48w, https:\/\/blogsaverroes.juntadeandalucia.es\/eielreal\/files\/2019\/03\/IMG_20190320_113500.jpg 1600w\" sizes=\"(max-width: 300px) 100vw, 300px\" \/><\/a> <a href=\"https:\/\/blogsaverroes.juntadeandalucia.es\/eielreal\/files\/2019\/03\/IMG_20190320_113507.jpg\"><img loading=\"lazy\" decoding=\"async\" class=\"size-medium wp-image-21723 alignnone\" src=\"https:\/\/blogsaverroes.juntadeandalucia.es\/eielreal\/files\/2019\/03\/IMG_20190320_113507-300x225.jpg\" alt=\"\" width=\"300\" height=\"225\" srcset=\"https:\/\/blogsaverroes.juntadeandalucia.es\/eielreal\/files\/2019\/03\/IMG_20190320_113507-300x225.jpg 300w, https:\/\/blogsaverroes.juntadeandalucia.es\/eielreal\/files\/2019\/03\/IMG_20190320_113507-768x576.jpg 768w, https:\/\/blogsaverroes.juntadeandalucia.es\/eielreal\/files\/2019\/03\/IMG_20190320_113507-1024x768.jpg 1024w, https:\/\/blogsaverroes.juntadeandalucia.es\/eielreal\/files\/2019\/03\/IMG_20190320_113507-700x525.jpg 700w, https:\/\/blogsaverroes.juntadeandalucia.es\/eielreal\/files\/2019\/03\/IMG_20190320_113507-24x18.jpg 24w, https:\/\/blogsaverroes.juntadeandalucia.es\/eielreal\/files\/2019\/03\/IMG_20190320_113507-36x27.jpg 36w, https:\/\/blogsaverroes.juntadeandalucia.es\/eielreal\/files\/2019\/03\/IMG_20190320_113507-48x36.jpg 48w, https:\/\/blogsaverroes.juntadeandalucia.es\/eielreal\/files\/2019\/03\/IMG_20190320_113507.jpg 1600w\" sizes=\"(max-width: 300px) 100vw, 300px\" \/><\/a> <img loading=\"lazy\" decoding=\"async\" class=\"size-medium wp-image-21724 alignnone\" src=\"https:\/\/blogsaverroes.juntadeandalucia.es\/eielreal\/files\/2019\/03\/IMG_20190320_113515-300x225.jpg\" alt=\"\" width=\"300\" height=\"225\" srcset=\"https:\/\/blogsaverroes.juntadeandalucia.es\/eielreal\/files\/2019\/03\/IMG_20190320_113515-300x225.jpg 300w, https:\/\/blogsaverroes.juntadeandalucia.es\/eielreal\/files\/2019\/03\/IMG_20190320_113515-768x576.jpg 768w, https:\/\/blogsaverroes.juntadeandalucia.es\/eielreal\/files\/2019\/03\/IMG_20190320_113515-1024x768.jpg 1024w, https:\/\/blogsaverroes.juntadeandalucia.es\/eielreal\/files\/2019\/03\/IMG_20190320_113515-700x525.jpg 700w, https:\/\/blogsaverroes.juntadeandalucia.es\/eielreal\/files\/2019\/03\/IMG_20190320_113515-24x18.jpg 24w, https:\/\/blogsaverroes.juntadeandalucia.es\/eielreal\/files\/2019\/03\/IMG_20190320_113515-36x27.jpg 36w, https:\/\/blogsaverroes.juntadeandalucia.es\/eielreal\/files\/2019\/03\/IMG_20190320_113515-48x36.jpg 48w, https:\/\/blogsaverroes.juntadeandalucia.es\/eielreal\/files\/2019\/03\/IMG_20190320_113515.jpg 1600w\" sizes=\"(max-width: 300px) 100vw, 300px\" \/>&nbsp;<a href=\"https:\/\/blogsaverroes.juntadeandalucia.es\/eielreal\/files\/2019\/03\/IMG_0829.jpg\"><img loading=\"lazy\" decoding=\"async\" class=\"alignnone size-medium wp-image-21826\" src=\"https:\/\/blogsaverroes.juntadeandalucia.es\/eielreal\/files\/2019\/03\/IMG_0829-300x225.jpg\" alt=\"\" width=\"300\" height=\"225\" srcset=\"https:\/\/blogsaverroes.juntadeandalucia.es\/eielreal\/files\/2019\/03\/IMG_0829-300x225.jpg 300w, https:\/\/blogsaverroes.juntadeandalucia.es\/eielreal\/files\/2019\/03\/IMG_0829-768x576.jpg 768w, https:\/\/blogsaverroes.juntadeandalucia.es\/eielreal\/files\/2019\/03\/IMG_0829-1024x768.jpg 1024w, https:\/\/blogsaverroes.juntadeandalucia.es\/eielreal\/files\/2019\/03\/IMG_0829-700x525.jpg 700w, https:\/\/blogsaverroes.juntadeandalucia.es\/eielreal\/files\/2019\/03\/IMG_0829-24x18.jpg 24w, https:\/\/blogsaverroes.juntadeandalucia.es\/eielreal\/files\/2019\/03\/IMG_0829-36x27.jpg 36w, https:\/\/blogsaverroes.juntadeandalucia.es\/eielreal\/files\/2019\/03\/IMG_0829-48x36.jpg 48w, https:\/\/blogsaverroes.juntadeandalucia.es\/eielreal\/files\/2019\/03\/IMG_0829.jpg 1600w\" sizes=\"(max-width: 300px) 100vw, 300px\" \/><\/a><\/p>\n<ul>\n<li style=\"text-align: justify\"><span style=\"color: #ff00ff\">LA SIEMBRA<\/span>: Todas las clases salimos a nuestros patios con todo los materiales y utensilios necesarios para realizar la siembra y poder llevarnos a casa nuestra \u00abmaceta\u00bb decorada.<\/li>\n<\/ul>\n<p><a href=\"https:\/\/blogsaverroes.juntadeandalucia.es\/eielreal\/files\/2019\/03\/IMG_20190320_092019.jpg\"><img loading=\"lazy\" decoding=\"async\" class=\"size-medium wp-image-21725 alignnone\" src=\"https:\/\/blogsaverroes.juntadeandalucia.es\/eielreal\/files\/2019\/03\/IMG_20190320_092019-300x225.jpg\" alt=\"\" width=\"300\" height=\"225\" srcset=\"https:\/\/blogsaverroes.juntadeandalucia.es\/eielreal\/files\/2019\/03\/IMG_20190320_092019-300x225.jpg 300w, https:\/\/blogsaverroes.juntadeandalucia.es\/eielreal\/files\/2019\/03\/IMG_20190320_092019-768x576.jpg 768w, https:\/\/blogsaverroes.juntadeandalucia.es\/eielreal\/files\/2019\/03\/IMG_20190320_092019-1024x768.jpg 1024w, https:\/\/blogsaverroes.juntadeandalucia.es\/eielreal\/files\/2019\/03\/IMG_20190320_092019-700x525.jpg 700w, https:\/\/blogsaverroes.juntadeandalucia.es\/eielreal\/files\/2019\/03\/IMG_20190320_092019-24x18.jpg 24w, https:\/\/blogsaverroes.juntadeandalucia.es\/eielreal\/files\/2019\/03\/IMG_20190320_092019-36x27.jpg 36w, https:\/\/blogsaverroes.juntadeandalucia.es\/eielreal\/files\/2019\/03\/IMG_20190320_092019-48x36.jpg 48w, https:\/\/blogsaverroes.juntadeandalucia.es\/eielreal\/files\/2019\/03\/IMG_20190320_092019.jpg 1600w\" sizes=\"(max-width: 300px) 100vw, 300px\" \/><\/a> <a href=\"https:\/\/blogsaverroes.juntadeandalucia.es\/eielreal\/files\/2019\/03\/IMG_20190320_092344.jpg\"><img loading=\"lazy\" decoding=\"async\" class=\"size-medium wp-image-21726 alignnone\" src=\"https:\/\/blogsaverroes.juntadeandalucia.es\/eielreal\/files\/2019\/03\/IMG_20190320_092344-300x225.jpg\" alt=\"\" width=\"300\" height=\"225\" srcset=\"https:\/\/blogsaverroes.juntadeandalucia.es\/eielreal\/files\/2019\/03\/IMG_20190320_092344-300x225.jpg 300w, https:\/\/blogsaverroes.juntadeandalucia.es\/eielreal\/files\/2019\/03\/IMG_20190320_092344-768x576.jpg 768w, https:\/\/blogsaverroes.juntadeandalucia.es\/eielreal\/files\/2019\/03\/IMG_20190320_092344-1024x768.jpg 1024w, https:\/\/blogsaverroes.juntadeandalucia.es\/eielreal\/files\/2019\/03\/IMG_20190320_092344-700x525.jpg 700w, https:\/\/blogsaverroes.juntadeandalucia.es\/eielreal\/files\/2019\/03\/IMG_20190320_092344-24x18.jpg 24w, https:\/\/blogsaverroes.juntadeandalucia.es\/eielreal\/files\/2019\/03\/IMG_20190320_092344-36x27.jpg 36w, https:\/\/blogsaverroes.juntadeandalucia.es\/eielreal\/files\/2019\/03\/IMG_20190320_092344-48x36.jpg 48w, https:\/\/blogsaverroes.juntadeandalucia.es\/eielreal\/files\/2019\/03\/IMG_20190320_092344.jpg 1600w\" sizes=\"(max-width: 300px) 100vw, 300px\" \/><\/a> <a href=\"https:\/\/blogsaverroes.juntadeandalucia.es\/eielreal\/files\/2019\/03\/IMG_20190320_095905.jpg\"><img loading=\"lazy\" decoding=\"async\" class=\"size-medium wp-image-21727 alignnone\" src=\"https:\/\/blogsaverroes.juntadeandalucia.es\/eielreal\/files\/2019\/03\/IMG_20190320_095905-300x225.jpg\" alt=\"\" width=\"300\" height=\"225\" srcset=\"https:\/\/blogsaverroes.juntadeandalucia.es\/eielreal\/files\/2019\/03\/IMG_20190320_095905-300x225.jpg 300w, https:\/\/blogsaverroes.juntadeandalucia.es\/eielreal\/files\/2019\/03\/IMG_20190320_095905-768x576.jpg 768w, https:\/\/blogsaverroes.juntadeandalucia.es\/eielreal\/files\/2019\/03\/IMG_20190320_095905-1024x768.jpg 1024w, https:\/\/blogsaverroes.juntadeandalucia.es\/eielreal\/files\/2019\/03\/IMG_20190320_095905-700x525.jpg 700w, https:\/\/blogsaverroes.juntadeandalucia.es\/eielreal\/files\/2019\/03\/IMG_20190320_095905-24x18.jpg 24w, https:\/\/blogsaverroes.juntadeandalucia.es\/eielreal\/files\/2019\/03\/IMG_20190320_095905-36x27.jpg 36w, https:\/\/blogsaverroes.juntadeandalucia.es\/eielreal\/files\/2019\/03\/IMG_20190320_095905-48x36.jpg 48w, https:\/\/blogsaverroes.juntadeandalucia.es\/eielreal\/files\/2019\/03\/IMG_20190320_095905.jpg 1600w\" sizes=\"(max-width: 300px) 100vw, 300px\" \/><\/a> <a href=\"https:\/\/blogsaverroes.juntadeandalucia.es\/eielreal\/files\/2019\/03\/IMG_20190320_122407.jpg\"><img loading=\"lazy\" decoding=\"async\" class=\"size-medium wp-image-21728 alignnone\" src=\"https:\/\/blogsaverroes.juntadeandalucia.es\/eielreal\/files\/2019\/03\/IMG_20190320_122407-300x225.jpg\" alt=\"\" width=\"300\" height=\"225\" srcset=\"https:\/\/blogsaverroes.juntadeandalucia.es\/eielreal\/files\/2019\/03\/IMG_20190320_122407-300x225.jpg 300w, https:\/\/blogsaverroes.juntadeandalucia.es\/eielreal\/files\/2019\/03\/IMG_20190320_122407-768x576.jpg 768w, https:\/\/blogsaverroes.juntadeandalucia.es\/eielreal\/files\/2019\/03\/IMG_20190320_122407-1024x768.jpg 1024w, https:\/\/blogsaverroes.juntadeandalucia.es\/eielreal\/files\/2019\/03\/IMG_20190320_122407-700x525.jpg 700w, https:\/\/blogsaverroes.juntadeandalucia.es\/eielreal\/files\/2019\/03\/IMG_20190320_122407-24x18.jpg 24w, https:\/\/blogsaverroes.juntadeandalucia.es\/eielreal\/files\/2019\/03\/IMG_20190320_122407-36x27.jpg 36w, https:\/\/blogsaverroes.juntadeandalucia.es\/eielreal\/files\/2019\/03\/IMG_20190320_122407-48x36.jpg 48w, https:\/\/blogsaverroes.juntadeandalucia.es\/eielreal\/files\/2019\/03\/IMG_20190320_122407.jpg 1600w\" sizes=\"(max-width: 300px) 100vw, 300px\" \/><\/a><\/p>\n<ul>\n<li><span style=\"color: #ff00ff\">CUENTOS, CANCIONES, POES\u00cdAS RELACIONADAS CON LA PRIMAVERA<\/span>.<\/li>\n<\/ul>\n<p><a href=\"https:\/\/blogsaverroes.juntadeandalucia.es\/eielreal\/files\/2019\/03\/\u00edndice.jpg\"><img loading=\"lazy\" decoding=\"async\" class=\"size-full wp-image-21730 alignnone\" src=\"https:\/\/blogsaverroes.juntadeandalucia.es\/eielreal\/files\/2019\/03\/\u00edndice.jpg\" alt=\"\" width=\"169\" height=\"298\" srcset=\"https:\/\/blogsaverroes.juntadeandalucia.es\/eielreal\/files\/2019\/03\/\u00edndice.jpg 169w, https:\/\/blogsaverroes.juntadeandalucia.es\/eielreal\/files\/2019\/03\/\u00edndice-14x24.jpg 14w, https:\/\/blogsaverroes.juntadeandalucia.es\/eielreal\/files\/2019\/03\/\u00edndice-20x36.jpg 20w, https:\/\/blogsaverroes.juntadeandalucia.es\/eielreal\/files\/2019\/03\/\u00edndice-27x48.jpg 27w\" sizes=\"(max-width: 169px) 100vw, 169px\" \/><\/a> <a href=\"https:\/\/blogsaverroes.juntadeandalucia.es\/eielreal\/files\/2019\/03\/IMG_20190320_102558.jpg\"><img loading=\"lazy\" decoding=\"async\" class=\"size-medium wp-image-21729 alignnone\" src=\"https:\/\/blogsaverroes.juntadeandalucia.es\/eielreal\/files\/2019\/03\/IMG_20190320_102558-300x225.jpg\" alt=\"\" width=\"300\" height=\"225\" srcset=\"https:\/\/blogsaverroes.juntadeandalucia.es\/eielreal\/files\/2019\/03\/IMG_20190320_102558-300x225.jpg 300w, https:\/\/blogsaverroes.juntadeandalucia.es\/eielreal\/files\/2019\/03\/IMG_20190320_102558-768x576.jpg 768w, https:\/\/blogsaverroes.juntadeandalucia.es\/eielreal\/files\/2019\/03\/IMG_20190320_102558-1024x768.jpg 1024w, https:\/\/blogsaverroes.juntadeandalucia.es\/eielreal\/files\/2019\/03\/IMG_20190320_102558-700x525.jpg 700w, https:\/\/blogsaverroes.juntadeandalucia.es\/eielreal\/files\/2019\/03\/IMG_20190320_102558-24x18.jpg 24w, https:\/\/blogsaverroes.juntadeandalucia.es\/eielreal\/files\/2019\/03\/IMG_20190320_102558-36x27.jpg 36w, https:\/\/blogsaverroes.juntadeandalucia.es\/eielreal\/files\/2019\/03\/IMG_20190320_102558-48x36.jpg 48w, https:\/\/blogsaverroes.juntadeandalucia.es\/eielreal\/files\/2019\/03\/IMG_20190320_102558.jpg 1600w\" sizes=\"(max-width: 300px) 100vw, 300px\" \/><\/a><\/p>\n<p><a href=\"https:\/\/blogsaverroes.juntadeandalucia.es\/eielreal\/primavera-2019\/\">M\u00c1S FOTOS EN GALER\u00cdA<\/a><\/p>\n<p>Manoli Oliva. Coordinadora de Escuela Espacio de Paz&nbsp;<\/p>\n","protected":false},"excerpt":{"rendered":"<p>Con motivo de la llegada de la nueva estaci\u00f3n, la primavera, el mi\u00e9rcoles d\u00eda 20 de marzo celebramos en nuestro colegio una gran fiesta. Para llevarla a cabo programamos diversas actividades a lo largo&#46;&#46;&#46;<\/p>\n","protected":false},"author":3183,"featured_media":21715,"comment_status":"open","ping_status":"open","sticky":false,"template":"","format":"standard","meta":{"ngg_post_thumbnail":0,"footnotes":""},"categories":[5991,911479,3981,962],"tags":[],"aioseo_notices":[],"_links":{"self":[{"href":"https:\/\/blogsaverroes.juntadeandalucia.es\/eielreal\/wp-json\/wp\/v2\/posts\/21714"}],"collection":[{"href":"https:\/\/blogsaverroes.juntadeandalucia.es\/eielreal\/wp-json\/wp\/v2\/posts"}],"about":[{"href":"https:\/\/blogsaverroes.juntadeandalucia.es\/eielreal\/wp-json\/wp\/v2\/types\/post"}],"author":[{"embeddable":true,"href":"https:\/\/blogsaverroes.juntadeandalucia.es\/eielreal\/wp-json\/wp\/v2\/users\/3183"}],"replies":[{"embeddable":true,"href":"https:\/\/blogsaverroes.juntadeandalucia.es\/eielreal\/wp-json\/wp\/v2\/comments?post=21714"}],"version-history":[{"count":8,"href":"https:\/\/blogsaverroes.juntadeandalucia.es\/eielreal\/wp-json\/wp\/v2\/posts\/21714\/revisions"}],"predecessor-version":[{"id":21835,"href":"https:\/\/blogsaverroes.juntadeandalucia.es\/eielreal\/wp-json\/wp\/v2\/posts\/21714\/revisions\/21835"}],"wp:featuredmedia":[{"embeddable":true,"href":"https:\/\/blogsaverroes.juntadeandalucia.es\/eielreal\/wp-json\/wp\/v2\/media\/21715"}],"wp:attachment":[{"href":"https:\/\/blogsaverroes.juntadeandalucia.es\/eielreal\/wp-json\/wp\/v2\/media?parent=21714"}],"wp:term":[{"taxonomy":"category","embeddable":true,"href":"https:\/\/blogsaverroes.juntadeandalucia.es\/eielreal\/wp-json\/wp\/v2\/categories?post=21714"},{"taxonomy":"post_tag","embeddable":true,"href":"https:\/\/blogsaverroes.juntadeandalucia.es\/eielreal\/wp-json\/wp\/v2\/tags?post=21714"}],"curies":[{"name":"wp","href":"https:\/\/api.w.org\/{rel}","templated":true}]}}