{"id":23321,"date":"2019-06-23T08:50:10","date_gmt":"2019-06-23T08:50:10","guid":{"rendered":"https:\/\/blogsaverroes.juntadeandalucia.es\/eielreal\/?p=23321"},"modified":"2019-06-23T20:14:28","modified_gmt":"2019-06-23T20:14:28","slug":"fiestas-fin-de-curso-2019","status":"publish","type":"post","link":"https:\/\/blogsaverroes.juntadeandalucia.es\/eielreal\/fiestas-fin-de-curso-2019\/","title":{"rendered":"FIESTAS FIN DE CURSO 2019"},"content":{"rendered":"<p style=\"text-align: justify\"><strong>Como ya sab\u00e9is, en nuestro cole nunca se para. Y es que no podemos olvidar que es un Centro de educaci\u00f3n Infantil, donde todos los aprendizajes van a partir de las experiencias.<\/strong><\/p>\n<p style=\"text-align: justify\">Experiencias son todo aquello que le llega al ni\u00f1o\/a a trav\u00e9s de sus sentidos: teatros, cuenta-cuentos, talleres, fiesta del agua, visitas a lugares de inter\u00e9s, contactos con materiales y texturas diferentes, disfrazarse, aprender coreograf\u00edas ,&nbsp; compartir juegos con sus compa\u00f1eros y compa\u00f1eras, con sus pap\u00e1s o mam\u00e1s, con las se\u00f1os&#8230;<\/p>\n<p style=\"text-align: justify\">Muy atr\u00e1s quedaron ya los preescolares donde casi todo eran&nbsp; fichas y coloreo.<\/p>\n<p style=\"text-align: justify\">Naturalmente, con este cambio de entender la Educaci\u00f3n Infantil necesitamos la colaboraci\u00f3n de todos los pap\u00e1s y mam\u00e1s que puedan ayudar, a quienes les estamos muy agradecidos por ayudarnos en nombre de todos los ni\u00f1os y ni\u00f1as que son los verdaderos beneficiarios.<\/p>\n<p><a href=\"https:\/\/blogsaverroes.juntadeandalucia.es\/eielreal\/files\/2019\/06\/pap\u00e1s-orla-2.jpg\"><img loading=\"lazy\" decoding=\"async\" class=\"alignnone size-medium wp-image-23965\" src=\"https:\/\/blogsaverroes.juntadeandalucia.es\/eielreal\/files\/2019\/06\/pap\u00e1s-orla-2-300x225.jpg\" alt=\"\" width=\"300\" height=\"225\" srcset=\"https:\/\/blogsaverroes.juntadeandalucia.es\/eielreal\/files\/2019\/06\/pap\u00e1s-orla-2-300x225.jpg 300w, https:\/\/blogsaverroes.juntadeandalucia.es\/eielreal\/files\/2019\/06\/pap\u00e1s-orla-2-768x576.jpg 768w, https:\/\/blogsaverroes.juntadeandalucia.es\/eielreal\/files\/2019\/06\/pap\u00e1s-orla-2-1024x768.jpg 1024w, https:\/\/blogsaverroes.juntadeandalucia.es\/eielreal\/files\/2019\/06\/pap\u00e1s-orla-2-700x525.jpg 700w, https:\/\/blogsaverroes.juntadeandalucia.es\/eielreal\/files\/2019\/06\/pap\u00e1s-orla-2-24x18.jpg 24w, https:\/\/blogsaverroes.juntadeandalucia.es\/eielreal\/files\/2019\/06\/pap\u00e1s-orla-2-36x27.jpg 36w, https:\/\/blogsaverroes.juntadeandalucia.es\/eielreal\/files\/2019\/06\/pap\u00e1s-orla-2-48x36.jpg 48w, https:\/\/blogsaverroes.juntadeandalucia.es\/eielreal\/files\/2019\/06\/pap\u00e1s-orla-2.jpg 1600w\" sizes=\"(max-width: 300px) 100vw, 300px\" \/><\/a> <a href=\"https:\/\/blogsaverroes.juntadeandalucia.es\/eielreal\/files\/2019\/06\/papas-orla-1.jpg\"><img loading=\"lazy\" decoding=\"async\" class=\"alignnone size-medium wp-image-23964\" src=\"https:\/\/blogsaverroes.juntadeandalucia.es\/eielreal\/files\/2019\/06\/papas-orla-1-300x225.jpg\" alt=\"\" width=\"300\" height=\"225\" srcset=\"https:\/\/blogsaverroes.juntadeandalucia.es\/eielreal\/files\/2019\/06\/papas-orla-1-300x225.jpg 300w, https:\/\/blogsaverroes.juntadeandalucia.es\/eielreal\/files\/2019\/06\/papas-orla-1-768x576.jpg 768w, https:\/\/blogsaverroes.juntadeandalucia.es\/eielreal\/files\/2019\/06\/papas-orla-1-1024x768.jpg 1024w, https:\/\/blogsaverroes.juntadeandalucia.es\/eielreal\/files\/2019\/06\/papas-orla-1-700x525.jpg 700w, https:\/\/blogsaverroes.juntadeandalucia.es\/eielreal\/files\/2019\/06\/papas-orla-1-24x18.jpg 24w, https:\/\/blogsaverroes.juntadeandalucia.es\/eielreal\/files\/2019\/06\/papas-orla-1-36x27.jpg 36w, https:\/\/blogsaverroes.juntadeandalucia.es\/eielreal\/files\/2019\/06\/papas-orla-1-48x36.jpg 48w, https:\/\/blogsaverroes.juntadeandalucia.es\/eielreal\/files\/2019\/06\/papas-orla-1.jpg 1600w\" sizes=\"(max-width: 300px) 100vw, 300px\" \/><\/a><\/p>\n<p style=\"text-align: justify\"><strong>Muchas gracias a estos padres y madres de 5 a\u00f1os, y a otros que se fueron antes de hacernos la foto, por su ayuda. El escenario para la entrega de orlas qued\u00f3 precioso<\/strong>.<\/p>\n<p><a href=\"https:\/\/blogsaverroes.juntadeandalucia.es\/eielreal\/files\/2019\/06\/ampa.jpg\"><img loading=\"lazy\" decoding=\"async\" class=\"alignnone size-medium wp-image-23963\" src=\"https:\/\/blogsaverroes.juntadeandalucia.es\/eielreal\/files\/2019\/06\/ampa-300x225.jpg\" alt=\"\" width=\"300\" height=\"225\" srcset=\"https:\/\/blogsaverroes.juntadeandalucia.es\/eielreal\/files\/2019\/06\/ampa-300x225.jpg 300w, https:\/\/blogsaverroes.juntadeandalucia.es\/eielreal\/files\/2019\/06\/ampa-768x576.jpg 768w, https:\/\/blogsaverroes.juntadeandalucia.es\/eielreal\/files\/2019\/06\/ampa-1024x768.jpg 1024w, https:\/\/blogsaverroes.juntadeandalucia.es\/eielreal\/files\/2019\/06\/ampa-700x525.jpg 700w, https:\/\/blogsaverroes.juntadeandalucia.es\/eielreal\/files\/2019\/06\/ampa-24x18.jpg 24w, https:\/\/blogsaverroes.juntadeandalucia.es\/eielreal\/files\/2019\/06\/ampa-36x27.jpg 36w, https:\/\/blogsaverroes.juntadeandalucia.es\/eielreal\/files\/2019\/06\/ampa-48x36.jpg 48w, https:\/\/blogsaverroes.juntadeandalucia.es\/eielreal\/files\/2019\/06\/ampa.jpg 1600w\" sizes=\"(max-width: 300px) 100vw, 300px\" \/><\/a> <a href=\"https:\/\/blogsaverroes.juntadeandalucia.es\/eielreal\/files\/2019\/06\/ampa-2.jpg\"><img loading=\"lazy\" decoding=\"async\" class=\"alignnone size-medium wp-image-23962\" src=\"https:\/\/blogsaverroes.juntadeandalucia.es\/eielreal\/files\/2019\/06\/ampa-2-300x225.jpg\" alt=\"\" width=\"300\" height=\"225\" srcset=\"https:\/\/blogsaverroes.juntadeandalucia.es\/eielreal\/files\/2019\/06\/ampa-2-300x225.jpg 300w, https:\/\/blogsaverroes.juntadeandalucia.es\/eielreal\/files\/2019\/06\/ampa-2-768x576.jpg 768w, https:\/\/blogsaverroes.juntadeandalucia.es\/eielreal\/files\/2019\/06\/ampa-2-1024x768.jpg 1024w, https:\/\/blogsaverroes.juntadeandalucia.es\/eielreal\/files\/2019\/06\/ampa-2-700x525.jpg 700w, https:\/\/blogsaverroes.juntadeandalucia.es\/eielreal\/files\/2019\/06\/ampa-2-24x18.jpg 24w, https:\/\/blogsaverroes.juntadeandalucia.es\/eielreal\/files\/2019\/06\/ampa-2-36x27.jpg 36w, https:\/\/blogsaverroes.juntadeandalucia.es\/eielreal\/files\/2019\/06\/ampa-2-48x36.jpg 48w, https:\/\/blogsaverroes.juntadeandalucia.es\/eielreal\/files\/2019\/06\/ampa-2.jpg 1600w\" sizes=\"(max-width: 300px) 100vw, 300px\" \/><\/a><\/p>\n<p><strong>Gracias al capit\u00e1n Pirata del AMPA Chema, a la bucanera Isa Pi\u00f1ero, y a todos los piratas, corsarios y bucaneros que atracaron en el Real. Una fiesta preciosa y bien organizada.<\/strong><\/p>\n<p>Aqu\u00ed os dejo los enlaces a la galer\u00eda de las actividades de la \u00faltima semana de Junio:<\/p>\n<p><strong>Fiesta del agua llena de risas y mucha agua.<\/strong><a href=\"https:\/\/blogsaverroes.juntadeandalucia.es\/eielreal\/fiesta-del-agua-2019-2\/\"><img loading=\"lazy\" decoding=\"async\" class=\"size-medium wp-image-23946 aligncenter\" src=\"https:\/\/blogsaverroes.juntadeandalucia.es\/eielreal\/files\/2016\/02\/IMG_1488-300x225.jpg\" alt=\"\" width=\"300\" height=\"225\" srcset=\"https:\/\/blogsaverroes.juntadeandalucia.es\/eielreal\/files\/2016\/02\/IMG_1488-300x225.jpg 300w, https:\/\/blogsaverroes.juntadeandalucia.es\/eielreal\/files\/2016\/02\/IMG_1488-768x576.jpg 768w, https:\/\/blogsaverroes.juntadeandalucia.es\/eielreal\/files\/2016\/02\/IMG_1488-700x525.jpg 700w, https:\/\/blogsaverroes.juntadeandalucia.es\/eielreal\/files\/2016\/02\/IMG_1488-24x18.jpg 24w, https:\/\/blogsaverroes.juntadeandalucia.es\/eielreal\/files\/2016\/02\/IMG_1488-36x27.jpg 36w, https:\/\/blogsaverroes.juntadeandalucia.es\/eielreal\/files\/2016\/02\/IMG_1488-48x36.jpg 48w, https:\/\/blogsaverroes.juntadeandalucia.es\/eielreal\/files\/2016\/02\/IMG_1488.jpg 800w\" sizes=\"(max-width: 300px) 100vw, 300px\" \/><\/a><strong>Bailes Fin de curso: Felicidades a todos los ni\u00f1os y ni\u00f1as y a sus se\u00f1os por tantos ensayos y tanta paciencia.<\/strong><\/p>\n<p>Nuestro a gradecimiento, a un pap\u00e1 de 5 a\u00f1os,<strong> Juan Carlos,<\/strong> por colaborar desinteresadamente con su tiempo y con su estupendo equipo de megafon\u00eda que, sin duda, mejor\u00f3 la fiesta.<a href=\"https:\/\/blogsaverroes.juntadeandalucia.es\/eielreal\/bailes-fin-de-curso-2019-2\/\"><img loading=\"lazy\" decoding=\"async\" class=\"size-medium wp-image-23948 aligncenter\" src=\"https:\/\/blogsaverroes.juntadeandalucia.es\/eielreal\/files\/2016\/02\/bailes-300x225.jpg\" alt=\"\" width=\"300\" height=\"225\" srcset=\"https:\/\/blogsaverroes.juntadeandalucia.es\/eielreal\/files\/2016\/02\/bailes-300x225.jpg 300w, https:\/\/blogsaverroes.juntadeandalucia.es\/eielreal\/files\/2016\/02\/bailes-768x576.jpg 768w, https:\/\/blogsaverroes.juntadeandalucia.es\/eielreal\/files\/2016\/02\/bailes-700x525.jpg 700w, https:\/\/blogsaverroes.juntadeandalucia.es\/eielreal\/files\/2016\/02\/bailes-24x18.jpg 24w, https:\/\/blogsaverroes.juntadeandalucia.es\/eielreal\/files\/2016\/02\/bailes-36x27.jpg 36w, https:\/\/blogsaverroes.juntadeandalucia.es\/eielreal\/files\/2016\/02\/bailes-48x36.jpg 48w, https:\/\/blogsaverroes.juntadeandalucia.es\/eielreal\/files\/2016\/02\/bailes.jpg 800w\" sizes=\"(max-width: 300px) 100vw, 300px\" \/><\/a><\/p>\n<p style=\"text-align: justify\"><strong>Fiesta verano Pirata: Que ha sido posible gracias al gran esfuerzo de muchas madres y padres del AMPA , que han dedicado muchas horas de su tiempo para hacer felices a todos los infantiles de El Real<\/strong>.<a href=\"https:\/\/blogsaverroes.juntadeandalucia.es\/eielreal\/fiesta-pirata-2019\/\"><img loading=\"lazy\" decoding=\"async\" class=\"size-medium wp-image-23950 aligncenter\" src=\"https:\/\/blogsaverroes.juntadeandalucia.es\/eielreal\/files\/2016\/02\/pirata-300x225.jpg\" alt=\"\" width=\"300\" height=\"225\" srcset=\"https:\/\/blogsaverroes.juntadeandalucia.es\/eielreal\/files\/2016\/02\/pirata-300x225.jpg 300w, https:\/\/blogsaverroes.juntadeandalucia.es\/eielreal\/files\/2016\/02\/pirata-768x576.jpg 768w, https:\/\/blogsaverroes.juntadeandalucia.es\/eielreal\/files\/2016\/02\/pirata-700x525.jpg 700w, https:\/\/blogsaverroes.juntadeandalucia.es\/eielreal\/files\/2016\/02\/pirata-24x18.jpg 24w, https:\/\/blogsaverroes.juntadeandalucia.es\/eielreal\/files\/2016\/02\/pirata-36x27.jpg 36w, https:\/\/blogsaverroes.juntadeandalucia.es\/eielreal\/files\/2016\/02\/pirata-48x36.jpg 48w, https:\/\/blogsaverroes.juntadeandalucia.es\/eielreal\/files\/2016\/02\/pirata.jpg 800w\" sizes=\"(max-width: 300px) 100vw, 300px\" \/><\/a><\/p>\n<p><strong>Feliz verano. Que disfrut\u00e9is de vuestros hijos e hijas que es el mejor regalo que os ha dado la vida.<\/strong><\/p>\n<p>Magdalena Aguilar<\/p>\n","protected":false},"excerpt":{"rendered":"<p>Como ya sab\u00e9is, en nuestro cole nunca se para. Y es que no podemos olvidar que es un Centro de educaci\u00f3n Infantil, donde todos los aprendizajes van a partir de las experiencias. Experiencias son&#46;&#46;&#46;<\/p>\n","protected":false},"author":1886,"featured_media":23962,"comment_status":"open","ping_status":"open","sticky":false,"template":"","format":"standard","meta":{"ngg_post_thumbnail":0,"footnotes":""},"categories":[911479,962],"tags":[],"aioseo_notices":[],"_links":{"self":[{"href":"https:\/\/blogsaverroes.juntadeandalucia.es\/eielreal\/wp-json\/wp\/v2\/posts\/23321"}],"collection":[{"href":"https:\/\/blogsaverroes.juntadeandalucia.es\/eielreal\/wp-json\/wp\/v2\/posts"}],"about":[{"href":"https:\/\/blogsaverroes.juntadeandalucia.es\/eielreal\/wp-json\/wp\/v2\/types\/post"}],"author":[{"embeddable":true,"href":"https:\/\/blogsaverroes.juntadeandalucia.es\/eielreal\/wp-json\/wp\/v2\/users\/1886"}],"replies":[{"embeddable":true,"href":"https:\/\/blogsaverroes.juntadeandalucia.es\/eielreal\/wp-json\/wp\/v2\/comments?post=23321"}],"version-history":[{"count":9,"href":"https:\/\/blogsaverroes.juntadeandalucia.es\/eielreal\/wp-json\/wp\/v2\/posts\/23321\/revisions"}],"predecessor-version":[{"id":23982,"href":"https:\/\/blogsaverroes.juntadeandalucia.es\/eielreal\/wp-json\/wp\/v2\/posts\/23321\/revisions\/23982"}],"wp:featuredmedia":[{"embeddable":true,"href":"https:\/\/blogsaverroes.juntadeandalucia.es\/eielreal\/wp-json\/wp\/v2\/media\/23962"}],"wp:attachment":[{"href":"https:\/\/blogsaverroes.juntadeandalucia.es\/eielreal\/wp-json\/wp\/v2\/media?parent=23321"}],"wp:term":[{"taxonomy":"category","embeddable":true,"href":"https:\/\/blogsaverroes.juntadeandalucia.es\/eielreal\/wp-json\/wp\/v2\/categories?post=23321"},{"taxonomy":"post_tag","embeddable":true,"href":"https:\/\/blogsaverroes.juntadeandalucia.es\/eielreal\/wp-json\/wp\/v2\/tags?post=23321"}],"curies":[{"name":"wp","href":"https:\/\/api.w.org\/{rel}","templated":true}]}}