{"id":24264,"date":"2019-11-15T10:29:27","date_gmt":"2019-11-15T10:29:27","guid":{"rendered":"https:\/\/blogsaverroes.juntadeandalucia.es\/eielreal\/?p=24264"},"modified":"2019-11-15T12:44:36","modified_gmt":"2019-11-15T12:44:36","slug":"bonificaciones-definitivas","status":"publish","type":"post","link":"https:\/\/blogsaverroes.juntadeandalucia.es\/eielreal\/bonificaciones-definitivas\/","title":{"rendered":"BONIFICACIONES DEFINITIVAS"},"content":{"rendered":"<p align=\"JUSTIFY\"><a href=\"https:\/\/blogsaverroes.juntadeandalucia.es\/eielreal\/files\/2019\/11\/Cartel-para-entradas-bonificaciones.jpg\"><img loading=\"lazy\" decoding=\"async\" class=\"size-medium wp-image-24266 aligncenter\" src=\"https:\/\/blogsaverroes.juntadeandalucia.es\/eielreal\/files\/2019\/11\/Cartel-para-entradas-bonificaciones-300x200.jpg\" alt=\"\" width=\"300\" height=\"200\" srcset=\"https:\/\/blogsaverroes.juntadeandalucia.es\/eielreal\/files\/2019\/11\/Cartel-para-entradas-bonificaciones-300x200.jpg 300w, https:\/\/blogsaverroes.juntadeandalucia.es\/eielreal\/files\/2019\/11\/Cartel-para-entradas-bonificaciones-768x511.jpg 768w, https:\/\/blogsaverroes.juntadeandalucia.es\/eielreal\/files\/2019\/11\/Cartel-para-entradas-bonificaciones-700x466.jpg 700w, https:\/\/blogsaverroes.juntadeandalucia.es\/eielreal\/files\/2019\/11\/Cartel-para-entradas-bonificaciones-24x16.jpg 24w, https:\/\/blogsaverroes.juntadeandalucia.es\/eielreal\/files\/2019\/11\/Cartel-para-entradas-bonificaciones-36x24.jpg 36w, https:\/\/blogsaverroes.juntadeandalucia.es\/eielreal\/files\/2019\/11\/Cartel-para-entradas-bonificaciones-48x32.jpg 48w, https:\/\/blogsaverroes.juntadeandalucia.es\/eielreal\/files\/2019\/11\/Cartel-para-entradas-bonificaciones.jpg 987w\" sizes=\"(max-width: 300px) 100vw, 300px\" \/><\/a><\/p>\n<p align=\"JUSTIFY\"><span style=\"font-family: Arial, sans-serif\"><span style=\"font-size: medium\"><b>INFORMACI\u00d3N PARA LAS FAMILIAS QUE HAN SOLICITADO BONIFICACI\u00d3N:<\/b><\/span><\/span><\/p>\n<p align=\"JUSTIFY\"><span style=\"font-family: Arial, sans-serif\"><span style=\"font-size: medium\"><b> Las resoluciones de bonificaciones definitivas<\/b> del precio p\u00fablico correspondiente a los servicios de aula matinal, comedor escolar y actividades extraescolares, firmadas por el Delegado Territorial de esta Delegaci\u00f3n <b>ya no se publican en el tabl\u00f3n de anuncios del centro sino que son notificadas individualmente<\/b><\/span><\/span><\/p>\n<p align=\"JUSTIFY\"><span style=\"font-family: Arial, sans-serif\"><span style=\"font-size: medium\"><b>PODR\u00c1N RECOGERLAS DE DIRECCI\u00d3N:<\/b><\/span><\/span><\/p>\n<p align=\"JUSTIFY\"><span style=\"font-family: Arial, sans-serif\"><span style=\"font-size: medium\"><b>El MARTES 19 y MI\u00c9RCOLES 20 DE NOVIEMBRE DE 9 A 10,30 Y <\/b><\/span><\/span><\/p>\n<p align=\"JUSTIFY\"><span style=\"font-family: Arial, sans-serif\"><span style=\"font-size: medium\"><b>EN HORARIO DE TARDE, EL LUNES 18 DE NOVIEMBRE DE 4 A 5.<\/b><\/span><\/span><\/p>\n<p align=\"JUSTIFY\"><span style=\"font-family: Arial, sans-serif\"><span style=\"font-size: medium\"><i><u>En el centro quedar\u00e1 copia con acuse de recibo<\/u><\/i><u> <\/u><i><u> del documento recibido por las personas solicitantes.<\/u><\/i><\/span><\/span><\/p>\n<p align=\"JUSTIFY\"><span style=\"font-family: Arial, sans-serif\"><span style=\"font-size: medium\"><b>Contra la Resoluci\u00f3n de bonificaci\u00f3n, firmada por el Delegado, hay dos opciones:<\/b><\/span><\/span><\/p>\n<p align=\"JUSTIFY\"><span style=\"font-family: Arial, sans-serif\"><span style=\"font-size: medium\"><b>1.- <\/b>Interponer Recurso Contencioso Administrativo ante el \u00f3rgano jurisdiccional competente, de conformidad con lo dispuesto en los art\u00edculos 112.1, 123 y 124 de la Ley 39\/2015, de 1 de octubre, en el art\u00edculo 46.1 de la Ley 29\/1998, de 13 de julio, reguladora de la Jurisdicci\u00f3n Contencioso Administrativa y en el art\u00edculo 115.2 de la Ley 9\/2007, de 22 de octubre, en el plazo de dos meses.<\/span><\/span><\/p>\n<p align=\"JUSTIFY\"><span style=\"font-family: Arial, sans-serif\"><span style=\"font-size: medium\"><b>2.-<\/b> Presentar Recurso Potestativo de Reposici\u00f3n ante la persona titular de la Delegaci\u00f3n Territorial de Educaci\u00f3n de Sevilla, que agota la v\u00eda administrativa en el plazo de un mes. <\/span><\/span><\/p>\n<p align=\"JUSTIFY\"><span style=\"font-family: Arial, sans-serif\"><span style=\"font-size: medium\"><b>Los Recursos de Reposici\u00f3n deber\u00e1n presentarse preferentemente en el centro,<\/b> <strong>dentro del plazo de un mes desde la fecha de recepci\u00f3n firmada de la notificaci\u00f3n de la bonificaci\u00f3n, seg\u00fan modelo que soliciten personalmente a la Direcci\u00f3n.<\/strong><\/span><\/span><\/p>\n<p align=\"JUSTIFY\">Magdalena Aguilar<\/p>\n","protected":false},"excerpt":{"rendered":"<p>INFORMACI\u00d3N PARA LAS FAMILIAS QUE HAN SOLICITADO BONIFICACI\u00d3N: Las resoluciones de bonificaciones definitivas del precio p\u00fablico correspondiente a los servicios de aula matinal, comedor escolar y actividades extraescolares, firmadas por el Delegado Territorial de&#46;&#46;&#46;<\/p>\n","protected":false},"author":1886,"featured_media":24266,"comment_status":"open","ping_status":"open","sticky":false,"template":"","format":"standard","meta":{"ngg_post_thumbnail":0,"footnotes":""},"categories":[1705,33,1740543],"tags":[],"aioseo_notices":[],"_links":{"self":[{"href":"https:\/\/blogsaverroes.juntadeandalucia.es\/eielreal\/wp-json\/wp\/v2\/posts\/24264"}],"collection":[{"href":"https:\/\/blogsaverroes.juntadeandalucia.es\/eielreal\/wp-json\/wp\/v2\/posts"}],"about":[{"href":"https:\/\/blogsaverroes.juntadeandalucia.es\/eielreal\/wp-json\/wp\/v2\/types\/post"}],"author":[{"embeddable":true,"href":"https:\/\/blogsaverroes.juntadeandalucia.es\/eielreal\/wp-json\/wp\/v2\/users\/1886"}],"replies":[{"embeddable":true,"href":"https:\/\/blogsaverroes.juntadeandalucia.es\/eielreal\/wp-json\/wp\/v2\/comments?post=24264"}],"version-history":[{"count":3,"href":"https:\/\/blogsaverroes.juntadeandalucia.es\/eielreal\/wp-json\/wp\/v2\/posts\/24264\/revisions"}],"predecessor-version":[{"id":24269,"href":"https:\/\/blogsaverroes.juntadeandalucia.es\/eielreal\/wp-json\/wp\/v2\/posts\/24264\/revisions\/24269"}],"wp:featuredmedia":[{"embeddable":true,"href":"https:\/\/blogsaverroes.juntadeandalucia.es\/eielreal\/wp-json\/wp\/v2\/media\/24266"}],"wp:attachment":[{"href":"https:\/\/blogsaverroes.juntadeandalucia.es\/eielreal\/wp-json\/wp\/v2\/media?parent=24264"}],"wp:term":[{"taxonomy":"category","embeddable":true,"href":"https:\/\/blogsaverroes.juntadeandalucia.es\/eielreal\/wp-json\/wp\/v2\/categories?post=24264"},{"taxonomy":"post_tag","embeddable":true,"href":"https:\/\/blogsaverroes.juntadeandalucia.es\/eielreal\/wp-json\/wp\/v2\/tags?post=24264"}],"curies":[{"name":"wp","href":"https:\/\/api.w.org\/{rel}","templated":true}]}}