{"id":25332,"date":"2020-02-13T11:00:02","date_gmt":"2020-02-13T11:00:02","guid":{"rendered":"https:\/\/blogsaverroes.juntadeandalucia.es\/eielreal\/?p=25332"},"modified":"2020-02-13T11:00:28","modified_gmt":"2020-02-13T11:00:28","slug":"lets-recycle-with-froggy-and-mr-bang","status":"publish","type":"post","link":"https:\/\/blogsaverroes.juntadeandalucia.es\/eielreal\/lets-recycle-with-froggy-and-mr-bang\/","title":{"rendered":"LET\u00b4S RECYCLE WITH FROGGY AND MR. BANG !!!"},"content":{"rendered":"<p style=\"text-align: justify\">Este trimestre hemos comenzado a trabajar el proyecto <strong>\u201cCuidamos la naturaleza\u201d.<\/strong><\/p>\n<p style=\"text-align: justify\">En los \u00faltimos a\u00f1os, se est\u00e1n produciendo cambios significativos en la vida de las personas que preocupan al conjunto de nuestra sociedad: la degradaci\u00f3n del medio, el consumo descontrolado, la discriminaci\u00f3n hacia personas por raz\u00f3n de sexo, etnia, \u2026<strong>Desde la escuela, debemos inculcar unos determinados valores que son imprescindibles para el desarrollo integral de nuestros ni\u00f1os\/as: la solidaridad, la tolerancia, el respeto, el cuidado del medio ambiente, etc.<\/strong><\/p>\n<p style=\"text-align: justify\">Por ello, creemos que tenemos el deber <strong>de concienciar a nuestro alumnado en la importancia de cuidar nuestro entorno natural<\/strong>. Y a trav\u00e9s de ellos llegar tambi\u00e9n a sus familias para hacer de nuestro planeta un lugar m\u00e1s limpio y sano donde poder vivir.<\/p>\n<p style=\"text-align: justify\">La primera parte de nuestro trabajo es saber <strong>qu\u00e9 es la contaminaci\u00f3n y qu\u00e9 causas las produce<\/strong>. <strong>Aprender a producir menos residuos reutilizando los desechos y separ\u00e1ndolos en sus diferentes contenedores<\/strong>.<\/p>\n<p style=\"text-align: justify\"><strong>Nuestros compa\u00f1eros\/as del colegio al que estamos adscrito \u201cEl Beato\u201d<\/strong> han querido participar en esta tarea tan importante como es la concienciaci\u00f3n para conservar nuestro planeta y salvarlo del peligro de la poluci\u00f3n.<\/p>\n<p style=\"text-align: justify\"><strong>El viernes 7 de febrero tuvimos la visita de Ana and Rafa teachers<\/strong> <strong>que vinieron a contarnos un cuento en ingl\u00e9s. Su t\u00edtulo: Let\u00b4s recycle with Froggy and Mr. Bang\u201d (Vamos a reciclar con Froggy y Mr. Bang)<\/strong><\/p>\n<p>A trav\u00e9s de dos peque\u00f1os personajes que nos hablan en ingl\u00e9s, los m\u00e1s peque\u00f1os aprendieron que el idioma no es un obst\u00e1culo para poder disfrutar de un cuento.<\/p>\n<p><strong>Seguiremos apostando por la importancia del aprendizaje de una segunda lengua en edades tempranas.<\/strong><\/p>\n<p>En esta ocasi\u00f3n nuestros simp\u00e1ticos personajes <strong>Froggy&nbsp; y Mr Bang nos invitan a reciclar<\/strong>.<a href=\"https:\/\/blogsaverroes.juntadeandalucia.es\/eielreal\/files\/2020\/02\/20200207_1209540.jpg\">.<\/a><a href=\"https:\/\/blogsaverroes.juntadeandalucia.es\/eielreal\/files\/2020\/02\/20200207_1209540.jpg\"><img loading=\"lazy\" decoding=\"async\" class=\"size-medium wp-image-25352 aligncenter\" src=\"https:\/\/blogsaverroes.juntadeandalucia.es\/eielreal\/files\/2020\/02\/20200207_1209540-300x225.jpg\" alt=\"\" width=\"300\" height=\"225\" srcset=\"https:\/\/blogsaverroes.juntadeandalucia.es\/eielreal\/files\/2020\/02\/20200207_1209540-300x225.jpg 300w, https:\/\/blogsaverroes.juntadeandalucia.es\/eielreal\/files\/2020\/02\/20200207_1209540-768x576.jpg 768w, https:\/\/blogsaverroes.juntadeandalucia.es\/eielreal\/files\/2020\/02\/20200207_1209540-1024x768.jpg 1024w, https:\/\/blogsaverroes.juntadeandalucia.es\/eielreal\/files\/2020\/02\/20200207_1209540-700x525.jpg 700w, https:\/\/blogsaverroes.juntadeandalucia.es\/eielreal\/files\/2020\/02\/20200207_1209540-24x18.jpg 24w, https:\/\/blogsaverroes.juntadeandalucia.es\/eielreal\/files\/2020\/02\/20200207_1209540-36x27.jpg 36w, https:\/\/blogsaverroes.juntadeandalucia.es\/eielreal\/files\/2020\/02\/20200207_1209540-48x36.jpg 48w, https:\/\/blogsaverroes.juntadeandalucia.es\/eielreal\/files\/2020\/02\/20200207_1209540.jpg 1600w\" sizes=\"(max-width: 300px) 100vw, 300px\" \/><\/a><\/p>\n<p><a href=\"https:\/\/blogsaverroes.juntadeandalucia.es\/eielreal\/files\/2020\/02\/20200207_115211.jpg\"><img loading=\"lazy\" decoding=\"async\" class=\"size-medium wp-image-25333 aligncenter\" src=\"https:\/\/blogsaverroes.juntadeandalucia.es\/eielreal\/files\/2020\/02\/20200207_115211-300x225.jpg\" alt=\"\" width=\"300\" height=\"225\" srcset=\"https:\/\/blogsaverroes.juntadeandalucia.es\/eielreal\/files\/2020\/02\/20200207_115211-300x225.jpg 300w, https:\/\/blogsaverroes.juntadeandalucia.es\/eielreal\/files\/2020\/02\/20200207_115211-768x576.jpg 768w, https:\/\/blogsaverroes.juntadeandalucia.es\/eielreal\/files\/2020\/02\/20200207_115211-1024x768.jpg 1024w, https:\/\/blogsaverroes.juntadeandalucia.es\/eielreal\/files\/2020\/02\/20200207_115211-700x525.jpg 700w, https:\/\/blogsaverroes.juntadeandalucia.es\/eielreal\/files\/2020\/02\/20200207_115211-24x18.jpg 24w, https:\/\/blogsaverroes.juntadeandalucia.es\/eielreal\/files\/2020\/02\/20200207_115211-36x27.jpg 36w, https:\/\/blogsaverroes.juntadeandalucia.es\/eielreal\/files\/2020\/02\/20200207_115211-48x36.jpg 48w, https:\/\/blogsaverroes.juntadeandalucia.es\/eielreal\/files\/2020\/02\/20200207_115211.jpg 1600w\" sizes=\"(max-width: 300px) 100vw, 300px\" \/><\/a><\/p>\n<p><a href=\"https:\/\/blogsaverroes.juntadeandalucia.es\/eielreal\/files\/2020\/02\/20200209_162350.jpg\"><img loading=\"lazy\" decoding=\"async\" class=\"size-medium wp-image-25355 aligncenter\" src=\"https:\/\/blogsaverroes.juntadeandalucia.es\/eielreal\/files\/2020\/02\/20200209_162350-300x225.jpg\" alt=\"\" width=\"300\" height=\"225\" srcset=\"https:\/\/blogsaverroes.juntadeandalucia.es\/eielreal\/files\/2020\/02\/20200209_162350-300x225.jpg 300w, https:\/\/blogsaverroes.juntadeandalucia.es\/eielreal\/files\/2020\/02\/20200209_162350-768x576.jpg 768w, https:\/\/blogsaverroes.juntadeandalucia.es\/eielreal\/files\/2020\/02\/20200209_162350-1024x768.jpg 1024w, https:\/\/blogsaverroes.juntadeandalucia.es\/eielreal\/files\/2020\/02\/20200209_162350-700x525.jpg 700w, https:\/\/blogsaverroes.juntadeandalucia.es\/eielreal\/files\/2020\/02\/20200209_162350-24x18.jpg 24w, https:\/\/blogsaverroes.juntadeandalucia.es\/eielreal\/files\/2020\/02\/20200209_162350-36x27.jpg 36w, https:\/\/blogsaverroes.juntadeandalucia.es\/eielreal\/files\/2020\/02\/20200209_162350-48x36.jpg 48w, https:\/\/blogsaverroes.juntadeandalucia.es\/eielreal\/files\/2020\/02\/20200209_162350.jpg 1600w\" sizes=\"(max-width: 300px) 100vw, 300px\" \/><\/a><img loading=\"lazy\" decoding=\"async\" class=\"size-medium wp-image-25336 aligncenter\" src=\"https:\/\/blogsaverroes.juntadeandalucia.es\/eielreal\/files\/2020\/02\/20200207_115601-300x225.jpg\" alt=\"\" width=\"300\" height=\"225\" srcset=\"https:\/\/blogsaverroes.juntadeandalucia.es\/eielreal\/files\/2020\/02\/20200207_115601-300x225.jpg 300w, https:\/\/blogsaverroes.juntadeandalucia.es\/eielreal\/files\/2020\/02\/20200207_115601-768x576.jpg 768w, https:\/\/blogsaverroes.juntadeandalucia.es\/eielreal\/files\/2020\/02\/20200207_115601-1024x768.jpg 1024w, https:\/\/blogsaverroes.juntadeandalucia.es\/eielreal\/files\/2020\/02\/20200207_115601-700x525.jpg 700w, https:\/\/blogsaverroes.juntadeandalucia.es\/eielreal\/files\/2020\/02\/20200207_115601-24x18.jpg 24w, https:\/\/blogsaverroes.juntadeandalucia.es\/eielreal\/files\/2020\/02\/20200207_115601-36x27.jpg 36w, https:\/\/blogsaverroes.juntadeandalucia.es\/eielreal\/files\/2020\/02\/20200207_115601-48x36.jpg 48w, https:\/\/blogsaverroes.juntadeandalucia.es\/eielreal\/files\/2020\/02\/20200207_115601.jpg 1600w\" sizes=\"(max-width: 300px) 100vw, 300px\" \/><\/p>\n<p>&nbsp;<\/p>\n<p><a href=\"https:\/\/blogsaverroes.juntadeandalucia.es\/eielreal\/files\/2020\/02\/20200207_115701.jpg\"><img loading=\"lazy\" decoding=\"async\" class=\"size-medium wp-image-25338 aligncenter\" src=\"https:\/\/blogsaverroes.juntadeandalucia.es\/eielreal\/files\/2020\/02\/20200207_115701-300x225.jpg\" alt=\"\" width=\"300\" height=\"225\" srcset=\"https:\/\/blogsaverroes.juntadeandalucia.es\/eielreal\/files\/2020\/02\/20200207_115701-300x225.jpg 300w, https:\/\/blogsaverroes.juntadeandalucia.es\/eielreal\/files\/2020\/02\/20200207_115701-768x576.jpg 768w, https:\/\/blogsaverroes.juntadeandalucia.es\/eielreal\/files\/2020\/02\/20200207_115701-1024x768.jpg 1024w, https:\/\/blogsaverroes.juntadeandalucia.es\/eielreal\/files\/2020\/02\/20200207_115701-700x525.jpg 700w, https:\/\/blogsaverroes.juntadeandalucia.es\/eielreal\/files\/2020\/02\/20200207_115701-24x18.jpg 24w, https:\/\/blogsaverroes.juntadeandalucia.es\/eielreal\/files\/2020\/02\/20200207_115701-36x27.jpg 36w, https:\/\/blogsaverroes.juntadeandalucia.es\/eielreal\/files\/2020\/02\/20200207_115701-48x36.jpg 48w, https:\/\/blogsaverroes.juntadeandalucia.es\/eielreal\/files\/2020\/02\/20200207_115701.jpg 1600w\" sizes=\"(max-width: 300px) 100vw, 300px\" \/><\/a> <a href=\"https:\/\/blogsaverroes.juntadeandalucia.es\/eielreal\/files\/2020\/02\/20200207_120006.jpg\"><img loading=\"lazy\" decoding=\"async\" class=\"size-medium wp-image-25342 aligncenter\" src=\"https:\/\/blogsaverroes.juntadeandalucia.es\/eielreal\/files\/2020\/02\/20200207_120006-300x225.jpg\" alt=\"\" width=\"300\" height=\"225\" srcset=\"https:\/\/blogsaverroes.juntadeandalucia.es\/eielreal\/files\/2020\/02\/20200207_120006-300x225.jpg 300w, https:\/\/blogsaverroes.juntadeandalucia.es\/eielreal\/files\/2020\/02\/20200207_120006-768x576.jpg 768w, https:\/\/blogsaverroes.juntadeandalucia.es\/eielreal\/files\/2020\/02\/20200207_120006-1024x768.jpg 1024w, https:\/\/blogsaverroes.juntadeandalucia.es\/eielreal\/files\/2020\/02\/20200207_120006-700x525.jpg 700w, https:\/\/blogsaverroes.juntadeandalucia.es\/eielreal\/files\/2020\/02\/20200207_120006-24x18.jpg 24w, https:\/\/blogsaverroes.juntadeandalucia.es\/eielreal\/files\/2020\/02\/20200207_120006-36x27.jpg 36w, https:\/\/blogsaverroes.juntadeandalucia.es\/eielreal\/files\/2020\/02\/20200207_120006-48x36.jpg 48w, https:\/\/blogsaverroes.juntadeandalucia.es\/eielreal\/files\/2020\/02\/20200207_120006.jpg 1600w\" sizes=\"(max-width: 300px) 100vw, 300px\" \/><\/a> <a href=\"https:\/\/blogsaverroes.juntadeandalucia.es\/eielreal\/files\/2020\/02\/20200207_120251.jpg\"><img loading=\"lazy\" decoding=\"async\" class=\"size-medium wp-image-25345 aligncenter\" src=\"https:\/\/blogsaverroes.juntadeandalucia.es\/eielreal\/files\/2020\/02\/20200207_120251-300x225.jpg\" alt=\"\" width=\"300\" height=\"225\" srcset=\"https:\/\/blogsaverroes.juntadeandalucia.es\/eielreal\/files\/2020\/02\/20200207_120251-300x225.jpg 300w, https:\/\/blogsaverroes.juntadeandalucia.es\/eielreal\/files\/2020\/02\/20200207_120251-768x576.jpg 768w, https:\/\/blogsaverroes.juntadeandalucia.es\/eielreal\/files\/2020\/02\/20200207_120251-1024x768.jpg 1024w, https:\/\/blogsaverroes.juntadeandalucia.es\/eielreal\/files\/2020\/02\/20200207_120251-700x525.jpg 700w, https:\/\/blogsaverroes.juntadeandalucia.es\/eielreal\/files\/2020\/02\/20200207_120251-24x18.jpg 24w, https:\/\/blogsaverroes.juntadeandalucia.es\/eielreal\/files\/2020\/02\/20200207_120251-36x27.jpg 36w, https:\/\/blogsaverroes.juntadeandalucia.es\/eielreal\/files\/2020\/02\/20200207_120251-48x36.jpg 48w, https:\/\/blogsaverroes.juntadeandalucia.es\/eielreal\/files\/2020\/02\/20200207_120251.jpg 1600w\" sizes=\"(max-width: 300px) 100vw, 300px\" \/><\/a> <a href=\"https:\/\/blogsaverroes.juntadeandalucia.es\/eielreal\/files\/2020\/02\/20200207_120010.jpg\"><img loading=\"lazy\" decoding=\"async\" class=\"size-medium wp-image-25343 aligncenter\" src=\"https:\/\/blogsaverroes.juntadeandalucia.es\/eielreal\/files\/2020\/02\/20200207_120010-300x225.jpg\" alt=\"\" width=\"300\" height=\"225\" srcset=\"https:\/\/blogsaverroes.juntadeandalucia.es\/eielreal\/files\/2020\/02\/20200207_120010-300x225.jpg 300w, https:\/\/blogsaverroes.juntadeandalucia.es\/eielreal\/files\/2020\/02\/20200207_120010-768x576.jpg 768w, https:\/\/blogsaverroes.juntadeandalucia.es\/eielreal\/files\/2020\/02\/20200207_120010-1024x768.jpg 1024w, https:\/\/blogsaverroes.juntadeandalucia.es\/eielreal\/files\/2020\/02\/20200207_120010-700x525.jpg 700w, https:\/\/blogsaverroes.juntadeandalucia.es\/eielreal\/files\/2020\/02\/20200207_120010-24x18.jpg 24w, https:\/\/blogsaverroes.juntadeandalucia.es\/eielreal\/files\/2020\/02\/20200207_120010-36x27.jpg 36w, https:\/\/blogsaverroes.juntadeandalucia.es\/eielreal\/files\/2020\/02\/20200207_120010-48x36.jpg 48w, https:\/\/blogsaverroes.juntadeandalucia.es\/eielreal\/files\/2020\/02\/20200207_120010.jpg 1600w\" sizes=\"(max-width: 300px) 100vw, 300px\" \/><\/a> <a href=\"https:\/\/blogsaverroes.juntadeandalucia.es\/eielreal\/files\/2020\/02\/20200207_120112.jpg\"><img loading=\"lazy\" decoding=\"async\" class=\"size-medium wp-image-25344 aligncenter\" src=\"https:\/\/blogsaverroes.juntadeandalucia.es\/eielreal\/files\/2020\/02\/20200207_120112-300x225.jpg\" alt=\"\" width=\"300\" height=\"225\" srcset=\"https:\/\/blogsaverroes.juntadeandalucia.es\/eielreal\/files\/2020\/02\/20200207_120112-300x225.jpg 300w, https:\/\/blogsaverroes.juntadeandalucia.es\/eielreal\/files\/2020\/02\/20200207_120112-768x576.jpg 768w, https:\/\/blogsaverroes.juntadeandalucia.es\/eielreal\/files\/2020\/02\/20200207_120112-1024x768.jpg 1024w, https:\/\/blogsaverroes.juntadeandalucia.es\/eielreal\/files\/2020\/02\/20200207_120112-700x525.jpg 700w, https:\/\/blogsaverroes.juntadeandalucia.es\/eielreal\/files\/2020\/02\/20200207_120112-24x18.jpg 24w, https:\/\/blogsaverroes.juntadeandalucia.es\/eielreal\/files\/2020\/02\/20200207_120112-36x27.jpg 36w, https:\/\/blogsaverroes.juntadeandalucia.es\/eielreal\/files\/2020\/02\/20200207_120112-48x36.jpg 48w, https:\/\/blogsaverroes.juntadeandalucia.es\/eielreal\/files\/2020\/02\/20200207_120112.jpg 1600w\" sizes=\"(max-width: 300px) 100vw, 300px\" \/><\/a><a href=\"https:\/\/blogsaverroes.juntadeandalucia.es\/eielreal\/files\/2020\/02\/20200209_162211.jpg\"><img loading=\"lazy\" decoding=\"async\" class=\"size-medium wp-image-25354 aligncenter\" src=\"https:\/\/blogsaverroes.juntadeandalucia.es\/eielreal\/files\/2020\/02\/20200209_162211-300x225.jpg\" alt=\"\" width=\"300\" height=\"225\" srcset=\"https:\/\/blogsaverroes.juntadeandalucia.es\/eielreal\/files\/2020\/02\/20200209_162211-300x225.jpg 300w, https:\/\/blogsaverroes.juntadeandalucia.es\/eielreal\/files\/2020\/02\/20200209_162211-768x576.jpg 768w, https:\/\/blogsaverroes.juntadeandalucia.es\/eielreal\/files\/2020\/02\/20200209_162211-1024x768.jpg 1024w, https:\/\/blogsaverroes.juntadeandalucia.es\/eielreal\/files\/2020\/02\/20200209_162211-700x525.jpg 700w, https:\/\/blogsaverroes.juntadeandalucia.es\/eielreal\/files\/2020\/02\/20200209_162211-24x18.jpg 24w, https:\/\/blogsaverroes.juntadeandalucia.es\/eielreal\/files\/2020\/02\/20200209_162211-36x27.jpg 36w, https:\/\/blogsaverroes.juntadeandalucia.es\/eielreal\/files\/2020\/02\/20200209_162211-48x36.jpg 48w, https:\/\/blogsaverroes.juntadeandalucia.es\/eielreal\/files\/2020\/02\/20200209_162211.jpg 1600w\" sizes=\"(max-width: 300px) 100vw, 300px\" \/><\/a><a href=\"https:\/\/blogsaverroes.juntadeandalucia.es\/eielreal\/files\/2020\/02\/20200207_120414.jpg\"><img loading=\"lazy\" decoding=\"async\" class=\"size-medium wp-image-25347 aligncenter\" src=\"https:\/\/blogsaverroes.juntadeandalucia.es\/eielreal\/files\/2020\/02\/20200207_120414-300x225.jpg\" alt=\"\" width=\"300\" height=\"225\" srcset=\"https:\/\/blogsaverroes.juntadeandalucia.es\/eielreal\/files\/2020\/02\/20200207_120414-300x225.jpg 300w, https:\/\/blogsaverroes.juntadeandalucia.es\/eielreal\/files\/2020\/02\/20200207_120414-768x576.jpg 768w, https:\/\/blogsaverroes.juntadeandalucia.es\/eielreal\/files\/2020\/02\/20200207_120414-1024x768.jpg 1024w, https:\/\/blogsaverroes.juntadeandalucia.es\/eielreal\/files\/2020\/02\/20200207_120414-700x525.jpg 700w, https:\/\/blogsaverroes.juntadeandalucia.es\/eielreal\/files\/2020\/02\/20200207_120414-24x18.jpg 24w, https:\/\/blogsaverroes.juntadeandalucia.es\/eielreal\/files\/2020\/02\/20200207_120414-36x27.jpg 36w, https:\/\/blogsaverroes.juntadeandalucia.es\/eielreal\/files\/2020\/02\/20200207_120414-48x36.jpg 48w, https:\/\/blogsaverroes.juntadeandalucia.es\/eielreal\/files\/2020\/02\/20200207_120414.jpg 1600w\" sizes=\"(max-width: 300px) 100vw, 300px\" \/><\/a><strong>A trav\u00e9s del reciclaje aprendemos vocabulario b\u00e1sico como colores, n\u00fameros y el nombre de objetos cotidianos, todo ello impregnado de muchas expresiones y preguntas b\u00e1sicas que nos ayudan a mantener una conversaci\u00f3n cotidiana.<\/strong><\/p>\n<p><strong>Adem\u00e1s, cantamos<\/strong> y nos lo pasamos genial.<\/p>\n<p style=\"text-align: justify\"><a href=\"https:\/\/blogsaverroes.juntadeandalucia.es\/eielreal\/files\/2020\/02\/20200207_120425.jpg\"><img loading=\"lazy\" decoding=\"async\" class=\"size-medium wp-image-25348 aligncenter\" src=\"https:\/\/blogsaverroes.juntadeandalucia.es\/eielreal\/files\/2020\/02\/20200207_120425-300x225.jpg\" alt=\"\" width=\"300\" height=\"225\" srcset=\"https:\/\/blogsaverroes.juntadeandalucia.es\/eielreal\/files\/2020\/02\/20200207_120425-300x225.jpg 300w, https:\/\/blogsaverroes.juntadeandalucia.es\/eielreal\/files\/2020\/02\/20200207_120425-768x576.jpg 768w, https:\/\/blogsaverroes.juntadeandalucia.es\/eielreal\/files\/2020\/02\/20200207_120425-1024x768.jpg 1024w, https:\/\/blogsaverroes.juntadeandalucia.es\/eielreal\/files\/2020\/02\/20200207_120425-700x525.jpg 700w, https:\/\/blogsaverroes.juntadeandalucia.es\/eielreal\/files\/2020\/02\/20200207_120425-24x18.jpg 24w, https:\/\/blogsaverroes.juntadeandalucia.es\/eielreal\/files\/2020\/02\/20200207_120425-36x27.jpg 36w, https:\/\/blogsaverroes.juntadeandalucia.es\/eielreal\/files\/2020\/02\/20200207_120425-48x36.jpg 48w, https:\/\/blogsaverroes.juntadeandalucia.es\/eielreal\/files\/2020\/02\/20200207_120425.jpg 1600w\" sizes=\"(max-width: 300px) 100vw, 300px\" \/><\/a> <a href=\"https:\/\/blogsaverroes.juntadeandalucia.es\/eielreal\/files\/2020\/02\/20200207_120558.jpg\"><img loading=\"lazy\" decoding=\"async\" class=\"size-medium wp-image-25351 aligncenter\" src=\"https:\/\/blogsaverroes.juntadeandalucia.es\/eielreal\/files\/2020\/02\/20200207_120558-300x225.jpg\" alt=\"\" width=\"300\" height=\"225\" srcset=\"https:\/\/blogsaverroes.juntadeandalucia.es\/eielreal\/files\/2020\/02\/20200207_120558-300x225.jpg 300w, https:\/\/blogsaverroes.juntadeandalucia.es\/eielreal\/files\/2020\/02\/20200207_120558-768x576.jpg 768w, https:\/\/blogsaverroes.juntadeandalucia.es\/eielreal\/files\/2020\/02\/20200207_120558-1024x768.jpg 1024w, https:\/\/blogsaverroes.juntadeandalucia.es\/eielreal\/files\/2020\/02\/20200207_120558-700x525.jpg 700w, https:\/\/blogsaverroes.juntadeandalucia.es\/eielreal\/files\/2020\/02\/20200207_120558-24x18.jpg 24w, https:\/\/blogsaverroes.juntadeandalucia.es\/eielreal\/files\/2020\/02\/20200207_120558-36x27.jpg 36w, https:\/\/blogsaverroes.juntadeandalucia.es\/eielreal\/files\/2020\/02\/20200207_120558-48x36.jpg 48w, https:\/\/blogsaverroes.juntadeandalucia.es\/eielreal\/files\/2020\/02\/20200207_120558.jpg 1600w\" sizes=\"(max-width: 300px) 100vw, 300px\" \/><\/a> <a href=\"https:\/\/blogsaverroes.juntadeandalucia.es\/eielreal\/files\/2020\/02\/20200207_120550.jpg\"><img loading=\"lazy\" decoding=\"async\" class=\"size-medium wp-image-25350 aligncenter\" src=\"https:\/\/blogsaverroes.juntadeandalucia.es\/eielreal\/files\/2020\/02\/20200207_120550-300x225.jpg\" alt=\"\" width=\"300\" height=\"225\" srcset=\"https:\/\/blogsaverroes.juntadeandalucia.es\/eielreal\/files\/2020\/02\/20200207_120550-300x225.jpg 300w, https:\/\/blogsaverroes.juntadeandalucia.es\/eielreal\/files\/2020\/02\/20200207_120550-768x576.jpg 768w, https:\/\/blogsaverroes.juntadeandalucia.es\/eielreal\/files\/2020\/02\/20200207_120550-1024x768.jpg 1024w, https:\/\/blogsaverroes.juntadeandalucia.es\/eielreal\/files\/2020\/02\/20200207_120550-700x525.jpg 700w, https:\/\/blogsaverroes.juntadeandalucia.es\/eielreal\/files\/2020\/02\/20200207_120550-24x18.jpg 24w, https:\/\/blogsaverroes.juntadeandalucia.es\/eielreal\/files\/2020\/02\/20200207_120550-36x27.jpg 36w, https:\/\/blogsaverroes.juntadeandalucia.es\/eielreal\/files\/2020\/02\/20200207_120550-48x36.jpg 48w, https:\/\/blogsaverroes.juntadeandalucia.es\/eielreal\/files\/2020\/02\/20200207_120550.jpg 1600w\" sizes=\"(max-width: 300px) 100vw, 300px\" \/><\/a> <a href=\"https:\/\/blogsaverroes.juntadeandalucia.es\/eielreal\/files\/2020\/02\/20200207_120433.jpg\"><img loading=\"lazy\" decoding=\"async\" class=\"size-medium wp-image-25349 aligncenter\" src=\"https:\/\/blogsaverroes.juntadeandalucia.es\/eielreal\/files\/2020\/02\/20200207_120433-300x225.jpg\" alt=\"\" width=\"300\" height=\"225\" srcset=\"https:\/\/blogsaverroes.juntadeandalucia.es\/eielreal\/files\/2020\/02\/20200207_120433-300x225.jpg 300w, https:\/\/blogsaverroes.juntadeandalucia.es\/eielreal\/files\/2020\/02\/20200207_120433-768x576.jpg 768w, https:\/\/blogsaverroes.juntadeandalucia.es\/eielreal\/files\/2020\/02\/20200207_120433-1024x768.jpg 1024w, https:\/\/blogsaverroes.juntadeandalucia.es\/eielreal\/files\/2020\/02\/20200207_120433-700x525.jpg 700w, https:\/\/blogsaverroes.juntadeandalucia.es\/eielreal\/files\/2020\/02\/20200207_120433-24x18.jpg 24w, https:\/\/blogsaverroes.juntadeandalucia.es\/eielreal\/files\/2020\/02\/20200207_120433-36x27.jpg 36w, https:\/\/blogsaverroes.juntadeandalucia.es\/eielreal\/files\/2020\/02\/20200207_120433-48x36.jpg 48w, https:\/\/blogsaverroes.juntadeandalucia.es\/eielreal\/files\/2020\/02\/20200207_120433.jpg 1600w\" sizes=\"(max-width: 300px) 100vw, 300px\" \/><\/a><strong>El resultado fue incre\u00edble y la experiencia maravillosa<\/strong>. Ni\u00f1os y ni\u00f1as de 3 a\u00f1os por primera vez tienen contacto con una lengua extranjera y son capaces de entender e intentar comunicarse.<a href=\"https:\/\/blogsaverroes.juntadeandalucia.es\/eielreal\/files\/2020\/02\/IMG-20200209-WA0089.jpg\"><img loading=\"lazy\" decoding=\"async\" class=\"size-medium wp-image-25361 aligncenter\" src=\"https:\/\/blogsaverroes.juntadeandalucia.es\/eielreal\/files\/2020\/02\/IMG-20200209-WA0089-300x300.jpg\" alt=\"\" width=\"300\" height=\"300\" srcset=\"https:\/\/blogsaverroes.juntadeandalucia.es\/eielreal\/files\/2020\/02\/IMG-20200209-WA0089-300x300.jpg 300w, https:\/\/blogsaverroes.juntadeandalucia.es\/eielreal\/files\/2020\/02\/IMG-20200209-WA0089-150x150.jpg 150w, https:\/\/blogsaverroes.juntadeandalucia.es\/eielreal\/files\/2020\/02\/IMG-20200209-WA0089-768x768.jpg 768w, https:\/\/blogsaverroes.juntadeandalucia.es\/eielreal\/files\/2020\/02\/IMG-20200209-WA0089-1024x1024.jpg 1024w, https:\/\/blogsaverroes.juntadeandalucia.es\/eielreal\/files\/2020\/02\/IMG-20200209-WA0089-100x100.jpg 100w, https:\/\/blogsaverroes.juntadeandalucia.es\/eielreal\/files\/2020\/02\/IMG-20200209-WA0089-432x432.jpg 432w, https:\/\/blogsaverroes.juntadeandalucia.es\/eielreal\/files\/2020\/02\/IMG-20200209-WA0089-268x268.jpg 268w, https:\/\/blogsaverroes.juntadeandalucia.es\/eielreal\/files\/2020\/02\/IMG-20200209-WA0089-700x700.jpg 700w, https:\/\/blogsaverroes.juntadeandalucia.es\/eielreal\/files\/2020\/02\/IMG-20200209-WA0089-24x24.jpg 24w, https:\/\/blogsaverroes.juntadeandalucia.es\/eielreal\/files\/2020\/02\/IMG-20200209-WA0089-36x36.jpg 36w, https:\/\/blogsaverroes.juntadeandalucia.es\/eielreal\/files\/2020\/02\/IMG-20200209-WA0089-48x48.jpg 48w, https:\/\/blogsaverroes.juntadeandalucia.es\/eielreal\/files\/2020\/02\/IMG-20200209-WA0089.jpg 1600w\" sizes=\"(max-width: 300px) 100vw, 300px\" \/><\/a><\/p>\n<p><strong>Ana y Rafa estuvieron geniales. Muchas gracias compa\u00f1eros, sois fant\u00e1sticos. \u00a1Felicidades!<\/strong><\/p>\n<p><strong><u>\u00a1Learning English is fun!<\/u><\/strong><\/p>\n<p>Isabel y Gracita<\/p>\n","protected":false},"excerpt":{"rendered":"<p>Este trimestre hemos comenzado a trabajar el proyecto \u201cCuidamos la naturaleza\u201d. En los \u00faltimos a\u00f1os, se est\u00e1n produciendo cambios significativos en la vida de las personas que preocupan al conjunto de nuestra sociedad: la&#46;&#46;&#46;<\/p>\n","protected":false},"author":3183,"featured_media":25354,"comment_status":"open","ping_status":"open","sticky":false,"template":"","format":"standard","meta":{"ngg_post_thumbnail":0,"footnotes":""},"categories":[1740545,1740543],"tags":[],"aioseo_notices":[],"_links":{"self":[{"href":"https:\/\/blogsaverroes.juntadeandalucia.es\/eielreal\/wp-json\/wp\/v2\/posts\/25332"}],"collection":[{"href":"https:\/\/blogsaverroes.juntadeandalucia.es\/eielreal\/wp-json\/wp\/v2\/posts"}],"about":[{"href":"https:\/\/blogsaverroes.juntadeandalucia.es\/eielreal\/wp-json\/wp\/v2\/types\/post"}],"author":[{"embeddable":true,"href":"https:\/\/blogsaverroes.juntadeandalucia.es\/eielreal\/wp-json\/wp\/v2\/users\/3183"}],"replies":[{"embeddable":true,"href":"https:\/\/blogsaverroes.juntadeandalucia.es\/eielreal\/wp-json\/wp\/v2\/comments?post=25332"}],"version-history":[{"count":6,"href":"https:\/\/blogsaverroes.juntadeandalucia.es\/eielreal\/wp-json\/wp\/v2\/posts\/25332\/revisions"}],"predecessor-version":[{"id":25372,"href":"https:\/\/blogsaverroes.juntadeandalucia.es\/eielreal\/wp-json\/wp\/v2\/posts\/25332\/revisions\/25372"}],"wp:featuredmedia":[{"embeddable":true,"href":"https:\/\/blogsaverroes.juntadeandalucia.es\/eielreal\/wp-json\/wp\/v2\/media\/25354"}],"wp:attachment":[{"href":"https:\/\/blogsaverroes.juntadeandalucia.es\/eielreal\/wp-json\/wp\/v2\/media?parent=25332"}],"wp:term":[{"taxonomy":"category","embeddable":true,"href":"https:\/\/blogsaverroes.juntadeandalucia.es\/eielreal\/wp-json\/wp\/v2\/categories?post=25332"},{"taxonomy":"post_tag","embeddable":true,"href":"https:\/\/blogsaverroes.juntadeandalucia.es\/eielreal\/wp-json\/wp\/v2\/tags?post=25332"}],"curies":[{"name":"wp","href":"https:\/\/api.w.org\/{rel}","templated":true}]}}