{"id":25366,"date":"2020-02-13T21:40:04","date_gmt":"2020-02-13T21:40:04","guid":{"rendered":"https:\/\/blogsaverroes.juntadeandalucia.es\/eielreal\/?p=25366"},"modified":"2020-02-13T21:40:04","modified_gmt":"2020-02-13T21:40:04","slug":"en-el-cole-comemos-fruta","status":"publish","type":"post","link":"https:\/\/blogsaverroes.juntadeandalucia.es\/eielreal\/en-el-cole-comemos-fruta\/","title":{"rendered":"EN EL COLE&#8230; \u00a1COMEMOS FRUTA!"},"content":{"rendered":"<p lang=\"es-ES\" align=\"JUSTIFY\"><b>Estimados padres y madres de la E.I. EL REAL:<\/b><\/p>\n<p lang=\"es-ES\" align=\"JUSTIFY\"><a href=\"https:\/\/blogsaverroes.juntadeandalucia.es\/eielreal\/files\/2019\/03\/frutas_verdura_escuelas-680x494.jpg\"><img loading=\"lazy\" decoding=\"async\" class=\"alignright size-medium wp-image-20677\" src=\"https:\/\/blogsaverroes.juntadeandalucia.es\/eielreal\/files\/2019\/03\/frutas_verdura_escuelas-680x494-300x218.jpg\" alt=\"\" width=\"300\" height=\"218\" srcset=\"https:\/\/blogsaverroes.juntadeandalucia.es\/eielreal\/files\/2019\/03\/frutas_verdura_escuelas-680x494-300x218.jpg 300w, https:\/\/blogsaverroes.juntadeandalucia.es\/eielreal\/files\/2019\/03\/frutas_verdura_escuelas-680x494-24x17.jpg 24w, https:\/\/blogsaverroes.juntadeandalucia.es\/eielreal\/files\/2019\/03\/frutas_verdura_escuelas-680x494-36x26.jpg 36w, https:\/\/blogsaverroes.juntadeandalucia.es\/eielreal\/files\/2019\/03\/frutas_verdura_escuelas-680x494-48x35.jpg 48w, https:\/\/blogsaverroes.juntadeandalucia.es\/eielreal\/files\/2019\/03\/frutas_verdura_escuelas-680x494.jpg 680w\" sizes=\"(max-width: 300px) 100vw, 300px\" \/><\/a>Nuestro Centro, por llevar a cabo el\u00a0<b>PROYECTO CRECIENDO EN SALUD,<\/b>\u00a0solicit\u00f3 en septiembre el\u00a0<strong>\u00abPlan de Consumo de Fruta en las Escuelas Andaluzas\u00bb\u00a0<\/strong><strong>Es un plan de distribuci\u00f3n de fruta en los centros docentes sostenidos con fondos p\u00fablicos de Andaluc\u00eda que pone en marcha Las Consejer\u00edas de Educaci\u00f3n, de Salud y de Agricultura y Pesca, y que naci\u00f3 por\u00a0<\/strong>iniciativa europea para fomentar el consumo de frutas y hortalizas en los escolares.<\/p>\n<p lang=\"es-ES\" align=\"JUSTIFY\"><b>OBJETIVOS del plan:<\/b><\/p>\n<p lang=\"es-ES\" style=\"text-align: justify\" align=\"JUSTIFY\"><b>Distribuci\u00f3n\u00a0<\/b><b>gratuita\u00a0<\/b>de fruta fresca, tomate cherry, zanahoria, fruta fresca m\u00ednimamente procesada (IV Gama), zumo natural refrigerado y gazpacho refrigerado.<\/p>\n<p lang=\"es-ES\" style=\"text-align: justify\" align=\"JUSTIFY\"><b>Destinatarios: <\/b>En este a\u00f1o, la acci\u00f3n se desarrollar\u00e1 en un total de 1800 centros que imparten Educaci\u00f3n Primaria y estar\u00e1 dirigido a\u00a0<strong>escolares de 3 a 12 a\u00f1os<\/strong> de edad. Se distribuir\u00e1n 8.040.000 raciones de frutas y hortalizas destinadas a m\u00e1s de 530.000 alumnos y alumnas.<b><\/b><\/p>\n<p><b>Calendario de ejecuci\u00f3n:\u00a0<\/b>de FEBRERO a JUNIO repartidas en <strong>5 entregas<\/strong><\/p>\n<p lang=\"es-ES\" align=\"JUSTIFY\">M\u00c1S INFORMACI\u00d3N EN\u00a0<span lang=\"zxx\"><u><a href=\"http:\/\/www.frutanova.es\/\"><b>http:\/\/www.frutanova.es\/<\/b><\/a><\/u><\/span><\/p>\n<p lang=\"es-ES\" style=\"text-align: justify\" align=\"JUSTIFY\">Los alimentos est\u00e1n previstos que lleguen a nuestro centro el d\u00eda<b> 18 de FERBRERO <\/b>y se consumir\u00e1n los d\u00edas : <strong>18, 19 y 20 de FEBRERO.<\/strong><\/p>\n<p lang=\"es-ES\" align=\"JUSTIFY\">En esta entrega recibir\u00e1n:<\/p>\n<ul>\n<li class=\"western\">1\u00ba d\u00eda de consumo:\u00a0 MANZANA IV Gama<\/li>\n<li class=\"western\">2\u00ba d\u00eda de consumo:\u00a0 FRESA IV Gama<\/li>\n<li class=\"western\">3\u00ba d\u00eda de consumo:\u00a0 PERA IV Gama<\/li>\n<\/ul>\n<p lang=\"es-ES\" style=\"text-align: justify\" align=\"JUSTIFY\"><b>\u00bfQU\u00c9 DEBEN TRAER LOS NI\u00d1OS\/AS AL COLEGIO? <\/b>Por tratarse de un programa relacionado con la salud y el cuidado del medio ambiente, los alumnos\/as los tres d\u00edas,\u00a0<b>deben traer en su mochila un recipiente\/tupper irrompible que NO sea de un solo uso<\/b>, as\u00ed como tenedor y\/o cucharilla, del tipo de los que traen habitualmente para sus desayunos. Dicho recipiente ser\u00e1 de\u00a0<strong>ida y vuelta, para proceder a su limpieza en casa.<\/strong><\/p>\n<p lang=\"es-ES\" align=\"JUSTIFY\"><a href=\"https:\/\/blogsaverroes.juntadeandalucia.es\/eielreal\/files\/2019\/03\/20190307_105412.jpg\"><img loading=\"lazy\" decoding=\"async\" class=\"size-medium wp-image-20802 alignnone\" src=\"https:\/\/blogsaverroes.juntadeandalucia.es\/eielreal\/files\/2019\/03\/20190307_105412-300x169.jpg\" alt=\"\" width=\"300\" height=\"169\" srcset=\"https:\/\/blogsaverroes.juntadeandalucia.es\/eielreal\/files\/2019\/03\/20190307_105412-300x169.jpg 300w, https:\/\/blogsaverroes.juntadeandalucia.es\/eielreal\/files\/2019\/03\/20190307_105412-768x432.jpg 768w, https:\/\/blogsaverroes.juntadeandalucia.es\/eielreal\/files\/2019\/03\/20190307_105412-1024x576.jpg 1024w, https:\/\/blogsaverroes.juntadeandalucia.es\/eielreal\/files\/2019\/03\/20190307_105412-700x393.jpg 700w, https:\/\/blogsaverroes.juntadeandalucia.es\/eielreal\/files\/2019\/03\/20190307_105412-24x14.jpg 24w, https:\/\/blogsaverroes.juntadeandalucia.es\/eielreal\/files\/2019\/03\/20190307_105412-36x20.jpg 36w, https:\/\/blogsaverroes.juntadeandalucia.es\/eielreal\/files\/2019\/03\/20190307_105412-48x27.jpg 48w, https:\/\/blogsaverroes.juntadeandalucia.es\/eielreal\/files\/2019\/03\/20190307_105412.jpg 1600w\" sizes=\"(max-width: 300px) 100vw, 300px\" \/>\u00a0\u00a0\u00a0\u00a0\u00a0<\/a>\u00a0<a href=\"https:\/\/blogsaverroes.juntadeandalucia.es\/eielreal\/files\/2019\/03\/20190307_105601.jpg\"><img loading=\"lazy\" decoding=\"async\" class=\"size-medium wp-image-20803 alignnone\" src=\"https:\/\/blogsaverroes.juntadeandalucia.es\/eielreal\/files\/2019\/03\/20190307_105601-300x169.jpg\" alt=\"\" width=\"300\" height=\"169\" srcset=\"https:\/\/blogsaverroes.juntadeandalucia.es\/eielreal\/files\/2019\/03\/20190307_105601-300x169.jpg 300w, https:\/\/blogsaverroes.juntadeandalucia.es\/eielreal\/files\/2019\/03\/20190307_105601-768x432.jpg 768w, https:\/\/blogsaverroes.juntadeandalucia.es\/eielreal\/files\/2019\/03\/20190307_105601-1024x576.jpg 1024w, https:\/\/blogsaverroes.juntadeandalucia.es\/eielreal\/files\/2019\/03\/20190307_105601-700x393.jpg 700w, https:\/\/blogsaverroes.juntadeandalucia.es\/eielreal\/files\/2019\/03\/20190307_105601-24x14.jpg 24w, https:\/\/blogsaverroes.juntadeandalucia.es\/eielreal\/files\/2019\/03\/20190307_105601-36x20.jpg 36w, https:\/\/blogsaverroes.juntadeandalucia.es\/eielreal\/files\/2019\/03\/20190307_105601-48x27.jpg 48w, https:\/\/blogsaverroes.juntadeandalucia.es\/eielreal\/files\/2019\/03\/20190307_105601.jpg 1600w\" sizes=\"(max-width: 300px) 100vw, 300px\" \/><\/a><\/p>\n<p lang=\"es-ES\" align=\"JUSTIFY\">En los tablones de anuncio del centro, de las aulas y en la web se publicar\u00e1 el calendario as\u00ed como el contenido de las pr\u00f3ximas entregas.<\/p>\n<p lang=\"es-ES\" align=\"JUSTIFY\"><b>Aprovechemos esta ocasi\u00f3n para fomentar el consumo de frutas en nuestros hijos\/as, anim\u00e1ndolos a probar nuevos alimentos y a crear nuevos h\u00e1bitos alimenticios sanos. <\/b><b>Deseamos que sea una experiencia grata para todos.<\/b><\/p>\n<p lang=\"es-ES\" align=\"LEFT\"><strong>Magdalena Aguilar<\/strong>. DIRECTORA<\/p>\n<p lang=\"es-ES\" align=\"LEFT\"><strong>Sonia Lora.<\/strong>\u00a0 Coord. CRECIENDO EN SALUD<\/p>\n","protected":false},"excerpt":{"rendered":"<p>Estimados padres y madres de la E.I. EL REAL: Nuestro Centro, por llevar a cabo el\u00a0PROYECTO CRECIENDO EN SALUD,\u00a0solicit\u00f3 en septiembre el\u00a0\u00abPlan de Consumo de Fruta en las Escuelas Andaluzas\u00bb\u00a0Es un plan de distribuci\u00f3n&#46;&#46;&#46;<\/p>\n","protected":false},"author":3183,"featured_media":25373,"comment_status":"open","ping_status":"open","sticky":false,"template":"","format":"standard","meta":{"ngg_post_thumbnail":0,"footnotes":""},"categories":[1740709,1740543,11909],"tags":[],"aioseo_notices":[],"_links":{"self":[{"href":"https:\/\/blogsaverroes.juntadeandalucia.es\/eielreal\/wp-json\/wp\/v2\/posts\/25366"}],"collection":[{"href":"https:\/\/blogsaverroes.juntadeandalucia.es\/eielreal\/wp-json\/wp\/v2\/posts"}],"about":[{"href":"https:\/\/blogsaverroes.juntadeandalucia.es\/eielreal\/wp-json\/wp\/v2\/types\/post"}],"author":[{"embeddable":true,"href":"https:\/\/blogsaverroes.juntadeandalucia.es\/eielreal\/wp-json\/wp\/v2\/users\/3183"}],"replies":[{"embeddable":true,"href":"https:\/\/blogsaverroes.juntadeandalucia.es\/eielreal\/wp-json\/wp\/v2\/comments?post=25366"}],"version-history":[{"count":4,"href":"https:\/\/blogsaverroes.juntadeandalucia.es\/eielreal\/wp-json\/wp\/v2\/posts\/25366\/revisions"}],"predecessor-version":[{"id":25375,"href":"https:\/\/blogsaverroes.juntadeandalucia.es\/eielreal\/wp-json\/wp\/v2\/posts\/25366\/revisions\/25375"}],"wp:featuredmedia":[{"embeddable":true,"href":"https:\/\/blogsaverroes.juntadeandalucia.es\/eielreal\/wp-json\/wp\/v2\/media\/25373"}],"wp:attachment":[{"href":"https:\/\/blogsaverroes.juntadeandalucia.es\/eielreal\/wp-json\/wp\/v2\/media?parent=25366"}],"wp:term":[{"taxonomy":"category","embeddable":true,"href":"https:\/\/blogsaverroes.juntadeandalucia.es\/eielreal\/wp-json\/wp\/v2\/categories?post=25366"},{"taxonomy":"post_tag","embeddable":true,"href":"https:\/\/blogsaverroes.juntadeandalucia.es\/eielreal\/wp-json\/wp\/v2\/tags?post=25366"}],"curies":[{"name":"wp","href":"https:\/\/api.w.org\/{rel}","templated":true}]}}