{"id":26003,"date":"2020-04-16T21:14:19","date_gmt":"2020-04-16T21:14:19","guid":{"rendered":"https:\/\/blogsaverroes.juntadeandalucia.es\/eielreal\/?p=26003"},"modified":"2020-04-17T06:33:57","modified_gmt":"2020-04-17T06:33:57","slug":"monstruo-de-colores-pop-up","status":"publish","type":"post","link":"https:\/\/blogsaverroes.juntadeandalucia.es\/eielreal\/monstruo-de-colores-pop-up\/","title":{"rendered":"MONSTRUO DE COLORES, POP UP"},"content":{"rendered":"<p style=\"text-align: justify\">Si os acord\u00e1is, el jueves 12 de marzo, los equipos de trabajo de <strong>Plan de Bibliotecas Escolares y\u00a0 el Programa de H\u00e1bitos de Vida Saludable: Creciendo en Salud<\/strong>,\u00a0 nos trajeron al cole un libro titulado <strong>\u00abEl Monstruo de Colores\u00bb<\/strong> de <strong>Anna Llenas<\/strong> y editado por\u00a0<strong>Flamboyant.<\/strong><\/p>\n<p><a href=\"https:\/\/blogsaverroes.juntadeandalucia.es\/eielreal\/files\/2020\/04\/81M5eHs2HCL.jpg\"><img loading=\"lazy\" decoding=\"async\" class=\"aligncenter size-medium wp-image-26005\" src=\"https:\/\/blogsaverroes.juntadeandalucia.es\/eielreal\/files\/2020\/04\/81M5eHs2HCL-300x297.jpg\" alt=\"\" width=\"300\" height=\"297\" srcset=\"https:\/\/blogsaverroes.juntadeandalucia.es\/eielreal\/files\/2020\/04\/81M5eHs2HCL-300x297.jpg 300w, https:\/\/blogsaverroes.juntadeandalucia.es\/eielreal\/files\/2020\/04\/81M5eHs2HCL-150x150.jpg 150w, https:\/\/blogsaverroes.juntadeandalucia.es\/eielreal\/files\/2020\/04\/81M5eHs2HCL-768x760.jpg 768w, https:\/\/blogsaverroes.juntadeandalucia.es\/eielreal\/files\/2020\/04\/81M5eHs2HCL-1024x1013.jpg 1024w, https:\/\/blogsaverroes.juntadeandalucia.es\/eielreal\/files\/2020\/04\/81M5eHs2HCL-100x100.jpg 100w, https:\/\/blogsaverroes.juntadeandalucia.es\/eielreal\/files\/2020\/04\/81M5eHs2HCL-700x693.jpg 700w, https:\/\/blogsaverroes.juntadeandalucia.es\/eielreal\/files\/2020\/04\/81M5eHs2HCL-24x24.jpg 24w, https:\/\/blogsaverroes.juntadeandalucia.es\/eielreal\/files\/2020\/04\/81M5eHs2HCL-36x36.jpg 36w, https:\/\/blogsaverroes.juntadeandalucia.es\/eielreal\/files\/2020\/04\/81M5eHs2HCL-48x48.jpg 48w, https:\/\/blogsaverroes.juntadeandalucia.es\/eielreal\/files\/2020\/04\/81M5eHs2HCL.jpg 1600w\" sizes=\"(max-width: 300px) 100vw, 300px\" \/><\/a><\/p>\n<p style=\"text-align: justify\">Sin saberlo, fue la actividad con la que desafortunadamente cerramos el \u00abtrimestre presencial\u00bb ya que esa misma tarde&#8230;. nos comunicaron que desde el lunes 16 no ir\u00edamos a clase porque se hab\u00eda decretado estado de alarma por pandemia y dejar\u00edamos de salir de casa&#8230;. hasta nuevo aviso.<\/p>\n<p style=\"text-align: justify\"><a href=\"https:\/\/blogsaverroes.juntadeandalucia.es\/eielreal\/files\/2020\/04\/00106532576060____1__640x640.jpg\"><img loading=\"lazy\" decoding=\"async\" class=\"size-medium wp-image-26008 alignleft\" src=\"https:\/\/blogsaverroes.juntadeandalucia.es\/eielreal\/files\/2020\/04\/00106532576060____1__640x640-300x300.jpg\" alt=\"\" width=\"300\" height=\"300\" srcset=\"https:\/\/blogsaverroes.juntadeandalucia.es\/eielreal\/files\/2020\/04\/00106532576060____1__640x640-300x300.jpg 300w, https:\/\/blogsaverroes.juntadeandalucia.es\/eielreal\/files\/2020\/04\/00106532576060____1__640x640-150x150.jpg 150w, https:\/\/blogsaverroes.juntadeandalucia.es\/eielreal\/files\/2020\/04\/00106532576060____1__640x640-100x100.jpg 100w, https:\/\/blogsaverroes.juntadeandalucia.es\/eielreal\/files\/2020\/04\/00106532576060____1__640x640-432x432.jpg 432w, https:\/\/blogsaverroes.juntadeandalucia.es\/eielreal\/files\/2020\/04\/00106532576060____1__640x640-268x268.jpg 268w, https:\/\/blogsaverroes.juntadeandalucia.es\/eielreal\/files\/2020\/04\/00106532576060____1__640x640-24x24.jpg 24w, https:\/\/blogsaverroes.juntadeandalucia.es\/eielreal\/files\/2020\/04\/00106532576060____1__640x640-36x36.jpg 36w, https:\/\/blogsaverroes.juntadeandalucia.es\/eielreal\/files\/2020\/04\/00106532576060____1__640x640-48x48.jpg 48w, https:\/\/blogsaverroes.juntadeandalucia.es\/eielreal\/files\/2020\/04\/00106532576060____1__640x640.jpg 640w\" sizes=\"(max-width: 300px) 100vw, 300px\" \/><\/a>Sabemos que fue una actividad preciosa, que a todos nos gust\u00f3 much\u00edsimo, y claro, como sab\u00e9is que las se\u00f1os nunca dejamos de darle vueltas a la cabeza, se nos ocurri\u00f3 volver a ofreceros este mismo t\u00edtulo pero con una peque\u00f1a variante y as\u00ed&#8230; a su vez estar\u00edamos conectando nuestro final del Segundo\u00a0 Trimestre con el principio del Tercer trimestre. Esta vez os lo vamos a contar desde casa, con la misma ilusi\u00f3n que la primera vez. Ahora&#8230;. el aclamado <strong>&#8216;El monstruo de colores&#8217;<\/strong>, se convierte en un instrumento para explicarles a los ni\u00f1os las emociones que les puede estar provocando la situaci\u00f3n provocada por el coronavirus. Desde el cole, estamos buscando\u00a0 todos los recursos posibles para estar entretenidos, tranquilos y felices en esta <strong>\u00absituaci\u00f3n at\u00edpica\u00bb<\/strong>. Como soporte vamos a utilizar \u00a0el libro en <strong>POP UP<\/strong>. Muchos antes de ver el v\u00eddeo os preguntar\u00e9is&#8230; <strong>\u00bfQue es POP UP?<\/strong><\/p>\n<p style=\"text-align: justify\">Un libro<b> POP UP <\/b>se suele aplicar a cualquier libro tridimensional, m\u00f3vil o desplegable, <i>libros de efecto t\u00fanel<\/i>, con <i>solapas que se levantan<\/i>,\u00a0<i>pesta\u00f1as de las que tirar<\/i>,\u00a0<i>im\u00e1genes emergentes<\/i>,\u00a0<i>mecanismos de tiras<\/i>, cada uno de los cuales funciona de una manera diferente, tambi\u00e9n se los llama libros troquelados porque la cartulina con la que se fabrican esta cortada con un troquel.<\/p>\n<p><a href=\"https:\/\/blogsaverroes.juntadeandalucia.es\/eielreal\/files\/2020\/04\/12.jpg\"><img loading=\"lazy\" decoding=\"async\" class=\"aligncenter size-medium wp-image-26004\" src=\"https:\/\/blogsaverroes.juntadeandalucia.es\/eielreal\/files\/2020\/04\/12-300x300.jpg\" alt=\"\" width=\"300\" height=\"300\" srcset=\"https:\/\/blogsaverroes.juntadeandalucia.es\/eielreal\/files\/2020\/04\/12-300x300.jpg 300w, https:\/\/blogsaverroes.juntadeandalucia.es\/eielreal\/files\/2020\/04\/12-150x150.jpg 150w, https:\/\/blogsaverroes.juntadeandalucia.es\/eielreal\/files\/2020\/04\/12-100x100.jpg 100w, https:\/\/blogsaverroes.juntadeandalucia.es\/eielreal\/files\/2020\/04\/12-432x432.jpg 432w, https:\/\/blogsaverroes.juntadeandalucia.es\/eielreal\/files\/2020\/04\/12-268x268.jpg 268w, https:\/\/blogsaverroes.juntadeandalucia.es\/eielreal\/files\/2020\/04\/12-24x24.jpg 24w, https:\/\/blogsaverroes.juntadeandalucia.es\/eielreal\/files\/2020\/04\/12-36x36.jpg 36w, https:\/\/blogsaverroes.juntadeandalucia.es\/eielreal\/files\/2020\/04\/12-48x48.jpg 48w, https:\/\/blogsaverroes.juntadeandalucia.es\/eielreal\/files\/2020\/04\/12.jpg 540w\" sizes=\"(max-width: 300px) 100vw, 300px\" \/><\/a><\/p>\n<p>Bueno pues ya solo&#8230;.. dejaros con la visualizaci\u00f3n de nuestro v\u00eddeo. Esperamos que os guste. Pincha abajo.<\/p>\n<p><a href=\"https:\/\/youtu.be\/-lWBLnkoa_I\">AQU\u00cd INSERTAMOS EL V\u00cdDEO<\/a><\/p>\n<p>Equipo de Biblioteca + Coord. Creciendo en salud<\/p>\n<p>Sara Mart\u00edn + Sonia Lora<\/p>\n","protected":false},"excerpt":{"rendered":"<p>Si os acord\u00e1is, el jueves 12 de marzo, los equipos de trabajo de Plan de Bibliotecas Escolares y\u00a0 el Programa de H\u00e1bitos de Vida Saludable: Creciendo en Salud,\u00a0 nos trajeron al cole un libro&#46;&#46;&#46;<\/p>\n","protected":false},"author":3183,"featured_media":26006,"comment_status":"open","ping_status":"open","sticky":false,"template":"","format":"standard","meta":{"ngg_post_thumbnail":0,"footnotes":""},"categories":[1740709,1740543],"tags":[],"aioseo_notices":[],"_links":{"self":[{"href":"https:\/\/blogsaverroes.juntadeandalucia.es\/eielreal\/wp-json\/wp\/v2\/posts\/26003"}],"collection":[{"href":"https:\/\/blogsaverroes.juntadeandalucia.es\/eielreal\/wp-json\/wp\/v2\/posts"}],"about":[{"href":"https:\/\/blogsaverroes.juntadeandalucia.es\/eielreal\/wp-json\/wp\/v2\/types\/post"}],"author":[{"embeddable":true,"href":"https:\/\/blogsaverroes.juntadeandalucia.es\/eielreal\/wp-json\/wp\/v2\/users\/3183"}],"replies":[{"embeddable":true,"href":"https:\/\/blogsaverroes.juntadeandalucia.es\/eielreal\/wp-json\/wp\/v2\/comments?post=26003"}],"version-history":[{"count":5,"href":"https:\/\/blogsaverroes.juntadeandalucia.es\/eielreal\/wp-json\/wp\/v2\/posts\/26003\/revisions"}],"predecessor-version":[{"id":26016,"href":"https:\/\/blogsaverroes.juntadeandalucia.es\/eielreal\/wp-json\/wp\/v2\/posts\/26003\/revisions\/26016"}],"wp:featuredmedia":[{"embeddable":true,"href":"https:\/\/blogsaverroes.juntadeandalucia.es\/eielreal\/wp-json\/wp\/v2\/media\/26006"}],"wp:attachment":[{"href":"https:\/\/blogsaverroes.juntadeandalucia.es\/eielreal\/wp-json\/wp\/v2\/media?parent=26003"}],"wp:term":[{"taxonomy":"category","embeddable":true,"href":"https:\/\/blogsaverroes.juntadeandalucia.es\/eielreal\/wp-json\/wp\/v2\/categories?post=26003"},{"taxonomy":"post_tag","embeddable":true,"href":"https:\/\/blogsaverroes.juntadeandalucia.es\/eielreal\/wp-json\/wp\/v2\/tags?post=26003"}],"curies":[{"name":"wp","href":"https:\/\/api.w.org\/{rel}","templated":true}]}}