{"id":26391,"date":"2020-07-31T17:39:40","date_gmt":"2020-07-31T17:39:40","guid":{"rendered":"https:\/\/blogsaverroes.juntadeandalucia.es\/eielreal\/?p=26391"},"modified":"2020-07-31T17:43:16","modified_gmt":"2020-07-31T17:43:16","slug":"preparando-la-vuelta-al-cole","status":"publish","type":"post","link":"https:\/\/blogsaverroes.juntadeandalucia.es\/eielreal\/preparando-la-vuelta-al-cole\/","title":{"rendered":"PREPARANDO LA VUELTA AL COLE"},"content":{"rendered":"<p style=\"text-align: justify\"><strong><span style=\"color: #000000\"><span style=\"font-family: Times New Roman, serif\"><span style=\"font-size: medium\">Estimadas familias:<\/span><\/span><\/span><\/strong><\/p>\n<h4 style=\"text-align: justify\"><span style=\"color: #000000\"><span style=\"font-family: Times New Roman, serif\"><span style=\"font-size: medium\">Dada la situaci\u00f3n actual de la epidemia, y con<strong> vistas a la vuelta a clases en septiembre,<\/strong> todos los Centros Educativos estamos dise\u00f1ando un PROTOCOLO COVID-19 ante la necesidad desde el punto de vista de salud p\u00fablica de implantar medidas de prevenci\u00f3n y control del virus. <\/span><\/span><\/span><\/h4>\n<h4 style=\"text-align: justify\"><strong><span style=\"color: #000000\"><span style=\"font-family: Times New Roman, serif\"><span style=\"font-size: medium\">El equipo directivo del Real ya tiene dise\u00f1ado su protocolo a falta de ser aprobado por la Comisi\u00f3n Espec\u00edfica Covid encargada de ello.<\/span><\/span><\/span><\/strong><\/h4>\n<h4 style=\"text-align: justify\"><span style=\"color: #000000\"><span style=\"font-family: Times New Roman, serif\"><span style=\"font-size: medium\">Se trata de una planificaci\u00f3n de los medios del Centro: recursos materiales, recursos humanos, espacios del centro, ba\u00f1os, zonas comunes, patios, aulas &#8230; medidas para prevenir y controlar la pandemia, intentando ofrecer un entorno escolar seguro.<\/span><\/span><\/span><\/h4>\n<h4 style=\"text-align: justify\"><strong><span style=\"color: #000000\"><span style=\"font-family: Times New Roman, serif\"><span style=\"font-size: medium\">Nuestra organizaci\u00f3n va a girar en torno a la creaci\u00f3n de grupos estables o tambi\u00e9n llamados grupos burbujas o de convivencia. Cada ni\u00f1o\/a s\u00f3lo se relacionar\u00e1 con sus compa\u00f1eros\/as de clase. <\/span><\/span><\/span><\/strong><span style=\"color: #000000\"><span style=\"font-family: Times New Roman, serif\"><span style=\"font-size: medium\">As\u00ed limitamos al m\u00e1ximo el n\u00famero de contactos diarios que pueda tener cada ni\u00f1o\/a.<\/span><\/span><\/span><\/h4>\n<h4 style=\"text-align: justify\"><span style=\"color: #000000\"><span style=\"font-family: Times New Roman, serif\"><span style=\"font-size: medium\">Esto implicar\u00e1 horarios de entradas y salidas diferentes para evitar aglomeraciones, recreos en distintos tiempos, uso de servicios exclusivos para cada grupo&#8230;<\/span><\/span><\/span><\/h4>\n<h4 style=\"text-align: justify\"><strong><span style=\"color: #000000\">No cabe duda que este curso nos exigir\u00e1 a todos y todas un sobreesfuerzo mientras exista el riesgo de expansi\u00f3n del virus.<\/span><\/strong><\/h4>\n<h4 style=\"text-align: justify\"><strong><span style=\"color: #000000\"><span style=\"font-family: Times New Roman, serif\"><span style=\"font-size: medium\">La planificaci\u00f3n desde el centro y el desarrollo de protocolos por parte de los maestros y maestras es importante, pero tambi\u00e9n es fundamental la colaboraci\u00f3n de las familias, alumnado, Ayuntamiento , Delegaci\u00f3n de Educaci\u00f3n, Centro de Salud, Servicios Sociales, y la asunci\u00f3n individual y colectiva de responsabilidades.<\/span><\/span><\/span><\/strong><\/h4>\n<h4 style=\"text-align: justify\"><span style=\"color: #000000\"><span style=\"font-family: Times New Roman, serif\"><span style=\"font-size: medium\">Dada la falta de autonom\u00eda de los ni\u00f1os y ni\u00f1as de 3, 4 y 5 a\u00f1os, la direcci\u00f3n del Centro ha realizado a Delegaci\u00f3n de Educaci\u00f3n y al Excmo Ayuntamiento, <strong>diversas peticiones totalmente necesaria para la higiene y prevenci\u00f3n del virus<\/strong> sin que se vea mermada la actividad educativa: aumento de plantilla, monitores escolares, servicio de limpieza en horario de ma\u00f1ana, instalaci\u00f3n de m\u00e1s lavabos en el Centro&#8230;<\/span><\/span><\/span><\/h4>\n<h4 style=\"text-align: justify\"><span style=\"color: #000000\"><span style=\"font-family: Times New Roman, serif\"><span style=\"font-size: medium\"><strong>En la reuni\u00f3n mantenida con D. Juan \u00c1vila y D\u00aa Angelica Alonso, se nos inform\u00f3 que tendremos servicio de limpieza en horario de ma\u00f1ana, lo cual es de agradecer enormemente, ya que aseguramos higiene y desinfecci\u00f3n<\/strong> constante en nuestros ba\u00f1os, juguetes de clase, juguetes de patio, sala de psicomotricidad, aula de Audici\u00f3n y lenguaje, despachos, etc. <\/span><\/span><\/span><\/h4>\n<h4 style=\"text-align: justify\"><span style=\"color: #000000\"><span style=\"font-family: Times New Roman, serif\"><span style=\"font-size: medium\"><strong>Tambi\u00e9n dispondremos durante seis meses de un monitor\/a<\/strong> que tenemos prevista su funci\u00f3n de ayuda en el lavado de manos, uso de los servicios, etc.<\/span><\/span><\/span><\/h4>\n<h4 style=\"text-align: justify\"><span style=\"color: #000000\"><span style=\"font-family: Times New Roman, serif\"><span style=\"font-size: medium\"><strong>Nos queda pendiente a\u00fan la instalaci\u00f3n de lavabos<\/strong>, tan importantes para nuestro Centro, ya que nuestros peque\u00f1os no deben utilizar geles hidroalcoh\u00f3licos y los lavabos existentes son totalmente insuficientes.<\/span><\/span><\/span><\/h4>\n<h4 style=\"text-align: justify\"><strong><span style=\"color: #000000\"><span style=\"font-family: Times New Roman, serif\"><span style=\"font-size: medium\">Por parte de Delegaci\u00f3n, a\u00fan no tenemos noticias de habernos concedido ninguno de los recursos humanos solicitados.<\/span><\/span><\/span><\/strong><\/h4>\n<h4 style=\"text-align: justify\"><span style=\"color: #000000\"><span style=\"font-family: Times New Roman, serif\"><span style=\"font-size: medium\"><strong>Por \u00faltimo s\u00e9 que los pap\u00e1s y mam\u00e1s est\u00e1is preocupados por la vuelta a clase<\/strong>, por saber las nuevas normas, el protocolo COVID que pondremos en funcionamiento&#8230;<\/span><\/span><\/span><\/h4>\n<h4 style=\"text-align: justify\"><span style=\"color: #000000\"><span style=\"font-family: Times New Roman, serif\"><span style=\"font-size: medium\"><strong>A primeros de septiembre estar\u00e1 subido a la web. Adem\u00e1s tenemos previstas reuniones generales con las tutoras antes del 10 de septiembre,<\/strong> donde os explicar\u00e1n todo esto y os resolver\u00e1n vuestras dudas.<\/span><\/span><\/span><\/h4>\n<h4 style=\"text-align: justify\"><strong><span style=\"color: #000000\"><span style=\"font-family: Times New Roman, serif\"><span style=\"font-size: medium\">De momento cuidaros, protegeros a vosotros y a vuestros peque\u00f1os\/as y seguid disfrutando del verano.<\/span><\/span><\/span><\/strong><\/h4>\n<h4><strong><span style=\"color: #000000\"><span style=\"font-family: Times New Roman, serif\"><span style=\"font-size: medium\">La directora<\/span><\/span><\/span><\/strong><\/h4>\n<h4><strong><span style=\"color: #000000\"><span style=\"font-family: Times New Roman, serif\"><span style=\"font-size: medium\">Magdalena Aguilar<\/span><\/span><\/span><\/strong><\/h4>\n<h2>&nbsp;<\/h2>\n","protected":false},"excerpt":{"rendered":"<p>Estimadas familias: Dada la situaci\u00f3n actual de la epidemia, y con vistas a la vuelta a clases en septiembre, todos los Centros Educativos estamos dise\u00f1ando un PROTOCOLO COVID-19 ante la necesidad desde el punto&#46;&#46;&#46;<\/p>\n","protected":false},"author":1886,"featured_media":26392,"comment_status":"open","ping_status":"open","sticky":false,"template":"","format":"standard","meta":{"ngg_post_thumbnail":0,"footnotes":""},"categories":[1705,1740543,827281],"tags":[],"aioseo_notices":[],"_links":{"self":[{"href":"https:\/\/blogsaverroes.juntadeandalucia.es\/eielreal\/wp-json\/wp\/v2\/posts\/26391"}],"collection":[{"href":"https:\/\/blogsaverroes.juntadeandalucia.es\/eielreal\/wp-json\/wp\/v2\/posts"}],"about":[{"href":"https:\/\/blogsaverroes.juntadeandalucia.es\/eielreal\/wp-json\/wp\/v2\/types\/post"}],"author":[{"embeddable":true,"href":"https:\/\/blogsaverroes.juntadeandalucia.es\/eielreal\/wp-json\/wp\/v2\/users\/1886"}],"replies":[{"embeddable":true,"href":"https:\/\/blogsaverroes.juntadeandalucia.es\/eielreal\/wp-json\/wp\/v2\/comments?post=26391"}],"version-history":[{"count":1,"href":"https:\/\/blogsaverroes.juntadeandalucia.es\/eielreal\/wp-json\/wp\/v2\/posts\/26391\/revisions"}],"predecessor-version":[{"id":26393,"href":"https:\/\/blogsaverroes.juntadeandalucia.es\/eielreal\/wp-json\/wp\/v2\/posts\/26391\/revisions\/26393"}],"wp:featuredmedia":[{"embeddable":true,"href":"https:\/\/blogsaverroes.juntadeandalucia.es\/eielreal\/wp-json\/wp\/v2\/media\/26392"}],"wp:attachment":[{"href":"https:\/\/blogsaverroes.juntadeandalucia.es\/eielreal\/wp-json\/wp\/v2\/media?parent=26391"}],"wp:term":[{"taxonomy":"category","embeddable":true,"href":"https:\/\/blogsaverroes.juntadeandalucia.es\/eielreal\/wp-json\/wp\/v2\/categories?post=26391"},{"taxonomy":"post_tag","embeddable":true,"href":"https:\/\/blogsaverroes.juntadeandalucia.es\/eielreal\/wp-json\/wp\/v2\/tags?post=26391"}],"curies":[{"name":"wp","href":"https:\/\/api.w.org\/{rel}","templated":true}]}}