{"id":26461,"date":"2020-09-06T18:52:44","date_gmt":"2020-09-06T18:52:44","guid":{"rendered":"https:\/\/blogsaverroes.juntadeandalucia.es\/eielreal\/?p=26461"},"modified":"2020-09-06T19:03:57","modified_gmt":"2020-09-06T19:03:57","slug":"protocolo-de-actuacion-covid","status":"publish","type":"post","link":"https:\/\/blogsaverroes.juntadeandalucia.es\/eielreal\/protocolo-de-actuacion-covid\/","title":{"rendered":"PROTOCOLO DE ACTUACI\u00d3N COVID"},"content":{"rendered":"<h3 style=\"text-align: justify\">El presente Plan de Contingencia ha sido elaborado por la Comisi\u00f3n Espec\u00edfica COVID-19, regulada por las Instrucciones 6 de julio de la Viceconsejer\u00eda de Educaci\u00f3n y Deporte relativas a la organizaci\u00f3n de los centros docentes para el curso escolar 2020\/2021, motivada por la crisis sanitaria de la COVID-19, de la E.I El Real seg\u00fan modelo homologado facilitado por la Consejer\u00eda de Educaci\u00f3n y Deporte.<\/h3>\n<h3 class=\"Standard\" style=\"text-align: justify\"><strong>Este documento incluye recomendaciones y directrices en relaci\u00f3n a las medidas de prevenci\u00f3n e higiene frente a la COVID-19 para las actividades e instalaciones del Centro, durante el curso 2020-21, las cuales podr\u00e1n ser actualizadas cuando los cambios de la situaci\u00f3n epidemiol\u00f3gica as\u00ed lo requieran.<\/strong><\/h3>\n<h3 style=\"text-align: justify\">La adopci\u00f3n y seguimiento de las medidas contempladas tiene como objetivo contribuir a que docentes y personal del Centro, alumnado y familias afronten esta apertura de los Centros en el curso actual de forma segura y contribuya a reducir el riesgo de contagios, resultando fundamental la asunci\u00f3n individual y colectiva de responsabilidades.<\/h3>\n<h3 style=\"text-align: justify\">En las reuniones que mantendr\u00e1n las tutoras a principio de curso,&nbsp; les explicar\u00e1n el funcionamiento del Centro para este a\u00f1o, as\u00ed como las nuevas normas reflejadas en el protocolo.&nbsp;<\/h3>\n<h3 style=\"text-align: justify\"><strong>Somos conscientes&nbsp; que exigir\u00e1 grandes esfuerzos por parte de todos, especialmente de las maestras del Real que no solo realizaremos nuestra funci\u00f3n educativa, sino que&nbsp; vamos a cuidar a&nbsp; vuestros hijos\/as.<\/strong><\/h3>\n<h3 style=\"text-align: justify\"><strong>Colaboremos todos para hacer del colegio un lugar seguro. Porque&nbsp; no olvidemos que si te cuidas, cuidas a los dem\u00e1s<\/strong>.<img loading=\"lazy\" decoding=\"async\" class=\"aligncenter size-medium wp-image-26463\" src=\"https:\/\/blogsaverroes.juntadeandalucia.es\/eielreal\/files\/2020\/09\/IMG_20200906_202516-207x300.jpg\" alt=\"\" width=\"207\" height=\"300\" srcset=\"https:\/\/blogsaverroes.juntadeandalucia.es\/eielreal\/files\/2020\/09\/IMG_20200906_202516-207x300.jpg 207w, https:\/\/blogsaverroes.juntadeandalucia.es\/eielreal\/files\/2020\/09\/IMG_20200906_202516-707x1024.jpg 707w, https:\/\/blogsaverroes.juntadeandalucia.es\/eielreal\/files\/2020\/09\/IMG_20200906_202516-768x1113.jpg 768w, https:\/\/blogsaverroes.juntadeandalucia.es\/eielreal\/files\/2020\/09\/IMG_20200906_202516-700x1014.jpg 700w, https:\/\/blogsaverroes.juntadeandalucia.es\/eielreal\/files\/2020\/09\/IMG_20200906_202516-17x24.jpg 17w, https:\/\/blogsaverroes.juntadeandalucia.es\/eielreal\/files\/2020\/09\/IMG_20200906_202516-25x36.jpg 25w, https:\/\/blogsaverroes.juntadeandalucia.es\/eielreal\/files\/2020\/09\/IMG_20200906_202516-33x48.jpg 33w, https:\/\/blogsaverroes.juntadeandalucia.es\/eielreal\/files\/2020\/09\/IMG_20200906_202516.jpg 971w\" sizes=\"(max-width: 207px) 100vw, 207px\" \/><\/h3>\n<h3 style=\"text-align: justify\">&nbsp; &nbsp; &nbsp; &nbsp; &nbsp; &nbsp; &nbsp; &nbsp; &nbsp; &nbsp; &nbsp; &nbsp; &nbsp; &nbsp; &nbsp; &nbsp; &nbsp; &nbsp; &nbsp; <a href=\"https:\/\/blogsaverroes.juntadeandalucia.es\/eielreal\/files\/2020\/09\/PROTOCOLO-El-Real-WEB.pdf\">PROTOCOLO El Real WEB<\/a><\/h3>\n<h3 style=\"text-align: justify\">Las actualizaciones al presente protocolo se ir\u00e1n recogiendo en las diferentes versiones del Plan, ser\u00e1n registradas en el apartado de \u201c<em>seguimiento y evaluaci\u00f3n del Protocolo<\/em>\u201d, y dadas a conocer a la Comunidad Educativa.<\/h3>\n<h4>Magdalena Aguilar. Directora.<\/h4>\n<p>&nbsp;<\/p>\n<p><strong>.<\/strong><\/p>\n","protected":false},"excerpt":{"rendered":"<p>El presente Plan de Contingencia ha sido elaborado por la Comisi\u00f3n Espec\u00edfica COVID-19, regulada por las Instrucciones 6 de julio de la Viceconsejer\u00eda de Educaci\u00f3n y Deporte relativas a la organizaci\u00f3n de los centros&#46;&#46;&#46;<\/p>\n","protected":false},"author":1886,"featured_media":26463,"comment_status":"open","ping_status":"open","sticky":false,"template":"","format":"standard","meta":{"ngg_post_thumbnail":0,"footnotes":""},"categories":[1705,1740549],"tags":[],"aioseo_notices":[],"_links":{"self":[{"href":"https:\/\/blogsaverroes.juntadeandalucia.es\/eielreal\/wp-json\/wp\/v2\/posts\/26461"}],"collection":[{"href":"https:\/\/blogsaverroes.juntadeandalucia.es\/eielreal\/wp-json\/wp\/v2\/posts"}],"about":[{"href":"https:\/\/blogsaverroes.juntadeandalucia.es\/eielreal\/wp-json\/wp\/v2\/types\/post"}],"author":[{"embeddable":true,"href":"https:\/\/blogsaverroes.juntadeandalucia.es\/eielreal\/wp-json\/wp\/v2\/users\/1886"}],"replies":[{"embeddable":true,"href":"https:\/\/blogsaverroes.juntadeandalucia.es\/eielreal\/wp-json\/wp\/v2\/comments?post=26461"}],"version-history":[{"count":3,"href":"https:\/\/blogsaverroes.juntadeandalucia.es\/eielreal\/wp-json\/wp\/v2\/posts\/26461\/revisions"}],"predecessor-version":[{"id":26466,"href":"https:\/\/blogsaverroes.juntadeandalucia.es\/eielreal\/wp-json\/wp\/v2\/posts\/26461\/revisions\/26466"}],"wp:featuredmedia":[{"embeddable":true,"href":"https:\/\/blogsaverroes.juntadeandalucia.es\/eielreal\/wp-json\/wp\/v2\/media\/26463"}],"wp:attachment":[{"href":"https:\/\/blogsaverroes.juntadeandalucia.es\/eielreal\/wp-json\/wp\/v2\/media?parent=26461"}],"wp:term":[{"taxonomy":"category","embeddable":true,"href":"https:\/\/blogsaverroes.juntadeandalucia.es\/eielreal\/wp-json\/wp\/v2\/categories?post=26461"},{"taxonomy":"post_tag","embeddable":true,"href":"https:\/\/blogsaverroes.juntadeandalucia.es\/eielreal\/wp-json\/wp\/v2\/tags?post=26461"}],"curies":[{"name":"wp","href":"https:\/\/api.w.org\/{rel}","templated":true}]}}