{"id":26631,"date":"2020-10-10T08:23:05","date_gmt":"2020-10-10T08:23:05","guid":{"rendered":"https:\/\/blogsaverroes.juntadeandalucia.es\/eielreal\/?p=26631"},"modified":"2020-10-10T08:23:05","modified_gmt":"2020-10-10T08:23:05","slug":"las-emociones-en-ingles","status":"publish","type":"post","link":"https:\/\/blogsaverroes.juntadeandalucia.es\/eielreal\/las-emociones-en-ingles\/","title":{"rendered":"LAS EMOCIONES EN&#8230;. \u00a1\u00a1\u00a1INGL\u00c9S!!!"},"content":{"rendered":"<p style=\"text-align: justify\">Como ya os hemos comentado en numerosas ocasiones, con nuestra inscripci\u00f3n en el <strong>PROGRAMA H\u00c1BITOS DE VIDA SALUDABLE: CRECIENDO EN SALUD<\/strong> nos inscribimos a su vez la l\u00ednea de intervenci\u00f3n <strong>Educaci\u00f3n Emociona<\/strong>l (l\u00ednea obligatoria) que se basa en que nuestro alumnado sepa que sentirse bien consigo mismo y con los dem\u00e1s genera bienestar y favorece un desarrollo saludable de las personas desde sus primeros a\u00f1os de vida, <strong>\u201cno hay salud sin salud mental\u201d.<\/strong><\/p>\n<p><a href=\"https:\/\/blogsaverroes.juntadeandalucia.es\/eielreal\/files\/2020\/10\/WhatsApp-Image-2020-10-10-at-09.51.51.jpeg\"><img loading=\"lazy\" decoding=\"async\" class=\"aligncenter size-medium wp-image-26632\" src=\"https:\/\/blogsaverroes.juntadeandalucia.es\/eielreal\/files\/2020\/10\/WhatsApp-Image-2020-10-10-at-09.51.51-300x146.jpeg\" alt=\"\" width=\"300\" height=\"146\" srcset=\"https:\/\/blogsaverroes.juntadeandalucia.es\/eielreal\/files\/2020\/10\/WhatsApp-Image-2020-10-10-at-09.51.51-300x146.jpeg 300w, https:\/\/blogsaverroes.juntadeandalucia.es\/eielreal\/files\/2020\/10\/WhatsApp-Image-2020-10-10-at-09.51.51-1024x497.jpeg 1024w, https:\/\/blogsaverroes.juntadeandalucia.es\/eielreal\/files\/2020\/10\/WhatsApp-Image-2020-10-10-at-09.51.51-768x373.jpeg 768w, https:\/\/blogsaverroes.juntadeandalucia.es\/eielreal\/files\/2020\/10\/WhatsApp-Image-2020-10-10-at-09.51.51-1536x746.jpeg 1536w, https:\/\/blogsaverroes.juntadeandalucia.es\/eielreal\/files\/2020\/10\/WhatsApp-Image-2020-10-10-at-09.51.51-700x340.jpeg 700w, https:\/\/blogsaverroes.juntadeandalucia.es\/eielreal\/files\/2020\/10\/WhatsApp-Image-2020-10-10-at-09.51.51-24x12.jpeg 24w, https:\/\/blogsaverroes.juntadeandalucia.es\/eielreal\/files\/2020\/10\/WhatsApp-Image-2020-10-10-at-09.51.51-36x17.jpeg 36w, https:\/\/blogsaverroes.juntadeandalucia.es\/eielreal\/files\/2020\/10\/WhatsApp-Image-2020-10-10-at-09.51.51-48x23.jpeg 48w, https:\/\/blogsaverroes.juntadeandalucia.es\/eielreal\/files\/2020\/10\/WhatsApp-Image-2020-10-10-at-09.51.51.jpeg 1600w\" sizes=\"(max-width: 300px) 100vw, 300px\" \/><\/a><\/p>\n<p style=\"text-align: justify\">Las actuaciones de promoci\u00f3n de la salud desarrolladas en los espacios educativos est\u00e1n integradas en el curr\u00edculo escolar y en la din\u00e1mica general del trabajo en el aula. En este caso con la lengua extranjera, Ingl\u00e9s, que nos ense\u00f1a la se\u00f1o Carmen.<a href=\"https:\/\/blogsaverroes.juntadeandalucia.es\/eielreal\/files\/2020\/10\/WhatsApp-Image-2020-10-10-at-09.51.55.jpeg\"><img loading=\"lazy\" decoding=\"async\" class=\"size-medium wp-image-26636 aligncenter\" src=\"https:\/\/blogsaverroes.juntadeandalucia.es\/eielreal\/files\/2020\/10\/WhatsApp-Image-2020-10-10-at-09.51.55-300x146.jpeg\" alt=\"\" width=\"300\" height=\"146\" srcset=\"https:\/\/blogsaverroes.juntadeandalucia.es\/eielreal\/files\/2020\/10\/WhatsApp-Image-2020-10-10-at-09.51.55-300x146.jpeg 300w, https:\/\/blogsaverroes.juntadeandalucia.es\/eielreal\/files\/2020\/10\/WhatsApp-Image-2020-10-10-at-09.51.55-1024x497.jpeg 1024w, https:\/\/blogsaverroes.juntadeandalucia.es\/eielreal\/files\/2020\/10\/WhatsApp-Image-2020-10-10-at-09.51.55-768x373.jpeg 768w, https:\/\/blogsaverroes.juntadeandalucia.es\/eielreal\/files\/2020\/10\/WhatsApp-Image-2020-10-10-at-09.51.55-1536x746.jpeg 1536w, https:\/\/blogsaverroes.juntadeandalucia.es\/eielreal\/files\/2020\/10\/WhatsApp-Image-2020-10-10-at-09.51.55-700x340.jpeg 700w, https:\/\/blogsaverroes.juntadeandalucia.es\/eielreal\/files\/2020\/10\/WhatsApp-Image-2020-10-10-at-09.51.55-24x12.jpeg 24w, https:\/\/blogsaverroes.juntadeandalucia.es\/eielreal\/files\/2020\/10\/WhatsApp-Image-2020-10-10-at-09.51.55-36x17.jpeg 36w, https:\/\/blogsaverroes.juntadeandalucia.es\/eielreal\/files\/2020\/10\/WhatsApp-Image-2020-10-10-at-09.51.55-48x23.jpeg 48w, https:\/\/blogsaverroes.juntadeandalucia.es\/eielreal\/files\/2020\/10\/WhatsApp-Image-2020-10-10-at-09.51.55.jpeg 1600w\" sizes=\"(max-width: 300px) 100vw, 300px\" \/><\/a>En la rutina de trabajo diaria nuestra se\u00f1o nos presenta de forma \u00a0muy visual, l\u00fadica y divertida una serie de conceptos en ingl\u00e9s entre los que se encuentran una bater\u00eda de emociones. Nuestros alumnos aprenden:<\/p>\n<ul>\n<li>Nombre de emociones en espa\u00f1ol y en Ingl\u00e9s (Happy, angry, scared, sad,\u2026)<\/li>\n<li>Significado de cada una de ellas: \u00bfC\u00f3mo me siento\u2026?, \u00bfQu\u00e9 cara tengo cuando me siento\u2026?<\/li>\n<li>Etc&#8230;<\/li>\n<\/ul>\n<p><a href=\"https:\/\/blogsaverroes.juntadeandalucia.es\/eielreal\/files\/2020\/10\/WhatsApp-Image-2020-10-10-at-09.51.52.jpeg\"><img loading=\"lazy\" decoding=\"async\" class=\"size-medium wp-image-26633 alignnone\" src=\"https:\/\/blogsaverroes.juntadeandalucia.es\/eielreal\/files\/2020\/10\/WhatsApp-Image-2020-10-10-at-09.51.52-300x146.jpeg\" alt=\"\" width=\"300\" height=\"146\" srcset=\"https:\/\/blogsaverroes.juntadeandalucia.es\/eielreal\/files\/2020\/10\/WhatsApp-Image-2020-10-10-at-09.51.52-300x146.jpeg 300w, https:\/\/blogsaverroes.juntadeandalucia.es\/eielreal\/files\/2020\/10\/WhatsApp-Image-2020-10-10-at-09.51.52-1024x497.jpeg 1024w, https:\/\/blogsaverroes.juntadeandalucia.es\/eielreal\/files\/2020\/10\/WhatsApp-Image-2020-10-10-at-09.51.52-768x373.jpeg 768w, https:\/\/blogsaverroes.juntadeandalucia.es\/eielreal\/files\/2020\/10\/WhatsApp-Image-2020-10-10-at-09.51.52-1536x746.jpeg 1536w, https:\/\/blogsaverroes.juntadeandalucia.es\/eielreal\/files\/2020\/10\/WhatsApp-Image-2020-10-10-at-09.51.52-700x340.jpeg 700w, https:\/\/blogsaverroes.juntadeandalucia.es\/eielreal\/files\/2020\/10\/WhatsApp-Image-2020-10-10-at-09.51.52-24x12.jpeg 24w, https:\/\/blogsaverroes.juntadeandalucia.es\/eielreal\/files\/2020\/10\/WhatsApp-Image-2020-10-10-at-09.51.52-36x17.jpeg 36w, https:\/\/blogsaverroes.juntadeandalucia.es\/eielreal\/files\/2020\/10\/WhatsApp-Image-2020-10-10-at-09.51.52-48x23.jpeg 48w, https:\/\/blogsaverroes.juntadeandalucia.es\/eielreal\/files\/2020\/10\/WhatsApp-Image-2020-10-10-at-09.51.52.jpeg 1600w\" sizes=\"(max-width: 300px) 100vw, 300px\" \/>\u00a0\u00a0\u00a0<\/a> <a href=\"https:\/\/blogsaverroes.juntadeandalucia.es\/eielreal\/files\/2020\/10\/WhatsApp-Image-2020-10-10-at-09.51.53.jpeg\"><img loading=\"lazy\" decoding=\"async\" class=\"size-medium wp-image-26634 alignnone\" src=\"https:\/\/blogsaverroes.juntadeandalucia.es\/eielreal\/files\/2020\/10\/WhatsApp-Image-2020-10-10-at-09.51.53-300x146.jpeg\" alt=\"\" width=\"300\" height=\"146\" srcset=\"https:\/\/blogsaverroes.juntadeandalucia.es\/eielreal\/files\/2020\/10\/WhatsApp-Image-2020-10-10-at-09.51.53-300x146.jpeg 300w, https:\/\/blogsaverroes.juntadeandalucia.es\/eielreal\/files\/2020\/10\/WhatsApp-Image-2020-10-10-at-09.51.53-1024x497.jpeg 1024w, https:\/\/blogsaverroes.juntadeandalucia.es\/eielreal\/files\/2020\/10\/WhatsApp-Image-2020-10-10-at-09.51.53-768x373.jpeg 768w, https:\/\/blogsaverroes.juntadeandalucia.es\/eielreal\/files\/2020\/10\/WhatsApp-Image-2020-10-10-at-09.51.53-1536x746.jpeg 1536w, https:\/\/blogsaverroes.juntadeandalucia.es\/eielreal\/files\/2020\/10\/WhatsApp-Image-2020-10-10-at-09.51.53-700x340.jpeg 700w, https:\/\/blogsaverroes.juntadeandalucia.es\/eielreal\/files\/2020\/10\/WhatsApp-Image-2020-10-10-at-09.51.53-24x12.jpeg 24w, https:\/\/blogsaverroes.juntadeandalucia.es\/eielreal\/files\/2020\/10\/WhatsApp-Image-2020-10-10-at-09.51.53-36x17.jpeg 36w, https:\/\/blogsaverroes.juntadeandalucia.es\/eielreal\/files\/2020\/10\/WhatsApp-Image-2020-10-10-at-09.51.53-48x23.jpeg 48w, https:\/\/blogsaverroes.juntadeandalucia.es\/eielreal\/files\/2020\/10\/WhatsApp-Image-2020-10-10-at-09.51.53.jpeg 1600w\" sizes=\"(max-width: 300px) 100vw, 300px\" \/><\/a> <a href=\"https:\/\/blogsaverroes.juntadeandalucia.es\/eielreal\/files\/2020\/10\/WhatsApp-Image-2020-10-10-at-09.51.54.jpeg\"><img loading=\"lazy\" decoding=\"async\" class=\"size-medium wp-image-26635 aligncenter\" src=\"https:\/\/blogsaverroes.juntadeandalucia.es\/eielreal\/files\/2020\/10\/WhatsApp-Image-2020-10-10-at-09.51.54-300x146.jpeg\" alt=\"\" width=\"300\" height=\"146\" srcset=\"https:\/\/blogsaverroes.juntadeandalucia.es\/eielreal\/files\/2020\/10\/WhatsApp-Image-2020-10-10-at-09.51.54-300x146.jpeg 300w, https:\/\/blogsaverroes.juntadeandalucia.es\/eielreal\/files\/2020\/10\/WhatsApp-Image-2020-10-10-at-09.51.54-1024x497.jpeg 1024w, https:\/\/blogsaverroes.juntadeandalucia.es\/eielreal\/files\/2020\/10\/WhatsApp-Image-2020-10-10-at-09.51.54-768x373.jpeg 768w, https:\/\/blogsaverroes.juntadeandalucia.es\/eielreal\/files\/2020\/10\/WhatsApp-Image-2020-10-10-at-09.51.54-1536x746.jpeg 1536w, https:\/\/blogsaverroes.juntadeandalucia.es\/eielreal\/files\/2020\/10\/WhatsApp-Image-2020-10-10-at-09.51.54-700x340.jpeg 700w, https:\/\/blogsaverroes.juntadeandalucia.es\/eielreal\/files\/2020\/10\/WhatsApp-Image-2020-10-10-at-09.51.54-24x12.jpeg 24w, https:\/\/blogsaverroes.juntadeandalucia.es\/eielreal\/files\/2020\/10\/WhatsApp-Image-2020-10-10-at-09.51.54-36x17.jpeg 36w, https:\/\/blogsaverroes.juntadeandalucia.es\/eielreal\/files\/2020\/10\/WhatsApp-Image-2020-10-10-at-09.51.54-48x23.jpeg 48w, https:\/\/blogsaverroes.juntadeandalucia.es\/eielreal\/files\/2020\/10\/WhatsApp-Image-2020-10-10-at-09.51.54.jpeg 1600w\" sizes=\"(max-width: 300px) 100vw, 300px\" \/><\/a><\/p>\n<p style=\"text-align: justify\">Gracias a que disponemos de pizarra digital en todas nuestras aulas las clases de ingl\u00e9s nuestros ni\u00f1os ve, escuchas y cantan canciones para conocer el vocabulario b\u00e1sico de <strong>LAS EMOCIONES<\/strong> as\u00ed como ir aprendiendo expresiones en ingl\u00e9s en una\u2026 correcta pronunciaci\u00f3n.<\/p>\n<p>Os dejo un enlace con una canci\u00f3n que ellos conocen. <a href=\"https:\/\/youtu.be\/eMOnyPxE_w8\">https:\/\/youtu.be\/eMOnyPxE_w8<\/a><\/p>\n<p>Os aseguro que se lo pasan superbi\u00e9n.<\/p>\n<p>Coord. Creciendo en Salud. Se\u00f1o Sonia<\/p>\n","protected":false},"excerpt":{"rendered":"<p>Como ya os hemos comentado en numerosas ocasiones, con nuestra inscripci\u00f3n en el PROGRAMA H\u00c1BITOS DE VIDA SALUDABLE: CRECIENDO EN SALUD nos inscribimos a su vez la l\u00ednea de intervenci\u00f3n Educaci\u00f3n Emocional (l\u00ednea obligatoria)&#46;&#46;&#46;<\/p>\n","protected":false},"author":3183,"featured_media":26632,"comment_status":"open","ping_status":"open","sticky":false,"template":"","format":"standard","meta":{"ngg_post_thumbnail":0,"footnotes":""},"categories":[1740549,1740709],"tags":[],"aioseo_notices":[],"_links":{"self":[{"href":"https:\/\/blogsaverroes.juntadeandalucia.es\/eielreal\/wp-json\/wp\/v2\/posts\/26631"}],"collection":[{"href":"https:\/\/blogsaverroes.juntadeandalucia.es\/eielreal\/wp-json\/wp\/v2\/posts"}],"about":[{"href":"https:\/\/blogsaverroes.juntadeandalucia.es\/eielreal\/wp-json\/wp\/v2\/types\/post"}],"author":[{"embeddable":true,"href":"https:\/\/blogsaverroes.juntadeandalucia.es\/eielreal\/wp-json\/wp\/v2\/users\/3183"}],"replies":[{"embeddable":true,"href":"https:\/\/blogsaverroes.juntadeandalucia.es\/eielreal\/wp-json\/wp\/v2\/comments?post=26631"}],"version-history":[{"count":2,"href":"https:\/\/blogsaverroes.juntadeandalucia.es\/eielreal\/wp-json\/wp\/v2\/posts\/26631\/revisions"}],"predecessor-version":[{"id":26638,"href":"https:\/\/blogsaverroes.juntadeandalucia.es\/eielreal\/wp-json\/wp\/v2\/posts\/26631\/revisions\/26638"}],"wp:featuredmedia":[{"embeddable":true,"href":"https:\/\/blogsaverroes.juntadeandalucia.es\/eielreal\/wp-json\/wp\/v2\/media\/26632"}],"wp:attachment":[{"href":"https:\/\/blogsaverroes.juntadeandalucia.es\/eielreal\/wp-json\/wp\/v2\/media?parent=26631"}],"wp:term":[{"taxonomy":"category","embeddable":true,"href":"https:\/\/blogsaverroes.juntadeandalucia.es\/eielreal\/wp-json\/wp\/v2\/categories?post=26631"},{"taxonomy":"post_tag","embeddable":true,"href":"https:\/\/blogsaverroes.juntadeandalucia.es\/eielreal\/wp-json\/wp\/v2\/tags?post=26631"}],"curies":[{"name":"wp","href":"https:\/\/api.w.org\/{rel}","templated":true}]}}