{"id":26910,"date":"2020-11-01T19:34:06","date_gmt":"2020-11-01T19:34:06","guid":{"rendered":"https:\/\/blogsaverroes.juntadeandalucia.es\/eielreal\/?p=26910"},"modified":"2020-11-01T19:38:02","modified_gmt":"2020-11-01T19:38:02","slug":"halloween","status":"publish","type":"post","link":"https:\/\/blogsaverroes.juntadeandalucia.es\/eielreal\/halloween\/","title":{"rendered":"\u00a1HALLOWEEN! 4 A\u00d1OS B"},"content":{"rendered":"<p><em>El viernes 30 de octubre nuestro alumnado acudi\u00f3 a la escuela disfrazados de casa para celebrar la fiesta de Halloween.<\/em><\/p>\n<p><em>Halloween es una fiesta basada en la magia, los hechizos&#8230;y que les encanta a los ni\u00f1os y ni\u00f1as.<\/em><\/p>\n<p><em>Nuestros ni\u00f1os y ni\u00f1as vinieron representando a los personajes con los que se suelen asociar a Halloween: brujas, esqueletos, calabazas, Dr\u00e1cula e incluso el monstruo de Frankenstein.<\/em><\/p>\n<p><a href=\"https:\/\/blogsaverroes.juntadeandalucia.es\/eielreal\/files\/2020\/11\/20201030_091004-scaled.jpg\"><img loading=\"lazy\" decoding=\"async\" class=\"aligncenter size-medium wp-image-26913\" src=\"https:\/\/blogsaverroes.juntadeandalucia.es\/eielreal\/files\/2020\/11\/20201030_091004-300x225.jpg\" alt=\"\" width=\"300\" height=\"225\" srcset=\"https:\/\/blogsaverroes.juntadeandalucia.es\/eielreal\/files\/2020\/11\/20201030_091004-300x225.jpg 300w, https:\/\/blogsaverroes.juntadeandalucia.es\/eielreal\/files\/2020\/11\/20201030_091004-1024x768.jpg 1024w, https:\/\/blogsaverroes.juntadeandalucia.es\/eielreal\/files\/2020\/11\/20201030_091004-768x576.jpg 768w, https:\/\/blogsaverroes.juntadeandalucia.es\/eielreal\/files\/2020\/11\/20201030_091004-1536x1152.jpg 1536w, https:\/\/blogsaverroes.juntadeandalucia.es\/eielreal\/files\/2020\/11\/20201030_091004-2048x1536.jpg 2048w, https:\/\/blogsaverroes.juntadeandalucia.es\/eielreal\/files\/2020\/11\/20201030_091004-700x525.jpg 700w, https:\/\/blogsaverroes.juntadeandalucia.es\/eielreal\/files\/2020\/11\/20201030_091004-24x18.jpg 24w, https:\/\/blogsaverroes.juntadeandalucia.es\/eielreal\/files\/2020\/11\/20201030_091004-36x27.jpg 36w, https:\/\/blogsaverroes.juntadeandalucia.es\/eielreal\/files\/2020\/11\/20201030_091004-48x36.jpg 48w, https:\/\/blogsaverroes.juntadeandalucia.es\/eielreal\/files\/2020\/11\/20201030_091004-scaled.jpg 1600w\" sizes=\"(max-width: 300px) 100vw, 300px\" \/><\/a><\/p>\n<p><em>La forma de enfocar esta tem\u00e1tica ha sido a trav\u00e9s de la parte m\u00e1s divertida de toda la celebraci\u00f3n.<\/em><\/p>\n<p><em>Hemos realizado algunos trabajitos como dibujos de calabazas con la maestra Carmen que se convirti\u00f3 en una \u201cbrujita buena\u201d.<\/em><\/p>\n<p><a href=\"https:\/\/blogsaverroes.juntadeandalucia.es\/eielreal\/files\/2020\/11\/20201029_125931-scaled.jpg\"><img loading=\"lazy\" decoding=\"async\" class=\"aligncenter size-medium wp-image-26914\" src=\"https:\/\/blogsaverroes.juntadeandalucia.es\/eielreal\/files\/2020\/11\/20201029_125931-300x225.jpg\" alt=\"\" width=\"300\" height=\"225\" srcset=\"https:\/\/blogsaverroes.juntadeandalucia.es\/eielreal\/files\/2020\/11\/20201029_125931-300x225.jpg 300w, https:\/\/blogsaverroes.juntadeandalucia.es\/eielreal\/files\/2020\/11\/20201029_125931-1024x768.jpg 1024w, https:\/\/blogsaverroes.juntadeandalucia.es\/eielreal\/files\/2020\/11\/20201029_125931-768x576.jpg 768w, https:\/\/blogsaverroes.juntadeandalucia.es\/eielreal\/files\/2020\/11\/20201029_125931-1536x1152.jpg 1536w, https:\/\/blogsaverroes.juntadeandalucia.es\/eielreal\/files\/2020\/11\/20201029_125931-2048x1536.jpg 2048w, https:\/\/blogsaverroes.juntadeandalucia.es\/eielreal\/files\/2020\/11\/20201029_125931-700x525.jpg 700w, https:\/\/blogsaverroes.juntadeandalucia.es\/eielreal\/files\/2020\/11\/20201029_125931-24x18.jpg 24w, https:\/\/blogsaverroes.juntadeandalucia.es\/eielreal\/files\/2020\/11\/20201029_125931-36x27.jpg 36w, https:\/\/blogsaverroes.juntadeandalucia.es\/eielreal\/files\/2020\/11\/20201029_125931-48x36.jpg 48w, https:\/\/blogsaverroes.juntadeandalucia.es\/eielreal\/files\/2020\/11\/20201029_125931-scaled.jpg 1600w\" sizes=\"(max-width: 300px) 100vw, 300px\" \/><\/a><\/p>\n<p><em>Memorizamos la divertida poes\u00eda de Halloween: \u201cEra una noche oscura\u201d.<\/em><\/p>\n<p><em>La se\u00f1o Tere dibuj\u00f3 en nuestra pizarra un bonito castillo con fantasmitas incluidos.<\/em><\/p>\n<p><a href=\"https:\/\/blogsaverroes.juntadeandalucia.es\/eielreal\/files\/2020\/11\/20201029_110101-scaled.jpg\"><img loading=\"lazy\" decoding=\"async\" class=\"aligncenter size-medium wp-image-26915\" src=\"https:\/\/blogsaverroes.juntadeandalucia.es\/eielreal\/files\/2020\/11\/20201029_110101-300x225.jpg\" alt=\"\" width=\"300\" height=\"225\" srcset=\"https:\/\/blogsaverroes.juntadeandalucia.es\/eielreal\/files\/2020\/11\/20201029_110101-300x225.jpg 300w, https:\/\/blogsaverroes.juntadeandalucia.es\/eielreal\/files\/2020\/11\/20201029_110101-1024x768.jpg 1024w, https:\/\/blogsaverroes.juntadeandalucia.es\/eielreal\/files\/2020\/11\/20201029_110101-768x576.jpg 768w, https:\/\/blogsaverroes.juntadeandalucia.es\/eielreal\/files\/2020\/11\/20201029_110101-1536x1152.jpg 1536w, https:\/\/blogsaverroes.juntadeandalucia.es\/eielreal\/files\/2020\/11\/20201029_110101-2048x1536.jpg 2048w, https:\/\/blogsaverroes.juntadeandalucia.es\/eielreal\/files\/2020\/11\/20201029_110101-700x525.jpg 700w, https:\/\/blogsaverroes.juntadeandalucia.es\/eielreal\/files\/2020\/11\/20201029_110101-24x18.jpg 24w, https:\/\/blogsaverroes.juntadeandalucia.es\/eielreal\/files\/2020\/11\/20201029_110101-36x27.jpg 36w, https:\/\/blogsaverroes.juntadeandalucia.es\/eielreal\/files\/2020\/11\/20201029_110101-48x36.jpg 48w, https:\/\/blogsaverroes.juntadeandalucia.es\/eielreal\/files\/2020\/11\/20201029_110101-scaled.jpg 1600w\" sizes=\"(max-width: 300px) 100vw, 300px\" \/><\/a><\/p>\n<p><em>A continuaci\u00f3n, nuestros ni\u00f1os y ni\u00f1as colorearon su castillo y estamparon un bonito \u201cfantasm\u00edn\u201d.<\/em><\/p>\n<p><a href=\"https:\/\/blogsaverroes.juntadeandalucia.es\/eielreal\/files\/2020\/11\/IMG-20201030-WA0055.jpg\"><img loading=\"lazy\" decoding=\"async\" class=\"size-medium wp-image-26916 alignleft\" src=\"https:\/\/blogsaverroes.juntadeandalucia.es\/eielreal\/files\/2020\/11\/IMG-20201030-WA0055-300x225.jpg\" alt=\"\" width=\"300\" height=\"225\" srcset=\"https:\/\/blogsaverroes.juntadeandalucia.es\/eielreal\/files\/2020\/11\/IMG-20201030-WA0055-300x225.jpg 300w, https:\/\/blogsaverroes.juntadeandalucia.es\/eielreal\/files\/2020\/11\/IMG-20201030-WA0055-1024x768.jpg 1024w, https:\/\/blogsaverroes.juntadeandalucia.es\/eielreal\/files\/2020\/11\/IMG-20201030-WA0055-768x576.jpg 768w, https:\/\/blogsaverroes.juntadeandalucia.es\/eielreal\/files\/2020\/11\/IMG-20201030-WA0055-1536x1152.jpg 1536w, https:\/\/blogsaverroes.juntadeandalucia.es\/eielreal\/files\/2020\/11\/IMG-20201030-WA0055-700x525.jpg 700w, https:\/\/blogsaverroes.juntadeandalucia.es\/eielreal\/files\/2020\/11\/IMG-20201030-WA0055-24x18.jpg 24w, https:\/\/blogsaverroes.juntadeandalucia.es\/eielreal\/files\/2020\/11\/IMG-20201030-WA0055-36x27.jpg 36w, https:\/\/blogsaverroes.juntadeandalucia.es\/eielreal\/files\/2020\/11\/IMG-20201030-WA0055-48x36.jpg 48w, https:\/\/blogsaverroes.juntadeandalucia.es\/eielreal\/files\/2020\/11\/IMG-20201030-WA0055.jpg 1600w\" sizes=\"(max-width: 300px) 100vw, 300px\" \/><\/a> <a href=\"https:\/\/blogsaverroes.juntadeandalucia.es\/eielreal\/files\/2020\/11\/IMG-20201030-WA0056.jpg\"><img loading=\"lazy\" decoding=\"async\" class=\"size-medium wp-image-26917 alignnone\" src=\"https:\/\/blogsaverroes.juntadeandalucia.es\/eielreal\/files\/2020\/11\/IMG-20201030-WA0056-300x215.jpg\" alt=\"\" width=\"300\" height=\"215\" srcset=\"https:\/\/blogsaverroes.juntadeandalucia.es\/eielreal\/files\/2020\/11\/IMG-20201030-WA0056-300x215.jpg 300w, https:\/\/blogsaverroes.juntadeandalucia.es\/eielreal\/files\/2020\/11\/IMG-20201030-WA0056-1024x732.jpg 1024w, https:\/\/blogsaverroes.juntadeandalucia.es\/eielreal\/files\/2020\/11\/IMG-20201030-WA0056-768x549.jpg 768w, https:\/\/blogsaverroes.juntadeandalucia.es\/eielreal\/files\/2020\/11\/IMG-20201030-WA0056-1536x1099.jpg 1536w, https:\/\/blogsaverroes.juntadeandalucia.es\/eielreal\/files\/2020\/11\/IMG-20201030-WA0056-700x501.jpg 700w, https:\/\/blogsaverroes.juntadeandalucia.es\/eielreal\/files\/2020\/11\/IMG-20201030-WA0056-24x17.jpg 24w, https:\/\/blogsaverroes.juntadeandalucia.es\/eielreal\/files\/2020\/11\/IMG-20201030-WA0056-36x26.jpg 36w, https:\/\/blogsaverroes.juntadeandalucia.es\/eielreal\/files\/2020\/11\/IMG-20201030-WA0056-48x34.jpg 48w, https:\/\/blogsaverroes.juntadeandalucia.es\/eielreal\/files\/2020\/11\/IMG-20201030-WA0056.jpg 1600w\" sizes=\"(max-width: 300px) 100vw, 300px\" \/><\/a><\/p>\n<p><em>\u00a0Isabel Fern\u00e1ndez Ram\u00edrez<\/em><\/p>\n","protected":false},"excerpt":{"rendered":"<p>El viernes 30 de octubre nuestro alumnado acudi\u00f3 a la escuela disfrazados de casa para celebrar la fiesta de Halloween. Halloween es una fiesta basada en la magia, los hechizos&#8230;y que les encanta a&#46;&#46;&#46;<\/p>\n","protected":false},"author":3183,"featured_media":26913,"comment_status":"open","ping_status":"open","sticky":false,"template":"","format":"standard","meta":{"ngg_post_thumbnail":0,"footnotes":""},"categories":[1740551],"tags":[],"aioseo_notices":[],"_links":{"self":[{"href":"https:\/\/blogsaverroes.juntadeandalucia.es\/eielreal\/wp-json\/wp\/v2\/posts\/26910"}],"collection":[{"href":"https:\/\/blogsaverroes.juntadeandalucia.es\/eielreal\/wp-json\/wp\/v2\/posts"}],"about":[{"href":"https:\/\/blogsaverroes.juntadeandalucia.es\/eielreal\/wp-json\/wp\/v2\/types\/post"}],"author":[{"embeddable":true,"href":"https:\/\/blogsaverroes.juntadeandalucia.es\/eielreal\/wp-json\/wp\/v2\/users\/3183"}],"replies":[{"embeddable":true,"href":"https:\/\/blogsaverroes.juntadeandalucia.es\/eielreal\/wp-json\/wp\/v2\/comments?post=26910"}],"version-history":[{"count":4,"href":"https:\/\/blogsaverroes.juntadeandalucia.es\/eielreal\/wp-json\/wp\/v2\/posts\/26910\/revisions"}],"predecessor-version":[{"id":26920,"href":"https:\/\/blogsaverroes.juntadeandalucia.es\/eielreal\/wp-json\/wp\/v2\/posts\/26910\/revisions\/26920"}],"wp:featuredmedia":[{"embeddable":true,"href":"https:\/\/blogsaverroes.juntadeandalucia.es\/eielreal\/wp-json\/wp\/v2\/media\/26913"}],"wp:attachment":[{"href":"https:\/\/blogsaverroes.juntadeandalucia.es\/eielreal\/wp-json\/wp\/v2\/media?parent=26910"}],"wp:term":[{"taxonomy":"category","embeddable":true,"href":"https:\/\/blogsaverroes.juntadeandalucia.es\/eielreal\/wp-json\/wp\/v2\/categories?post=26910"},{"taxonomy":"post_tag","embeddable":true,"href":"https:\/\/blogsaverroes.juntadeandalucia.es\/eielreal\/wp-json\/wp\/v2\/tags?post=26910"}],"curies":[{"name":"wp","href":"https:\/\/api.w.org\/{rel}","templated":true}]}}