{"id":27401,"date":"2020-12-20T19:33:32","date_gmt":"2020-12-20T19:33:32","guid":{"rendered":"https:\/\/blogsaverroes.juntadeandalucia.es\/eielreal\/?p=27401"},"modified":"2020-12-20T19:33:32","modified_gmt":"2020-12-20T19:33:32","slug":"escuela-espacio-de-navidad","status":"publish","type":"post","link":"https:\/\/blogsaverroes.juntadeandalucia.es\/eielreal\/escuela-espacio-de-navidad\/","title":{"rendered":"ESCUELA ESPACIO DE NAVIDAD."},"content":{"rendered":"<p style=\"text-align: justify\">En estos d\u00edas previos a las vacaciones de <span style=\"color: #800080\">Navidad<\/span> estamos realizando distintas actividades en nuestro colegio.<\/p>\n<p style=\"text-align: justify\">Desde el proyecto <strong>ESCUELA ESPACIO DE PAZ<\/strong> hemos propuesto dos actividades que persiguen educar en la convivencia y la paz fomentando en nuestros alumnos\/as paz, cooperaci\u00f3n y solidaridad, no solo dentro del centro sino tambi\u00e9n fuera de \u00e9l, es decir, cualquier \u00e1mbito o situaci\u00f3n en que se encuentren.<\/p>\n<p style=\"text-align: justify\">La <span style=\"color: #800080\">Navidad<\/span> este a\u00f1o ser\u00e1 diferente y las actividades organizadas tambi\u00e9n debido a las medidas preventivas que tenemos que seguir, pero lo importante es darle la vuelta a esta situaci\u00f3n y convertirla en una oportunidad para que los peque\u00f1os jueguen y aprendan cosas nuevas cada d\u00eda.<\/p>\n<p><span style=\"color: #800080\"><em><strong>1.- MES DE DICIEMBRE, EL MES DE LA SOLIDARIDAD.<\/strong><\/em><\/span><\/p>\n<p style=\"text-align: justify\">Durante la semana del 14 al 18 de diciembre hemos realizado la campa\u00f1a solidaria de recogida de donativos en las puertas de nuestro centro, los cuales ser\u00e1n repartidos entre las <em><strong>HERMANITAS DE LA CRUZ y CARITAS DE SAN ANT\u00d3N.<\/strong><\/em><\/p>\n<p style=\"text-align: justify\">La recaudaci\u00f3n obtenida ha sido de <em><strong>220 euros<\/strong><\/em>, gracias a todos\/as por vuestra colaboraci\u00f3n y en especial a Isa (presidenta del AMPA) y a las mam\u00e1s colaboradoras por la ayuda prestada.<\/p>\n<p><a href=\"https:\/\/blogsaverroes.juntadeandalucia.es\/eielreal\/files\/2020\/12\/IMG_20201215_090609-scaled.jpg\"><img loading=\"lazy\" decoding=\"async\" class=\"size-medium wp-image-27445 alignnone\" src=\"https:\/\/blogsaverroes.juntadeandalucia.es\/eielreal\/files\/2020\/12\/IMG_20201215_090609-300x225.jpg\" alt=\"\" width=\"300\" height=\"225\" srcset=\"https:\/\/blogsaverroes.juntadeandalucia.es\/eielreal\/files\/2020\/12\/IMG_20201215_090609-300x225.jpg 300w, https:\/\/blogsaverroes.juntadeandalucia.es\/eielreal\/files\/2020\/12\/IMG_20201215_090609-1024x768.jpg 1024w, https:\/\/blogsaverroes.juntadeandalucia.es\/eielreal\/files\/2020\/12\/IMG_20201215_090609-768x576.jpg 768w, https:\/\/blogsaverroes.juntadeandalucia.es\/eielreal\/files\/2020\/12\/IMG_20201215_090609-1536x1152.jpg 1536w, https:\/\/blogsaverroes.juntadeandalucia.es\/eielreal\/files\/2020\/12\/IMG_20201215_090609-2048x1536.jpg 2048w, https:\/\/blogsaverroes.juntadeandalucia.es\/eielreal\/files\/2020\/12\/IMG_20201215_090609-700x525.jpg 700w, https:\/\/blogsaverroes.juntadeandalucia.es\/eielreal\/files\/2020\/12\/IMG_20201215_090609-24x18.jpg 24w, https:\/\/blogsaverroes.juntadeandalucia.es\/eielreal\/files\/2020\/12\/IMG_20201215_090609-36x27.jpg 36w, https:\/\/blogsaverroes.juntadeandalucia.es\/eielreal\/files\/2020\/12\/IMG_20201215_090609-48x36.jpg 48w, https:\/\/blogsaverroes.juntadeandalucia.es\/eielreal\/files\/2020\/12\/IMG_20201215_090609-scaled.jpg 1600w\" sizes=\"(max-width: 300px) 100vw, 300px\" \/><\/a> <a href=\"https:\/\/blogsaverroes.juntadeandalucia.es\/eielreal\/files\/2020\/12\/IMG_20201215_090617-scaled.jpg\"><img loading=\"lazy\" decoding=\"async\" class=\"size-medium wp-image-27446 alignnone\" src=\"https:\/\/blogsaverroes.juntadeandalucia.es\/eielreal\/files\/2020\/12\/IMG_20201215_090617-300x225.jpg\" alt=\"\" width=\"300\" height=\"225\" srcset=\"https:\/\/blogsaverroes.juntadeandalucia.es\/eielreal\/files\/2020\/12\/IMG_20201215_090617-300x225.jpg 300w, https:\/\/blogsaverroes.juntadeandalucia.es\/eielreal\/files\/2020\/12\/IMG_20201215_090617-1024x768.jpg 1024w, https:\/\/blogsaverroes.juntadeandalucia.es\/eielreal\/files\/2020\/12\/IMG_20201215_090617-768x576.jpg 768w, https:\/\/blogsaverroes.juntadeandalucia.es\/eielreal\/files\/2020\/12\/IMG_20201215_090617-1536x1152.jpg 1536w, https:\/\/blogsaverroes.juntadeandalucia.es\/eielreal\/files\/2020\/12\/IMG_20201215_090617-2048x1536.jpg 2048w, https:\/\/blogsaverroes.juntadeandalucia.es\/eielreal\/files\/2020\/12\/IMG_20201215_090617-700x525.jpg 700w, https:\/\/blogsaverroes.juntadeandalucia.es\/eielreal\/files\/2020\/12\/IMG_20201215_090617-24x18.jpg 24w, https:\/\/blogsaverroes.juntadeandalucia.es\/eielreal\/files\/2020\/12\/IMG_20201215_090617-36x27.jpg 36w, https:\/\/blogsaverroes.juntadeandalucia.es\/eielreal\/files\/2020\/12\/IMG_20201215_090617-48x36.jpg 48w, https:\/\/blogsaverroes.juntadeandalucia.es\/eielreal\/files\/2020\/12\/IMG_20201215_090617-scaled.jpg 1600w\" sizes=\"(max-width: 300px) 100vw, 300px\" \/><\/a> <a href=\"https:\/\/blogsaverroes.juntadeandalucia.es\/eielreal\/files\/2020\/12\/IMG_20201217_090552-scaled.jpg\"><img loading=\"lazy\" decoding=\"async\" class=\"size-medium wp-image-27447 alignnone\" src=\"https:\/\/blogsaverroes.juntadeandalucia.es\/eielreal\/files\/2020\/12\/IMG_20201217_090552-300x225.jpg\" alt=\"\" width=\"300\" height=\"225\" srcset=\"https:\/\/blogsaverroes.juntadeandalucia.es\/eielreal\/files\/2020\/12\/IMG_20201217_090552-300x225.jpg 300w, https:\/\/blogsaverroes.juntadeandalucia.es\/eielreal\/files\/2020\/12\/IMG_20201217_090552-1024x768.jpg 1024w, https:\/\/blogsaverroes.juntadeandalucia.es\/eielreal\/files\/2020\/12\/IMG_20201217_090552-768x576.jpg 768w, https:\/\/blogsaverroes.juntadeandalucia.es\/eielreal\/files\/2020\/12\/IMG_20201217_090552-1536x1152.jpg 1536w, https:\/\/blogsaverroes.juntadeandalucia.es\/eielreal\/files\/2020\/12\/IMG_20201217_090552-2048x1536.jpg 2048w, https:\/\/blogsaverroes.juntadeandalucia.es\/eielreal\/files\/2020\/12\/IMG_20201217_090552-700x525.jpg 700w, https:\/\/blogsaverroes.juntadeandalucia.es\/eielreal\/files\/2020\/12\/IMG_20201217_090552-24x18.jpg 24w, https:\/\/blogsaverroes.juntadeandalucia.es\/eielreal\/files\/2020\/12\/IMG_20201217_090552-36x27.jpg 36w, https:\/\/blogsaverroes.juntadeandalucia.es\/eielreal\/files\/2020\/12\/IMG_20201217_090552-48x36.jpg 48w, https:\/\/blogsaverroes.juntadeandalucia.es\/eielreal\/files\/2020\/12\/IMG_20201217_090552-scaled.jpg 1600w\" sizes=\"(max-width: 300px) 100vw, 300px\" \/><\/a> <a href=\"https:\/\/blogsaverroes.juntadeandalucia.es\/eielreal\/files\/2020\/12\/IMG-20201215-WA0020.jpg\"><img loading=\"lazy\" decoding=\"async\" class=\"size-medium wp-image-27454 alignnone\" src=\"https:\/\/blogsaverroes.juntadeandalucia.es\/eielreal\/files\/2020\/12\/IMG-20201215-WA0020-300x224.jpg\" alt=\"\" width=\"300\" height=\"224\" srcset=\"https:\/\/blogsaverroes.juntadeandalucia.es\/eielreal\/files\/2020\/12\/IMG-20201215-WA0020-300x224.jpg 300w, https:\/\/blogsaverroes.juntadeandalucia.es\/eielreal\/files\/2020\/12\/IMG-20201215-WA0020-1024x766.jpg 1024w, https:\/\/blogsaverroes.juntadeandalucia.es\/eielreal\/files\/2020\/12\/IMG-20201215-WA0020-768x575.jpg 768w, https:\/\/blogsaverroes.juntadeandalucia.es\/eielreal\/files\/2020\/12\/IMG-20201215-WA0020-1536x1149.jpg 1536w, https:\/\/blogsaverroes.juntadeandalucia.es\/eielreal\/files\/2020\/12\/IMG-20201215-WA0020-700x524.jpg 700w, https:\/\/blogsaverroes.juntadeandalucia.es\/eielreal\/files\/2020\/12\/IMG-20201215-WA0020-24x18.jpg 24w, https:\/\/blogsaverroes.juntadeandalucia.es\/eielreal\/files\/2020\/12\/IMG-20201215-WA0020-36x27.jpg 36w, https:\/\/blogsaverroes.juntadeandalucia.es\/eielreal\/files\/2020\/12\/IMG-20201215-WA0020-48x36.jpg 48w, https:\/\/blogsaverroes.juntadeandalucia.es\/eielreal\/files\/2020\/12\/IMG-20201215-WA0020.jpg 1600w\" sizes=\"(max-width: 300px) 100vw, 300px\" \/><\/a> <a href=\"https:\/\/blogsaverroes.juntadeandalucia.es\/eielreal\/files\/2020\/12\/IMG-20201218-WA0000.jpg\"><img loading=\"lazy\" decoding=\"async\" class=\"size-medium wp-image-27449 alignnone\" src=\"https:\/\/blogsaverroes.juntadeandalucia.es\/eielreal\/files\/2020\/12\/IMG-20201218-WA0000-225x300.jpg\" alt=\"\" width=\"225\" height=\"300\" srcset=\"https:\/\/blogsaverroes.juntadeandalucia.es\/eielreal\/files\/2020\/12\/IMG-20201218-WA0000-225x300.jpg 225w, https:\/\/blogsaverroes.juntadeandalucia.es\/eielreal\/files\/2020\/12\/IMG-20201218-WA0000-768x1024.jpg 768w, https:\/\/blogsaverroes.juntadeandalucia.es\/eielreal\/files\/2020\/12\/IMG-20201218-WA0000-1152x1536.jpg 1152w, https:\/\/blogsaverroes.juntadeandalucia.es\/eielreal\/files\/2020\/12\/IMG-20201218-WA0000-700x933.jpg 700w, https:\/\/blogsaverroes.juntadeandalucia.es\/eielreal\/files\/2020\/12\/IMG-20201218-WA0000-18x24.jpg 18w, https:\/\/blogsaverroes.juntadeandalucia.es\/eielreal\/files\/2020\/12\/IMG-20201218-WA0000-27x36.jpg 27w, https:\/\/blogsaverroes.juntadeandalucia.es\/eielreal\/files\/2020\/12\/IMG-20201218-WA0000-36x48.jpg 36w, https:\/\/blogsaverroes.juntadeandalucia.es\/eielreal\/files\/2020\/12\/IMG-20201218-WA0000.jpg 1200w\" sizes=\"(max-width: 225px) 100vw, 225px\" \/><\/a> <a href=\"https:\/\/blogsaverroes.juntadeandalucia.es\/eielreal\/files\/2020\/12\/IMG-20201218-WA0001.jpg\"><img loading=\"lazy\" decoding=\"async\" class=\"size-medium wp-image-27450 alignnone\" src=\"https:\/\/blogsaverroes.juntadeandalucia.es\/eielreal\/files\/2020\/12\/IMG-20201218-WA0001-225x300.jpg\" alt=\"\" width=\"225\" height=\"300\" srcset=\"https:\/\/blogsaverroes.juntadeandalucia.es\/eielreal\/files\/2020\/12\/IMG-20201218-WA0001-225x300.jpg 225w, https:\/\/blogsaverroes.juntadeandalucia.es\/eielreal\/files\/2020\/12\/IMG-20201218-WA0001-768x1024.jpg 768w, https:\/\/blogsaverroes.juntadeandalucia.es\/eielreal\/files\/2020\/12\/IMG-20201218-WA0001-1152x1536.jpg 1152w, https:\/\/blogsaverroes.juntadeandalucia.es\/eielreal\/files\/2020\/12\/IMG-20201218-WA0001-700x933.jpg 700w, https:\/\/blogsaverroes.juntadeandalucia.es\/eielreal\/files\/2020\/12\/IMG-20201218-WA0001-18x24.jpg 18w, https:\/\/blogsaverroes.juntadeandalucia.es\/eielreal\/files\/2020\/12\/IMG-20201218-WA0001-27x36.jpg 27w, https:\/\/blogsaverroes.juntadeandalucia.es\/eielreal\/files\/2020\/12\/IMG-20201218-WA0001-36x48.jpg 36w, https:\/\/blogsaverroes.juntadeandalucia.es\/eielreal\/files\/2020\/12\/IMG-20201218-WA0001.jpg 1200w\" sizes=\"(max-width: 225px) 100vw, 225px\" \/><\/a><a href=\"https:\/\/blogsaverroes.juntadeandalucia.es\/eielreal\/files\/2020\/12\/IMG_20201217_090750-scaled.jpg\"><img loading=\"lazy\" decoding=\"async\" class=\"size-medium wp-image-27455 alignnone\" src=\"https:\/\/blogsaverroes.juntadeandalucia.es\/eielreal\/files\/2020\/12\/IMG_20201217_090750-300x225.jpg\" alt=\"\" width=\"300\" height=\"225\" srcset=\"https:\/\/blogsaverroes.juntadeandalucia.es\/eielreal\/files\/2020\/12\/IMG_20201217_090750-300x225.jpg 300w, https:\/\/blogsaverroes.juntadeandalucia.es\/eielreal\/files\/2020\/12\/IMG_20201217_090750-1024x768.jpg 1024w, https:\/\/blogsaverroes.juntadeandalucia.es\/eielreal\/files\/2020\/12\/IMG_20201217_090750-768x576.jpg 768w, https:\/\/blogsaverroes.juntadeandalucia.es\/eielreal\/files\/2020\/12\/IMG_20201217_090750-1536x1152.jpg 1536w, https:\/\/blogsaverroes.juntadeandalucia.es\/eielreal\/files\/2020\/12\/IMG_20201217_090750-2048x1536.jpg 2048w, https:\/\/blogsaverroes.juntadeandalucia.es\/eielreal\/files\/2020\/12\/IMG_20201217_090750-700x525.jpg 700w, https:\/\/blogsaverroes.juntadeandalucia.es\/eielreal\/files\/2020\/12\/IMG_20201217_090750-24x18.jpg 24w, https:\/\/blogsaverroes.juntadeandalucia.es\/eielreal\/files\/2020\/12\/IMG_20201217_090750-36x27.jpg 36w, https:\/\/blogsaverroes.juntadeandalucia.es\/eielreal\/files\/2020\/12\/IMG_20201217_090750-48x36.jpg 48w, https:\/\/blogsaverroes.juntadeandalucia.es\/eielreal\/files\/2020\/12\/IMG_20201217_090750-scaled.jpg 1600w\" sizes=\"(max-width: 300px) 100vw, 300px\" \/><\/a><\/p>\n<p><span style=\"color: #800080\"><strong><em>2.- VILLANCICOS.<\/em><\/strong><\/span><\/p>\n<p style=\"text-align: justify\">Los d\u00edas <strong>16, 17 y 18 de diciembre<\/strong> todos los ni\u00f1os\/as del colegio \u00abEl Real\u00bb han disfrutado de los tradicionales festivales de villancicos que este a\u00f1o los hemos grabado para que toda la comunidad educativa y las residencias de nuestra localidad puedan disfrutar de ellos.<\/p>\n<p>UN LOBITO EN EL PORTAL. 3A<\/p>\n<p><iframe loading=\"lazy\" title=\"18 de diciembre de 2020\" width=\"500\" height=\"281\" src=\"https:\/\/www.youtube.com\/embed\/9rg9l3iGTKk?feature=oembed&#038;wmode=opaque\" frameborder=\"0\" allow=\"accelerometer; autoplay; clipboard-write; encrypted-media; gyroscope; picture-in-picture; web-share\" referrerpolicy=\"strict-origin-when-cross-origin\" allowfullscreen><\/iframe><\/p>\n<p>TE REGALO UNA SONRISA.3B<\/p>\n<p><iframe loading=\"lazy\" title=\"18 de diciembre de 2020\" width=\"500\" height=\"281\" src=\"https:\/\/www.youtube.com\/embed\/Eww0QFFcD3M?feature=oembed&#038;wmode=opaque\" frameborder=\"0\" allow=\"accelerometer; autoplay; clipboard-write; encrypted-media; gyroscope; picture-in-picture; web-share\" referrerpolicy=\"strict-origin-when-cross-origin\" allowfullscreen><\/iframe><\/p>\n<p>Los ni\u00f1os de 4 a\u00f1os A nos han cantado <strong>\u00abMi burrito Sabanero\u00bb<\/strong>, a ver que os parece.<\/p>\n<p><iframe loading=\"lazy\" title=\"Burrito Sabanero 4A\" width=\"500\" height=\"281\" src=\"https:\/\/www.youtube.com\/embed\/fp-LomMX2Ps?feature=oembed&#038;wmode=opaque\" frameborder=\"0\" allow=\"accelerometer; autoplay; clipboard-write; encrypted-media; gyroscope; picture-in-picture; web-share\" referrerpolicy=\"strict-origin-when-cross-origin\" allowfullscreen><\/iframe><\/p>\n<p>RODOLFO EL RENO. 5B<\/p>\n<p><iframe loading=\"lazy\" title=\"Rodolfo el reno\" width=\"500\" height=\"281\" src=\"https:\/\/www.youtube.com\/embed\/M8-l9KAuNZw?feature=oembed&#038;wmode=opaque\" frameborder=\"0\" allow=\"accelerometer; autoplay; clipboard-write; encrypted-media; gyroscope; picture-in-picture; web-share\" referrerpolicy=\"strict-origin-when-cross-origin\" allowfullscreen><\/iframe><\/p>\n<p>Puedes ver el villancico de 5 a\u00f1os A\u00a0 haciendo click en este enlace:<\/p>\n<p><iframe loading=\"lazy\" title=\"WhatsApp Video 2020 12 16 at 13 31 52\" width=\"500\" height=\"281\" src=\"https:\/\/www.youtube.com\/embed\/EvFeRxEmNDE?feature=oembed&#038;wmode=opaque\" frameborder=\"0\" allow=\"accelerometer; autoplay; clipboard-write; encrypted-media; gyroscope; picture-in-picture; web-share\" referrerpolicy=\"strict-origin-when-cross-origin\" allowfullscreen><\/iframe><\/p>\n<p>Si quieres ver el villancico de la clase de 5 a\u00f1os B haz click en este enlace:<\/p>\n<p><iframe loading=\"lazy\" title=\"5 A\u00d1OS B. EL NACIMIENTO DE JES\u00daS\" width=\"500\" height=\"281\" src=\"https:\/\/www.youtube.com\/embed\/f4ZuD1bK-bA?feature=oembed&#038;wmode=opaque\" frameborder=\"0\" allow=\"accelerometer; autoplay; clipboard-write; encrypted-media; gyroscope; picture-in-picture; web-share\" referrerpolicy=\"strict-origin-when-cross-origin\" allowfullscreen><\/iframe><\/p>\n<p style=\"text-align: justify\">Esperamos que disfrut\u00e9is con los villancicos que con tanta ilusi\u00f3n hemos preparado para todos ustedes y desearos <span style=\"color: #800080\">UNA FELIZ NAVIDAD<\/span> llena de salud y amor.<\/p>\n<p><span style=\"color: #ff6600\">\u00bb QUE LO QUE LLEGUE SEA MEJOR DE LO QUE BUSCAS, DURE M\u00c1S DE LOS QUE ESPERAS Y TE HAGA M\u00c1S FELIZ DE LOS QUE PUEDAS IMAGINAR\u00bb\u00a0<span style=\"color: #000000\">FELIZ 2021.<\/span><\/span><\/p>\n<p>Manuela Oliva Cruz.<\/p>\n<p>Coordinadora Escuela Espacio de Paz.<\/p>\n","protected":false},"excerpt":{"rendered":"<p>En estos d\u00edas previos a las vacaciones de Navidad estamos realizando distintas actividades en nuestro colegio. Desde el proyecto ESCUELA ESPACIO DE PAZ hemos propuesto dos actividades que persiguen educar en la convivencia y&#46;&#46;&#46;<\/p>\n","protected":false},"author":3183,"featured_media":27444,"comment_status":"open","ping_status":"open","sticky":false,"template":"","format":"standard","meta":{"ngg_post_thumbnail":0,"footnotes":""},"categories":[1740549,3981],"tags":[],"aioseo_notices":[],"_links":{"self":[{"href":"https:\/\/blogsaverroes.juntadeandalucia.es\/eielreal\/wp-json\/wp\/v2\/posts\/27401"}],"collection":[{"href":"https:\/\/blogsaverroes.juntadeandalucia.es\/eielreal\/wp-json\/wp\/v2\/posts"}],"about":[{"href":"https:\/\/blogsaverroes.juntadeandalucia.es\/eielreal\/wp-json\/wp\/v2\/types\/post"}],"author":[{"embeddable":true,"href":"https:\/\/blogsaverroes.juntadeandalucia.es\/eielreal\/wp-json\/wp\/v2\/users\/3183"}],"replies":[{"embeddable":true,"href":"https:\/\/blogsaverroes.juntadeandalucia.es\/eielreal\/wp-json\/wp\/v2\/comments?post=27401"}],"version-history":[{"count":13,"href":"https:\/\/blogsaverroes.juntadeandalucia.es\/eielreal\/wp-json\/wp\/v2\/posts\/27401\/revisions"}],"predecessor-version":[{"id":27462,"href":"https:\/\/blogsaverroes.juntadeandalucia.es\/eielreal\/wp-json\/wp\/v2\/posts\/27401\/revisions\/27462"}],"wp:featuredmedia":[{"embeddable":true,"href":"https:\/\/blogsaverroes.juntadeandalucia.es\/eielreal\/wp-json\/wp\/v2\/media\/27444"}],"wp:attachment":[{"href":"https:\/\/blogsaverroes.juntadeandalucia.es\/eielreal\/wp-json\/wp\/v2\/media?parent=27401"}],"wp:term":[{"taxonomy":"category","embeddable":true,"href":"https:\/\/blogsaverroes.juntadeandalucia.es\/eielreal\/wp-json\/wp\/v2\/categories?post=27401"},{"taxonomy":"post_tag","embeddable":true,"href":"https:\/\/blogsaverroes.juntadeandalucia.es\/eielreal\/wp-json\/wp\/v2\/tags?post=27401"}],"curies":[{"name":"wp","href":"https:\/\/api.w.org\/{rel}","templated":true}]}}