{"id":27756,"date":"2020-12-24T10:10:01","date_gmt":"2020-12-24T10:10:01","guid":{"rendered":"https:\/\/blogsaverroes.juntadeandalucia.es\/eielreal\/?p=27756"},"modified":"2020-12-24T13:30:54","modified_gmt":"2020-12-24T13:30:54","slug":"en-adviento-te-esperamos-y-en-navidad-te-adoramos-jesus","status":"publish","type":"post","link":"https:\/\/blogsaverroes.juntadeandalucia.es\/eielreal\/en-adviento-te-esperamos-y-en-navidad-te-adoramos-jesus\/","title":{"rendered":"En ADVIENTO te esperamos y en NAVIDAD te adoramos JES\u00daS."},"content":{"rendered":"<p>Queridas familias<\/p>\n<p style=\"text-align: justify\">\u00abLa Navidad eres t\u00fa, cuando decides nacer de nuevo cada d\u00eda y dejar entrar a Dios en tu alma. El \u00e1rbol de Navidad eres t\u00fa, cuando resistes vigoroso a los vientos y dificultades de la vida. Los adornos de Navidad eres t\u00fa, cuando llamas, congregas y buscas unir. Eres tambi\u00e9n luz de Navidad, cuando iluminas con tu vida el camino de los dem\u00e1s con la bondad, la paciencia, alegr\u00eda y la generosidad\u00bb.<strong> Papa Francisco<\/strong><\/p>\n<p style=\"text-align: justify\">\u00a1Es un placer celebrar las fiestas lit\u00fargicas en el cole El Real! Ver las caras de alegr\u00eda cuando cantan un simple villancico o expresan gestos de cari\u00f1o hacia el <strong>Ni\u00f1o Dios<\/strong>. La Navidad es muy especial para ellos.<\/p>\n<p><a href=\"https:\/\/blogsaverroes.juntadeandalucia.es\/eielreal\/files\/2020\/12\/IMG_20201210_104239-scaled.jpg\"><img loading=\"lazy\" decoding=\"async\" class=\"size-medium wp-image-27757 aligncenter\" src=\"https:\/\/blogsaverroes.juntadeandalucia.es\/eielreal\/files\/2020\/12\/IMG_20201210_104239-300x225.jpg\" alt=\"\" width=\"300\" height=\"225\" srcset=\"https:\/\/blogsaverroes.juntadeandalucia.es\/eielreal\/files\/2020\/12\/IMG_20201210_104239-300x225.jpg 300w, https:\/\/blogsaverroes.juntadeandalucia.es\/eielreal\/files\/2020\/12\/IMG_20201210_104239-1024x768.jpg 1024w, https:\/\/blogsaverroes.juntadeandalucia.es\/eielreal\/files\/2020\/12\/IMG_20201210_104239-768x576.jpg 768w, https:\/\/blogsaverroes.juntadeandalucia.es\/eielreal\/files\/2020\/12\/IMG_20201210_104239-1536x1152.jpg 1536w, https:\/\/blogsaverroes.juntadeandalucia.es\/eielreal\/files\/2020\/12\/IMG_20201210_104239-2048x1536.jpg 2048w, https:\/\/blogsaverroes.juntadeandalucia.es\/eielreal\/files\/2020\/12\/IMG_20201210_104239-700x525.jpg 700w, https:\/\/blogsaverroes.juntadeandalucia.es\/eielreal\/files\/2020\/12\/IMG_20201210_104239-24x18.jpg 24w, https:\/\/blogsaverroes.juntadeandalucia.es\/eielreal\/files\/2020\/12\/IMG_20201210_104239-36x27.jpg 36w, https:\/\/blogsaverroes.juntadeandalucia.es\/eielreal\/files\/2020\/12\/IMG_20201210_104239-48x36.jpg 48w, https:\/\/blogsaverroes.juntadeandalucia.es\/eielreal\/files\/2020\/12\/IMG_20201210_104239-scaled.jpg 1600w\" sizes=\"(max-width: 300px) 100vw, 300px\" \/><\/a> \u00a0<strong>Nimbo<\/strong>, nuestra mascota siempre nos cuenta historias de la Biblia maravillosas y cuentos encantadores!!! <a href=\"https:\/\/blogsaverroes.juntadeandalucia.es\/eielreal\/files\/2020\/12\/IMG_20201221_140218-scaled.jpg\"><img loading=\"lazy\" decoding=\"async\" class=\"aligncenter size-medium wp-image-27760\" src=\"https:\/\/blogsaverroes.juntadeandalucia.es\/eielreal\/files\/2020\/12\/IMG_20201221_140218-300x225.jpg\" alt=\"\" width=\"300\" height=\"225\" srcset=\"https:\/\/blogsaverroes.juntadeandalucia.es\/eielreal\/files\/2020\/12\/IMG_20201221_140218-300x225.jpg 300w, https:\/\/blogsaverroes.juntadeandalucia.es\/eielreal\/files\/2020\/12\/IMG_20201221_140218-1024x768.jpg 1024w, https:\/\/blogsaverroes.juntadeandalucia.es\/eielreal\/files\/2020\/12\/IMG_20201221_140218-768x576.jpg 768w, https:\/\/blogsaverroes.juntadeandalucia.es\/eielreal\/files\/2020\/12\/IMG_20201221_140218-1536x1152.jpg 1536w, https:\/\/blogsaverroes.juntadeandalucia.es\/eielreal\/files\/2020\/12\/IMG_20201221_140218-2048x1536.jpg 2048w, https:\/\/blogsaverroes.juntadeandalucia.es\/eielreal\/files\/2020\/12\/IMG_20201221_140218-700x525.jpg 700w, https:\/\/blogsaverroes.juntadeandalucia.es\/eielreal\/files\/2020\/12\/IMG_20201221_140218-24x18.jpg 24w, https:\/\/blogsaverroes.juntadeandalucia.es\/eielreal\/files\/2020\/12\/IMG_20201221_140218-36x27.jpg 36w, https:\/\/blogsaverroes.juntadeandalucia.es\/eielreal\/files\/2020\/12\/IMG_20201221_140218-48x36.jpg 48w, https:\/\/blogsaverroes.juntadeandalucia.es\/eielreal\/files\/2020\/12\/IMG_20201221_140218-scaled.jpg 1600w\" sizes=\"(max-width: 300px) 100vw, 300px\" \/><\/a><a href=\"https:\/\/blogsaverroes.juntadeandalucia.es\/eielreal\/files\/2020\/12\/IMG_20201223_223025-scaled.jpg\"><img loading=\"lazy\" decoding=\"async\" class=\"aligncenter size-medium wp-image-27761\" src=\"https:\/\/blogsaverroes.juntadeandalucia.es\/eielreal\/files\/2020\/12\/IMG_20201223_223025-300x225.jpg\" alt=\"\" width=\"300\" height=\"225\" srcset=\"https:\/\/blogsaverroes.juntadeandalucia.es\/eielreal\/files\/2020\/12\/IMG_20201223_223025-300x225.jpg 300w, https:\/\/blogsaverroes.juntadeandalucia.es\/eielreal\/files\/2020\/12\/IMG_20201223_223025-1024x768.jpg 1024w, https:\/\/blogsaverroes.juntadeandalucia.es\/eielreal\/files\/2020\/12\/IMG_20201223_223025-768x576.jpg 768w, https:\/\/blogsaverroes.juntadeandalucia.es\/eielreal\/files\/2020\/12\/IMG_20201223_223025-1536x1152.jpg 1536w, https:\/\/blogsaverroes.juntadeandalucia.es\/eielreal\/files\/2020\/12\/IMG_20201223_223025-2048x1536.jpg 2048w, https:\/\/blogsaverroes.juntadeandalucia.es\/eielreal\/files\/2020\/12\/IMG_20201223_223025-700x525.jpg 700w, https:\/\/blogsaverroes.juntadeandalucia.es\/eielreal\/files\/2020\/12\/IMG_20201223_223025-24x18.jpg 24w, https:\/\/blogsaverroes.juntadeandalucia.es\/eielreal\/files\/2020\/12\/IMG_20201223_223025-36x27.jpg 36w, https:\/\/blogsaverroes.juntadeandalucia.es\/eielreal\/files\/2020\/12\/IMG_20201223_223025-48x36.jpg 48w, https:\/\/blogsaverroes.juntadeandalucia.es\/eielreal\/files\/2020\/12\/IMG_20201223_223025-scaled.jpg 1600w\" sizes=\"(max-width: 300px) 100vw, 300px\" \/><\/a><\/p>\n<p>Decorar, colorear y adornar con purpurina cada ficha de la Navidad es una actividad que conlleva compartir, trabajar en equipo y participar de la alegr\u00eda con los dem\u00e1s; ejercitando las primeras habilidades motrices como ir relacion\u00e1ndose con el sentido de las fiestas religiosas.<\/p>\n<p><a href=\"https:\/\/blogsaverroes.juntadeandalucia.es\/eielreal\/files\/2020\/12\/IMG_20201224_134140.jpg\"><img loading=\"lazy\" decoding=\"async\" class=\"aligncenter size-medium wp-image-27780\" src=\"https:\/\/blogsaverroes.juntadeandalucia.es\/eielreal\/files\/2020\/12\/IMG_20201224_134140-300x225.jpg\" alt=\"\" width=\"300\" height=\"225\" srcset=\"https:\/\/blogsaverroes.juntadeandalucia.es\/eielreal\/files\/2020\/12\/IMG_20201224_134140-300x225.jpg 300w, https:\/\/blogsaverroes.juntadeandalucia.es\/eielreal\/files\/2020\/12\/IMG_20201224_134140-1024x768.jpg 1024w, https:\/\/blogsaverroes.juntadeandalucia.es\/eielreal\/files\/2020\/12\/IMG_20201224_134140-768x576.jpg 768w, https:\/\/blogsaverroes.juntadeandalucia.es\/eielreal\/files\/2020\/12\/IMG_20201224_134140-1536x1152.jpg 1536w, https:\/\/blogsaverroes.juntadeandalucia.es\/eielreal\/files\/2020\/12\/IMG_20201224_134140-700x525.jpg 700w, https:\/\/blogsaverroes.juntadeandalucia.es\/eielreal\/files\/2020\/12\/IMG_20201224_134140-24x18.jpg 24w, https:\/\/blogsaverroes.juntadeandalucia.es\/eielreal\/files\/2020\/12\/IMG_20201224_134140-36x27.jpg 36w, https:\/\/blogsaverroes.juntadeandalucia.es\/eielreal\/files\/2020\/12\/IMG_20201224_134140-48x36.jpg 48w, https:\/\/blogsaverroes.juntadeandalucia.es\/eielreal\/files\/2020\/12\/IMG_20201224_134140.jpg 1600w\" sizes=\"(max-width: 300px) 100vw, 300px\" \/><\/a><a href=\"https:\/\/blogsaverroes.juntadeandalucia.es\/eielreal\/files\/2020\/12\/IMG_20201204_121423-1-scaled.jpg\"><img loading=\"lazy\" decoding=\"async\" class=\"aligncenter size-medium wp-image-27763\" src=\"https:\/\/blogsaverroes.juntadeandalucia.es\/eielreal\/files\/2020\/12\/IMG_20201204_121423-1-225x300.jpg\" alt=\"\" width=\"225\" height=\"300\" srcset=\"https:\/\/blogsaverroes.juntadeandalucia.es\/eielreal\/files\/2020\/12\/IMG_20201204_121423-1-225x300.jpg 225w, https:\/\/blogsaverroes.juntadeandalucia.es\/eielreal\/files\/2020\/12\/IMG_20201204_121423-1-768x1024.jpg 768w, https:\/\/blogsaverroes.juntadeandalucia.es\/eielreal\/files\/2020\/12\/IMG_20201204_121423-1-1152x1536.jpg 1152w, https:\/\/blogsaverroes.juntadeandalucia.es\/eielreal\/files\/2020\/12\/IMG_20201204_121423-1-1536x2048.jpg 1536w, https:\/\/blogsaverroes.juntadeandalucia.es\/eielreal\/files\/2020\/12\/IMG_20201204_121423-1-700x933.jpg 700w, https:\/\/blogsaverroes.juntadeandalucia.es\/eielreal\/files\/2020\/12\/IMG_20201204_121423-1-18x24.jpg 18w, https:\/\/blogsaverroes.juntadeandalucia.es\/eielreal\/files\/2020\/12\/IMG_20201204_121423-1-27x36.jpg 27w, https:\/\/blogsaverroes.juntadeandalucia.es\/eielreal\/files\/2020\/12\/IMG_20201204_121423-1-36x48.jpg 36w, https:\/\/blogsaverroes.juntadeandalucia.es\/eielreal\/files\/2020\/12\/IMG_20201204_121423-1-scaled.jpg 1200w\" sizes=\"(max-width: 225px) 100vw, 225px\" \/><\/a><a href=\"https:\/\/blogsaverroes.juntadeandalucia.es\/eielreal\/files\/2020\/12\/IMG_20201210_094425-1-scaled.jpg\"><img loading=\"lazy\" decoding=\"async\" class=\"aligncenter size-medium wp-image-27764\" src=\"https:\/\/blogsaverroes.juntadeandalucia.es\/eielreal\/files\/2020\/12\/IMG_20201210_094425-1-300x225.jpg\" alt=\"\" width=\"300\" height=\"225\" srcset=\"https:\/\/blogsaverroes.juntadeandalucia.es\/eielreal\/files\/2020\/12\/IMG_20201210_094425-1-300x225.jpg 300w, https:\/\/blogsaverroes.juntadeandalucia.es\/eielreal\/files\/2020\/12\/IMG_20201210_094425-1-1024x768.jpg 1024w, https:\/\/blogsaverroes.juntadeandalucia.es\/eielreal\/files\/2020\/12\/IMG_20201210_094425-1-768x576.jpg 768w, https:\/\/blogsaverroes.juntadeandalucia.es\/eielreal\/files\/2020\/12\/IMG_20201210_094425-1-1536x1152.jpg 1536w, https:\/\/blogsaverroes.juntadeandalucia.es\/eielreal\/files\/2020\/12\/IMG_20201210_094425-1-2048x1536.jpg 2048w, https:\/\/blogsaverroes.juntadeandalucia.es\/eielreal\/files\/2020\/12\/IMG_20201210_094425-1-700x525.jpg 700w, https:\/\/blogsaverroes.juntadeandalucia.es\/eielreal\/files\/2020\/12\/IMG_20201210_094425-1-24x18.jpg 24w, https:\/\/blogsaverroes.juntadeandalucia.es\/eielreal\/files\/2020\/12\/IMG_20201210_094425-1-36x27.jpg 36w, https:\/\/blogsaverroes.juntadeandalucia.es\/eielreal\/files\/2020\/12\/IMG_20201210_094425-1-48x36.jpg 48w, https:\/\/blogsaverroes.juntadeandalucia.es\/eielreal\/files\/2020\/12\/IMG_20201210_094425-1-scaled.jpg 1600w\" sizes=\"(max-width: 300px) 100vw, 300px\" \/><\/a><a href=\"https:\/\/blogsaverroes.juntadeandalucia.es\/eielreal\/files\/2020\/12\/IMG_20201211_101454-scaled.jpg\"><img loading=\"lazy\" decoding=\"async\" class=\"aligncenter size-medium wp-image-27765\" src=\"https:\/\/blogsaverroes.juntadeandalucia.es\/eielreal\/files\/2020\/12\/IMG_20201211_101454-300x225.jpg\" alt=\"\" width=\"300\" height=\"225\" srcset=\"https:\/\/blogsaverroes.juntadeandalucia.es\/eielreal\/files\/2020\/12\/IMG_20201211_101454-300x225.jpg 300w, https:\/\/blogsaverroes.juntadeandalucia.es\/eielreal\/files\/2020\/12\/IMG_20201211_101454-1024x768.jpg 1024w, https:\/\/blogsaverroes.juntadeandalucia.es\/eielreal\/files\/2020\/12\/IMG_20201211_101454-768x576.jpg 768w, https:\/\/blogsaverroes.juntadeandalucia.es\/eielreal\/files\/2020\/12\/IMG_20201211_101454-1536x1152.jpg 1536w, https:\/\/blogsaverroes.juntadeandalucia.es\/eielreal\/files\/2020\/12\/IMG_20201211_101454-2048x1536.jpg 2048w, https:\/\/blogsaverroes.juntadeandalucia.es\/eielreal\/files\/2020\/12\/IMG_20201211_101454-700x525.jpg 700w, https:\/\/blogsaverroes.juntadeandalucia.es\/eielreal\/files\/2020\/12\/IMG_20201211_101454-24x18.jpg 24w, https:\/\/blogsaverroes.juntadeandalucia.es\/eielreal\/files\/2020\/12\/IMG_20201211_101454-36x27.jpg 36w, https:\/\/blogsaverroes.juntadeandalucia.es\/eielreal\/files\/2020\/12\/IMG_20201211_101454-48x36.jpg 48w, https:\/\/blogsaverroes.juntadeandalucia.es\/eielreal\/files\/2020\/12\/IMG_20201211_101454-scaled.jpg 1600w\" sizes=\"(max-width: 300px) 100vw, 300px\" \/><\/a><a href=\"https:\/\/blogsaverroes.juntadeandalucia.es\/eielreal\/files\/2020\/12\/IMG_20201204_132647-scaled.jpg\"><img loading=\"lazy\" decoding=\"async\" class=\"aligncenter size-medium wp-image-27766\" src=\"https:\/\/blogsaverroes.juntadeandalucia.es\/eielreal\/files\/2020\/12\/IMG_20201204_132647-300x225.jpg\" alt=\"\" width=\"300\" height=\"225\" srcset=\"https:\/\/blogsaverroes.juntadeandalucia.es\/eielreal\/files\/2020\/12\/IMG_20201204_132647-300x225.jpg 300w, https:\/\/blogsaverroes.juntadeandalucia.es\/eielreal\/files\/2020\/12\/IMG_20201204_132647-1024x768.jpg 1024w, https:\/\/blogsaverroes.juntadeandalucia.es\/eielreal\/files\/2020\/12\/IMG_20201204_132647-768x576.jpg 768w, https:\/\/blogsaverroes.juntadeandalucia.es\/eielreal\/files\/2020\/12\/IMG_20201204_132647-1536x1152.jpg 1536w, https:\/\/blogsaverroes.juntadeandalucia.es\/eielreal\/files\/2020\/12\/IMG_20201204_132647-2048x1536.jpg 2048w, https:\/\/blogsaverroes.juntadeandalucia.es\/eielreal\/files\/2020\/12\/IMG_20201204_132647-700x525.jpg 700w, https:\/\/blogsaverroes.juntadeandalucia.es\/eielreal\/files\/2020\/12\/IMG_20201204_132647-24x18.jpg 24w, https:\/\/blogsaverroes.juntadeandalucia.es\/eielreal\/files\/2020\/12\/IMG_20201204_132647-36x27.jpg 36w, https:\/\/blogsaverroes.juntadeandalucia.es\/eielreal\/files\/2020\/12\/IMG_20201204_132647-48x36.jpg 48w, https:\/\/blogsaverroes.juntadeandalucia.es\/eielreal\/files\/2020\/12\/IMG_20201204_132647-scaled.jpg 1600w\" sizes=\"(max-width: 300px) 100vw, 300px\" \/><\/a><\/p>\n<p>Muestran mucho inter\u00e9s en los juegos relacionados con las adivinanzas y disfrutan especialmente cuando escenifican cualquier historia de la Biblia con sus disfraces respectivos. La pel\u00edcula navide\u00f1a: <strong>\u00abSe arm\u00f3 el Bel\u00e9n\u00bb<\/strong> ha sido un \u00e9xito, no se cansaban de verla.<a href=\"https:\/\/blogsaverroes.juntadeandalucia.es\/eielreal\/files\/2020\/12\/IMG_20201210_092504-scaled.jpg\"><img loading=\"lazy\" decoding=\"async\" class=\"aligncenter size-medium wp-image-27767\" src=\"https:\/\/blogsaverroes.juntadeandalucia.es\/eielreal\/files\/2020\/12\/IMG_20201210_092504-300x225.jpg\" alt=\"\" width=\"300\" height=\"225\" srcset=\"https:\/\/blogsaverroes.juntadeandalucia.es\/eielreal\/files\/2020\/12\/IMG_20201210_092504-300x225.jpg 300w, https:\/\/blogsaverroes.juntadeandalucia.es\/eielreal\/files\/2020\/12\/IMG_20201210_092504-1024x768.jpg 1024w, https:\/\/blogsaverroes.juntadeandalucia.es\/eielreal\/files\/2020\/12\/IMG_20201210_092504-768x576.jpg 768w, https:\/\/blogsaverroes.juntadeandalucia.es\/eielreal\/files\/2020\/12\/IMG_20201210_092504-1536x1152.jpg 1536w, https:\/\/blogsaverroes.juntadeandalucia.es\/eielreal\/files\/2020\/12\/IMG_20201210_092504-2048x1536.jpg 2048w, https:\/\/blogsaverroes.juntadeandalucia.es\/eielreal\/files\/2020\/12\/IMG_20201210_092504-700x525.jpg 700w, https:\/\/blogsaverroes.juntadeandalucia.es\/eielreal\/files\/2020\/12\/IMG_20201210_092504-24x18.jpg 24w, https:\/\/blogsaverroes.juntadeandalucia.es\/eielreal\/files\/2020\/12\/IMG_20201210_092504-36x27.jpg 36w, https:\/\/blogsaverroes.juntadeandalucia.es\/eielreal\/files\/2020\/12\/IMG_20201210_092504-48x36.jpg 48w, https:\/\/blogsaverroes.juntadeandalucia.es\/eielreal\/files\/2020\/12\/IMG_20201210_092504-scaled.jpg 1600w\" sizes=\"(max-width: 300px) 100vw, 300px\" \/><\/a><a href=\"https:\/\/blogsaverroes.juntadeandalucia.es\/eielreal\/files\/2020\/12\/IMG_20201218_135728-scaled.jpg\"><img loading=\"lazy\" decoding=\"async\" class=\"aligncenter size-medium wp-image-27768\" src=\"https:\/\/blogsaverroes.juntadeandalucia.es\/eielreal\/files\/2020\/12\/IMG_20201218_135728-300x225.jpg\" alt=\"\" width=\"300\" height=\"225\" srcset=\"https:\/\/blogsaverroes.juntadeandalucia.es\/eielreal\/files\/2020\/12\/IMG_20201218_135728-300x225.jpg 300w, https:\/\/blogsaverroes.juntadeandalucia.es\/eielreal\/files\/2020\/12\/IMG_20201218_135728-1024x768.jpg 1024w, https:\/\/blogsaverroes.juntadeandalucia.es\/eielreal\/files\/2020\/12\/IMG_20201218_135728-768x576.jpg 768w, https:\/\/blogsaverroes.juntadeandalucia.es\/eielreal\/files\/2020\/12\/IMG_20201218_135728-1536x1152.jpg 1536w, https:\/\/blogsaverroes.juntadeandalucia.es\/eielreal\/files\/2020\/12\/IMG_20201218_135728-2048x1536.jpg 2048w, https:\/\/blogsaverroes.juntadeandalucia.es\/eielreal\/files\/2020\/12\/IMG_20201218_135728-700x525.jpg 700w, https:\/\/blogsaverroes.juntadeandalucia.es\/eielreal\/files\/2020\/12\/IMG_20201218_135728-24x18.jpg 24w, https:\/\/blogsaverroes.juntadeandalucia.es\/eielreal\/files\/2020\/12\/IMG_20201218_135728-36x27.jpg 36w, https:\/\/blogsaverroes.juntadeandalucia.es\/eielreal\/files\/2020\/12\/IMG_20201218_135728-48x36.jpg 48w, https:\/\/blogsaverroes.juntadeandalucia.es\/eielreal\/files\/2020\/12\/IMG_20201218_135728-scaled.jpg 1600w\" sizes=\"(max-width: 300px) 100vw, 300px\" \/><\/a><a href=\"https:\/\/blogsaverroes.juntadeandalucia.es\/eielreal\/files\/2020\/12\/IMG_20201211_123656-scaled.jpg\"><img loading=\"lazy\" decoding=\"async\" class=\"aligncenter size-medium wp-image-27769\" src=\"https:\/\/blogsaverroes.juntadeandalucia.es\/eielreal\/files\/2020\/12\/IMG_20201211_123656-300x225.jpg\" alt=\"\" width=\"300\" height=\"225\" srcset=\"https:\/\/blogsaverroes.juntadeandalucia.es\/eielreal\/files\/2020\/12\/IMG_20201211_123656-300x225.jpg 300w, https:\/\/blogsaverroes.juntadeandalucia.es\/eielreal\/files\/2020\/12\/IMG_20201211_123656-1024x768.jpg 1024w, https:\/\/blogsaverroes.juntadeandalucia.es\/eielreal\/files\/2020\/12\/IMG_20201211_123656-768x576.jpg 768w, https:\/\/blogsaverroes.juntadeandalucia.es\/eielreal\/files\/2020\/12\/IMG_20201211_123656-1536x1152.jpg 1536w, https:\/\/blogsaverroes.juntadeandalucia.es\/eielreal\/files\/2020\/12\/IMG_20201211_123656-2048x1536.jpg 2048w, https:\/\/blogsaverroes.juntadeandalucia.es\/eielreal\/files\/2020\/12\/IMG_20201211_123656-700x525.jpg 700w, https:\/\/blogsaverroes.juntadeandalucia.es\/eielreal\/files\/2020\/12\/IMG_20201211_123656-24x18.jpg 24w, https:\/\/blogsaverroes.juntadeandalucia.es\/eielreal\/files\/2020\/12\/IMG_20201211_123656-36x27.jpg 36w, https:\/\/blogsaverroes.juntadeandalucia.es\/eielreal\/files\/2020\/12\/IMG_20201211_123656-48x36.jpg 48w, https:\/\/blogsaverroes.juntadeandalucia.es\/eielreal\/files\/2020\/12\/IMG_20201211_123656-scaled.jpg 1600w\" sizes=\"(max-width: 300px) 100vw, 300px\" \/><\/a><\/p>\n<p>Por \u00faltimo, dar las <strong>gracias al AMPA, a mis compa\u00f1er@s y a todas las personas que han adornado nuestro cole en estas fechas tan entra\u00f1ables.<\/strong> Daba gusto trabajar as\u00ed!!<\/p>\n<p>Os deseo una<strong> Feliz Navidad<\/strong> en compa\u00f1\u00eda de vuestros familiares en la medida de lo posible y <strong>que el Ni\u00f1o Dios os colme de alegr\u00eda, esperanza y amor<\/strong>!!!<\/p>\n<p>Mar\u00eda Jos\u00e9 Jim\u00e9nez Guerrero.<\/p>\n<p>&nbsp;<\/p>\n<p>&nbsp;<\/p>\n<p>&nbsp;<\/p>\n","protected":false},"excerpt":{"rendered":"<p>Queridas familias \u00abLa Navidad eres t\u00fa, cuando decides nacer de nuevo cada d\u00eda y dejar entrar a Dios en tu alma. El \u00e1rbol de Navidad eres t\u00fa, cuando resistes vigoroso a los vientos y&#46;&#46;&#46;<\/p>\n","protected":false},"author":3183,"featured_media":27760,"comment_status":"open","ping_status":"open","sticky":false,"template":"","format":"standard","meta":{"ngg_post_thumbnail":0,"footnotes":""},"categories":[1740549],"tags":[],"aioseo_notices":[],"_links":{"self":[{"href":"https:\/\/blogsaverroes.juntadeandalucia.es\/eielreal\/wp-json\/wp\/v2\/posts\/27756"}],"collection":[{"href":"https:\/\/blogsaverroes.juntadeandalucia.es\/eielreal\/wp-json\/wp\/v2\/posts"}],"about":[{"href":"https:\/\/blogsaverroes.juntadeandalucia.es\/eielreal\/wp-json\/wp\/v2\/types\/post"}],"author":[{"embeddable":true,"href":"https:\/\/blogsaverroes.juntadeandalucia.es\/eielreal\/wp-json\/wp\/v2\/users\/3183"}],"replies":[{"embeddable":true,"href":"https:\/\/blogsaverroes.juntadeandalucia.es\/eielreal\/wp-json\/wp\/v2\/comments?post=27756"}],"version-history":[{"count":9,"href":"https:\/\/blogsaverroes.juntadeandalucia.es\/eielreal\/wp-json\/wp\/v2\/posts\/27756\/revisions"}],"predecessor-version":[{"id":27781,"href":"https:\/\/blogsaverroes.juntadeandalucia.es\/eielreal\/wp-json\/wp\/v2\/posts\/27756\/revisions\/27781"}],"wp:featuredmedia":[{"embeddable":true,"href":"https:\/\/blogsaverroes.juntadeandalucia.es\/eielreal\/wp-json\/wp\/v2\/media\/27760"}],"wp:attachment":[{"href":"https:\/\/blogsaverroes.juntadeandalucia.es\/eielreal\/wp-json\/wp\/v2\/media?parent=27756"}],"wp:term":[{"taxonomy":"category","embeddable":true,"href":"https:\/\/blogsaverroes.juntadeandalucia.es\/eielreal\/wp-json\/wp\/v2\/categories?post=27756"},{"taxonomy":"post_tag","embeddable":true,"href":"https:\/\/blogsaverroes.juntadeandalucia.es\/eielreal\/wp-json\/wp\/v2\/tags?post=27756"}],"curies":[{"name":"wp","href":"https:\/\/api.w.org\/{rel}","templated":true}]}}