{"id":28159,"date":"2021-01-26T13:58:11","date_gmt":"2021-01-26T13:58:11","guid":{"rendered":"https:\/\/blogsaverroes.juntadeandalucia.es\/eielreal\/?p=28159"},"modified":"2021-01-26T13:58:11","modified_gmt":"2021-01-26T13:58:11","slug":"medidores-de-co2","status":"publish","type":"post","link":"https:\/\/blogsaverroes.juntadeandalucia.es\/eielreal\/medidores-de-co2\/","title":{"rendered":"MEDIDORES DE CO2"},"content":{"rendered":"<p style=\"text-align: justify\" align=\"LEFT\"><span style=\"font-family: Times New Roman, serif\"><span style=\"font-size: medium\"><span style=\"color: #161616\">Mantener una <strong>adecuada ventilaci\u00f3n<\/strong> en las aulas se ha convertido en una <strong>prioridad<\/strong> para nuestro centro y resto de los centros educativos a consecuencia de la pandemia de<strong> Covid-19<\/strong>. La ventilaci\u00f3n se refiere a renovaci\u00f3n de aire, es decir, sustituci\u00f3n del aire interior, potencialmente contaminado, con aire exterior, libre de virus.<\/span><\/span><\/span><\/p>\n<p align=\"LEFT\"><a href=\"https:\/\/blogsaverroes.juntadeandalucia.es\/eielreal\/files\/2021\/01\/descarga.jpg\"><img loading=\"lazy\" decoding=\"async\" class=\"aligncenter size-full wp-image-28167\" src=\"https:\/\/blogsaverroes.juntadeandalucia.es\/eielreal\/files\/2021\/01\/descarga.jpg\" alt=\"\" width=\"225\" height=\"225\" srcset=\"https:\/\/blogsaverroes.juntadeandalucia.es\/eielreal\/files\/2021\/01\/descarga.jpg 225w, https:\/\/blogsaverroes.juntadeandalucia.es\/eielreal\/files\/2021\/01\/descarga-150x150.jpg 150w, https:\/\/blogsaverroes.juntadeandalucia.es\/eielreal\/files\/2021\/01\/descarga-100x100.jpg 100w, https:\/\/blogsaverroes.juntadeandalucia.es\/eielreal\/files\/2021\/01\/descarga-24x24.jpg 24w, https:\/\/blogsaverroes.juntadeandalucia.es\/eielreal\/files\/2021\/01\/descarga-36x36.jpg 36w, https:\/\/blogsaverroes.juntadeandalucia.es\/eielreal\/files\/2021\/01\/descarga-48x48.jpg 48w\" sizes=\"(max-width: 225px) 100vw, 225px\" \/><\/a><\/p>\n<p style=\"text-align: justify\" align=\"LEFT\"><span style=\"font-family: Times New Roman, serif\"><span style=\"font-size: medium\"><span style=\"color: #161616\">Como os informamos hace unas semanas el <strong>Ayuntamiento de Carmona<\/strong> dot\u00f3 nuestras aulas de purificadores de aire que instalamos en cuanto llegaron. Inmediatamente los pusimos a funcionar como ya visteis <\/span><\/span><\/span><\/p>\n<p style=\"text-align: justify\" align=\"LEFT\"><span style=\"font-family: Times New Roman, serif\"><span style=\"font-size: medium\"><span style=\"color: #050505\">Los purificadores <strong>no pueden evitar que debamos seguir aireando los clases cada poco tiempo, pero ayudar\u00e1n a conservar el aire<\/strong> de las clases en unas condiciones m\u00e1s saludables y \u00f3ptimas.<\/span><span style=\"color: #333333\"> En la inmensa mayor\u00eda de las dependencias y aulas donde se desarrollan actividades docentes es posible generar la ventilaci\u00f3n natural cruzada, ya que disponen de ventanas o puertas exteriores.<\/span> <\/span><\/span><a href=\"https:\/\/blogsaverroes.juntadeandalucia.es\/eielreal\/files\/2021\/01\/WhatsApp-Image-2021-01-11-at-16.08.10.jpeg\"><img loading=\"lazy\" decoding=\"async\" class=\"aligncenter size-medium wp-image-28090\" src=\"https:\/\/blogsaverroes.juntadeandalucia.es\/eielreal\/files\/2021\/01\/WhatsApp-Image-2021-01-11-at-16.08.10-225x300.jpeg\" alt=\"\" width=\"225\" height=\"300\" srcset=\"https:\/\/blogsaverroes.juntadeandalucia.es\/eielreal\/files\/2021\/01\/WhatsApp-Image-2021-01-11-at-16.08.10-225x300.jpeg 225w, https:\/\/blogsaverroes.juntadeandalucia.es\/eielreal\/files\/2021\/01\/WhatsApp-Image-2021-01-11-at-16.08.10-768x1024.jpeg 768w, https:\/\/blogsaverroes.juntadeandalucia.es\/eielreal\/files\/2021\/01\/WhatsApp-Image-2021-01-11-at-16.08.10-1152x1536.jpeg 1152w, https:\/\/blogsaverroes.juntadeandalucia.es\/eielreal\/files\/2021\/01\/WhatsApp-Image-2021-01-11-at-16.08.10-700x933.jpeg 700w, https:\/\/blogsaverroes.juntadeandalucia.es\/eielreal\/files\/2021\/01\/WhatsApp-Image-2021-01-11-at-16.08.10-18x24.jpeg 18w, https:\/\/blogsaverroes.juntadeandalucia.es\/eielreal\/files\/2021\/01\/WhatsApp-Image-2021-01-11-at-16.08.10-27x36.jpeg 27w, https:\/\/blogsaverroes.juntadeandalucia.es\/eielreal\/files\/2021\/01\/WhatsApp-Image-2021-01-11-at-16.08.10-36x48.jpeg 36w, https:\/\/blogsaverroes.juntadeandalucia.es\/eielreal\/files\/2021\/01\/WhatsApp-Image-2021-01-11-at-16.08.10.jpeg 1200w\" sizes=\"(max-width: 225px) 100vw, 225px\" \/><\/a><\/p>\n<p align=\"LEFT\"><span style=\"font-family: Times New Roman, serif\"><span style=\"font-size: medium\"><span style=\"color: #161616\">Como complemento el colegio ha realizado una inversi\u00f3n en adquirir <strong>medidores de CO2<\/strong> que se han instalado en nuestras aulas <strong>con la finalidad de gestionar mejor los momentos de ventilaci\u00f3n<\/strong>. Para nosotros es muy importante velar por la calidad del aire.<\/span><\/span><\/span><\/p>\n<p style=\"text-align: justify\" align=\"LEFT\"><span style=\"font-family: Times New Roman, serif\"><span style=\"font-size: medium\"><span style=\"color: #161616\"><a href=\"https:\/\/blogsaverroes.juntadeandalucia.es\/eielreal\/files\/2021\/01\/b50a0b81-fe85-4695-89ba-9331fdcc02c2.jpg\"><img loading=\"lazy\" decoding=\"async\" class=\"size-medium wp-image-28164 alignnone\" src=\"https:\/\/blogsaverroes.juntadeandalucia.es\/eielreal\/files\/2021\/01\/b50a0b81-fe85-4695-89ba-9331fdcc02c2-300x225.jpg\" alt=\"\" width=\"300\" height=\"225\" srcset=\"https:\/\/blogsaverroes.juntadeandalucia.es\/eielreal\/files\/2021\/01\/b50a0b81-fe85-4695-89ba-9331fdcc02c2-300x225.jpg 300w, https:\/\/blogsaverroes.juntadeandalucia.es\/eielreal\/files\/2021\/01\/b50a0b81-fe85-4695-89ba-9331fdcc02c2-1024x768.jpg 1024w, https:\/\/blogsaverroes.juntadeandalucia.es\/eielreal\/files\/2021\/01\/b50a0b81-fe85-4695-89ba-9331fdcc02c2-768x576.jpg 768w, https:\/\/blogsaverroes.juntadeandalucia.es\/eielreal\/files\/2021\/01\/b50a0b81-fe85-4695-89ba-9331fdcc02c2-1536x1152.jpg 1536w, https:\/\/blogsaverroes.juntadeandalucia.es\/eielreal\/files\/2021\/01\/b50a0b81-fe85-4695-89ba-9331fdcc02c2-700x525.jpg 700w, https:\/\/blogsaverroes.juntadeandalucia.es\/eielreal\/files\/2021\/01\/b50a0b81-fe85-4695-89ba-9331fdcc02c2-24x18.jpg 24w, https:\/\/blogsaverroes.juntadeandalucia.es\/eielreal\/files\/2021\/01\/b50a0b81-fe85-4695-89ba-9331fdcc02c2-36x27.jpg 36w, https:\/\/blogsaverroes.juntadeandalucia.es\/eielreal\/files\/2021\/01\/b50a0b81-fe85-4695-89ba-9331fdcc02c2-48x36.jpg 48w, https:\/\/blogsaverroes.juntadeandalucia.es\/eielreal\/files\/2021\/01\/b50a0b81-fe85-4695-89ba-9331fdcc02c2.jpg 1600w\" sizes=\"(max-width: 300px) 100vw, 300px\" \/> <\/a><a href=\"https:\/\/blogsaverroes.juntadeandalucia.es\/eielreal\/files\/2021\/01\/a2c34b44-43b8-4859-8240-5a619a2120f4.jpg\"><img loading=\"lazy\" decoding=\"async\" class=\"size-medium wp-image-28163 alignnone\" src=\"https:\/\/blogsaverroes.juntadeandalucia.es\/eielreal\/files\/2021\/01\/a2c34b44-43b8-4859-8240-5a619a2120f4-300x225.jpg\" alt=\"\" width=\"300\" height=\"225\" srcset=\"https:\/\/blogsaverroes.juntadeandalucia.es\/eielreal\/files\/2021\/01\/a2c34b44-43b8-4859-8240-5a619a2120f4-300x225.jpg 300w, https:\/\/blogsaverroes.juntadeandalucia.es\/eielreal\/files\/2021\/01\/a2c34b44-43b8-4859-8240-5a619a2120f4-1024x768.jpg 1024w, https:\/\/blogsaverroes.juntadeandalucia.es\/eielreal\/files\/2021\/01\/a2c34b44-43b8-4859-8240-5a619a2120f4-768x576.jpg 768w, https:\/\/blogsaverroes.juntadeandalucia.es\/eielreal\/files\/2021\/01\/a2c34b44-43b8-4859-8240-5a619a2120f4-1536x1152.jpg 1536w, https:\/\/blogsaverroes.juntadeandalucia.es\/eielreal\/files\/2021\/01\/a2c34b44-43b8-4859-8240-5a619a2120f4-700x525.jpg 700w, https:\/\/blogsaverroes.juntadeandalucia.es\/eielreal\/files\/2021\/01\/a2c34b44-43b8-4859-8240-5a619a2120f4-24x18.jpg 24w, https:\/\/blogsaverroes.juntadeandalucia.es\/eielreal\/files\/2021\/01\/a2c34b44-43b8-4859-8240-5a619a2120f4-36x27.jpg 36w, https:\/\/blogsaverroes.juntadeandalucia.es\/eielreal\/files\/2021\/01\/a2c34b44-43b8-4859-8240-5a619a2120f4-48x36.jpg 48w, https:\/\/blogsaverroes.juntadeandalucia.es\/eielreal\/files\/2021\/01\/a2c34b44-43b8-4859-8240-5a619a2120f4.jpg 1600w\" sizes=\"(max-width: 300px) 100vw, 300px\" \/><\/a>\u00a0<\/span><\/span><\/span><\/p>\n<p style=\"text-align: justify\" align=\"LEFT\"><span style=\"font-family: Times New Roman, serif\"><span style=\"font-size: medium\"><span style=\"color: #161616\">Los expertos sanitarios recomiendan tomar todas las medidas de protecci\u00f3n posible, aconsejan tener un control detallado de la calidad del aire que se respira. Sobre todo en zonas comunes.<\/span><\/span><\/span><\/p>\n<p align=\"LEFT\"><a href=\"https:\/\/blogsaverroes.juntadeandalucia.es\/eielreal\/files\/2021\/01\/295050e8-2ff5-43c5-92e3-d9b96bda5edd.jpg\"><img loading=\"lazy\" decoding=\"async\" class=\"aligncenter size-medium wp-image-28162\" src=\"https:\/\/blogsaverroes.juntadeandalucia.es\/eielreal\/files\/2021\/01\/295050e8-2ff5-43c5-92e3-d9b96bda5edd-300x225.jpg\" alt=\"\" width=\"300\" height=\"225\" srcset=\"https:\/\/blogsaverroes.juntadeandalucia.es\/eielreal\/files\/2021\/01\/295050e8-2ff5-43c5-92e3-d9b96bda5edd-300x225.jpg 300w, https:\/\/blogsaverroes.juntadeandalucia.es\/eielreal\/files\/2021\/01\/295050e8-2ff5-43c5-92e3-d9b96bda5edd-1024x768.jpg 1024w, https:\/\/blogsaverroes.juntadeandalucia.es\/eielreal\/files\/2021\/01\/295050e8-2ff5-43c5-92e3-d9b96bda5edd-768x576.jpg 768w, https:\/\/blogsaverroes.juntadeandalucia.es\/eielreal\/files\/2021\/01\/295050e8-2ff5-43c5-92e3-d9b96bda5edd-1536x1152.jpg 1536w, https:\/\/blogsaverroes.juntadeandalucia.es\/eielreal\/files\/2021\/01\/295050e8-2ff5-43c5-92e3-d9b96bda5edd-700x525.jpg 700w, https:\/\/blogsaverroes.juntadeandalucia.es\/eielreal\/files\/2021\/01\/295050e8-2ff5-43c5-92e3-d9b96bda5edd-24x18.jpg 24w, https:\/\/blogsaverroes.juntadeandalucia.es\/eielreal\/files\/2021\/01\/295050e8-2ff5-43c5-92e3-d9b96bda5edd-36x27.jpg 36w, https:\/\/blogsaverroes.juntadeandalucia.es\/eielreal\/files\/2021\/01\/295050e8-2ff5-43c5-92e3-d9b96bda5edd-48x36.jpg 48w, https:\/\/blogsaverroes.juntadeandalucia.es\/eielreal\/files\/2021\/01\/295050e8-2ff5-43c5-92e3-d9b96bda5edd.jpg 1600w\" sizes=\"(max-width: 300px) 100vw, 300px\" \/><\/a><\/p>\n<p style=\"text-align: justify\" align=\"LEFT\"><span style=\"font-family: Times New Roman, serif\"><span style=\"font-size: medium\"><span style=\"color: #161616\">Se trata de una medida aconsejada por diversas instituciones y estudios a nivel mundial con la que desde hoy contamos en nuestro cole.<\/span><\/span><\/span><\/p>\n<p align=\"LEFT\"><a href=\"https:\/\/blogsaverroes.juntadeandalucia.es\/eielreal\/files\/2021\/01\/d614cdbd-6adc-4d89-bee8-d15e28f0c2ab.jpg\"><img loading=\"lazy\" decoding=\"async\" class=\"aligncenter size-medium wp-image-28174\" src=\"https:\/\/blogsaverroes.juntadeandalucia.es\/eielreal\/files\/2021\/01\/d614cdbd-6adc-4d89-bee8-d15e28f0c2ab-300x225.jpg\" alt=\"\" width=\"300\" height=\"225\" srcset=\"https:\/\/blogsaverroes.juntadeandalucia.es\/eielreal\/files\/2021\/01\/d614cdbd-6adc-4d89-bee8-d15e28f0c2ab-300x225.jpg 300w, https:\/\/blogsaverroes.juntadeandalucia.es\/eielreal\/files\/2021\/01\/d614cdbd-6adc-4d89-bee8-d15e28f0c2ab-1024x768.jpg 1024w, https:\/\/blogsaverroes.juntadeandalucia.es\/eielreal\/files\/2021\/01\/d614cdbd-6adc-4d89-bee8-d15e28f0c2ab-768x576.jpg 768w, https:\/\/blogsaverroes.juntadeandalucia.es\/eielreal\/files\/2021\/01\/d614cdbd-6adc-4d89-bee8-d15e28f0c2ab-1536x1152.jpg 1536w, https:\/\/blogsaverroes.juntadeandalucia.es\/eielreal\/files\/2021\/01\/d614cdbd-6adc-4d89-bee8-d15e28f0c2ab-700x525.jpg 700w, https:\/\/blogsaverroes.juntadeandalucia.es\/eielreal\/files\/2021\/01\/d614cdbd-6adc-4d89-bee8-d15e28f0c2ab-24x18.jpg 24w, https:\/\/blogsaverroes.juntadeandalucia.es\/eielreal\/files\/2021\/01\/d614cdbd-6adc-4d89-bee8-d15e28f0c2ab-36x27.jpg 36w, https:\/\/blogsaverroes.juntadeandalucia.es\/eielreal\/files\/2021\/01\/d614cdbd-6adc-4d89-bee8-d15e28f0c2ab-48x36.jpg 48w, https:\/\/blogsaverroes.juntadeandalucia.es\/eielreal\/files\/2021\/01\/d614cdbd-6adc-4d89-bee8-d15e28f0c2ab.jpg 1600w\" sizes=\"(max-width: 300px) 100vw, 300px\" \/><\/a><\/p>\n<p align=\"LEFT\"><span style=\"font-family: Times New Roman, serif\"><span style=\"font-size: medium\"><span style=\"color: #161616\">E.I. El Real.<\/span><\/span><\/span><\/p>\n","protected":false},"excerpt":{"rendered":"<p>Mantener una adecuada ventilaci\u00f3n en las aulas se ha convertido en una prioridad para nuestro centro y resto de los centros educativos a consecuencia de la pandemia de Covid-19. La ventilaci\u00f3n se refiere a&#46;&#46;&#46;<\/p>\n","protected":false},"author":3183,"featured_media":28161,"comment_status":"open","ping_status":"open","sticky":false,"template":"","format":"standard","meta":{"ngg_post_thumbnail":0,"footnotes":""},"categories":[1740549],"tags":[],"aioseo_notices":[],"_links":{"self":[{"href":"https:\/\/blogsaverroes.juntadeandalucia.es\/eielreal\/wp-json\/wp\/v2\/posts\/28159"}],"collection":[{"href":"https:\/\/blogsaverroes.juntadeandalucia.es\/eielreal\/wp-json\/wp\/v2\/posts"}],"about":[{"href":"https:\/\/blogsaverroes.juntadeandalucia.es\/eielreal\/wp-json\/wp\/v2\/types\/post"}],"author":[{"embeddable":true,"href":"https:\/\/blogsaverroes.juntadeandalucia.es\/eielreal\/wp-json\/wp\/v2\/users\/3183"}],"replies":[{"embeddable":true,"href":"https:\/\/blogsaverroes.juntadeandalucia.es\/eielreal\/wp-json\/wp\/v2\/comments?post=28159"}],"version-history":[{"count":5,"href":"https:\/\/blogsaverroes.juntadeandalucia.es\/eielreal\/wp-json\/wp\/v2\/posts\/28159\/revisions"}],"predecessor-version":[{"id":28176,"href":"https:\/\/blogsaverroes.juntadeandalucia.es\/eielreal\/wp-json\/wp\/v2\/posts\/28159\/revisions\/28176"}],"wp:featuredmedia":[{"embeddable":true,"href":"https:\/\/blogsaverroes.juntadeandalucia.es\/eielreal\/wp-json\/wp\/v2\/media\/28161"}],"wp:attachment":[{"href":"https:\/\/blogsaverroes.juntadeandalucia.es\/eielreal\/wp-json\/wp\/v2\/media?parent=28159"}],"wp:term":[{"taxonomy":"category","embeddable":true,"href":"https:\/\/blogsaverroes.juntadeandalucia.es\/eielreal\/wp-json\/wp\/v2\/categories?post=28159"},{"taxonomy":"post_tag","embeddable":true,"href":"https:\/\/blogsaverroes.juntadeandalucia.es\/eielreal\/wp-json\/wp\/v2\/tags?post=28159"}],"curies":[{"name":"wp","href":"https:\/\/api.w.org\/{rel}","templated":true}]}}