{"id":28304,"date":"2021-02-11T14:04:01","date_gmt":"2021-02-11T14:04:01","guid":{"rendered":"https:\/\/blogsaverroes.juntadeandalucia.es\/eielreal\/?p=28304"},"modified":"2021-02-11T14:04:01","modified_gmt":"2021-02-11T14:04:01","slug":"esta-semana-comemos-fruta","status":"publish","type":"post","link":"https:\/\/blogsaverroes.juntadeandalucia.es\/eielreal\/esta-semana-comemos-fruta\/","title":{"rendered":"ESTA SEMANA \u00a1\u00a1\u00a1\u00a1COMEMOS FRUTA!!!!"},"content":{"rendered":"<p>La infancia es una \u00e9poca clave en la\u00a0<strong>instauraci\u00f3n de los h\u00e1bitos alimentarios<\/strong> por lo que es de gran importancia hacer hincapi\u00e9 en la promoci\u00f3n del consumo de frutas y verduras, que se mantengan en la edad adulta. Muchos ni\u00f1os no consumen las cantidades recomendadas y\u00a0para muchos padres suele ser complicado introducirlas.<\/p>\r\n<p><a href=\"https:\/\/blogsaverroes.juntadeandalucia.es\/eielreal\/files\/2021\/02\/d9cf3ebd-4914-458e-af8c-7b509ed19fa4.jpg\"><img loading=\"lazy\" decoding=\"async\" class=\"size-medium wp-image-28322 alignright\" src=\"https:\/\/blogsaverroes.juntadeandalucia.es\/eielreal\/files\/2021\/02\/d9cf3ebd-4914-458e-af8c-7b509ed19fa4-300x225.jpg\" alt=\"\" width=\"300\" height=\"225\" srcset=\"https:\/\/blogsaverroes.juntadeandalucia.es\/eielreal\/files\/2021\/02\/d9cf3ebd-4914-458e-af8c-7b509ed19fa4-300x225.jpg 300w, https:\/\/blogsaverroes.juntadeandalucia.es\/eielreal\/files\/2021\/02\/d9cf3ebd-4914-458e-af8c-7b509ed19fa4-1024x768.jpg 1024w, https:\/\/blogsaverroes.juntadeandalucia.es\/eielreal\/files\/2021\/02\/d9cf3ebd-4914-458e-af8c-7b509ed19fa4-768x576.jpg 768w, https:\/\/blogsaverroes.juntadeandalucia.es\/eielreal\/files\/2021\/02\/d9cf3ebd-4914-458e-af8c-7b509ed19fa4-1536x1152.jpg 1536w, https:\/\/blogsaverroes.juntadeandalucia.es\/eielreal\/files\/2021\/02\/d9cf3ebd-4914-458e-af8c-7b509ed19fa4-700x525.jpg 700w, https:\/\/blogsaverroes.juntadeandalucia.es\/eielreal\/files\/2021\/02\/d9cf3ebd-4914-458e-af8c-7b509ed19fa4.jpg 1600w\" sizes=\"(max-width: 300px) 100vw, 300px\" \/><\/a>Como sab\u00e9is, desde el cole queremos echaros una mano. y como viene siendo habitual desde varios cursos, en nuestro calendario semanal de desayuno recomendado aparece la fruta (los mi\u00e9rcoles);\u00a0<strong>os damos las gracias a todas aquellas familias que lo pon\u00e9is en pr\u00e1ctica y os animamos a hacerlo a aquellas otra que todav\u00eda no lo est\u00e1is haciendo.<\/strong><\/p>\r\n<p>Tambi\u00e9n desde hace varios a\u00f1os, con nuestra inscripci\u00f3n en el\u00a0<strong>PROGRAMA \u201cCRECIENDO EN SALUD\u201d\u00a0<\/strong>\u00a0 nos inscribimos a su vez en el\u00a0<strong>PLAN DE CONSUMOS DE FRUTAS Y HORTALIZAS<\/strong>.\u00a0El Programa va dirigido dirigido a los ni\u00f1os y ni\u00f1as de 3 a 12 a\u00f1os pertenecientes a centros docentes sostenidos con fondos p\u00fablicos de Andaluc\u00eda, as\u00ed como tambi\u00e9n a padres, madres y educadores, con el fin de inculcar la importancia de una alimentaci\u00f3n sana y equilibrada en la que no pueden faltar las frutas y verduras.<\/p>\r\n<p><a href=\"https:\/\/blogsaverroes.juntadeandalucia.es\/eielreal\/files\/2021\/02\/aee37fb9-525c-449b-b98a-d97115a30d67.jpg\"><img loading=\"lazy\" decoding=\"async\" class=\"aligncenter size-medium wp-image-28327\" src=\"https:\/\/blogsaverroes.juntadeandalucia.es\/eielreal\/files\/2021\/02\/aee37fb9-525c-449b-b98a-d97115a30d67-300x225.jpg\" alt=\"\" width=\"300\" height=\"225\" srcset=\"https:\/\/blogsaverroes.juntadeandalucia.es\/eielreal\/files\/2021\/02\/aee37fb9-525c-449b-b98a-d97115a30d67-300x225.jpg 300w, https:\/\/blogsaverroes.juntadeandalucia.es\/eielreal\/files\/2021\/02\/aee37fb9-525c-449b-b98a-d97115a30d67-768x576.jpg 768w, https:\/\/blogsaverroes.juntadeandalucia.es\/eielreal\/files\/2021\/02\/aee37fb9-525c-449b-b98a-d97115a30d67-700x525.jpg 700w, https:\/\/blogsaverroes.juntadeandalucia.es\/eielreal\/files\/2021\/02\/aee37fb9-525c-449b-b98a-d97115a30d67.jpg 1024w\" sizes=\"(max-width: 300px) 100vw, 300px\" \/><\/a><\/p>\r\n<p>No solo nos preocupamos de prepararla fruta y com\u00e9rnosla \u00bfY antes? Como todos los d\u00edas nos enfrentamos a nuestro desayuno con las manos y entorno limpio, para ello disponemos del rinc\u00f3n del aseo que no deja deja de ser un <strong>H\u00c1BITO DE VIDA SALUDABLE<\/strong>\u00a0y como tal hay que trabajarlo.<\/p>\r\n<p><a href=\"https:\/\/blogsaverroes.juntadeandalucia.es\/eielreal\/files\/2019\/04\/IMG-20190426-WA0014.jpg\"><img loading=\"lazy\" decoding=\"async\" class=\"size-medium wp-image-22863 alignnone\" src=\"https:\/\/blogsaverroes.juntadeandalucia.es\/eielreal\/files\/2019\/04\/IMG-20190426-WA0014-300x225.jpg\" alt=\"\" width=\"300\" height=\"225\" srcset=\"https:\/\/blogsaverroes.juntadeandalucia.es\/eielreal\/files\/2019\/04\/IMG-20190426-WA0014-300x225.jpg 300w, https:\/\/blogsaverroes.juntadeandalucia.es\/eielreal\/files\/2019\/04\/IMG-20190426-WA0014-768x576.jpg 768w, https:\/\/blogsaverroes.juntadeandalucia.es\/eielreal\/files\/2019\/04\/IMG-20190426-WA0014-1024x768.jpg 1024w, https:\/\/blogsaverroes.juntadeandalucia.es\/eielreal\/files\/2019\/04\/IMG-20190426-WA0014-700x525.jpg 700w, https:\/\/blogsaverroes.juntadeandalucia.es\/eielreal\/files\/2019\/04\/IMG-20190426-WA0014-24x18.jpg 24w, https:\/\/blogsaverroes.juntadeandalucia.es\/eielreal\/files\/2019\/04\/IMG-20190426-WA0014-36x27.jpg 36w, https:\/\/blogsaverroes.juntadeandalucia.es\/eielreal\/files\/2019\/04\/IMG-20190426-WA0014-48x36.jpg 48w, https:\/\/blogsaverroes.juntadeandalucia.es\/eielreal\/files\/2019\/04\/IMG-20190426-WA0014.jpg 1600w\" sizes=\"(max-width: 300px) 100vw, 300px\" \/>\u00a0\u00a0\u00a0\u00a0\u00a0\u00a0\u00a0<\/a>\u00a0<a href=\"https:\/\/blogsaverroes.juntadeandalucia.es\/eielreal\/files\/2019\/04\/thumbnail_IMG-20190426-WA0012.jpg\"><img loading=\"lazy\" decoding=\"async\" class=\"size-medium wp-image-22864 alignnone\" src=\"https:\/\/blogsaverroes.juntadeandalucia.es\/eielreal\/files\/2019\/04\/thumbnail_IMG-20190426-WA0012-300x225.jpg\" alt=\"\" width=\"300\" height=\"225\" srcset=\"https:\/\/blogsaverroes.juntadeandalucia.es\/eielreal\/files\/2019\/04\/thumbnail_IMG-20190426-WA0012-300x225.jpg 300w, https:\/\/blogsaverroes.juntadeandalucia.es\/eielreal\/files\/2019\/04\/thumbnail_IMG-20190426-WA0012-768x576.jpg 768w, https:\/\/blogsaverroes.juntadeandalucia.es\/eielreal\/files\/2019\/04\/thumbnail_IMG-20190426-WA0012-1024x768.jpg 1024w, https:\/\/blogsaverroes.juntadeandalucia.es\/eielreal\/files\/2019\/04\/thumbnail_IMG-20190426-WA0012-700x525.jpg 700w, https:\/\/blogsaverroes.juntadeandalucia.es\/eielreal\/files\/2019\/04\/thumbnail_IMG-20190426-WA0012-24x18.jpg 24w, https:\/\/blogsaverroes.juntadeandalucia.es\/eielreal\/files\/2019\/04\/thumbnail_IMG-20190426-WA0012-36x27.jpg 36w, https:\/\/blogsaverroes.juntadeandalucia.es\/eielreal\/files\/2019\/04\/thumbnail_IMG-20190426-WA0012-48x36.jpg 48w, https:\/\/blogsaverroes.juntadeandalucia.es\/eielreal\/files\/2019\/04\/thumbnail_IMG-20190426-WA0012.jpg 1600w\" sizes=\"(max-width: 300px) 100vw, 300px\" \/><\/a><\/p>\r\n<p>Nuestros alumnos disfrutan mucho los d\u00edas que hacemos los reparto, disfrutan desde el momento que recepcionan la fruta, porque tambi\u00e9n les hacemos part\u00edcipes del reparto.<\/p>\r\n<p><a href=\"https:\/\/blogsaverroes.juntadeandalucia.es\/eielreal\/files\/2021\/02\/cabe43a9-becc-477a-9c9c-16b3b66fedcb.jpg\"><img loading=\"lazy\" decoding=\"async\" class=\"aligncenter size-medium wp-image-28321\" src=\"https:\/\/blogsaverroes.juntadeandalucia.es\/eielreal\/files\/2021\/02\/cabe43a9-becc-477a-9c9c-16b3b66fedcb-300x225.jpg\" alt=\"\" width=\"300\" height=\"225\" srcset=\"https:\/\/blogsaverroes.juntadeandalucia.es\/eielreal\/files\/2021\/02\/cabe43a9-becc-477a-9c9c-16b3b66fedcb-300x225.jpg 300w, https:\/\/blogsaverroes.juntadeandalucia.es\/eielreal\/files\/2021\/02\/cabe43a9-becc-477a-9c9c-16b3b66fedcb-1024x768.jpg 1024w, https:\/\/blogsaverroes.juntadeandalucia.es\/eielreal\/files\/2021\/02\/cabe43a9-becc-477a-9c9c-16b3b66fedcb-768x576.jpg 768w, https:\/\/blogsaverroes.juntadeandalucia.es\/eielreal\/files\/2021\/02\/cabe43a9-becc-477a-9c9c-16b3b66fedcb-1536x1152.jpg 1536w, https:\/\/blogsaverroes.juntadeandalucia.es\/eielreal\/files\/2021\/02\/cabe43a9-becc-477a-9c9c-16b3b66fedcb-700x525.jpg 700w, https:\/\/blogsaverroes.juntadeandalucia.es\/eielreal\/files\/2021\/02\/cabe43a9-becc-477a-9c9c-16b3b66fedcb.jpg 1600w\" sizes=\"(max-width: 300px) 100vw, 300px\" \/><\/a><\/p>\r\n<p>Nuestras se\u00f1os tambi\u00e9n tienen la habilidad de relacionar la tarea con nuestro curriculum de Educaci\u00f3n Infantil y con nuestro centro de inter\u00e9s que estemos trabajando ese d\u00eda en clase con nuestro Plan de Consumo de frutas y los de 3 a\u00f1os\u2026. contaron bolsitas de manzanas e hicieron un reparto por equipos,\u2026. no dieron puntada sin hilo.<\/p>\r\n<p><a href=\"https:\/\/blogsaverroes.juntadeandalucia.es\/eielreal\/files\/2021\/02\/8ae20d5f-b52e-4792-8386-b4316708f821.jpg\"><img loading=\"lazy\" decoding=\"async\" class=\"aligncenter size-medium wp-image-28320\" src=\"https:\/\/blogsaverroes.juntadeandalucia.es\/eielreal\/files\/2021\/02\/8ae20d5f-b52e-4792-8386-b4316708f821-225x300.jpg\" alt=\"\" width=\"225\" height=\"300\" srcset=\"https:\/\/blogsaverroes.juntadeandalucia.es\/eielreal\/files\/2021\/02\/8ae20d5f-b52e-4792-8386-b4316708f821-225x300.jpg 225w, https:\/\/blogsaverroes.juntadeandalucia.es\/eielreal\/files\/2021\/02\/8ae20d5f-b52e-4792-8386-b4316708f821-768x1024.jpg 768w, https:\/\/blogsaverroes.juntadeandalucia.es\/eielreal\/files\/2021\/02\/8ae20d5f-b52e-4792-8386-b4316708f821-1152x1536.jpg 1152w, https:\/\/blogsaverroes.juntadeandalucia.es\/eielreal\/files\/2021\/02\/8ae20d5f-b52e-4792-8386-b4316708f821-700x933.jpg 700w, https:\/\/blogsaverroes.juntadeandalucia.es\/eielreal\/files\/2021\/02\/8ae20d5f-b52e-4792-8386-b4316708f821.jpg 1200w\" sizes=\"(max-width: 225px) 100vw, 225px\" \/><\/a><\/p>\r\n<p>Y\u2026 despu\u00e9s de tanta fruta para ac\u00e1 y para all\u00e1 lleg\u00f3 el momento de com\u00e9rnosla. Os dejamos una peque\u00f1\u00edsima muestra de ello.<\/p>\r\n<p><a href=\"https:\/\/blogsaverroes.juntadeandalucia.es\/eielreal\/files\/2021\/02\/c7a9c055-4dcd-4502-b909-591e6b5577bd.jpg\"><img loading=\"lazy\" decoding=\"async\" class=\"size-medium wp-image-28318 alignnone\" src=\"https:\/\/blogsaverroes.juntadeandalucia.es\/eielreal\/files\/2021\/02\/c7a9c055-4dcd-4502-b909-591e6b5577bd-300x225.jpg\" alt=\"\" width=\"300\" height=\"225\" srcset=\"https:\/\/blogsaverroes.juntadeandalucia.es\/eielreal\/files\/2021\/02\/c7a9c055-4dcd-4502-b909-591e6b5577bd-300x225.jpg 300w, https:\/\/blogsaverroes.juntadeandalucia.es\/eielreal\/files\/2021\/02\/c7a9c055-4dcd-4502-b909-591e6b5577bd-1024x768.jpg 1024w, https:\/\/blogsaverroes.juntadeandalucia.es\/eielreal\/files\/2021\/02\/c7a9c055-4dcd-4502-b909-591e6b5577bd-768x576.jpg 768w, https:\/\/blogsaverroes.juntadeandalucia.es\/eielreal\/files\/2021\/02\/c7a9c055-4dcd-4502-b909-591e6b5577bd-1536x1152.jpg 1536w, https:\/\/blogsaverroes.juntadeandalucia.es\/eielreal\/files\/2021\/02\/c7a9c055-4dcd-4502-b909-591e6b5577bd-700x525.jpg 700w, https:\/\/blogsaverroes.juntadeandalucia.es\/eielreal\/files\/2021\/02\/c7a9c055-4dcd-4502-b909-591e6b5577bd.jpg 1600w\" sizes=\"(max-width: 300px) 100vw, 300px\" \/>\u00a0\u00a0\u00a0\u00a0\u00a0<\/a> <a href=\"https:\/\/blogsaverroes.juntadeandalucia.es\/eielreal\/files\/2021\/02\/ab3b4bbf-da49-4738-a393-923d2880799f.jpg\"><img loading=\"lazy\" decoding=\"async\" class=\"size-medium wp-image-28323 alignnone\" src=\"https:\/\/blogsaverroes.juntadeandalucia.es\/eielreal\/files\/2021\/02\/ab3b4bbf-da49-4738-a393-923d2880799f-300x225.jpg\" alt=\"\" width=\"300\" height=\"225\" srcset=\"https:\/\/blogsaverroes.juntadeandalucia.es\/eielreal\/files\/2021\/02\/ab3b4bbf-da49-4738-a393-923d2880799f-300x225.jpg 300w, https:\/\/blogsaverroes.juntadeandalucia.es\/eielreal\/files\/2021\/02\/ab3b4bbf-da49-4738-a393-923d2880799f-1024x768.jpg 1024w, https:\/\/blogsaverroes.juntadeandalucia.es\/eielreal\/files\/2021\/02\/ab3b4bbf-da49-4738-a393-923d2880799f-768x576.jpg 768w, https:\/\/blogsaverroes.juntadeandalucia.es\/eielreal\/files\/2021\/02\/ab3b4bbf-da49-4738-a393-923d2880799f-1536x1152.jpg 1536w, https:\/\/blogsaverroes.juntadeandalucia.es\/eielreal\/files\/2021\/02\/ab3b4bbf-da49-4738-a393-923d2880799f-700x525.jpg 700w, https:\/\/blogsaverroes.juntadeandalucia.es\/eielreal\/files\/2021\/02\/ab3b4bbf-da49-4738-a393-923d2880799f.jpg 1600w\" sizes=\"(max-width: 300px) 100vw, 300px\" \/><\/a><a href=\"https:\/\/blogsaverroes.juntadeandalucia.es\/eielreal\/files\/2021\/02\/7e11616a-bf0a-4ca2-995e-1f7b11357465.jpg\"><br \/><img loading=\"lazy\" decoding=\"async\" class=\"aligncenter size-medium wp-image-28326\" src=\"https:\/\/blogsaverroes.juntadeandalucia.es\/eielreal\/files\/2021\/02\/7e11616a-bf0a-4ca2-995e-1f7b11357465-300x225.jpg\" alt=\"\" width=\"300\" height=\"225\" srcset=\"https:\/\/blogsaverroes.juntadeandalucia.es\/eielreal\/files\/2021\/02\/7e11616a-bf0a-4ca2-995e-1f7b11357465-300x225.jpg 300w, https:\/\/blogsaverroes.juntadeandalucia.es\/eielreal\/files\/2021\/02\/7e11616a-bf0a-4ca2-995e-1f7b11357465-768x576.jpg 768w, https:\/\/blogsaverroes.juntadeandalucia.es\/eielreal\/files\/2021\/02\/7e11616a-bf0a-4ca2-995e-1f7b11357465-700x525.jpg 700w, https:\/\/blogsaverroes.juntadeandalucia.es\/eielreal\/files\/2021\/02\/7e11616a-bf0a-4ca2-995e-1f7b11357465.jpg 1024w\" sizes=\"(max-width: 300px) 100vw, 300px\" \/><\/a><\/p>\r\n<p>A todos aquellos que han comido fruta los apuntamos en nuestro frutometro mensual.<\/p>\r\n<p><a href=\"https:\/\/blogsaverroes.juntadeandalucia.es\/eielreal\/files\/2021\/02\/fotoefectos.com__final_5974058583705349271_.jpg\"><img loading=\"lazy\" decoding=\"async\" class=\"aligncenter size-medium wp-image-28328\" src=\"https:\/\/blogsaverroes.juntadeandalucia.es\/eielreal\/files\/2021\/02\/fotoefectos.com__final_5974058583705349271_-300x300.jpg\" alt=\"\" width=\"300\" height=\"300\" srcset=\"https:\/\/blogsaverroes.juntadeandalucia.es\/eielreal\/files\/2021\/02\/fotoefectos.com__final_5974058583705349271_-300x300.jpg 300w, https:\/\/blogsaverroes.juntadeandalucia.es\/eielreal\/files\/2021\/02\/fotoefectos.com__final_5974058583705349271_-150x150.jpg 150w, https:\/\/blogsaverroes.juntadeandalucia.es\/eielreal\/files\/2021\/02\/fotoefectos.com__final_5974058583705349271_-432x432.jpg 432w, https:\/\/blogsaverroes.juntadeandalucia.es\/eielreal\/files\/2021\/02\/fotoefectos.com__final_5974058583705349271_-268x268.jpg 268w, https:\/\/blogsaverroes.juntadeandalucia.es\/eielreal\/files\/2021\/02\/fotoefectos.com__final_5974058583705349271_.jpg 612w\" sizes=\"(max-width: 300px) 100vw, 300px\" \/><\/a><\/p>\r\n<p><a href=\"https:\/\/blogsaverroes.juntadeandalucia.es\/eielreal\/files\/2021\/02\/606686f0-9743-4d45-b8dd-3a28e1c82bfd.jpg\"><img loading=\"lazy\" decoding=\"async\" class=\"aligncenter size-medium wp-image-28317\" src=\"https:\/\/blogsaverroes.juntadeandalucia.es\/eielreal\/files\/2021\/02\/606686f0-9743-4d45-b8dd-3a28e1c82bfd-300x225.jpg\" alt=\"\" width=\"300\" height=\"225\" srcset=\"https:\/\/blogsaverroes.juntadeandalucia.es\/eielreal\/files\/2021\/02\/606686f0-9743-4d45-b8dd-3a28e1c82bfd-300x225.jpg 300w, https:\/\/blogsaverroes.juntadeandalucia.es\/eielreal\/files\/2021\/02\/606686f0-9743-4d45-b8dd-3a28e1c82bfd-1024x768.jpg 1024w, https:\/\/blogsaverroes.juntadeandalucia.es\/eielreal\/files\/2021\/02\/606686f0-9743-4d45-b8dd-3a28e1c82bfd-768x576.jpg 768w, https:\/\/blogsaverroes.juntadeandalucia.es\/eielreal\/files\/2021\/02\/606686f0-9743-4d45-b8dd-3a28e1c82bfd-1536x1152.jpg 1536w, https:\/\/blogsaverroes.juntadeandalucia.es\/eielreal\/files\/2021\/02\/606686f0-9743-4d45-b8dd-3a28e1c82bfd-700x525.jpg 700w, https:\/\/blogsaverroes.juntadeandalucia.es\/eielreal\/files\/2021\/02\/606686f0-9743-4d45-b8dd-3a28e1c82bfd.jpg 1600w\" sizes=\"(max-width: 300px) 100vw, 300px\" \/><\/a><\/p>\r\n<p>Sonia Lora. (Coord. Creciendo en Salud)<\/p>\r\n","protected":false},"excerpt":{"rendered":"<p>La infancia es una \u00e9poca clave en la\u00a0instauraci\u00f3n de los h\u00e1bitos alimentarios por lo que es de gran importancia hacer hincapi\u00e9 en la promoci\u00f3n del consumo de frutas y verduras, que se mantengan en&#46;&#46;&#46;<\/p>\n","protected":false},"author":3183,"featured_media":28319,"comment_status":"open","ping_status":"open","sticky":false,"template":"","format":"standard","meta":{"ngg_post_thumbnail":0,"footnotes":""},"categories":[1740549,1740709],"tags":[],"aioseo_notices":[],"_links":{"self":[{"href":"https:\/\/blogsaverroes.juntadeandalucia.es\/eielreal\/wp-json\/wp\/v2\/posts\/28304"}],"collection":[{"href":"https:\/\/blogsaverroes.juntadeandalucia.es\/eielreal\/wp-json\/wp\/v2\/posts"}],"about":[{"href":"https:\/\/blogsaverroes.juntadeandalucia.es\/eielreal\/wp-json\/wp\/v2\/types\/post"}],"author":[{"embeddable":true,"href":"https:\/\/blogsaverroes.juntadeandalucia.es\/eielreal\/wp-json\/wp\/v2\/users\/3183"}],"replies":[{"embeddable":true,"href":"https:\/\/blogsaverroes.juntadeandalucia.es\/eielreal\/wp-json\/wp\/v2\/comments?post=28304"}],"version-history":[{"count":4,"href":"https:\/\/blogsaverroes.juntadeandalucia.es\/eielreal\/wp-json\/wp\/v2\/posts\/28304\/revisions"}],"predecessor-version":[{"id":28329,"href":"https:\/\/blogsaverroes.juntadeandalucia.es\/eielreal\/wp-json\/wp\/v2\/posts\/28304\/revisions\/28329"}],"wp:featuredmedia":[{"embeddable":true,"href":"https:\/\/blogsaverroes.juntadeandalucia.es\/eielreal\/wp-json\/wp\/v2\/media\/28319"}],"wp:attachment":[{"href":"https:\/\/blogsaverroes.juntadeandalucia.es\/eielreal\/wp-json\/wp\/v2\/media?parent=28304"}],"wp:term":[{"taxonomy":"category","embeddable":true,"href":"https:\/\/blogsaverroes.juntadeandalucia.es\/eielreal\/wp-json\/wp\/v2\/categories?post=28304"},{"taxonomy":"post_tag","embeddable":true,"href":"https:\/\/blogsaverroes.juntadeandalucia.es\/eielreal\/wp-json\/wp\/v2\/tags?post=28304"}],"curies":[{"name":"wp","href":"https:\/\/api.w.org\/{rel}","templated":true}]}}