{"id":28743,"date":"2021-03-07T13:10:48","date_gmt":"2021-03-07T13:10:48","guid":{"rendered":"https:\/\/blogsaverroes.juntadeandalucia.es\/eielreal\/?p=28743"},"modified":"2021-03-07T13:10:48","modified_gmt":"2021-03-07T13:10:48","slug":"la-maleta-de-4a","status":"publish","type":"post","link":"https:\/\/blogsaverroes.juntadeandalucia.es\/eielreal\/la-maleta-de-4a\/","title":{"rendered":"LA MALETA DE 4A"},"content":{"rendered":"<p>La maleta viajera es una experiencia compartida entre la Biblioteca del centro y cada una de las aulas de este colegio.<\/p>\n<p><a href=\"https:\/\/blogsaverroes.juntadeandalucia.es\/eielreal\/files\/2021\/03\/9ef2ec55-2abc-4913-beea-bd4db1eb0f44.jpg\"><img loading=\"lazy\" decoding=\"async\" class=\"aligncenter size-medium wp-image-28745\" src=\"https:\/\/blogsaverroes.juntadeandalucia.es\/eielreal\/files\/2021\/03\/9ef2ec55-2abc-4913-beea-bd4db1eb0f44-300x225.jpg\" alt=\"\" width=\"300\" height=\"225\" srcset=\"https:\/\/blogsaverroes.juntadeandalucia.es\/eielreal\/files\/2021\/03\/9ef2ec55-2abc-4913-beea-bd4db1eb0f44-300x225.jpg 300w, https:\/\/blogsaverroes.juntadeandalucia.es\/eielreal\/files\/2021\/03\/9ef2ec55-2abc-4913-beea-bd4db1eb0f44-1024x768.jpg 1024w, https:\/\/blogsaverroes.juntadeandalucia.es\/eielreal\/files\/2021\/03\/9ef2ec55-2abc-4913-beea-bd4db1eb0f44-768x576.jpg 768w, https:\/\/blogsaverroes.juntadeandalucia.es\/eielreal\/files\/2021\/03\/9ef2ec55-2abc-4913-beea-bd4db1eb0f44-1536x1152.jpg 1536w, https:\/\/blogsaverroes.juntadeandalucia.es\/eielreal\/files\/2021\/03\/9ef2ec55-2abc-4913-beea-bd4db1eb0f44-700x525.jpg 700w, https:\/\/blogsaverroes.juntadeandalucia.es\/eielreal\/files\/2021\/03\/9ef2ec55-2abc-4913-beea-bd4db1eb0f44.jpg 1600w\" sizes=\"(max-width: 300px) 100vw, 300px\" \/><\/a><\/p>\n<p><strong>\u00bfQu\u00e9 es?\u00a0 <\/strong>La \u201cmaleta viajera\u201d es un recurso escolar que permite potenciar el fomento de la lectura. Entre sus puntos fuertes est\u00e1 el de que es una manera de motivar a los ni\u00f1os para que se hallen predispuestos a leer. Se trata de una maleta que contiene diversos materiales impresos que va viajando durante un tiempo estipulado de clase en clase, para disfrute de todos.<\/p>\n<p><a href=\"https:\/\/blogsaverroes.juntadeandalucia.es\/eielreal\/files\/2021\/03\/a64f91db-cf55-4354-b005-e16fec7e128e.jpg\"><img loading=\"lazy\" decoding=\"async\" class=\"size-medium wp-image-28752 alignnone\" src=\"https:\/\/blogsaverroes.juntadeandalucia.es\/eielreal\/files\/2021\/03\/a64f91db-cf55-4354-b005-e16fec7e128e-300x225.jpg\" alt=\"\" width=\"300\" height=\"225\" srcset=\"https:\/\/blogsaverroes.juntadeandalucia.es\/eielreal\/files\/2021\/03\/a64f91db-cf55-4354-b005-e16fec7e128e-300x225.jpg 300w, https:\/\/blogsaverroes.juntadeandalucia.es\/eielreal\/files\/2021\/03\/a64f91db-cf55-4354-b005-e16fec7e128e-1024x768.jpg 1024w, https:\/\/blogsaverroes.juntadeandalucia.es\/eielreal\/files\/2021\/03\/a64f91db-cf55-4354-b005-e16fec7e128e-768x576.jpg 768w, https:\/\/blogsaverroes.juntadeandalucia.es\/eielreal\/files\/2021\/03\/a64f91db-cf55-4354-b005-e16fec7e128e-1536x1152.jpg 1536w, https:\/\/blogsaverroes.juntadeandalucia.es\/eielreal\/files\/2021\/03\/a64f91db-cf55-4354-b005-e16fec7e128e-700x525.jpg 700w, https:\/\/blogsaverroes.juntadeandalucia.es\/eielreal\/files\/2021\/03\/a64f91db-cf55-4354-b005-e16fec7e128e.jpg 1600w\" sizes=\"(max-width: 300px) 100vw, 300px\" \/>\u00a0\u00a0\u00a0<\/a> <a href=\"https:\/\/blogsaverroes.juntadeandalucia.es\/eielreal\/files\/2021\/03\/977b5057-46bd-4419-9dfc-87517b005671.jpg\"><img loading=\"lazy\" decoding=\"async\" class=\"size-medium wp-image-28750 alignnone\" src=\"https:\/\/blogsaverroes.juntadeandalucia.es\/eielreal\/files\/2021\/03\/977b5057-46bd-4419-9dfc-87517b005671-300x225.jpg\" alt=\"\" width=\"300\" height=\"225\" srcset=\"https:\/\/blogsaverroes.juntadeandalucia.es\/eielreal\/files\/2021\/03\/977b5057-46bd-4419-9dfc-87517b005671-300x225.jpg 300w, https:\/\/blogsaverroes.juntadeandalucia.es\/eielreal\/files\/2021\/03\/977b5057-46bd-4419-9dfc-87517b005671-1024x768.jpg 1024w, https:\/\/blogsaverroes.juntadeandalucia.es\/eielreal\/files\/2021\/03\/977b5057-46bd-4419-9dfc-87517b005671-768x576.jpg 768w, https:\/\/blogsaverroes.juntadeandalucia.es\/eielreal\/files\/2021\/03\/977b5057-46bd-4419-9dfc-87517b005671-1536x1152.jpg 1536w, https:\/\/blogsaverroes.juntadeandalucia.es\/eielreal\/files\/2021\/03\/977b5057-46bd-4419-9dfc-87517b005671-700x525.jpg 700w, https:\/\/blogsaverroes.juntadeandalucia.es\/eielreal\/files\/2021\/03\/977b5057-46bd-4419-9dfc-87517b005671.jpg 1600w\" sizes=\"(max-width: 300px) 100vw, 300px\" \/><\/a> <a href=\"https:\/\/blogsaverroes.juntadeandalucia.es\/eielreal\/files\/2021\/03\/475d12d8-d121-42ae-b05c-37f6330475be.jpg\"><img loading=\"lazy\" decoding=\"async\" class=\"aligncenter size-medium wp-image-28748\" src=\"https:\/\/blogsaverroes.juntadeandalucia.es\/eielreal\/files\/2021\/03\/475d12d8-d121-42ae-b05c-37f6330475be-300x225.jpg\" alt=\"\" width=\"300\" height=\"225\" srcset=\"https:\/\/blogsaverroes.juntadeandalucia.es\/eielreal\/files\/2021\/03\/475d12d8-d121-42ae-b05c-37f6330475be-300x225.jpg 300w, https:\/\/blogsaverroes.juntadeandalucia.es\/eielreal\/files\/2021\/03\/475d12d8-d121-42ae-b05c-37f6330475be-1024x768.jpg 1024w, https:\/\/blogsaverroes.juntadeandalucia.es\/eielreal\/files\/2021\/03\/475d12d8-d121-42ae-b05c-37f6330475be-768x576.jpg 768w, https:\/\/blogsaverroes.juntadeandalucia.es\/eielreal\/files\/2021\/03\/475d12d8-d121-42ae-b05c-37f6330475be-1536x1152.jpg 1536w, https:\/\/blogsaverroes.juntadeandalucia.es\/eielreal\/files\/2021\/03\/475d12d8-d121-42ae-b05c-37f6330475be-700x525.jpg 700w, https:\/\/blogsaverroes.juntadeandalucia.es\/eielreal\/files\/2021\/03\/475d12d8-d121-42ae-b05c-37f6330475be.jpg 1600w\" sizes=\"(max-width: 300px) 100vw, 300px\" \/><\/a><\/p>\n<p><strong>\u00bfPara qu\u00e9 sirve?<\/strong><\/p>\n<ul>\n<li>Hace llegar a los alumnos materiales muy interesantes de la Biblioteca Escolar.<\/li>\n<li>Motiva tanto a los ni\u00f1os y ni\u00f1as de la clase como al profesorado a compartir momentos de lectura, comunicaci\u00f3n y afecto.<\/li>\n<li>Hace sentir al ni\u00f1o o ni\u00f1a cierto protagonismo dentro de la actividad.<\/li>\n<li>Genera situaciones compartidas de expresi\u00f3n de opiniones, sentimientos, emociones,\u00a0 lectura, visualizaci\u00f3n de videos, audici\u00f3n de canciones, fomenta la creatividad&#8230;<\/li>\n<\/ul>\n<p>Un ni\u00f1o al que desde peque\u00f1o se le ha habituado a la escucha de cuentos, la lectura en voz alta\u2026. que ve como sus compa\u00f1eros y maestras disfrutan de la lectura, es un lector en potencia.<\/p>\n<p><a href=\"https:\/\/blogsaverroes.juntadeandalucia.es\/eielreal\/files\/2021\/03\/05299407-31b8-44fb-974f-5719861ff1ef.jpg\"><img loading=\"lazy\" decoding=\"async\" class=\"aligncenter size-medium wp-image-28751\" src=\"https:\/\/blogsaverroes.juntadeandalucia.es\/eielreal\/files\/2021\/03\/05299407-31b8-44fb-974f-5719861ff1ef-300x225.jpg\" alt=\"\" width=\"300\" height=\"225\" srcset=\"https:\/\/blogsaverroes.juntadeandalucia.es\/eielreal\/files\/2021\/03\/05299407-31b8-44fb-974f-5719861ff1ef-300x225.jpg 300w, https:\/\/blogsaverroes.juntadeandalucia.es\/eielreal\/files\/2021\/03\/05299407-31b8-44fb-974f-5719861ff1ef-1024x768.jpg 1024w, https:\/\/blogsaverroes.juntadeandalucia.es\/eielreal\/files\/2021\/03\/05299407-31b8-44fb-974f-5719861ff1ef-768x576.jpg 768w, https:\/\/blogsaverroes.juntadeandalucia.es\/eielreal\/files\/2021\/03\/05299407-31b8-44fb-974f-5719861ff1ef-1536x1152.jpg 1536w, https:\/\/blogsaverroes.juntadeandalucia.es\/eielreal\/files\/2021\/03\/05299407-31b8-44fb-974f-5719861ff1ef-700x525.jpg 700w, https:\/\/blogsaverroes.juntadeandalucia.es\/eielreal\/files\/2021\/03\/05299407-31b8-44fb-974f-5719861ff1ef.jpg 1600w\" sizes=\"(max-width: 300px) 100vw, 300px\" \/><\/a><\/p>\n<p>Los ni\u00f1os que leen de forma habitual aumentan su vocabulario, entienden con m\u00e1s facilidad los enunciados de los ejercicios o los contenidos de clase, poseen una capacidad de atenci\u00f3n y concentraci\u00f3n m\u00e1s elevada y tienen un buen recurso para dejar volar la imaginaci\u00f3n y vencer el aburrimiento.<\/p>\n<p><a href=\"https:\/\/blogsaverroes.juntadeandalucia.es\/eielreal\/files\/2021\/03\/970f4b94-08ae-4a4e-b0f4-3c9ede4e4148.jpg\"><img loading=\"lazy\" decoding=\"async\" class=\"aligncenter size-medium wp-image-28749\" src=\"https:\/\/blogsaverroes.juntadeandalucia.es\/eielreal\/files\/2021\/03\/970f4b94-08ae-4a4e-b0f4-3c9ede4e4148-300x225.jpg\" alt=\"\" width=\"300\" height=\"225\" srcset=\"https:\/\/blogsaverroes.juntadeandalucia.es\/eielreal\/files\/2021\/03\/970f4b94-08ae-4a4e-b0f4-3c9ede4e4148-300x225.jpg 300w, https:\/\/blogsaverroes.juntadeandalucia.es\/eielreal\/files\/2021\/03\/970f4b94-08ae-4a4e-b0f4-3c9ede4e4148-1024x768.jpg 1024w, https:\/\/blogsaverroes.juntadeandalucia.es\/eielreal\/files\/2021\/03\/970f4b94-08ae-4a4e-b0f4-3c9ede4e4148-768x576.jpg 768w, https:\/\/blogsaverroes.juntadeandalucia.es\/eielreal\/files\/2021\/03\/970f4b94-08ae-4a4e-b0f4-3c9ede4e4148-1536x1152.jpg 1536w, https:\/\/blogsaverroes.juntadeandalucia.es\/eielreal\/files\/2021\/03\/970f4b94-08ae-4a4e-b0f4-3c9ede4e4148-700x525.jpg 700w, https:\/\/blogsaverroes.juntadeandalucia.es\/eielreal\/files\/2021\/03\/970f4b94-08ae-4a4e-b0f4-3c9ede4e4148.jpg 1600w\" sizes=\"(max-width: 300px) 100vw, 300px\" \/><\/a><\/p>\n<p>Despu\u00e9s de cada cuento toca plasmar en un papel un dibujo que recoja lo m\u00e1s importante del cuento o aquello que nos haya resultado m\u00e1s representativo. Esto es lo que hacen nuestros peque\u00f1os artistas, en este caso con respecto al libro de \u201cELMER\u201d<\/p>\n<p><a href=\"https:\/\/blogsaverroes.juntadeandalucia.es\/eielreal\/files\/2021\/03\/8b7338e4-ab59-45ea-a87b-aabf0acbf31b-e1615122335401.jpg\"><img loading=\"lazy\" decoding=\"async\" class=\"size-medium wp-image-28744 alignnone\" src=\"https:\/\/blogsaverroes.juntadeandalucia.es\/eielreal\/files\/2021\/03\/8b7338e4-ab59-45ea-a87b-aabf0acbf31b-e1615122335401-300x225.jpg\" alt=\"\" width=\"300\" height=\"225\" srcset=\"https:\/\/blogsaverroes.juntadeandalucia.es\/eielreal\/files\/2021\/03\/8b7338e4-ab59-45ea-a87b-aabf0acbf31b-e1615122335401-300x225.jpg 300w, https:\/\/blogsaverroes.juntadeandalucia.es\/eielreal\/files\/2021\/03\/8b7338e4-ab59-45ea-a87b-aabf0acbf31b-e1615122335401-1024x768.jpg 1024w, https:\/\/blogsaverroes.juntadeandalucia.es\/eielreal\/files\/2021\/03\/8b7338e4-ab59-45ea-a87b-aabf0acbf31b-e1615122335401-768x576.jpg 768w, https:\/\/blogsaverroes.juntadeandalucia.es\/eielreal\/files\/2021\/03\/8b7338e4-ab59-45ea-a87b-aabf0acbf31b-e1615122335401-1536x1152.jpg 1536w, https:\/\/blogsaverroes.juntadeandalucia.es\/eielreal\/files\/2021\/03\/8b7338e4-ab59-45ea-a87b-aabf0acbf31b-e1615122335401-700x525.jpg 700w, https:\/\/blogsaverroes.juntadeandalucia.es\/eielreal\/files\/2021\/03\/8b7338e4-ab59-45ea-a87b-aabf0acbf31b-e1615122335401.jpg 1600w\" sizes=\"(max-width: 300px) 100vw, 300px\" \/>\u00a0\u00a0\u00a0<\/a> <a href=\"https:\/\/blogsaverroes.juntadeandalucia.es\/eielreal\/files\/2021\/03\/56fe3bec-85f4-4198-883d-a27b7ff063d9.jpg\"><img loading=\"lazy\" decoding=\"async\" class=\"size-medium wp-image-28746 alignnone\" src=\"https:\/\/blogsaverroes.juntadeandalucia.es\/eielreal\/files\/2021\/03\/56fe3bec-85f4-4198-883d-a27b7ff063d9-300x225.jpg\" alt=\"\" width=\"300\" height=\"225\" srcset=\"https:\/\/blogsaverroes.juntadeandalucia.es\/eielreal\/files\/2021\/03\/56fe3bec-85f4-4198-883d-a27b7ff063d9-300x225.jpg 300w, https:\/\/blogsaverroes.juntadeandalucia.es\/eielreal\/files\/2021\/03\/56fe3bec-85f4-4198-883d-a27b7ff063d9-1024x768.jpg 1024w, https:\/\/blogsaverroes.juntadeandalucia.es\/eielreal\/files\/2021\/03\/56fe3bec-85f4-4198-883d-a27b7ff063d9-768x576.jpg 768w, https:\/\/blogsaverroes.juntadeandalucia.es\/eielreal\/files\/2021\/03\/56fe3bec-85f4-4198-883d-a27b7ff063d9-1536x1152.jpg 1536w, https:\/\/blogsaverroes.juntadeandalucia.es\/eielreal\/files\/2021\/03\/56fe3bec-85f4-4198-883d-a27b7ff063d9-700x525.jpg 700w, https:\/\/blogsaverroes.juntadeandalucia.es\/eielreal\/files\/2021\/03\/56fe3bec-85f4-4198-883d-a27b7ff063d9.jpg 1600w\" sizes=\"(max-width: 300px) 100vw, 300px\" \/><\/a> <a href=\"https:\/\/blogsaverroes.juntadeandalucia.es\/eielreal\/files\/2021\/03\/fadafc9b-f607-437d-81df-8816f63aea98.jpg\"><img loading=\"lazy\" decoding=\"async\" class=\"aligncenter size-medium wp-image-28753\" src=\"https:\/\/blogsaverroes.juntadeandalucia.es\/eielreal\/files\/2021\/03\/fadafc9b-f607-437d-81df-8816f63aea98-300x225.jpg\" alt=\"\" width=\"300\" height=\"225\" srcset=\"https:\/\/blogsaverroes.juntadeandalucia.es\/eielreal\/files\/2021\/03\/fadafc9b-f607-437d-81df-8816f63aea98-300x225.jpg 300w, https:\/\/blogsaverroes.juntadeandalucia.es\/eielreal\/files\/2021\/03\/fadafc9b-f607-437d-81df-8816f63aea98-1024x768.jpg 1024w, https:\/\/blogsaverroes.juntadeandalucia.es\/eielreal\/files\/2021\/03\/fadafc9b-f607-437d-81df-8816f63aea98-768x576.jpg 768w, https:\/\/blogsaverroes.juntadeandalucia.es\/eielreal\/files\/2021\/03\/fadafc9b-f607-437d-81df-8816f63aea98-1536x1152.jpg 1536w, https:\/\/blogsaverroes.juntadeandalucia.es\/eielreal\/files\/2021\/03\/fadafc9b-f607-437d-81df-8816f63aea98-700x525.jpg 700w, https:\/\/blogsaverroes.juntadeandalucia.es\/eielreal\/files\/2021\/03\/fadafc9b-f607-437d-81df-8816f63aea98.jpg 1600w\" sizes=\"(max-width: 300px) 100vw, 300px\" \/><\/a><\/p>\n<p>Si al ni\u00f1o le gusta leer fomentemos su afici\u00f3n. Si por el contrario considera la lectura como algo aburrido no debemos rendirnos, quiz\u00e1 no ha encontrado los contenidos adecuados con un poco de paciencia y sutileza todo es posible.<\/p>\n<p>Gracia Grac\u00eda<\/p>\n","protected":false},"excerpt":{"rendered":"<p>La maleta viajera es una experiencia compartida entre la Biblioteca del centro y cada una de las aulas de este colegio. \u00bfQu\u00e9 es?\u00a0 La \u201cmaleta viajera\u201d es un recurso escolar que permite potenciar el&#46;&#46;&#46;<\/p>\n","protected":false},"author":3183,"featured_media":28745,"comment_status":"open","ping_status":"open","sticky":false,"template":"","format":"standard","meta":{"ngg_post_thumbnail":0,"footnotes":""},"categories":[1740549,1740551],"tags":[],"aioseo_notices":[],"_links":{"self":[{"href":"https:\/\/blogsaverroes.juntadeandalucia.es\/eielreal\/wp-json\/wp\/v2\/posts\/28743"}],"collection":[{"href":"https:\/\/blogsaverroes.juntadeandalucia.es\/eielreal\/wp-json\/wp\/v2\/posts"}],"about":[{"href":"https:\/\/blogsaverroes.juntadeandalucia.es\/eielreal\/wp-json\/wp\/v2\/types\/post"}],"author":[{"embeddable":true,"href":"https:\/\/blogsaverroes.juntadeandalucia.es\/eielreal\/wp-json\/wp\/v2\/users\/3183"}],"replies":[{"embeddable":true,"href":"https:\/\/blogsaverroes.juntadeandalucia.es\/eielreal\/wp-json\/wp\/v2\/comments?post=28743"}],"version-history":[{"count":1,"href":"https:\/\/blogsaverroes.juntadeandalucia.es\/eielreal\/wp-json\/wp\/v2\/posts\/28743\/revisions"}],"predecessor-version":[{"id":28754,"href":"https:\/\/blogsaverroes.juntadeandalucia.es\/eielreal\/wp-json\/wp\/v2\/posts\/28743\/revisions\/28754"}],"wp:featuredmedia":[{"embeddable":true,"href":"https:\/\/blogsaverroes.juntadeandalucia.es\/eielreal\/wp-json\/wp\/v2\/media\/28745"}],"wp:attachment":[{"href":"https:\/\/blogsaverroes.juntadeandalucia.es\/eielreal\/wp-json\/wp\/v2\/media?parent=28743"}],"wp:term":[{"taxonomy":"category","embeddable":true,"href":"https:\/\/blogsaverroes.juntadeandalucia.es\/eielreal\/wp-json\/wp\/v2\/categories?post=28743"},{"taxonomy":"post_tag","embeddable":true,"href":"https:\/\/blogsaverroes.juntadeandalucia.es\/eielreal\/wp-json\/wp\/v2\/tags?post=28743"}],"curies":[{"name":"wp","href":"https:\/\/api.w.org\/{rel}","templated":true}]}}