{"id":28933,"date":"2021-03-27T23:05:06","date_gmt":"2021-03-27T23:05:06","guid":{"rendered":"https:\/\/blogsaverroes.juntadeandalucia.es\/eielreal\/?p=28933"},"modified":"2021-03-27T23:05:06","modified_gmt":"2021-03-27T23:05:06","slug":"actividades-semana-santa","status":"publish","type":"post","link":"https:\/\/blogsaverroes.juntadeandalucia.es\/eielreal\/actividades-semana-santa\/","title":{"rendered":"ACTIVIDADES SEMANA SANTA"},"content":{"rendered":"<p>Una vez m\u00e1s nos toca adaptarnos a las circunstancias, ahora lo hacemos con las actividades relacionadas con la <strong>Semana Santa<\/strong>. Como con otras actividades no hemos escatimado en esfuerzos y en ilusi\u00f3n.<\/p>\n<p>Empezamos preparando unos preciosos grupos de nazarenos, nazarenos de <strong>Hermandades de Carmona<\/strong>. Para ello nos hemos tenido que informar de todas y cada una de las Hermandades que habitualmente procesionan en nuestra ciudad.<a href=\"https:\/\/blogsaverroes.juntadeandalucia.es\/eielreal\/files\/2021\/03\/b1f8b5a9-13c5-412b-8cb6-3dc98a575531.jpg\"><img loading=\"lazy\" decoding=\"async\" class=\"aligncenter size-medium wp-image-28961\" src=\"https:\/\/blogsaverroes.juntadeandalucia.es\/eielreal\/files\/2021\/03\/b1f8b5a9-13c5-412b-8cb6-3dc98a575531-300x225.jpg\" alt=\"\" width=\"300\" height=\"225\" srcset=\"https:\/\/blogsaverroes.juntadeandalucia.es\/eielreal\/files\/2021\/03\/b1f8b5a9-13c5-412b-8cb6-3dc98a575531-300x225.jpg 300w, https:\/\/blogsaverroes.juntadeandalucia.es\/eielreal\/files\/2021\/03\/b1f8b5a9-13c5-412b-8cb6-3dc98a575531-1024x768.jpg 1024w, https:\/\/blogsaverroes.juntadeandalucia.es\/eielreal\/files\/2021\/03\/b1f8b5a9-13c5-412b-8cb6-3dc98a575531-768x576.jpg 768w, https:\/\/blogsaverroes.juntadeandalucia.es\/eielreal\/files\/2021\/03\/b1f8b5a9-13c5-412b-8cb6-3dc98a575531-1536x1152.jpg 1536w, https:\/\/blogsaverroes.juntadeandalucia.es\/eielreal\/files\/2021\/03\/b1f8b5a9-13c5-412b-8cb6-3dc98a575531-700x525.jpg 700w, https:\/\/blogsaverroes.juntadeandalucia.es\/eielreal\/files\/2021\/03\/b1f8b5a9-13c5-412b-8cb6-3dc98a575531.jpg 1600w\" sizes=\"(max-width: 300px) 100vw, 300px\" \/><\/a><\/p>\n<p>Estos nazarenos acompa\u00f1an a pasos de Cristos y Virgenes en una maravillosa exposici\u00f3n montada por nuestro <strong>AMPA Real-Karmo<\/strong>. Se\u00f1alar que estos pasos han sido elaborados por nuestras familias en casa. Esta exposici\u00f3n est\u00e1 ordenada cronol\u00f3gicamente desde el Domingo de Ramos hasta el Domingo de Resurrecci\u00f3n.<\/p>\n<p><a href=\"https:\/\/blogsaverroes.juntadeandalucia.es\/eielreal\/files\/2021\/03\/1ec5fb15-d906-4340-9cd8-e0cb38b13f00.jpg\"><img loading=\"lazy\" decoding=\"async\" class=\"aligncenter size-medium wp-image-28956\" src=\"https:\/\/blogsaverroes.juntadeandalucia.es\/eielreal\/files\/2021\/03\/1ec5fb15-d906-4340-9cd8-e0cb38b13f00-300x225.jpg\" alt=\"\" width=\"300\" height=\"225\" srcset=\"https:\/\/blogsaverroes.juntadeandalucia.es\/eielreal\/files\/2021\/03\/1ec5fb15-d906-4340-9cd8-e0cb38b13f00-300x225.jpg 300w, https:\/\/blogsaverroes.juntadeandalucia.es\/eielreal\/files\/2021\/03\/1ec5fb15-d906-4340-9cd8-e0cb38b13f00-1024x768.jpg 1024w, https:\/\/blogsaverroes.juntadeandalucia.es\/eielreal\/files\/2021\/03\/1ec5fb15-d906-4340-9cd8-e0cb38b13f00-768x576.jpg 768w, https:\/\/blogsaverroes.juntadeandalucia.es\/eielreal\/files\/2021\/03\/1ec5fb15-d906-4340-9cd8-e0cb38b13f00-1536x1152.jpg 1536w, https:\/\/blogsaverroes.juntadeandalucia.es\/eielreal\/files\/2021\/03\/1ec5fb15-d906-4340-9cd8-e0cb38b13f00-700x525.jpg 700w, https:\/\/blogsaverroes.juntadeandalucia.es\/eielreal\/files\/2021\/03\/1ec5fb15-d906-4340-9cd8-e0cb38b13f00.jpg 1600w\" sizes=\"(max-width: 300px) 100vw, 300px\" \/><\/a><\/p>\n<p>Este<strong> rinc\u00f3n cofrade<\/strong> es fruto de horas de trabajo de este nuestro<strong> AMPA<\/strong> que tanto tiempo y dedicaci\u00f3n nos regala, adem\u00e1s de buen\u00edsimas ideas.<strong> \u00a1Gracias!<\/strong><\/p>\n<p><a href=\"https:\/\/blogsaverroes.juntadeandalucia.es\/eielreal\/files\/2021\/03\/f145c67f-db23-4367-8132-3ad1ca4d446b.jpg\"><img loading=\"lazy\" decoding=\"async\" class=\"aligncenter size-medium wp-image-28964\" src=\"https:\/\/blogsaverroes.juntadeandalucia.es\/eielreal\/files\/2021\/03\/f145c67f-db23-4367-8132-3ad1ca4d446b-225x300.jpg\" alt=\"\" width=\"225\" height=\"300\" srcset=\"https:\/\/blogsaverroes.juntadeandalucia.es\/eielreal\/files\/2021\/03\/f145c67f-db23-4367-8132-3ad1ca4d446b-225x300.jpg 225w, https:\/\/blogsaverroes.juntadeandalucia.es\/eielreal\/files\/2021\/03\/f145c67f-db23-4367-8132-3ad1ca4d446b-768x1023.jpg 768w, https:\/\/blogsaverroes.juntadeandalucia.es\/eielreal\/files\/2021\/03\/f145c67f-db23-4367-8132-3ad1ca4d446b-1153x1536.jpg 1153w, https:\/\/blogsaverroes.juntadeandalucia.es\/eielreal\/files\/2021\/03\/f145c67f-db23-4367-8132-3ad1ca4d446b-700x933.jpg 700w, https:\/\/blogsaverroes.juntadeandalucia.es\/eielreal\/files\/2021\/03\/f145c67f-db23-4367-8132-3ad1ca4d446b.jpg 1200w\" sizes=\"(max-width: 225px) 100vw, 225px\" \/><\/a><\/p>\n<p>Los grupos han ido pasando durante estos d\u00edas para observar y enriquecernos de esta cultura\u00a0 y tradici\u00f3n tan arraigada en nuestra ciudad.<\/p>\n<p><a href=\"https:\/\/blogsaverroes.juntadeandalucia.es\/eielreal\/files\/2021\/03\/a3c36810-019a-4a4b-a2ad-ae7eaef445c9.jpg\"><img loading=\"lazy\" decoding=\"async\" class=\"size-medium wp-image-28960 alignnone\" src=\"https:\/\/blogsaverroes.juntadeandalucia.es\/eielreal\/files\/2021\/03\/a3c36810-019a-4a4b-a2ad-ae7eaef445c9-300x225.jpg\" alt=\"\" width=\"300\" height=\"225\" srcset=\"https:\/\/blogsaverroes.juntadeandalucia.es\/eielreal\/files\/2021\/03\/a3c36810-019a-4a4b-a2ad-ae7eaef445c9-300x225.jpg 300w, https:\/\/blogsaverroes.juntadeandalucia.es\/eielreal\/files\/2021\/03\/a3c36810-019a-4a4b-a2ad-ae7eaef445c9-1024x768.jpg 1024w, https:\/\/blogsaverroes.juntadeandalucia.es\/eielreal\/files\/2021\/03\/a3c36810-019a-4a4b-a2ad-ae7eaef445c9-768x576.jpg 768w, https:\/\/blogsaverroes.juntadeandalucia.es\/eielreal\/files\/2021\/03\/a3c36810-019a-4a4b-a2ad-ae7eaef445c9-1536x1152.jpg 1536w, https:\/\/blogsaverroes.juntadeandalucia.es\/eielreal\/files\/2021\/03\/a3c36810-019a-4a4b-a2ad-ae7eaef445c9-700x525.jpg 700w, https:\/\/blogsaverroes.juntadeandalucia.es\/eielreal\/files\/2021\/03\/a3c36810-019a-4a4b-a2ad-ae7eaef445c9.jpg 1600w\" sizes=\"(max-width: 300px) 100vw, 300px\" \/>\u00a0\u00a0\u00a0<\/a> <a href=\"https:\/\/blogsaverroes.juntadeandalucia.es\/eielreal\/files\/2021\/03\/193eda79-af13-4bc9-8da6-6740fe503f58.jpg\"><img loading=\"lazy\" decoding=\"async\" class=\"size-medium wp-image-28958 alignnone\" src=\"https:\/\/blogsaverroes.juntadeandalucia.es\/eielreal\/files\/2021\/03\/193eda79-af13-4bc9-8da6-6740fe503f58-300x225.jpg\" alt=\"\" width=\"300\" height=\"225\" srcset=\"https:\/\/blogsaverroes.juntadeandalucia.es\/eielreal\/files\/2021\/03\/193eda79-af13-4bc9-8da6-6740fe503f58-300x225.jpg 300w, https:\/\/blogsaverroes.juntadeandalucia.es\/eielreal\/files\/2021\/03\/193eda79-af13-4bc9-8da6-6740fe503f58-1024x768.jpg 1024w, https:\/\/blogsaverroes.juntadeandalucia.es\/eielreal\/files\/2021\/03\/193eda79-af13-4bc9-8da6-6740fe503f58-768x576.jpg 768w, https:\/\/blogsaverroes.juntadeandalucia.es\/eielreal\/files\/2021\/03\/193eda79-af13-4bc9-8da6-6740fe503f58-1536x1152.jpg 1536w, https:\/\/blogsaverroes.juntadeandalucia.es\/eielreal\/files\/2021\/03\/193eda79-af13-4bc9-8da6-6740fe503f58-700x525.jpg 700w, https:\/\/blogsaverroes.juntadeandalucia.es\/eielreal\/files\/2021\/03\/193eda79-af13-4bc9-8da6-6740fe503f58.jpg 1600w\" sizes=\"(max-width: 300px) 100vw, 300px\" \/><\/a><\/p>\n<p>Como sab\u00e9is otros a\u00f1os nos hemos organizado y hemos montado una procesi\u00f3n y hemos salido del cole, este a\u00f1o nuestros pasos se han vuelto a montar para disfrute de nuestros ni\u00f1os.<\/p>\n<p><a href=\"https:\/\/blogsaverroes.juntadeandalucia.es\/eielreal\/files\/2021\/03\/f430571c-96c4-4926-a3d9-641efa747a32-1.jpg\"><img loading=\"lazy\" decoding=\"async\" class=\"size-medium wp-image-28968 alignnone\" src=\"https:\/\/blogsaverroes.juntadeandalucia.es\/eielreal\/files\/2021\/03\/f430571c-96c4-4926-a3d9-641efa747a32-1-225x300.jpg\" alt=\"\" width=\"225\" height=\"300\" srcset=\"https:\/\/blogsaverroes.juntadeandalucia.es\/eielreal\/files\/2021\/03\/f430571c-96c4-4926-a3d9-641efa747a32-1-225x300.jpg 225w, https:\/\/blogsaverroes.juntadeandalucia.es\/eielreal\/files\/2021\/03\/f430571c-96c4-4926-a3d9-641efa747a32-1-768x1023.jpg 768w, https:\/\/blogsaverroes.juntadeandalucia.es\/eielreal\/files\/2021\/03\/f430571c-96c4-4926-a3d9-641efa747a32-1-1153x1536.jpg 1153w, https:\/\/blogsaverroes.juntadeandalucia.es\/eielreal\/files\/2021\/03\/f430571c-96c4-4926-a3d9-641efa747a32-1-700x933.jpg 700w, https:\/\/blogsaverroes.juntadeandalucia.es\/eielreal\/files\/2021\/03\/f430571c-96c4-4926-a3d9-641efa747a32-1.jpg 1200w\" sizes=\"(max-width: 225px) 100vw, 225px\" \/>\u00a0\u00a0\u00a0<\/a> <a href=\"https:\/\/blogsaverroes.juntadeandalucia.es\/eielreal\/files\/2021\/03\/bd17eb06-9f17-4f95-a74c-750722faf25f.jpg\"><img loading=\"lazy\" decoding=\"async\" class=\"size-medium wp-image-28969 alignnone\" src=\"https:\/\/blogsaverroes.juntadeandalucia.es\/eielreal\/files\/2021\/03\/bd17eb06-9f17-4f95-a74c-750722faf25f-225x300.jpg\" alt=\"\" width=\"225\" height=\"300\" srcset=\"https:\/\/blogsaverroes.juntadeandalucia.es\/eielreal\/files\/2021\/03\/bd17eb06-9f17-4f95-a74c-750722faf25f-225x300.jpg 225w, https:\/\/blogsaverroes.juntadeandalucia.es\/eielreal\/files\/2021\/03\/bd17eb06-9f17-4f95-a74c-750722faf25f-768x1023.jpg 768w, https:\/\/blogsaverroes.juntadeandalucia.es\/eielreal\/files\/2021\/03\/bd17eb06-9f17-4f95-a74c-750722faf25f-1153x1536.jpg 1153w, https:\/\/blogsaverroes.juntadeandalucia.es\/eielreal\/files\/2021\/03\/bd17eb06-9f17-4f95-a74c-750722faf25f-700x933.jpg 700w, https:\/\/blogsaverroes.juntadeandalucia.es\/eielreal\/files\/2021\/03\/bd17eb06-9f17-4f95-a74c-750722faf25f.jpg 1200w\" sizes=\"(max-width: 225px) 100vw, 225px\" \/><\/a><\/p>\n<p>No nos ha faltado ni la tradicional saeta para familiarizar a nuestro alumnado\u00a0 a la tradicional m\u00fasica de Semana Santa. La saeta que vais a ver y\u00a0 a escuchar viene de la mano de una madre de nuestro cole.<\/p>\n<p><iframe loading=\"lazy\" title=\"SAETAALBA\" width=\"500\" height=\"281\" src=\"https:\/\/www.youtube.com\/embed\/NiP2teCNsA8?feature=oembed&#038;wmode=opaque\" frameborder=\"0\" allow=\"accelerometer; autoplay; clipboard-write; encrypted-media; gyroscope; picture-in-picture; web-share\" referrerpolicy=\"strict-origin-when-cross-origin\" allowfullscreen><\/iframe><\/p>\n<p>Nuestros pasos han procesionado por los pasillos para que a modo de carrera oficial pudieran ser observados por todos.<\/p>\n<p><iframe loading=\"lazy\" title=\"SEMANASANTA2021BIS\" width=\"500\" height=\"281\" src=\"https:\/\/www.youtube.com\/embed\/5KtUiuhJwsk?feature=oembed&#038;wmode=opaque\" frameborder=\"0\" allow=\"accelerometer; autoplay; clipboard-write; encrypted-media; gyroscope; picture-in-picture; web-share\" referrerpolicy=\"strict-origin-when-cross-origin\" allowfullscreen><\/iframe><\/p>\n<p>Equipo de la\u00a0 E.I. El Real<\/p>\n<p>\u00a1Felices vacaciones! Nos vemos a la vuelta.<\/p>\n<p>&nbsp;<\/p>\n","protected":false},"excerpt":{"rendered":"<p>Una vez m\u00e1s nos toca adaptarnos a las circunstancias, ahora lo hacemos con las actividades relacionadas con la Semana Santa. Como con otras actividades no hemos escatimado en esfuerzos y en ilusi\u00f3n. Empezamos preparando&#46;&#46;&#46;<\/p>\n","protected":false},"author":3183,"featured_media":28956,"comment_status":"open","ping_status":"open","sticky":false,"template":"","format":"standard","meta":{"ngg_post_thumbnail":0,"footnotes":""},"categories":[1740549,962],"tags":[],"aioseo_notices":[],"_links":{"self":[{"href":"https:\/\/blogsaverroes.juntadeandalucia.es\/eielreal\/wp-json\/wp\/v2\/posts\/28933"}],"collection":[{"href":"https:\/\/blogsaverroes.juntadeandalucia.es\/eielreal\/wp-json\/wp\/v2\/posts"}],"about":[{"href":"https:\/\/blogsaverroes.juntadeandalucia.es\/eielreal\/wp-json\/wp\/v2\/types\/post"}],"author":[{"embeddable":true,"href":"https:\/\/blogsaverroes.juntadeandalucia.es\/eielreal\/wp-json\/wp\/v2\/users\/3183"}],"replies":[{"embeddable":true,"href":"https:\/\/blogsaverroes.juntadeandalucia.es\/eielreal\/wp-json\/wp\/v2\/comments?post=28933"}],"version-history":[{"count":6,"href":"https:\/\/blogsaverroes.juntadeandalucia.es\/eielreal\/wp-json\/wp\/v2\/posts\/28933\/revisions"}],"predecessor-version":[{"id":28992,"href":"https:\/\/blogsaverroes.juntadeandalucia.es\/eielreal\/wp-json\/wp\/v2\/posts\/28933\/revisions\/28992"}],"wp:featuredmedia":[{"embeddable":true,"href":"https:\/\/blogsaverroes.juntadeandalucia.es\/eielreal\/wp-json\/wp\/v2\/media\/28956"}],"wp:attachment":[{"href":"https:\/\/blogsaverroes.juntadeandalucia.es\/eielreal\/wp-json\/wp\/v2\/media?parent=28933"}],"wp:term":[{"taxonomy":"category","embeddable":true,"href":"https:\/\/blogsaverroes.juntadeandalucia.es\/eielreal\/wp-json\/wp\/v2\/categories?post=28933"},{"taxonomy":"post_tag","embeddable":true,"href":"https:\/\/blogsaverroes.juntadeandalucia.es\/eielreal\/wp-json\/wp\/v2\/tags?post=28933"}],"curies":[{"name":"wp","href":"https:\/\/api.w.org\/{rel}","templated":true}]}}